{"id":93231,"date":"2025-11-27T07:22:55","date_gmt":"2025-11-27T06:22:55","guid":{"rendered":"https:\/\/www.infokuryr.cz\/n\/?p=93231"},"modified":"2025-11-27T07:22:55","modified_gmt":"2025-11-27T06:22:55","slug":"pozarni-past-36-mrtvych-v-hongkongskych-mrakodrapech-obyvatele-uvezneni-v-hornich-patrech","status":"publish","type":"post","link":"https:\/\/www.infokuryr.cz\/n\/2025\/11\/27\/pozarni-past-36-mrtvych-v-hongkongskych-mrakodrapech-obyvatele-uvezneni-v-hornich-patrech\/","title":{"rendered":"Po\u017e\u00e1rn\u00ed past: 36 mrtv\u00fdch v hongkongsk\u00fdch mrakodrapech, obyvatel\u00e9 uv\u011bzn\u011bni v horn\u00edch patrech"},"content":{"rendered":"<div id=\"fb-root\"><\/div>\n<p class=\"lead\"><strong><span dir=\"auto\">Nejm\u00e9n\u011b 36 lid\u00ed zem\u0159elo a stovky dal\u0161\u00edch uv\u00edzly p\u0159i rozs\u00e1hl\u00e9m po\u017e\u00e1ru v hongkongsk\u00e9m reziden\u010dn\u00edm komplexu, kter\u00fd st\u00e1le zu\u0159\u00ed, informovala CNN.<\/span><\/strong><\/p>\n<p><span dir=\"auto\">Nejm\u00e9n\u011b 36 lid\u00ed zem\u0159elo pot\u00e9, co po\u017e\u00e1r zachv\u00e1til n\u011bkolik v\u00fd\u0161kov\u00fdch budov v hongkongsk\u00e9m reziden\u010dn\u00edm komplexu, uvedl \u0161\u00e9f hongkongsk\u00e9 vl\u00e1dy\u00a0<\/span><strong><span dir=\"auto\">John Lee Ka-chiu<\/span><\/strong><span dir=\"auto\"> . Sedm z osmi budov v komplexu, v n\u011bm\u017e \u017eije velk\u00fd po\u010det star\u0161\u00edch lid\u00ed, st\u00e1le ho\u0159\u00ed.<\/span><\/p>\n<p><em><span dir=\"auto\">Hasi\u010di se st\u00e1le nemohou spojit s n\u011bkter\u00fdmi obyvateli uv\u011bzn\u011bn\u00fdmi v horn\u00edch patrech, ale sl\u00edbili, \u017ee se o to budou sna\u017eit i nad\u00e1le. \u00da\u0159edn\u00edci uvedli, \u017ee 279 lid\u00ed je \u201enedostupn\u00fdch pro kontakt\u201c. Mezit\u00edm bylo 29 lid\u00ed hospitalizov\u00e1no, z nich\u017e sedm je v kritick\u00e9m stavu, uvedli \u00fa\u0159edn\u00edci.<\/span><span class=\"after-quote\"><span dir=\"auto\">\u00a0\u2014 informuje televizn\u00ed kan\u00e1l.<\/span><\/span><\/em><\/p>\n<p><span dir=\"auto\">Uv\u00e1d\u00ed se, \u017ee po\u017e\u00e1r mohl zp\u016fsobit bambusov\u00e9 le\u0161en\u00ed, kter\u00e9 je ve m\u011bst\u011b v\u0161udyp\u0159\u00edtomn\u00e9. CNN dod\u00e1v\u00e1, \u017ee jde pravd\u011bpodobn\u011b o nejni\u010div\u011bj\u0161\u00ed po\u017e\u00e1r v Hongkongu za t\u00e9m\u011b\u0159 t\u0159i desetilet\u00ed.<\/span><\/p>\n<p><span dir=\"auto\">Podle hongkongsk\u00fdch m\u00e9di\u00ed v komplexu \u017eije 4 000 lid\u00ed.<\/span><\/p>\n<p><img decoding=\"async\" loading=\"lazy\" class=\"alignnone size-full wp-image-1185\" src=\"http:\/\/www.infokuryr.cz\/n\/wp-content\/uploads\/2021\/04\/kuryr-podpis.png\" alt=\"\" width=\"84\" height=\"24\" \/><\/p>\n<p>&nbsp;<\/p>\n","protected":false},"excerpt":{"rendered":"<p>Nejm\u00e9n\u011b 36 lid\u00ed zem\u0159elo a stovky dal\u0161\u00edch uv\u00edzly p\u0159i rozs\u00e1hl\u00e9m po\u017e\u00e1ru v hongkongsk\u00e9m reziden\u010dn\u00edm komplexu,&#8230;<\/p>\n","protected":false},"author":2,"featured_media":93232,"comment_status":"closed","ping_status":"closed","sticky":false,"template":"","format":"standard","meta":[],"categories":[7],"tags":[615,871,624],"_links":{"self":[{"href":"https:\/\/www.infokuryr.cz\/n\/wp-json\/wp\/v2\/posts\/93231"}],"collection":[{"href":"https:\/\/www.infokuryr.cz\/n\/wp-json\/wp\/v2\/posts"}],"about":[{"href":"https:\/\/www.infokuryr.cz\/n\/wp-json\/wp\/v2\/types\/post"}],"author":[{"embeddable":true,"href":"https:\/\/www.infokuryr.cz\/n\/wp-json\/wp\/v2\/users\/2"}],"replies":[{"embeddable":true,"href":"https:\/\/www.infokuryr.cz\/n\/wp-json\/wp\/v2\/comments?post=93231"}],"version-history":[{"count":0,"href":"https:\/\/www.infokuryr.cz\/n\/wp-json\/wp\/v2\/posts\/93231\/revisions"}],"wp:featuredmedia":[{"embeddable":true,"href":"https:\/\/www.infokuryr.cz\/n\/wp-json\/wp\/v2\/media\/93232"}],"wp:attachment":[{"href":"https:\/\/www.infokuryr.cz\/n\/wp-json\/wp\/v2\/media?parent=93231"}],"wp:term":[{"taxonomy":"category","embeddable":true,"href":"https:\/\/www.infokuryr.cz\/n\/wp-json\/wp\/v2\/categories?post=93231"},{"taxonomy":"post_tag","embeddable":true,"href":"https:\/\/www.infokuryr.cz\/n\/wp-json\/wp\/v2\/tags?post=93231"}],"curies":[{"name":"wp","href":"https:\/\/api.w.org\/{rel}","templated":true}]}}