{"id":93229,"date":"2025-11-27T07:18:49","date_gmt":"2025-11-27T06:18:49","guid":{"rendered":"https:\/\/www.infokuryr.cz\/n\/?p=93229"},"modified":"2025-11-27T07:18:49","modified_gmt":"2025-11-27T06:18:49","slug":"papez-prekvapive-schvalil-dekret-o-polygamii","status":"publish","type":"post","link":"https:\/\/www.infokuryr.cz\/n\/2025\/11\/27\/papez-prekvapive-schvalil-dekret-o-polygamii\/","title":{"rendered":"Pape\u017e p\u0159ekvapiv\u011b schv\u00e1lil dekret o polygamii"},"content":{"rendered":"<div id=\"fb-root\"><\/div>\n<p class=\"lead\"><strong><span dir=\"auto\">Vatik\u00e1n uvedl, \u017ee pro katol\u00edky princip \u201e\u017e\u00edt \u0161\u0165astn\u011b a\u017e do smrti\u201c nevy\u017eaduje slo\u017eit\u00e9 matematick\u00e9 v\u00fdpo\u010dty. Nov\u00fd dekret schv\u00e1len\u00fd pape\u017eem Lvem XIV. doporu\u010duje, aby 1,4 miliardy katol\u00edk\u016f na cel\u00e9m sv\u011bt\u011b usilovalo o celo\u017eivotn\u00ed man\u017eelstv\u00ed a vyh\u00fdbalo se v\u00edcen\u00e1sobn\u00fdm sexu\u00e1ln\u00edm vztah\u016fm,\u00a0<\/span><a href=\"https:\/\/www.reuters.com\/\" target=\"_blank\" rel=\"noopener\"><span dir=\"auto\">informovala agentura<\/span><\/a><span dir=\"auto\">\u00a0Reuters .<\/span><\/strong><\/p>\n<p><span dir=\"auto\">Vatik\u00e1n kritizoval praktikov\u00e1n\u00ed polygamie v Africe, a to i mezi katol\u00edky, a zopakoval sv\u016fj n\u00e1zor, \u017ee man\u017eelstv\u00ed je celo\u017eivotn\u00edm z\u00e1vazkem mezi jedn\u00edm mu\u017eem a jednou \u017eenou. Dekret se v\u0161ak net\u00fdk\u00e1 vztah\u016f osob stejn\u00e9ho pohlav\u00ed.<\/span><\/p>\n<p><span dir=\"auto\">D\u016fraz se kladl na takzvan\u00e9 \u201ebohatstv\u00ed a plodnost\u201c tradi\u010dn\u00edho man\u017eelstv\u00ed, p\u0159i\u010dem\u017e katol\u00edci byli povzbuzov\u00e1ni k nalezen\u00ed jednoho partnera a k jeho oddanosti.<\/span><\/p>\n<p><em><span dir=\"auto\">\u201eKa\u017ed\u00e9 opravdov\u00e9 man\u017eelstv\u00ed je spojen\u00edm dvou osob, kter\u00e9 vy\u017eaduje vztah tak intimn\u00ed a v\u0161eobj\u00edmaj\u00edc\u00ed, \u017ee jej nelze sd\u00edlet s ostatn\u00edmi. Proto\u017ee man\u017eelstv\u00ed je spojen\u00edm dvou lid\u00ed se stejnou d\u016fstojnost\u00ed a stejn\u00fdmi pr\u00e1vy, vy\u017eaduje exkluzivitu.\u201c<\/span><span class=\"after-quote\"><span dir=\"auto\"> \u2014 uv\u00e1d\u00ed se v textu dokumentu.<\/span><\/span><\/em><\/p>\n<p><span dir=\"auto\">Ot\u00e1zky polygamie byly p\u0159ed vyd\u00e1n\u00edm dekretu projedn\u00e1v\u00e1ny na dvou vatik\u00e1nsk\u00fdch synodech v letech 2023 a 2024, kter\u00fdch se z\u00fa\u010dastnily stovky kardin\u00e1l\u016f a biskup\u016f.<\/span><\/p>\n<p><span dir=\"auto\">Diskutov\u00e1n byl tak\u00e9 vzestup polyamorn\u00edch vztah\u016f \u2013 kdy lid\u00e9 rand\u00ed s v\u00edce partnery sou\u010dasn\u011b.<\/span><\/p>\n<p><em><span dir=\"auto\">\u201ePolygamie, cizolo\u017estv\u00ed nebo polyamorie jsou zalo\u017eeny na iluzi, \u017ee hloubka vztahu je ur\u010dena posloupnost\u00ed jedinc\u016f.\u201c<\/span><span class=\"after-quote\"><span dir=\"auto\">\u00a0\u2013 poznamenal Vatik\u00e1n.<\/span><\/span><\/em><\/p>\n<p><span dir=\"auto\">Dokument se tak\u00e9 nezmi\u0148uje o rozvodu, jeliko\u017e katolick\u00e1 c\u00edrkev rozvod neuzn\u00e1v\u00e1 a pova\u017euje man\u017eelstv\u00ed za celo\u017eivotn\u00ed z\u00e1vazek. Stanov\u00ed v\u0161ak postup pro anulov\u00e1n\u00ed man\u017eelstv\u00ed, kter\u00fd posuzuje, zda bylo man\u017eelstv\u00ed \u0159\u00e1dn\u011b uzav\u0159eno a zda partne\u0159i nejsou v p\u0159\u00edpad\u011b pokra\u010dov\u00e1n\u00ed vztahu vystaveni n\u00e1sil\u00ed.<\/span><\/p>\n<p><span dir=\"auto\">Jak informovala m\u00e9dia<\/span><span dir=\"auto\">\u00a0, pape\u017e d\u0159\u00edve\u00a0<\/span><a href=\"https:\/\/eadaily.com\/ru\/news\/2025\/11\/24\/unikalnoe-poslanie-papy-rimskogo-ne-pozvolyayte-ii-delat-vashu-domashnyuyu-rabotu\" target=\"_blank\" rel=\"noopener\"><span dir=\"auto\">pronesl<\/span><\/a><span dir=\"auto\">\u00a0neobvykl\u00e9 poselstv\u00ed. Varoval, \u017ee um\u011bl\u00e1 inteligence m\u016f\u017ee b\u00fdt u\u017eite\u010dn\u00fdm n\u00e1strojem pro v\u00fduku, ale nem\u011bla by b\u00fdt pou\u017e\u00edv\u00e1na pro dom\u00e1c\u00ed \u00fakoly.<\/span><\/p>\n<p><img decoding=\"async\" loading=\"lazy\" class=\"alignnone size-full wp-image-1185\" src=\"http:\/\/www.infokuryr.cz\/n\/wp-content\/uploads\/2021\/04\/kuryr-podpis.png\" alt=\"\" width=\"84\" height=\"24\" \/><\/p>\n<p>&nbsp;<\/p>\n","protected":false},"excerpt":{"rendered":"<p>Vatik\u00e1n uvedl, \u017ee pro katol\u00edky princip \u201e\u017e\u00edt \u0161\u0165astn\u011b a\u017e do smrti\u201c nevy\u017eaduje slo\u017eit\u00e9 matematick\u00e9 v\u00fdpo\u010dty&#8230;.<\/p>\n","protected":false},"author":2,"featured_media":93230,"comment_status":"closed","ping_status":"closed","sticky":false,"template":"","format":"standard","meta":[],"categories":[7],"tags":[2018,254,5828],"_links":{"self":[{"href":"https:\/\/www.infokuryr.cz\/n\/wp-json\/wp\/v2\/posts\/93229"}],"collection":[{"href":"https:\/\/www.infokuryr.cz\/n\/wp-json\/wp\/v2\/posts"}],"about":[{"href":"https:\/\/www.infokuryr.cz\/n\/wp-json\/wp\/v2\/types\/post"}],"author":[{"embeddable":true,"href":"https:\/\/www.infokuryr.cz\/n\/wp-json\/wp\/v2\/users\/2"}],"replies":[{"embeddable":true,"href":"https:\/\/www.infokuryr.cz\/n\/wp-json\/wp\/v2\/comments?post=93229"}],"version-history":[{"count":0,"href":"https:\/\/www.infokuryr.cz\/n\/wp-json\/wp\/v2\/posts\/93229\/revisions"}],"wp:featuredmedia":[{"embeddable":true,"href":"https:\/\/www.infokuryr.cz\/n\/wp-json\/wp\/v2\/media\/93230"}],"wp:attachment":[{"href":"https:\/\/www.infokuryr.cz\/n\/wp-json\/wp\/v2\/media?parent=93229"}],"wp:term":[{"taxonomy":"category","embeddable":true,"href":"https:\/\/www.infokuryr.cz\/n\/wp-json\/wp\/v2\/categories?post=93229"},{"taxonomy":"post_tag","embeddable":true,"href":"https:\/\/www.infokuryr.cz\/n\/wp-json\/wp\/v2\/tags?post=93229"}],"curies":[{"name":"wp","href":"https:\/\/api.w.org\/{rel}","templated":true}]}}