{"id":93225,"date":"2025-11-27T07:05:48","date_gmt":"2025-11-27T06:05:48","guid":{"rendered":"https:\/\/www.infokuryr.cz\/n\/?p=93225"},"modified":"2025-11-27T07:56:49","modified_gmt":"2025-11-27T06:56:49","slug":"afghansky-zadatel-o-azyl-byl-identifikovan-jako-podezrely-ze-strelby-na-narodni-gardu-washingtonu","status":"publish","type":"post","link":"https:\/\/www.infokuryr.cz\/n\/2025\/11\/27\/afghansky-zadatel-o-azyl-byl-identifikovan-jako-podezrely-ze-strelby-na-narodni-gardu-washingtonu\/","title":{"rendered":"Afgh\u00e1nsk\u00fd \u017eadatel o azyl byl identifikov\u00e1n jako podez\u0159el\u00fd ze st\u0159elby na N\u00e1rodn\u00ed gardu Washingtonu"},"content":{"rendered":"<div id=\"fb-root\"><\/div>\n<h3>\u00dadajn\u00fd \u00fato\u010dn\u00edk \u00fadajn\u011b vstoupil do USA v roce 2021<\/h3>\n<p><span dir=\"auto\">Dev\u011btadvacetilet\u00fd afgh\u00e1nsk\u00fd st\u00e1tn\u00ed p\u0159\u00edslu\u0161n\u00edk byl identifikov\u00e1n jako podez\u0159el\u00fd z \u00fatoku ze z\u00e1lohy na dva p\u0159\u00edslu\u0161n\u00edky N\u00e1rodn\u00ed gardy ve Washingtonu, D.C., informovaly tiskov\u00e9 agentury s odvol\u00e1n\u00edm na zdroje z donucovac\u00edch org\u00e1n\u016f.<\/span><\/p>\n<p data-start=\"458\" data-end=\"533\" data-is-last-node=\"\" data-is-only-node=\"\"><span dir=\"auto\">Podez\u0159el\u00fdm je \u00fadajn\u011b Rahmanullah Lakanwal, kter\u00fd do USA vstoupil v roce 2021.<\/span><\/p>\n<p data-start=\"458\" data-end=\"533\" data-is-last-node=\"\" data-is-only-node=\"\"><span dir=\"auto\">Policie ve st\u0159edu uvedla, \u017ee st\u0159elec se p\u0159ibl\u00ed\u017eil ke dv\u011bma p\u0159\u00edslu\u0161n\u00edk\u016fm N\u00e1rodn\u00ed gardy, kte\u0159\u00ed byli do Washingtonu vysl\u00e1ni ze Z\u00e1padn\u00ed Virginie, a zah\u00e1jil palbu zbl\u00edzka. Oba byli hospitalizov\u00e1ni v kritick\u00e9m stavu a podez\u0159el\u00fd byl na m\u00edst\u011b zadr\u017een. Policie uvedla, \u017ee motiv \u010dinu zat\u00edm nezjistila.<\/span><\/p>\n<p data-start=\"458\" data-end=\"533\" data-is-last-node=\"\" data-is-only-node=\"\"><span dir=\"auto\">Podle CBS News podez\u0159el\u00fd vyp\u00e1lil 10 a\u017e 15 ran a s\u00e1m byl \u010dty\u0159ikr\u00e1t post\u0159elen.<\/span><\/p>\n<p data-start=\"458\" data-end=\"533\" data-is-last-node=\"\" data-is-only-node=\"\"><span dir=\"auto\">\u0158editel FBI Kash Patel uvedl, \u017ee incident bude pova\u017eov\u00e1n za \u00fatok na p\u0159\u00edslu\u0161n\u00edka feder\u00e1ln\u00edch org\u00e1n\u016f \u010dinn\u00fdch v trestn\u00edm \u0159\u00edzen\u00ed. Stanice NBC News s odvol\u00e1n\u00edm na zdroje z oblasti \u010dinn\u00fdch v trestn\u00edm \u0159\u00edzen\u00ed uvedla, \u017ee FBI bude \u00fatok vy\u0161et\u0159ovat tak\u00e9 jako mo\u017en\u00fd teroristick\u00fd \u010din.<\/span><\/p>\n<p><span dir=\"auto\">Trump nasadil N\u00e1rodn\u00ed gardu do n\u011bkolika m\u011bst s t\u00edm, \u017ee tato opat\u0159en\u00ed jsou zam\u011b\u0159ena na boj s buj\u00edc\u00ed kriminalitou v oblastech ovl\u00e1dan\u00fdch demokraty. Demokrat\u00e9 tento krok odsoudili jako zneu\u017eit\u00ed moci a napadli ho u soudu.<\/span><\/p>\n<p><span dir=\"auto\">Prezident tak\u00e9 zintenzivnil imigra\u010dn\u00ed razie a sl\u00edbil reformu azylov\u00e9ho syst\u00e9mu s argumentem, \u017ee umo\u017e\u0148uje n\u00e1siln\u00fdm zlo\u010dinc\u016fm a extremist\u016fm vstup do zem\u011b.<\/span><\/p>\n<h2 class=\"article__heading\"><span dir=\"auto\">USA pozastavily \u017e\u00e1dosti o imigraci z Afgh\u00e1nist\u00e1nu v reakci na \u00fatok ve Washingtonu D.C.<\/span><\/h2>\n<p><img decoding=\"async\" loading=\"lazy\" class=\"aligncenter\" src=\"https:\/\/mf.b37mrtl.ru\/files\/2025.11\/xxs\/6927d56685f54036cb06a45e.jpg\" alt=\"USA pozastavily \u017e\u00e1dosti o imigraci z Afgh\u00e1nist\u00e1nu v reakci na \u00fatok ve Washingtonu D.C.\" width=\"667\" height=\"374\" \/><\/p>\n<h4>Prezident Donald Trump prohl\u00e1sil, \u017ee podez\u0159el\u00fd ze st\u0159elby na p\u0159\u00edslu\u0161n\u00edky N\u00e1rodn\u00ed gardy se do zem\u011b dostal d\u00edky politice z Bidenovy \u00e9ry.<\/h4>\n<p data-start=\"99\" data-end=\"432\"><span dir=\"auto\">Spojen\u00e9 st\u00e1ty pozastavily zpracov\u00e1n\u00ed v\u0161ech \u017e\u00e1dost\u00ed o imigraci od afgh\u00e1nsk\u00fdch ob\u010dan\u016f pot\u00e9, co byl afgh\u00e1nsk\u00fd \u017eadatel o azyl identifikov\u00e1n jako podez\u0159el\u00fd ze st\u0159elby na dva p\u0159\u00edslu\u0161n\u00edky N\u00e1rodn\u00ed gardy ve Washingtonu, D.C.<\/span><\/p>\n<p data-start=\"99\" data-end=\"432\"><span dir=\"auto\">Rozhodnut\u00ed padlo pot\u00e9, co ministryn\u011b vnit\u0159n\u00ed bezpe\u010dnosti Kristi Noemov\u00e1 uvedla, \u017ee podez\u0159el\u00fd je\u00a0<\/span><em><span dir=\"auto\">\u201eafgh\u00e1nsk\u00fd st\u00e1tn\u00ed p\u0159\u00edslu\u0161n\u00edk, kter\u00fd byl jedn\u00edm z mnoha neprov\u011b\u0159en\u00fdch, hromadn\u011b podm\u00edne\u010dn\u011b propu\u0161t\u011bn\u00fdch do Spojen\u00fdch st\u00e1t\u016f v r\u00e1mci operace Allies Welcome 8. z\u00e1\u0159\u00ed 2021 za Bidenovy administrativy\u201c.<\/span><\/em><\/p>\n<p data-start=\"99\" data-end=\"432\"><span dir=\"auto\">N\u011bkolik m\u00e9di\u00ed d\u0159\u00edve informovalo, \u017ee podez\u0159el\u00fdm, kter\u00fd \u00fadajn\u011b ve st\u0159edu p\u0159i \u00fatoku ze z\u00e1lohy kriticky zranil dva \u010dleny americk\u00e9 gardy, je Rahmanullah Lakanwal, kter\u00fd do USA vstoupil v roce 2021 a za\u010d\u00e1tkem leto\u0161n\u00edho roku mu byl ud\u011blen azyl.<\/span><\/p>\n<p data-start=\"99\" data-end=\"432\"><span dir=\"auto\">Americk\u00e1 imigra\u010dn\u00ed slu\u017eba (USCIS) ve st\u0159edu ve\u010der ozn\u00e1mila, \u017ee\u00a0<\/span><em><span dir=\"auto\">\u201ena neur\u010dito zastavila zpracov\u00e1n\u00ed v\u0161ech imigra\u010dn\u00edch \u017e\u00e1dost\u00ed t\u00fdkaj\u00edc\u00edch se afgh\u00e1nsk\u00fdch st\u00e1tn\u00edch p\u0159\u00edslu\u0161n\u00edk\u016f do doby dal\u0161\u00edho p\u0159ezkoum\u00e1n\u00ed bezpe\u010dnostn\u00edch a prov\u011b\u0159ovac\u00edch protokol\u016f\u201c.<\/span><\/em><\/p>\n<p data-start=\"141\" data-end=\"383\"><span dir=\"auto\">Prezident Donald Trump tvrdil, \u017ee podez\u0159el\u00fd\u00a0<\/span><em><span dir=\"auto\">\u201ebyl letecky dopraven\u201c<\/span><\/em><span dir=\"auto\">\u00a0za jeho p\u0159edch\u016fdce Joea Bidena, jeho\u017e operace Allies Welcome (OAW) usnadnila nal\u00e9havou evakuaci Afgh\u00e1nc\u016f po p\u0159evzet\u00ed zem\u011b Talibanem v srpnu 2021.<\/span><\/p>\n<p data-start=\"385\" data-end=\"646\" data-is-last-node=\"\" data-is-only-node=\"\"><em><span dir=\"auto\">\u201eMus\u00edme nyn\u00ed znovu prov\u011b\u0159it ka\u017ed\u00e9ho cizince, kter\u00fd vstoupil do na\u0161\u00ed zem\u011b z Afgh\u00e1nist\u00e1nu za Bidena, a mus\u00edme p\u0159ijmout ve\u0161ker\u00e1 nezbytn\u00e1 opat\u0159en\u00ed k zaji\u0161t\u011bn\u00ed vyho\u0161t\u011bn\u00ed jak\u00e9hokoli cizince z jak\u00e9koli zem\u011b, kter\u00fd sem nepat\u0159\u00ed nebo na\u0161\u00ed zemi nep\u0159in\u00e1\u0161\u00ed prosp\u011bch,\u201c<\/span><\/em><span dir=\"auto\">\u00a0\u0159ekl Trump.<\/span><\/p>\n<p data-start=\"385\" data-end=\"646\" data-is-last-node=\"\" data-is-only-node=\"\"><span dir=\"auto\">Podle Ministerstva vnit\u0159n\u00ed bezpe\u010dnosti (DHS) vstoupilo do USA na z\u00e1klad\u011b povolen\u00ed k pobytu (OAW) p\u0159ibli\u017en\u011b 90 000 Afgh\u00e1nc\u016f, kter\u00fdm bylo povoleno v zemi z\u016fstat. Vl\u00e1dn\u00ed audit v \u010dervnu 2025 zjistil, \u017ee 55 evakuovan\u00fdch osob bylo bu\u010f ji\u017e po p\u0159\u00edjezdu na seznamu terorist\u016f, nebo bylo p\u0159id\u00e1no pozd\u011bji.<\/span><\/p>\n<p data-start=\"385\" data-end=\"646\" data-is-last-node=\"\" data-is-only-node=\"\"><span dir=\"auto\">T\u00e1lib\u00e1n dobyl K\u00e1bul b\u011bhem z\u00e1v\u011bre\u010dn\u00e9 f\u00e1ze americk\u00e9ho odchodu, \u010d\u00edm\u017e ukon\u010dil 20letou z\u00e1padn\u00ed okupaci Afgh\u00e1nist\u00e1nu. Trump ozna\u010dil chaotick\u00fd odchod za\u00a0<\/span><em><span dir=\"auto\">\u201epon\u00ed\u017een\u00ed\u201c<\/span><\/em><span dir=\"auto\">\u00a0a obvinil Bidena z po\u0161kozen\u00ed americk\u00e9 reputace.<\/span><\/p>\n<p data-start=\"385\" data-end=\"646\" data-is-last-node=\"\" data-is-only-node=\"\"><img decoding=\"async\" loading=\"lazy\" class=\"alignnone size-full wp-image-1185\" src=\"http:\/\/www.infokuryr.cz\/n\/wp-content\/uploads\/2021\/04\/kuryr-podpis.png\" alt=\"\" width=\"84\" height=\"24\" \/><\/p>\n<p data-start=\"385\" data-end=\"646\" data-is-last-node=\"\" data-is-only-node=\"\">\n","protected":false},"excerpt":{"rendered":"<p>\u00dadajn\u00fd \u00fato\u010dn\u00edk \u00fadajn\u011b vstoupil do USA v roce 2021 Dev\u011btadvacetilet\u00fd afgh\u00e1nsk\u00fd st\u00e1tn\u00ed p\u0159\u00edslu\u0161n\u00edk byl identifikov\u00e1n&#8230;<\/p>\n","protected":false},"author":2,"featured_media":93226,"comment_status":"closed","ping_status":"closed","sticky":false,"template":"","format":"standard","meta":[],"categories":[7],"tags":[118,6163,452,37,490],"_links":{"self":[{"href":"https:\/\/www.infokuryr.cz\/n\/wp-json\/wp\/v2\/posts\/93225"}],"collection":[{"href":"https:\/\/www.infokuryr.cz\/n\/wp-json\/wp\/v2\/posts"}],"about":[{"href":"https:\/\/www.infokuryr.cz\/n\/wp-json\/wp\/v2\/types\/post"}],"author":[{"embeddable":true,"href":"https:\/\/www.infokuryr.cz\/n\/wp-json\/wp\/v2\/users\/2"}],"replies":[{"embeddable":true,"href":"https:\/\/www.infokuryr.cz\/n\/wp-json\/wp\/v2\/comments?post=93225"}],"version-history":[{"count":0,"href":"https:\/\/www.infokuryr.cz\/n\/wp-json\/wp\/v2\/posts\/93225\/revisions"}],"wp:featuredmedia":[{"embeddable":true,"href":"https:\/\/www.infokuryr.cz\/n\/wp-json\/wp\/v2\/media\/93226"}],"wp:attachment":[{"href":"https:\/\/www.infokuryr.cz\/n\/wp-json\/wp\/v2\/media?parent=93225"}],"wp:term":[{"taxonomy":"category","embeddable":true,"href":"https:\/\/www.infokuryr.cz\/n\/wp-json\/wp\/v2\/categories?post=93225"},{"taxonomy":"post_tag","embeddable":true,"href":"https:\/\/www.infokuryr.cz\/n\/wp-json\/wp\/v2\/tags?post=93225"}],"curies":[{"name":"wp","href":"https:\/\/api.w.org\/{rel}","templated":true}]}}