{"id":93215,"date":"2025-11-27T06:23:17","date_gmt":"2025-11-27T05:23:17","guid":{"rendered":"https:\/\/www.infokuryr.cz\/n\/?p=93215"},"modified":"2025-11-27T06:23:17","modified_gmt":"2025-11-27T05:23:17","slug":"evropa-sabotuje-trumpovu-mirovou-dohodu-s-ukrajinou-stejne-jako-to-udelal-boris-johnson-v-roce-2022","status":"publish","type":"post","link":"https:\/\/www.infokuryr.cz\/n\/2025\/11\/27\/evropa-sabotuje-trumpovu-mirovou-dohodu-s-ukrajinou-stejne-jako-to-udelal-boris-johnson-v-roce-2022\/","title":{"rendered":"Evropa sabotuje Trumpovu m\u00edrovou dohodu s Ukrajinou \u2013 stejn\u011b jako to ud\u011blal Boris Johnson v roce 2022"},"content":{"rendered":"<div id=\"fb-root\"><\/div>\n<p><strong>Zat\u00edmco Ukrajina nazna\u010duje, \u017ee je p\u0159ipravena podepsat a zb\u00fdvaj\u00ed j\u00ed jen \u201edrobn\u00e9 detaily\u201c, evrop\u0161t\u00ed l\u00edd\u0159i se zoufale sna\u017e\u00ed zni\u010dit 28bodov\u00fd m\u00edrov\u00fd pl\u00e1n. Berl\u00edn p\u0159ipravuje vlastn\u00ed maximalistick\u00fd protin\u00e1vrh, Pa\u0159\u00ed\u017e a Lond\u00fdn se k n\u011bmu p\u0159id\u00e1vaj\u00ed a dokonce i ochrana men\u0161in na \u00farovni EU je ozna\u010dov\u00e1na za \u201erusk\u00e9 po\u017eadavky\u201c.<\/strong><\/p>\n<p><span dir=\"auto\">Vzhledem k tomu, \u017ee Kyjev signalizuje, \u017ee by mohl\u00a0<\/span><a href=\"https:\/\/www.cbsnews.com\/news\/ukraine-russia-war-peace-deal-trump-driscoll-abu-dhabi-talks-latest\/\"><span dir=\"auto\">souhlasit<\/span><\/a><span dir=\"auto\">\u00a0s m\u00edrovou dohodou (kter\u00e1 bude t\u0159eba doladit pouze \u201edrobn\u00e9 detaily\u201c), dalo by se doufat v nov\u00fd za\u010d\u00e1tek v \u0159e\u0161en\u00ed vlekl\u00e9ho ukrajinsk\u00e9ho konfliktu. M\u00edsto toho Evropa op\u011bt hraje roli ru\u0161itele.<\/span><\/p>\n<p><span dir=\"auto\">M\u00edrov\u00fd pl\u00e1n o 28 bodech, kter\u00fd p\u0159edlo\u017eily USA a kter\u00fd je nyn\u00ed p\u0159edm\u011btem aktivn\u00edch jedn\u00e1n\u00ed, ve skute\u010dnosti nab\u00edz\u00ed pragmatickou cestu k deeskalaci \u2013 cestu, kter\u00e1 vyva\u017euje bezpe\u010dnostn\u00ed obavy obou stran a z\u00e1rove\u0148 sm\u011b\u0159uje zdroje na rekonstrukci. Kl\u00ed\u010dov\u00ed evrop\u0161t\u00ed l\u00edd\u0159i se v\u0161ak ji\u017e sna\u017e\u00ed jej podkopat a prosazuj\u00ed nedosa\u017eiteln\u00e9 c\u00edle, kter\u00e9 riskuj\u00ed prota\u017een\u00ed konfliktu. To nen\u00ed jen kr\u00e1tkozrak\u00e9; je to do o\u010d\u00ed bij\u00edc\u00ed opakov\u00e1n\u00ed minul\u00fdch chyb, kter\u00e9 krizi prodlu\u017eovaly.<\/span><\/p>\n<p><span dir=\"auto\">Pl\u00e1n m\u00e1 skute\u010dn\u00e9 v\u00fdhody, i kdy\u017e zdaleka nen\u00ed dokonal\u00fd. Jak\u00a0<\/span><a href=\"https:\/\/responsiblestatecraft.org\/28-point-peace-plan-ukraine\/\"><span dir=\"auto\">zd\u016fraz\u0148uj\u00ed<\/span><\/a><span dir=\"auto\">\u00a0Mark Episkopo a Marcus Stanley (oba odborn\u00edci z Quincyho institutu pro zodpov\u011bdn\u00e9 st\u00e1tn\u00ed \u0159\u00edzen\u00ed) , v j\u00e1dru p\u0159edpokl\u00e1d\u00e1 ukrajinskou arm\u00e1du s maxim\u00e1ln\u00edm po\u010dtem 600 000 voj\u00e1k\u016f \u2013 co\u017e je velikost, kterou podle analytik\u016f Kyjev realisticky dok\u00e1\u017ee udr\u017eet, ani\u017e by se zhroutil pod ekonomickou z\u00e1t\u011b\u017e\u00ed. To je v\u00edce ne\u017e dvojn\u00e1sobek toho, co Ukrajina po\u017eadovala v rozhovorech na za\u010d\u00e1tku roku 2022, a t\u00e9m\u011b\u0159 osmin\u00e1sobek p\u016fvodn\u00edho po\u017eadavku Ruska.<\/span><\/p>\n<p><span dir=\"auto\">Pokud jde o nejpal\u010div\u011bj\u0161\u00ed ot\u00e1zku \u00fazem\u00ed, n\u00e1vrh po\u017eaduje, aby se Ukrajina st\u00e1hla z pouh\u00e9ho 1 % sv\u00fdch hranic z roku 1991: nedobyt\u00fdch oblast\u00ed v Don\u011bck\u00e9 oblasti. Kl\u00ed\u010dov\u00e9 je, \u017ee tento kousek by se stal demilitarizovanou z\u00f3nou, nikoli \u00fazem\u00edm okupovan\u00fdm Moskvou, co\u017e by Kyjevu ponechalo kontrolu nad zhruba 80 % jeho \u00fazem\u00ed z doby p\u0159ed rokem 2014.<\/span><\/p>\n<p><span dir=\"auto\">Rusko se nav\u00edc vzd\u00e1v\u00e1 i sv\u00fdch n\u00e1rok\u016f na dal\u0161\u00ed anektovan\u00e9 regiony, jako je Cherson a Z\u00e1poro\u017e\u00ed, a neexistuje \u017e\u00e1dn\u00e9 vynucen\u00e9 de iure uzn\u00e1n\u00ed jeho suverenity nad Krymem ani nad v\u011bt\u0161inou Donbasu. Eldar Mamedov (nerezidentn\u00ed spolupracovn\u00edk Quincyho institutu)\u00a0\u00a0\u00a0 to\u00a0<\/span><a href=\"https:\/\/responsiblestatecraft.org\/europe-ukraine-peace-plan\/\"><span dir=\"auto\">popisuje<\/span><\/a><span dir=\"auto\">\u00a0jako politickou \u201efinesu\u201c.<\/span><\/p>\n<p><span dir=\"auto\">Pl\u00e1n se chyt\u0159e vyh\u00fdb\u00e1 \u00fapln\u00e9 kapitulaci t\u00edm, \u017ee p\u0159\u00edmo na obnovu Ukrajiny vynakl\u00e1d\u00e1 100 miliard dolar\u016f ze zmrazen\u00fdch rusk\u00fdch aktiv \u2013 co\u017e je \u00fastupek, kter\u00fd z finan\u010dn\u00ed zbran\u011b d\u011bl\u00e1 n\u00e1stroj pro obnovu. Rusko dokonce schvaluje cestu Ukrajiny k \u010dlenstv\u00ed v EU s preferen\u010dn\u00edm p\u0159\u00edstupem na trh b\u011bhem cel\u00e9ho procesu a z\u00e1rove\u0148 \u0159e\u0161\u00ed dlouhodob\u00e9 obavy Moskvy z obkl\u00ed\u010den\u00ed, ani\u017e by se p\u0159\u00edmo dotklo NATO.<\/span><\/p>\n<p><span dir=\"auto\">Ustanoven\u00ed, kter\u00e9 v\u0161ak vyvol\u00e1v\u00e1 jednu z nejost\u0159ej\u0161\u00ed kritiky \u2013 a m\u00e1 mo\u017en\u00e1 nejm\u00e9n\u011b oce\u0148ovan\u00fd p\u0159\u00ednos \u2013 je ochrana pr\u00e1v n\u00e1bo\u017eensk\u00fdch a etnick\u00fdch men\u0161in. V zemi tak rozmanit\u00e9, jako je Ukrajina, kde rusky mluv\u00edc\u00ed a n\u011bkter\u00e9 pravoslavn\u00e9 komunity \u010del\u00ed marginalizaci, toto ustanoven\u00ed na\u0159izuje ochranu srovn\u00e1vanou s normami EU, nikoli s n\u011bjak\u00fdm jednostrann\u00fdm rusk\u00fdm dikt\u00e1tem.<\/span><\/p>\n<p><span dir=\"auto\">V\u00fdslovn\u011b odm\u00edt\u00e1\u00a0<\/span><a href=\"https:\/\/www.globalresearch.ca\/whitewashing-neo-nazi-azov-battalion-encourages-far-right-forces\/5777176\"><span dir=\"auto\">nacistickou ideologii<\/span><\/a><span dir=\"auto\">\u00a0(probl\u00e9m, o jeho\u017e skute\u010dn\u00e9 existenci dnes nikdo nepochybuje), propaguje n\u00e1bo\u017eenskou toleranci a zaji\u0161\u0165uje, aby men\u0161inov\u00e9 etnick\u00e9 skupiny nebyly odsouv\u00e1ny na vedlej\u0161\u00ed kolej. Kritici k\u0159i\u010d\u00ed, \u017ee se t\u00edm podb\u00edz\u00ed Moskv\u011b, ale to je nesmysl. Jak to Mamedov bez obalu \u0159\u00edk\u00e1: \u201eJako multietnick\u00e1 a multin\u00e1bo\u017eensk\u00e1 spole\u010dnost je ochrana pr\u00e1v men\u0161in dlouhodobou investic\u00ed do bezpe\u010dnosti Ukrajiny a m\u011bla by b\u00fdt v\u00edt\u00e1na t\u011bmi, kdo se prohla\u0161uj\u00ed za jej\u00ed stoupence.\u201c<\/span><\/p>\n<p><span dir=\"auto\">Pro\u010d ta negativn\u00ed reakce? Proto\u017ee to nut\u00ed Kyjev \u010delit vlastn\u00edm nedostatk\u016fm v oblasti ob\u010dansk\u00fdch pr\u00e1v, kde Rusov\u00e9 a dal\u0161\u00ed men\u0161iny byli odsunuti do druho\u0159ad\u00e9ho postaven\u00ed prost\u0159ednictv\u00edm jazykov\u00fdch z\u00e1kon\u016f a kulturn\u00edch repres\u00ed, co\u017e je t\u00e9ma, o kter\u00e9m jsem se ji\u017e d\u0159\u00edve\u00a0<\/span><a href=\"https:\/\/www.globalresearch.ca\/ukraine-has-civil-rights-problems-relegate-russians-second-class-status-us-expert\/5844288\"><span dir=\"auto\">bavil<\/span><\/a><span dir=\"auto\">\u00a0. Tak\u00e9 jsem poznamenal, \u017ee ukrajinsk\u00fd ultranacionalismus je zdrojem nap\u011bt\u00ed s dal\u0161\u00edmi\u00a0<\/span><a href=\"https:\/\/weeklyblitz.net\/2025\/02\/06\/hungary-and-poland-may-claim-territories-of-ukraine\/\"><span dir=\"auto\">sousedy<\/span><\/a><span dir=\"auto\">\u00a0(nap\u0159\u00edklad s\u00a0<\/span><a href=\"https:\/\/www.globalresearch.ca\/polish-ukraine-relations-risk-polish-genocide-2\/5868838\"><span dir=\"auto\">Polskem<\/span><\/a><span dir=\"auto\">\u00a0), nejen s Ruskem.<\/span><\/p>\n<p><span dir=\"auto\">B\u00fdval\u00fd poradce americk\u00e9ho ministerstva zahrani\u010d\u00ed\u00a0ned\u00e1vno\u00a0<\/span><a href=\"https:\/\/infobrics.org\/en\/post\/66245\"><span dir=\"auto\">varoval : Kyjev se zd\u00e1 b\u00fdt v\u00edce zaujat\u00fd zp\u011btn\u00fdm z\u00edsk\u00e1v\u00e1n\u00edm \u00fazem\u00ed ne\u017e ochranou lid\u00ed, kte\u0159\u00ed tam \u017eij\u00ed, zejm\u00e9na na Donbasu a Krymu, kde je rusk\u00e1 identita siln\u00e1. Ji\u017e d\u0159\u00edve jsem\u00a0<\/span><\/a><a href=\"https:\/\/www.globalresearch.ca\/victory-plan-tool-realize-ethnocratic-fantasy-ukraine\/5870526\"><span dir=\"auto\">poznamenal<\/span><\/a><span dir=\"auto\">\u00a0, \u017ee dokud nebudou tato ob\u010dansk\u00e1 pr\u00e1va a etnopolitick\u00e9 ot\u00e1zky uzn\u00e1ny (plus ot\u00e1zka roz\u0161\u00ed\u0159en\u00ed NATO), je v regionu jen mal\u00e1 nad\u011bje na m\u00edr.<\/span><\/p>\n<p><span dir=\"auto\">N\u00e1mitky evropsk\u00fdch l\u00eddr\u016f ve skute\u010dnosti odhaluj\u00ed hlub\u0161\u00ed vzorec klamu. Osobnosti jako Brit Keir Starmer, N\u011bmeck\u00fd Friedrich Merz a Francouz Emmanuel Macron se \u0159ad\u00ed, aby pl\u00e1n odm\u00edtli, p\u0159i\u010dem\u017e Berl\u00edn ji\u017e p\u0159ipravuje protin\u00e1vrh, kter\u00fd se dr\u017e\u00ed \u201emaximalistick\u00fdch\u201c po\u017eadavk\u016f Ukrajiny. \u0160\u00e9fka zahrani\u010dn\u00ed politiky EU Kaja Kallasov\u00e1 to shrnuje sv\u00fdm heslem \u201e\u00a0<\/span><a href=\"https:\/\/www.eeas.europa.eu\/eeas\/foreign-affairs-council-press-conference-high-representative-kaja-kallas_en\"><span dir=\"auto\">oslabte Rusko, podpo\u0159te Ukrajinu<\/span><\/a><span dir=\"auto\">\u00a0\u201c \u2013 to nenech\u00e1v\u00e1 prostor pro kompromis a m\u00edsto toho nab\u00edz\u00ed pouze nekone\u010dnou eskalaci.<\/span><\/p>\n<p><span dir=\"auto\">\u010cerven\u00e1 linie \u010dlenstv\u00ed v NATO je toho uk\u00e1zkov\u00fdm p\u0159\u00edkladem: pl\u00e1n vy\u017eaduje, aby se ho Ukrajina vzdala, co\u017e je pro jest\u0159\u00e1by nep\u0159ijateln\u00fd d\u016fvod. Ale zat\u00edm \u017e\u00e1dn\u00e1 evropsk\u00e1 mocnost neprojevila odvahu za n\u011bj p\u0159\u00edmo bojovat. Mamedov to trefn\u011b vystihuje: \u201eTi evrop\u0161t\u00ed l\u00edd\u0159i, kte\u0159\u00ed nyn\u00ed odm\u00edtaj\u00ed Trump\u016fv pl\u00e1n, moc dob\u0159e v\u011bd\u00ed, \u017ee Ukrajina do NATO nevstoup\u00ed&#8230; Jak\u00fd m\u00e1 pak smysl prodlu\u017eovat v\u00e1lku trv\u00e1n\u00edm na n\u011b\u010dem, o \u010dem ob\u011b strany v\u011bd\u00ed, \u017ee se to nestane?\u201c<\/span><\/p>\n<p><span dir=\"auto\">Neprosazuj\u00ed m\u00edr; m\u00edsto toho vyvol\u00e1vaj\u00ed selh\u00e1n\u00ed, aby udr\u017eeli konflikt na uzd\u011b, a vyhloub\u00ed americk\u00fd n\u00e1vrh, dokud Moskva neodstoup\u00ed. Mo\u017en\u00e1 si vzpomeneme, \u017ee to nen\u00ed poprv\u00e9, co Evropa torp\u00e9duje rozhovory. V dubnu 2022, kdy\u017e se Zelenskyj a Putin bl\u00ed\u017eili k summitu zprost\u0159edkovan\u00e9mu Tureckem a\u00a0<\/span><a href=\"https:\/\/www.axios.com\/2022\/03\/09\/bennett-mediator-russia-ukraine-putin-zelensky\"><span dir=\"auto\">Izraelem<\/span><\/a><span dir=\"auto\">\u00a0, Boris Johnson vlet\u011bl do Kyjeva s jasn\u00fdm poselstv\u00edm: \u017d\u00e1dn\u00e9 dohody s \u201ev\u00e1le\u010dn\u00fdmi zlo\u010dinci\u201c; Z\u00e1pad chce, abyste Putina v\u00edce tla\u010dili.<\/span><\/p>\n<p><span dir=\"auto\">Zdroje bl\u00edzk\u00e9 Zelensk\u00e9mu listu Ukrajinska pravda sd\u011blily, \u017ee n\u00e1v\u0161t\u011bva\u00a0<\/span><a href=\"https:\/\/www.pravda.com.ua\/eng\/news\/2022\/05\/05\/7344206\/\"><span dir=\"auto\">zastavila jedn\u00e1n\u00ed<\/span><\/a><span dir=\"auto\">\u00a0\u2013 o t\u0159i dny pozd\u011bji Putin prohl\u00e1sil jedn\u00e1n\u00ed za mrtv\u00e1. Tolik k lond\u00fdnsk\u00e9mu \u201eveden\u00ed\u201c. Tato intervence, podn\u011bcovan\u00e1 Washingtonem (za Bidena), prom\u011bnila potenci\u00e1ln\u00ed dohodu o neutralit\u011b \u2013 kde by si Ukrajina ponechala v\u00edce \u00fazem\u00ed, ne\u017e m\u00e1 dnes \u2013 v nekone\u010dnou konfrontaci.<\/span><\/p>\n<p><span dir=\"auto\">Politolog John Mearsheimer ji\u017e dlouho\u00a0<\/span><a href=\"https:\/\/mearsheimer.substack.com\/p\/the-myth-that-putin-was-bent-on-conquering\"><span dir=\"auto\">vyvrac\u00ed<\/span><\/a><span dir=\"auto\">\u00a0m\u00fdtus, \u017ee se Putin sna\u017eil dob\u00fdt celou Ukrajinu; unikl\u00e9 rozhovory z roku 2022 ukazuj\u00ed, \u017ee Moskva cht\u011bla pouze neutralitu a demilitarizaci \u2013 c\u00edle, kter\u00e9 Z\u00e1pad z\u00e1m\u011brn\u011b potla\u010dil.\u00a0<\/span><a href=\"https:\/\/web.archive.org\/web\/20250217212044\/https:\/infobrics.org\/post\/35328\/news\/analysis\/\"><span dir=\"auto\">Hlub\u0161\u00ed ko\u0159eny<\/span><\/a><span dir=\"auto\">\u00a0dne\u0161n\u00ed krize lze hledat v expanzi NATO a tak\u00e9 v roli samotn\u00e9ho Z\u00e1padu v p\u0159evratu na Majdanu a vzestupu krajn\u011b pravicov\u00fdch element\u016f v Kyjev\u011b.<\/span><\/p>\n<p><span dir=\"auto\">Nyn\u00ed, kdy\u017e Washington pod Trumpov\u00fdm veden\u00edm, se v\u0161emi jeho nedostatky, prosazuje realistickou dohodu, star\u00e1 garda Evropy ji znovu sabotuje, aby si udr\u017eela relevanci. \u00datokem i na klauzuli o pr\u00e1vech men\u0161in Evropa zrazuje sv\u00e9 \u00fadajn\u00e9 vlastn\u00ed hodnoty.<\/span><\/p>\n<p><em><span dir=\"auto\"><a href=\"https:\/\/infobrics.org\/en\/post\/70306\">Uriel Araujo, PhD.<\/a> v oboru antropologie, je soci\u00e1ln\u00ed v\u011bdec specializuj\u00edc\u00ed se na etnick\u00e9 a n\u00e1bo\u017eensk\u00e9 konflikty s rozs\u00e1hl\u00fdm v\u00fdzkumem geopolitick\u00e9 dynamiky a kulturn\u00edch interakc\u00ed.<\/span><\/em><\/p>\n<p>&nbsp;<\/p>\n","protected":false},"excerpt":{"rendered":"<p>Zat\u00edmco Ukrajina nazna\u010duje, \u017ee je p\u0159ipravena podepsat a zb\u00fdvaj\u00ed j\u00ed jen \u201edrobn\u00e9 detaily\u201c, evrop\u0161t\u00ed l\u00edd\u0159i&#8230;<\/p>\n","protected":false},"author":2,"featured_media":93216,"comment_status":"closed","ping_status":"closed","sticky":false,"template":"","format":"standard","meta":[],"categories":[7],"tags":[283,1503,565,26,37],"_links":{"self":[{"href":"https:\/\/www.infokuryr.cz\/n\/wp-json\/wp\/v2\/posts\/93215"}],"collection":[{"href":"https:\/\/www.infokuryr.cz\/n\/wp-json\/wp\/v2\/posts"}],"about":[{"href":"https:\/\/www.infokuryr.cz\/n\/wp-json\/wp\/v2\/types\/post"}],"author":[{"embeddable":true,"href":"https:\/\/www.infokuryr.cz\/n\/wp-json\/wp\/v2\/users\/2"}],"replies":[{"embeddable":true,"href":"https:\/\/www.infokuryr.cz\/n\/wp-json\/wp\/v2\/comments?post=93215"}],"version-history":[{"count":0,"href":"https:\/\/www.infokuryr.cz\/n\/wp-json\/wp\/v2\/posts\/93215\/revisions"}],"wp:featuredmedia":[{"embeddable":true,"href":"https:\/\/www.infokuryr.cz\/n\/wp-json\/wp\/v2\/media\/93216"}],"wp:attachment":[{"href":"https:\/\/www.infokuryr.cz\/n\/wp-json\/wp\/v2\/media?parent=93215"}],"wp:term":[{"taxonomy":"category","embeddable":true,"href":"https:\/\/www.infokuryr.cz\/n\/wp-json\/wp\/v2\/categories?post=93215"},{"taxonomy":"post_tag","embeddable":true,"href":"https:\/\/www.infokuryr.cz\/n\/wp-json\/wp\/v2\/tags?post=93215"}],"curies":[{"name":"wp","href":"https:\/\/api.w.org\/{rel}","templated":true}]}}