{"id":93205,"date":"2025-11-27T00:16:26","date_gmt":"2025-11-26T23:16:26","guid":{"rendered":"https:\/\/www.infokuryr.cz\/n\/?p=93205"},"modified":"2025-11-26T13:36:26","modified_gmt":"2025-11-26T12:36:26","slug":"petr-pokorny-na-pristi-rok-ods-pripravila-vyrovnany-rozpocet","status":"publish","type":"post","link":"https:\/\/www.infokuryr.cz\/n\/2025\/11\/27\/petr-pokorny-na-pristi-rok-ods-pripravila-vyrovnany-rozpocet\/","title":{"rendered":"Petr Pokorn\u00fd: Na p\u0159\u00ed\u0161t\u00ed rok ODS p\u0159ipravila vyrovnan\u00fd rozpo\u010det!"},"content":{"rendered":"<div id=\"fb-root\"><\/div>\n<div class=\"introtext\">\n<h4>Brilantn\u00ed ekonomov\u00e9 dok\u00e1zali nemo\u017en\u00e9. Pod veden\u00edm ODS na p\u0159\u00ed\u0161t\u00ed rok p\u0159ipravili vyrovnan\u00fd rozpo\u010det a kvalita ODS se potvrdila.<\/h4>\n<\/div>\n<div class=\"fulltext\">\n<p>Pak jsem se probudil a zjistil jsem, \u017ee nejsem v roce 1992, ale v roce 2025 a na\u0161\u00ed zem vedla P\u011btimafie, kde se nehraje o jednu miliardu, ale \u017ee n\u00e1s\u00a0zadlu\u017eila kolaborantsk\u00e1 proti\u010desk\u00e1 tlupa 1200 miliardami a \u0159\u00edk\u00e1 tomu skv\u011bl\u00e9 hodpoda\u0159en\u00ed.\u00a0 Petr Pokorn\u00fd<\/p>\n<p><img decoding=\"async\" loading=\"lazy\" class=\"aligncenter\" src=\"https:\/\/www.skrytapravda.cz\/images\/blogy\/805\/data_z_minulosti\/kocarnik_1992_ee5af.webp\" alt=\"kocarnik 1992 ee5af\" width=\"738\" height=\"447\" \/><\/p>\n<p>Ti mlad\u00ed i dnes pades\u00e1tilet\u00ed v\u016fbec netu\u0161\u00ed, jak\u00e1 je pravda a pro\u010d jsme si skute\u010dn\u00fdch ekonomick\u00fdch elit v\u00e1\u017eili. Tomuto rozpo\u010dtu plukovn\u00edci Folt\u00fdnov\u00e9 \u0159\u00edkaj\u00ed rozvr\u00e1cen\u00fd st\u00e1t, vytunelovan\u00e1 zem, ale o zadlu\u017een\u00ed b\u011bhem \u010dty\u0159 let o1200 miliard \u0159\u00edk\u00e1 tento odpad v \u010dele s elektrik\u00e1\u0159em Stanjurou a b\u00fdval\u00fdm komunistou, t.\u010d. gener\u00e1lem prezidentem kr\u00e1sn\u00e1, rud\u00e1 budoucnost.<\/p>\n<p>Ono by to bylo jedno, tyto lidi na\u0161e zem nos\u00ed stejn\u011b jako inteligentn\u00ed. Hr\u016fza je v tom, \u017ee mal\u00fd elaktor\u00e1t klaky to po nich papou\u0161kuje. A tak ten prolhan\u00fd odpad si dovoluje p\u0159evracet hodnoty a\u00a0 inteligentn\u00ed lidi ur\u00e1\u017eet. Plebs v\u017edy \u0159\u00edk\u00e1 o ostatn\u00edch, \u017ee jsou plebs.<\/p>\n<p><img decoding=\"async\" loading=\"lazy\" class=\"aligncenter\" src=\"https:\/\/www.skrytapravda.cz\/images\/blogy\/805\/data_z_minulosti\/vyrovnany_rozpocet1992pok_638d8.webp\" alt=\"vyrovnany rozpocet1992pok 638d8\" width=\"725\" height=\"958\" \/><\/p>\n<p><strong>Nastal \u010das se pod\u00edvat pravd\u011b a fakt\u016fm do o\u010d\u00ed a uk\u00e1zat rozd\u00edl mezi t\u00edm, co se o minulosti d\u00edky Bruselu a probruselsk\u00fdm masm\u00e9di\u00edm \u0159\u00edk\u00e1 a p\u00ed\u0161e a jak\u00e1 je skute\u010dnost.\u00a0<\/strong><\/p>\n<p><a href=\"https:\/\/www.skrytapravda.cz\/z-ekonomiky\/2891-na-pristi-rok-ods-pripravila-vyrovany-rozpocet\">Petr Pokorn\u00fd<\/a><\/p>\n<p>&nbsp;<\/p>\n<\/div>\n","protected":false},"excerpt":{"rendered":"<p>Brilantn\u00ed ekonomov\u00e9 dok\u00e1zali nemo\u017en\u00e9. Pod veden\u00edm ODS na p\u0159\u00ed\u0161t\u00ed rok p\u0159ipravili vyrovnan\u00fd rozpo\u010det a kvalita&#8230;<\/p>\n","protected":false},"author":2,"featured_media":93206,"comment_status":"closed","ping_status":"closed","sticky":false,"template":"","format":"standard","meta":[],"categories":[6],"tags":[1503,158,192,2585,10155],"_links":{"self":[{"href":"https:\/\/www.infokuryr.cz\/n\/wp-json\/wp\/v2\/posts\/93205"}],"collection":[{"href":"https:\/\/www.infokuryr.cz\/n\/wp-json\/wp\/v2\/posts"}],"about":[{"href":"https:\/\/www.infokuryr.cz\/n\/wp-json\/wp\/v2\/types\/post"}],"author":[{"embeddable":true,"href":"https:\/\/www.infokuryr.cz\/n\/wp-json\/wp\/v2\/users\/2"}],"replies":[{"embeddable":true,"href":"https:\/\/www.infokuryr.cz\/n\/wp-json\/wp\/v2\/comments?post=93205"}],"version-history":[{"count":0,"href":"https:\/\/www.infokuryr.cz\/n\/wp-json\/wp\/v2\/posts\/93205\/revisions"}],"wp:featuredmedia":[{"embeddable":true,"href":"https:\/\/www.infokuryr.cz\/n\/wp-json\/wp\/v2\/media\/93206"}],"wp:attachment":[{"href":"https:\/\/www.infokuryr.cz\/n\/wp-json\/wp\/v2\/media?parent=93205"}],"wp:term":[{"taxonomy":"category","embeddable":true,"href":"https:\/\/www.infokuryr.cz\/n\/wp-json\/wp\/v2\/categories?post=93205"},{"taxonomy":"post_tag","embeddable":true,"href":"https:\/\/www.infokuryr.cz\/n\/wp-json\/wp\/v2\/tags?post=93205"}],"curies":[{"name":"wp","href":"https:\/\/api.w.org\/{rel}","templated":true}]}}