{"id":93203,"date":"2025-11-27T00:13:55","date_gmt":"2025-11-26T23:13:55","guid":{"rendered":"https:\/\/www.infokuryr.cz\/n\/?p=93203"},"modified":"2025-11-26T13:31:35","modified_gmt":"2025-11-26T12:31:35","slug":"mate-krev-na-rukou-narkl-rajchl-vladu-petra-fialy-a-cernochove","status":"publish","type":"post","link":"https:\/\/www.infokuryr.cz\/n\/2025\/11\/27\/mate-krev-na-rukou-narkl-rajchl-vladu-petra-fialy-a-cernochove\/","title":{"rendered":"M\u00e1te krev na rukou, na\u0159kl Rajchl vl\u00e1du Petra Fialy a \u010cernochov\u00e9"},"content":{"rendered":"<div id=\"fb-root\"><\/div>\n<h4>Rajchl na \u00favod diskuze ocenil prob\u00edhaj\u00edc\u00ed jedn\u00e1n\u00ed o m\u00edru na Ukrajin\u011b, kter\u00e1 se od \u00fanora 2022 br\u00e1n\u00ed rusk\u00e9 agresi. \u201eRozhodn\u011b jsem r\u00e1d, \u017ee jedn\u00e1me. Kdy\u017e jsme to p\u0159ed lety navrhovali, \u0159\u00edkali n\u00e1m, \u017ee jsme chcim\u00ed\u0159i.<\/h4>\n<p><iframe loading=\"lazy\" title=\"CNN Prima NEWS Zpr\u00e1vy plus (25.11)\" width=\"640\" height=\"360\" src=\"https:\/\/www.youtube.com\/embed\/BWxTI7UlQ4M?feature=oembed\" frameborder=\"0\" allow=\"accelerometer; autoplay; clipboard-write; encrypted-media; gyroscope; picture-in-picture; web-share\" referrerpolicy=\"strict-origin-when-cross-origin\" allowfullscreen><\/iframe><\/p>\n<p>Tehdej\u0161\u00ed vl\u00e1da \u0159\u00edkala, \u017ee s agresorem jednat nebude,\u201c ost\u0159e si r\u00fdpl\u00a0 do kon\u010d\u00edc\u00ed vl\u00e1dy Petra Fialy (ODS).<\/p>\n<p>\u201eOd za\u010d\u00e1tku jsme \u0159\u00edkali, \u017ee se m\u011blo jednat. Kdybyste n\u00e1s poslechli, Ukrajina by dnes m\u011bla pod kontrolou Don\u011bckou, Luhanskou, Chersonskou i Z\u00e1poro\u017eskou oblast a \u017eilo by milion a p\u016fl lid\u00ed. Vy jste cht\u011bli v\u00e1l\u010dit, vy jste \u0159\u00edkali, \u017ee se s agresorem nejedn\u00e1, a je to va\u0161e odpov\u011bdnost. Vy jste k tomu p\u0159isp\u011bli a m\u00e1te na rukou krev,\u201c dodal ost\u0159e ke kolegovi Sokolovi z ODS.<\/p>\n<p><strong>A dopln\u011bn\u00ed:<\/strong> nezru\u0161il n\u00e1hodou volby Zelensk\u00fd a nen\u00ed u\u017e bez mand\u00e1tu? V\u00edce jak rok? Pro\u010d Sokol l\u017ee?<\/p>\n<p><img decoding=\"async\" loading=\"lazy\" class=\"alignnone size-full wp-image-1185\" src=\"http:\/\/www.infokuryr.cz\/n\/wp-content\/uploads\/2021\/04\/kuryr-podpis.png\" alt=\"\" width=\"84\" height=\"24\" \/><\/p>\n<p>&nbsp;<\/p>\n","protected":false},"excerpt":{"rendered":"<p>Rajchl na \u00favod diskuze ocenil prob\u00edhaj\u00edc\u00ed jedn\u00e1n\u00ed o m\u00edru na Ukrajin\u011b, kter\u00e1 se od \u00fanora&#8230;<\/p>\n","protected":false},"author":2,"featured_media":93204,"comment_status":"closed","ping_status":"closed","sticky":false,"template":"","format":"standard","meta":[],"categories":[6],"tags":[565,192,10154,889],"_links":{"self":[{"href":"https:\/\/www.infokuryr.cz\/n\/wp-json\/wp\/v2\/posts\/93203"}],"collection":[{"href":"https:\/\/www.infokuryr.cz\/n\/wp-json\/wp\/v2\/posts"}],"about":[{"href":"https:\/\/www.infokuryr.cz\/n\/wp-json\/wp\/v2\/types\/post"}],"author":[{"embeddable":true,"href":"https:\/\/www.infokuryr.cz\/n\/wp-json\/wp\/v2\/users\/2"}],"replies":[{"embeddable":true,"href":"https:\/\/www.infokuryr.cz\/n\/wp-json\/wp\/v2\/comments?post=93203"}],"version-history":[{"count":0,"href":"https:\/\/www.infokuryr.cz\/n\/wp-json\/wp\/v2\/posts\/93203\/revisions"}],"wp:featuredmedia":[{"embeddable":true,"href":"https:\/\/www.infokuryr.cz\/n\/wp-json\/wp\/v2\/media\/93204"}],"wp:attachment":[{"href":"https:\/\/www.infokuryr.cz\/n\/wp-json\/wp\/v2\/media?parent=93203"}],"wp:term":[{"taxonomy":"category","embeddable":true,"href":"https:\/\/www.infokuryr.cz\/n\/wp-json\/wp\/v2\/categories?post=93203"},{"taxonomy":"post_tag","embeddable":true,"href":"https:\/\/www.infokuryr.cz\/n\/wp-json\/wp\/v2\/tags?post=93203"}],"curies":[{"name":"wp","href":"https:\/\/api.w.org\/{rel}","templated":true}]}}