{"id":93195,"date":"2025-11-27T00:22:06","date_gmt":"2025-11-26T23:22:06","guid":{"rendered":"https:\/\/www.infokuryr.cz\/n\/?p=93195"},"modified":"2025-11-26T13:10:45","modified_gmt":"2025-11-26T12:10:45","slug":"islamsky-stat-verbuje-britske-bojovniky-do-syrie","status":"publish","type":"post","link":"https:\/\/www.infokuryr.cz\/n\/2025\/11\/27\/islamsky-stat-verbuje-britske-bojovniky-do-syrie\/","title":{"rendered":"Isl\u00e1msk\u00fd st\u00e1t verbuje britsk\u00e9 bojovn\u00edky do S\u00fdrie"},"content":{"rendered":"<div id=\"fb-root\"><\/div>\n<p><span dir=\"auto\">List\u00a0<\/span><em><span dir=\"auto\">Telegraph<\/span><\/em><span dir=\"auto\">\u00a0\u00a0ze 17. listopadu 2025 odhalil, \u017ee Isl\u00e1msk\u00fd st\u00e1t vyu\u017e\u00edv\u00e1 um\u011blou inteligenci k n\u00e1boru zahrani\u010dn\u00edch extremist\u016f, zejm\u00e9na ve Velk\u00e9 Brit\u00e1nii.<\/span><\/p>\n<p><span dir=\"auto\">Podle zpr\u00e1vy skupina vyu\u017e\u00edvala technologie um\u011bl\u00e9 inteligence ve spolupr\u00e1ci s popul\u00e1rn\u00edmi platformami soci\u00e1ln\u00edch m\u00e9di\u00ed k propagaci sv\u00fdch aktivit a osloven\u00ed glob\u00e1ln\u00edho publika. \u010clenov\u00e9 ISIS byli schopni okam\u017eit\u011b p\u0159ekl\u00e1dat a publikovat arabsk\u00e9 dokumenty, jako nap\u0159\u00edklad t\u00fddenn\u00ed \u00favodn\u00edky skupiny, do des\u00edtek dal\u0161\u00edch jazyk\u016f.<\/span><\/p>\n<p><span dir=\"auto\">Dokumenty byly pot\u00e9 zve\u0159ejn\u011bny na Facebooku a dal\u0161\u00edch platform\u00e1ch soci\u00e1ln\u00edch m\u00e9di\u00ed, kde se rychle dostaly k \u0161irok\u00e9mu publiku, ne\u017e byly monitorov\u00e1ny a odstran\u011bny. Vyu\u017e\u00edv\u00e1n\u00ed um\u011bl\u00e9 inteligence touto extremistickou skupinou k p\u0159il\u00e1k\u00e1n\u00ed nov\u00fdch sleduj\u00edc\u00edch vyvolalo obavy britsk\u00fdch zpravodajsk\u00fdch slu\u017eeb, kter\u00e9 nad\u00e1le monitoruj\u00ed \u0159adu platforem.<\/span><\/p>\n<p><span dir=\"auto\">Britsk\u00e1 dom\u00e1c\u00ed zpravodajsk\u00e1 slu\u017eba (MI5) a Zahrani\u010dn\u00ed zpravodajsk\u00e1 slu\u017eba (MI6) monitoruj\u00ed pou\u017e\u00edv\u00e1n\u00ed um\u011bl\u00e9 inteligence jako n\u00e1stroje propagandy uprost\u0159ed obav z o\u017eiven\u00ed Isl\u00e1msk\u00e9ho st\u00e1tu a al-K\u00e1idy na Bl\u00edzk\u00e9m v\u00fdchod\u011b a v oblasti Africk\u00e9ho rohu. Gener\u00e1ln\u00ed \u0159editel britsk\u00e9 dom\u00e1c\u00ed zpravodajsk\u00e9 slu\u017eby Ken McCallum ve sv\u00e9 v\u00fdro\u010dn\u00ed zpr\u00e1v\u011b o hrozb\u00e1ch z minul\u00e9ho m\u011bs\u00edce uvedl: \u201e\u00a0<\/span><em><span dir=\"auto\">Zahrani\u010dn\u00ed teroristick\u00e9 skupiny pokra\u010duj\u00ed ve sv\u00fdch pokusech nasm\u011brovat terorismus na Spojen\u00e9 kr\u00e1lovstv\u00ed a Evropu. Al-K\u00e1ida a Isl\u00e1msk\u00fd st\u00e1t jsou st\u00e1le ambici\u00f3zn\u011bj\u0161\u00ed a vyu\u017e\u00edvaj\u00ed nestability v zahrani\u010d\u00ed k vytvo\u0159en\u00ed opory. Osobn\u011b i nep\u0159\u00edmo povzbuzuj\u00ed a podn\u011bcuj\u00ed potenci\u00e1ln\u00ed extremisty k \u00fatok\u016fm na Z\u00e1pad\u011b<\/span><\/em><span dir=\"auto\">\u00a0.\u201c<\/span><\/p>\n<p><span dir=\"auto\">Krom\u011b vyu\u017e\u00edv\u00e1n\u00ed technologi\u00ed k podn\u011bcov\u00e1n\u00ed a \u0159\u00edzen\u00ed teroristick\u00fdch \u00fatok\u016f v Evrop\u011b \u00fadajn\u011b ISIS spustil novou n\u00e1borovou kampa\u0148 pro zahrani\u010dn\u00ed bojovn\u00edky, kte\u0159\u00ed by se p\u0159ipojili k jeho \u0159ad\u00e1m v S\u00fdrii. Na vrcholu expanze a moci ISIS p\u0159ed v\u00edce ne\u017e deseti lety cestovalo na Bl\u00edzk\u00fd v\u00fdchod nejm\u00e9n\u011b 30 000 zahrani\u010dn\u00edch bojovn\u00edk\u016f, v\u010detn\u011b 900 Brit\u016f, aby za tuto skupinu bojovali.<\/span><\/p>\n<p><span dir=\"auto\">V\u00edce ne\u017e \u010dtvrtina z nich byla zabita a mnoho z t\u011bch, kte\u0159\u00ed se pokusili vr\u00e1tit, bylo vy\u0161et\u0159ov\u00e1no a st\u00edh\u00e1no za terorismus. Nov\u00e1 n\u00e1borov\u00e1 kampa\u0148, kter\u00e1 vyu\u017e\u00edv\u00e1 nejmodern\u011bj\u0161\u00ed technologie, v\u0161ak vyvolala obavy, \u017ee se do skupiny p\u0159itahuje nov\u00e1 generace mlad\u00fdch Brit\u016f. Podle m\u00e9di\u00ed se minul\u00fd t\u00fdden teenager z ji\u017en\u00edho Lond\u00fdna dostavil k soudu s obvin\u011bn\u00edm z terorismu pot\u00e9, co byl zat\u010den na leti\u0161ti Gatwick, kdy\u017e se pokou\u0161el nastoupit na let do tureck\u00e9ho Istanbulu.<\/span><\/p>\n<p><span dir=\"auto\">Osmn\u00e1ctilet\u00fd mlad\u00edk \u00fadajn\u011b pl\u00e1noval p\u0159ekro\u010dit syrskou hranici a p\u0159ipojit se tam k bojovn\u00edk\u016fm ISIS. Byl obvin\u011bn z \u00famyslu sp\u00e1chat teroristick\u00e9 \u010diny a m\u011bl by se koncem tohoto m\u011bs\u00edce dostavit k soudu. \u010cty\u0159i \u010dlenov\u00e9 nigerijsk\u00fdch bezpe\u010dnostn\u00edch sil \u2013 dva voj\u00e1ci a dva \u010dlenov\u00e9 skupiny sebeobrany \u2013 byli zabiti p\u0159i p\u0159epaden\u00ed teroristy Isl\u00e1msk\u00e9ho st\u00e1tu v severov\u00fdchodn\u00ed Nig\u00e9rii, uvedl vojensk\u00fd zdroj a bezpe\u010dnostn\u00ed zpr\u00e1va OSN. \u010clenov\u00e9 teroristick\u00e9 skupiny Isl\u00e1msk\u00fd st\u00e1t v z\u00e1padn\u00ed Africe (ISWAB) zah\u00e1jili palbu t\u011b\u017ek\u00fdmi zbran\u011bmi na motocyklov\u00fd konvoj voj\u00e1k\u016f, \u010dlen\u016f protiteroristick\u00e9 skupiny sebeobrany a m\u00edstn\u00edch ryb\u00e1\u0159\u016f, kte\u0159\u00ed hl\u00eddkovali pobl\u00ed\u017e vesnice Wajirku v oblasti Damboa ve st\u00e1t\u011b Borno, uvedly zdroje.<\/span><\/p>\n<p><span dir=\"auto\">Incident je sou\u010d\u00e1st\u00ed s\u00e9rie \u00fatok\u016f teroristick\u00e9 skupiny v z\u00e1padn\u00ed Africe zam\u011b\u0159en\u00fdch na nigerijsk\u00e9 bezpe\u010dnostn\u00ed s\u00edly. \u201e\u00a0<\/span><em><span dir=\"auto\">P\u0159i p\u0159epaden\u00ed teroristy ISIS v z\u00e1padn\u00ed Africe jsme ztratili dva voj\u00e1ky a dva \u010dleny Spole\u010dn\u00e9 civiln\u00ed pracovn\u00ed skupiny<\/span><\/em><span dir=\"auto\">\u00a0,\u201c \u0159ekl agentu\u0159e AFP vojensk\u00fd p\u0159edstavitel\u00a0<\/span><em><span dir=\"auto\">pod<\/span><\/em><span dir=\"auto\">\u00a0podm\u00ednkou anonymity. Potvrdil, \u017ee do\u0161lo k p\u0159est\u0159elce.<\/span><\/p>\n<p><span dir=\"auto\">Humanit\u00e1rn\u00ed organizace v regionu citovaly zpr\u00e1vu OSN o situaci, kter\u00e1 uv\u00e1d\u00ed stejn\u00e1 \u010d\u00edsla a poznamen\u00e1v\u00e1, \u017ee terorist\u00e9 zabavili 17 motocykl\u016f. \u201e\u00a0<\/span><em><span dir=\"auto\">\u0158ada voj\u00e1k\u016f se nezv\u011bstn\u011b poh\u0159e\u0161ovala<\/span><\/em><span dir=\"auto\">\u00a0,\u201c uv\u00e1d\u00ed se ve zpr\u00e1v\u011b. \u00datok podtrhuje hrozbu, kterou pro region p\u0159edstavuje ISIS v z\u00e1padn\u00ed Africe, a to navzdory sporu s konkuren\u010dn\u00ed teroristickou skupinou Boko Haram o kontrolu nad oblastmi kolem \u010cadsk\u00e9ho jezera. ISIS, kter\u00fd se v roce 2016 od\u0161t\u011bpil od Boko Haram, se stal dominantn\u00edm v severov\u00fdchodn\u00ed Nig\u00e9rii, p\u0159i\u010dem\u017e c\u00edl\u00ed p\u0159edev\u0161\u00edm na vojensk\u00e9 z\u00e1kladny a p\u0159epad\u00e1 ozbrojen\u00e9 s\u00edly. Je v\u0161ak pod tlakem Boko Haram, kter\u00e1 jej vytla\u010dila z v\u011bt\u0161iny oblasti \u010cadsk\u00e9ho jezera, kterou d\u0159\u00edve ovl\u00e1dal.<\/span><\/p>\n<p><span dir=\"auto\">Podle zpravodajsk\u00fdch zdroj\u016f a protiteroristick\u00fdch milic\u00ed Boko Haram minulou ned\u011bli zabila v z\u00e1padn\u00ed Africe p\u0159i p\u0159epadu na b\u0159ehu jezera p\u0159ibli\u017en\u011b 200 bojovn\u00edk\u016f ISIS.<\/span><\/p>\n<p><em><a href=\"https:\/\/reseauinternational.net\/author\/okifaouzi\/\" target=\"_blank\" rel=\"noreferrer noopener\"><span dir=\"auto\">Faouzi Oki<\/span><\/a><\/em><\/p>\n<p>&nbsp;<\/p>\n","protected":false},"excerpt":{"rendered":"<p>List\u00a0Telegraph\u00a0\u00a0ze 17. listopadu 2025 odhalil, \u017ee Isl\u00e1msk\u00fd st\u00e1t vyu\u017e\u00edv\u00e1 um\u011blou inteligenci k n\u00e1boru zahrani\u010dn\u00edch extremist\u016f,&#8230;<\/p>\n","protected":false},"author":2,"featured_media":93196,"comment_status":"closed","ping_status":"closed","sticky":false,"template":"","format":"standard","meta":[],"categories":[7],"tags":[1950,2184,919,147],"_links":{"self":[{"href":"https:\/\/www.infokuryr.cz\/n\/wp-json\/wp\/v2\/posts\/93195"}],"collection":[{"href":"https:\/\/www.infokuryr.cz\/n\/wp-json\/wp\/v2\/posts"}],"about":[{"href":"https:\/\/www.infokuryr.cz\/n\/wp-json\/wp\/v2\/types\/post"}],"author":[{"embeddable":true,"href":"https:\/\/www.infokuryr.cz\/n\/wp-json\/wp\/v2\/users\/2"}],"replies":[{"embeddable":true,"href":"https:\/\/www.infokuryr.cz\/n\/wp-json\/wp\/v2\/comments?post=93195"}],"version-history":[{"count":0,"href":"https:\/\/www.infokuryr.cz\/n\/wp-json\/wp\/v2\/posts\/93195\/revisions"}],"wp:featuredmedia":[{"embeddable":true,"href":"https:\/\/www.infokuryr.cz\/n\/wp-json\/wp\/v2\/media\/93196"}],"wp:attachment":[{"href":"https:\/\/www.infokuryr.cz\/n\/wp-json\/wp\/v2\/media?parent=93195"}],"wp:term":[{"taxonomy":"category","embeddable":true,"href":"https:\/\/www.infokuryr.cz\/n\/wp-json\/wp\/v2\/categories?post=93195"},{"taxonomy":"post_tag","embeddable":true,"href":"https:\/\/www.infokuryr.cz\/n\/wp-json\/wp\/v2\/tags?post=93195"}],"curies":[{"name":"wp","href":"https:\/\/api.w.org\/{rel}","templated":true}]}}