{"id":93193,"date":"2025-11-27T00:21:47","date_gmt":"2025-11-26T23:21:47","guid":{"rendered":"https:\/\/www.infokuryr.cz\/n\/?p=93193"},"modified":"2025-11-26T13:03:43","modified_gmt":"2025-11-26T12:03:43","slug":"izrael-obleha-okupovane-mesto-tubas-na-zapadnim-brehu-jordanu-a-vyhnal-desitky-rodin","status":"publish","type":"post","link":"https:\/\/www.infokuryr.cz\/n\/2025\/11\/27\/izrael-obleha-okupovane-mesto-tubas-na-zapadnim-brehu-jordanu-a-vyhnal-desitky-rodin\/","title":{"rendered":"Izrael obl\u00e9h\u00e1 okupovan\u00e9 m\u011bsto Tubas na Z\u00e1padn\u00edm b\u0159ehu Jord\u00e1nu a vyhnal des\u00edtky rodin"},"content":{"rendered":"<div id=\"fb-root\"><\/div>\n<p><strong><span dir=\"auto\">Guvern\u00e9r provincie Tubas Ahmed Asaad uvedl, \u017ee c\u00edlem nov\u00e9ho \u00fatoku je nastolit \u201enovou realitu\u201c v bl\u00edzkosti \u00fadol\u00ed Jord\u00e1nu, jeliko\u017e Izrael uzav\u00edr\u00e1 velk\u00e9 \u010d\u00e1sti provincie od zbytku Z\u00e1padn\u00edho b\u0159ehu Jord\u00e1nu.<\/span><\/strong><\/p>\n<p data-start=\"414\" data-end=\"636\"><span dir=\"auto\">Izrael uzav\u0159el velk\u00e9 \u010d\u00e1sti guvernor\u00e1tu Tubas pot\u00e9, co vyslal t\u011b\u017ek\u00e9 posily do severn\u00edho \u00fadol\u00ed Jord\u00e1nu, \u010d\u00edm\u017e odd\u011blil region od zbytku\u00a0<\/span><a href=\"https:\/\/www.aljazeera.com\/tag\/occupied-west-bank\/\"><span dir=\"auto\">okupovan\u00e9ho Z\u00e1padn\u00edho b\u0159ehu Jord\u00e1nu<\/span><\/a><span dir=\"auto\">\u00a0a zah\u00e1jil rozs\u00e1hl\u00e9 obl\u00e9h\u00e1n\u00ed.<\/span><\/p>\n<p data-start=\"638\" data-end=\"986\"><span dir=\"auto\">Obyvatel\u00e9 ve st\u0159edu televizi Al Jazeera sd\u011blili, \u017ee vojensk\u00e9 buldozery p\u0159ed \u00fasvitem nahromadily zeminu na ka\u017edou p\u0159\u00edjezdovou cestu, zat\u00edmco izraelsk\u00e9 vrtuln\u00edky Apache ost\u0159elovaly pr\u00e1zdn\u00e1 pole kolem Tubasu ve snaze ohrozit palestinsk\u00e9 obyvatele.<\/span><\/p>\n<p data-start=\"638\" data-end=\"986\"><span dir=\"auto\">Voj\u00e1ci pot\u00e9 zah\u00e1jili domovn\u00ed prohl\u00eddky ve m\u011bst\u011b Tubas a ve \u010dty\u0159ech okoln\u00edch m\u011bstech, v\u010detn\u011b Tammunu a Akk\u00e1by, jeliko\u017e arm\u00e1da ozn\u00e1mila novou vojenskou operaci, kter\u00e1 je podle jej\u00edch slov zam\u011b\u0159ena na bojovn\u00edky odboje.<\/span><\/p>\n<p data-start=\"988\" data-end=\"1290\"><span dir=\"auto\">Guvern\u00e9r Tubasu Ahmed Asaad toto ospravedln\u011bn\u00ed odm\u00edtl a televizi Al Jazeera \u0159ekl, \u017ee izraelsk\u00fd \u00fatok nem\u00e1 nic spole\u010dn\u00e9ho s bezpe\u010dnost\u00ed, ale s geografi\u00ed.<\/span><\/p>\n<p data-start=\"988\" data-end=\"1290\"><span dir=\"auto\">\u201e\u00datok je zam\u011b\u0159en na Tubas kv\u016fli jeho poloze pobl\u00ed\u017e \u00fadol\u00ed Jord\u00e1nu, v nov\u00e9 snaze vnutit novou realitu,\u201c \u0159ekl.<\/span><\/p>\n<p data-start=\"1292\" data-end=\"1558\"><span dir=\"auto\">Asaad uvedl, \u017ee asi 30 rodin bylo nuceno opustit sv\u00e9 domovy a voj\u00e1ci obsadili n\u011bkolik budov na vyv\u00fd\u0161en\u00e9m m\u00edst\u011b s v\u00fdhledem na guvernor\u00e1t.<\/span><\/p>\n<p data-start=\"1292\" data-end=\"1558\"><span dir=\"auto\">V p\u011bti m\u011bstech, kter\u00e1 jsou nyn\u00ed obkl\u00ed\u010dena arm\u00e1dou, \u017eije v\u00edce ne\u017e 50 000 Palestinc\u016f.<\/span><\/p>\n<h2 id=\"collective-punishment\" data-start=\"1292\" data-end=\"1558\"><span dir=\"auto\">Kolektivn\u00ed trest<\/span><\/h2>\n<p data-start=\"1560\" data-end=\"1898\"><span dir=\"auto\">Asaad odsoudil to, co ozna\u010dil za nov\u00e9 kolo\u00a0<\/span><a href=\"https:\/\/www.aljazeera.com\/news\/2025\/11\/25\/israels-war-on-gaza-curbs-drive-palestinian-economy-to-record-collapse\"><span dir=\"auto\">kolektivn\u00edho trest\u00e1n\u00ed<\/span><\/a><span dir=\"auto\">\u00a0komunity, kter\u00e1 ji\u017e tak \u010del\u00ed ka\u017edodenn\u00edm vp\u00e1d\u016fm a neust\u00e1l\u00e9mu obt\u011b\u017eov\u00e1n\u00ed na okoln\u00edch kontroln\u00edch stanovi\u0161t\u00edch.<\/span><\/p>\n<p data-start=\"1560\" data-end=\"1898\"><span dir=\"auto\">Vzhledem k zaveden\u00ed vojensk\u00e9ho z\u00e1kazu vych\u00e1zen\u00ed uvedl, \u017ee m\u00edstn\u00ed \u00fa\u0159ady pozastavily provoz \u0161kol a ve\u0159ejn\u00fdch instituc\u00ed a aktivovaly krizov\u00e9 v\u00fdbory v cel\u00e9m guvernor\u00e1tu.<\/span><\/p>\n<p data-start=\"1900\" data-end=\"2170\"><span dir=\"auto\">Pohyb sanitek a l\u00e9ka\u0159sk\u00fdch t\u00fdm\u016f byl tak\u00e9 omezen. Asaad uvedl, \u017ee izraelsk\u00e9 s\u00edly zablokovaly p\u0159\u00edstup n\u011bkolika pacient\u016fm, kte\u0159\u00ed pot\u0159ebovali neodkladnou p\u00e9\u010di.<\/span><\/p>\n<div class=\"nudge\" data-testid=\"nudge\"><span class=\"nudge__text\"><span dir=\"auto\">Z\u00edskejte okam\u017eit\u00e1 upozorn\u011bn\u00ed a aktualizace na z\u00e1klad\u011b va\u0161ich z\u00e1jm\u016f. Bu\u010fte prvn\u00ed, kdo se dozv\u00ed o d\u016fle\u017eit\u00fdch ud\u00e1lostech.<\/span><\/span><\/div>\n<p data-start=\"1900\" data-end=\"2170\"><span dir=\"auto\">M\u00edstn\u00ed \u00fa\u0159edn\u00edci kontaktovali Mezin\u00e1rodn\u00ed v\u00fdbor \u010cerven\u00e9ho k\u0159\u00ed\u017ee, aby zas\u00e1hl a zajistil p\u0159evoz l\u00e9ka\u0159\u016f.<\/span><\/p>\n<div>\n<div class=\"video-player-facade-container\">\n<div class=\"aj-video-player in-article-bc-video-player aj-parsed-component\">\n<div class=\"vjs-poster\" aria-disabled=\"false\"><picture class=\"vjs-poster\" tabindex=\"-1\"><img decoding=\"async\" loading=\"lazy\" class=\"aligncenter\" src=\"https:\/\/cf-images.eu-west-1.prod.boltdns.net\/v1\/static\/665003303001\/38483a99-2e9d-4770-8485-3024acd9bda3\/d2bd8f79-c2db-468d-9589-286e31efa1df\/1920x1080\/match\/image.jpg\" alt=\"\" width=\"742\" height=\"410\" \/><\/picture><\/div>\n<\/div>\n<\/div>\n<\/div>\n<h2 id=\"ethnic-cleansing\" data-start=\"1900\" data-end=\"2170\"><span dir=\"auto\">Etnick\u00e9 \u010distky<\/span><\/h2>\n<p data-start=\"2172\" data-end=\"2321\"><span dir=\"auto\">Nejm\u00e9n\u011b dva Palestinci byli ve st\u0159edu p\u0159evezeni do nemocnice pot\u00e9, co je voj\u00e1ci zbili b\u011bhem razi\u00ed v Tubasu a Tammunu, uvedli zdravotn\u00edci Palestinsk\u00e9 spole\u010dnosti \u010cerven\u00e9ho p\u016flm\u011bs\u00edce.<\/span><\/p>\n<p data-start=\"2323\" data-end=\"2570\"><span dir=\"auto\">Obyvatel\u00e9 palestinsk\u00e9 tiskov\u00e9 agentu\u0159e Wafa sd\u011blili, \u017ee rozsah operace, kter\u00e1 za\u010dala kr\u00e1tce po p\u016flnoci, p\u0159ipom\u00edn\u00e1 velk\u00e9 invaze, kter\u00e9 Izrael provedl na Z\u00e1padn\u00edm b\u0159ehu Jord\u00e1nu od za\u010d\u00e1tku genocidy v Gaze v roce 2023, kdy voj\u00e1ci zdemolovali domy, srovnali silnice se zem\u00ed, zadr\u017eeli tis\u00edce lid\u00ed a sna\u017eili se etnicky vy\u010distit Palestince od jejich domov\u016f.<\/span><\/p>\n<p data-start=\"2572\" data-end=\"2930\"><span dir=\"auto\">Ham\u00e1s odsoudil \u201ezlo\u010dinnou sionistickou okupa\u010dn\u00ed arm\u00e1du\u201c a uvedl, \u017ee nejnov\u011bj\u0161\u00ed obl\u00e9h\u00e1n\u00ed, z\u00e1kaz vych\u00e1zen\u00ed a razie odhaluj\u00ed \u201erozsah systematick\u00fdch zlo\u010din\u016f p\u00e1chan\u00fdch extremistickou okupa\u010dn\u00ed vl\u00e1dou\u201c.<\/span><\/p>\n<p data-start=\"2572\" data-end=\"2930\"><span dir=\"auto\">Skupina uvedla, \u017ee \u00fatok je sou\u010d\u00e1st\u00ed politiky zam\u011b\u0159en\u00e9 na \u201erozdrcen\u00ed jak\u00e9koli palestinsk\u00e9 p\u0159\u00edtomnosti s c\u00edlem dos\u00e1hnout \u00fapln\u00e9 kontroly nad Z\u00e1padn\u00edm b\u0159ehem Jord\u00e1nu\u201c a pokusu o \u201e\u00a0<\/span><a href=\"https:\/\/www.aljazeera.com\/news\/2025\/11\/20\/israels-emptying-of-west-bank-refugee-camps-amounts-to-war-crimes-hrw\"><span dir=\"auto\">etnickou o\u010distu<\/span><\/a><span dir=\"auto\">\u00a0\u201c okupovan\u00e9ho \u00fazem\u00ed.<\/span><\/p>\n<p data-start=\"2932\" data-end=\"3211\"><span dir=\"auto\">\u201eTato operace je sou\u010d\u00e1st\u00ed prob\u00edhaj\u00edc\u00edch pl\u00e1n\u016f anexe a vys\u00eddlov\u00e1n\u00ed, jejich\u017e prost\u0159ednictv\u00edm se okupace sna\u017e\u00ed prom\u011bnit m\u011bsta a vesnice na Z\u00e1padn\u00edm b\u0159ehu Jord\u00e1nu v obl\u00e9han\u00e9 a fragmentovan\u00e9 oblasti,\u201c uvedl Ham\u00e1s a dodal, \u017ee izraelsk\u00fd \u201ekoloni\u00e1ln\u00ed projekt\u2026 nezlom\u00ed v\u016fli na\u0161eho lidu\u201c.<\/span><\/p>\n<p data-start=\"3213\" data-end=\"3454\"><span dir=\"auto\">Palestinsk\u00e9 hnut\u00ed mud\u017eahed\u00edn\u016f, dal\u0161\u00ed frakce odporu, vydalo samostatn\u00e9 prohl\u00e1\u0161en\u00ed, v n\u011bm\u017e odsoudilo \u00fatok jako sou\u010d\u00e1st izraelsk\u00e9 \u201eotev\u0159en\u00e9 v\u00e1lky\u201c s c\u00edlem anektovat Z\u00e1padn\u00ed b\u0159eh Jord\u00e1nu a n\u00e1siln\u011b vyst\u011bhovat jeho obyvatele. Obvinilo Spojen\u00e9 st\u00e1ty z umo\u017en\u011bn\u00ed \u201esystematick\u00e9 agrese\u201c Izraele.<\/span><\/p>\n<p data-start=\"3456\" data-end=\"3790\"><span dir=\"auto\">Jen letos izraelsk\u00e9 s\u00edly provedly podle \u00da\u0159adu OSN pro koordinaci humanit\u00e1rn\u00edch z\u00e1le\u017eitost\u00ed (OCHA) na Z\u00e1padn\u00edm b\u0159ehu Jord\u00e1nu t\u00e9m\u011b\u0159 7 500 razi\u00ed.<\/span><\/p>\n<p data-start=\"3456\" data-end=\"3790\"><span dir=\"auto\">\u201eOkupovan\u00fd Z\u00e1padn\u00ed b\u0159eh Jord\u00e1nu za\u017e\u00edv\u00e1 nejhor\u0161\u00ed krizi vys\u00eddlov\u00e1n\u00ed za posledn\u00ed desetilet\u00ed,\u201c uvedl \u00da\u0159ad pro humanit\u00e1rn\u00ed pomoc (OCHA) s odkazem na demolice, vojensk\u00e9 operace a stup\u0148uj\u00edc\u00ed se n\u00e1sil\u00ed izraelsk\u00fdch osadn\u00edk\u016f.<\/span><\/p>\n<p data-start=\"3792\" data-end=\"4159\"><span dir=\"auto\">Izraelsk\u00e9 s\u00edly na Z\u00e1padn\u00edm b\u0159ehu Jord\u00e1nu zabily v posledn\u00edch dvou letech\u00a0v\u00edce ne\u017e\u00a0<\/span><a href=\"https:\/\/www.aljazeera.com\/news\/2025\/7\/1\/israel-has-killed-1000-palestinians-in-the-west-bank-since-october-7-2023\"><span dir=\"auto\">1 000 Palestinc\u016f .<\/span><\/a><\/p>\n<p data-start=\"3792\" data-end=\"4159\"><span dir=\"auto\">Organizace Human Rights Watch za\u010d\u00e1tkem tohoto m\u011bs\u00edce uvedla, \u017ee masov\u00e9 vys\u00eddlov\u00e1n\u00ed obyvatel ze t\u0159\u00ed uprchlick\u00fdch t\u00e1bor\u016f Izraelem p\u0159edstavuje v\u00e1le\u010dn\u00e9 zlo\u010diny a zlo\u010diny proti lidskosti.<\/span><\/p>\n<p data-start=\"3792\" data-end=\"4159\"><span dir=\"auto\">Agentura OSN pro palestinsk\u00e9 uprchl\u00edky (UNRWA) odhaduje, \u017ee\u00a0z t\u011bchto t\u00e1bor\u016f a okoln\u00edch \u010dtvrt\u00ed bylo nuceno opustit t\u00e9m\u011b\u0159\u00a0<\/span><a href=\"https:\/\/www.aljazeera.com\/news\/2025\/11\/20\/israels-emptying-of-west-bank-refugee-camps-amounts-to-war-crimes-hrw\"><span dir=\"auto\">32 000 palestinsk\u00fdch uprchl\u00edk\u016f .<\/span><\/a><\/p>\n<p data-start=\"3792\" data-end=\"4159\"><span style=\"font-size: 10pt;\"><em><strong>\u00davodn\u00ed fotografie:<\/strong> Izraelsk\u00e9 jednotky se rozmis\u0165uj\u00ed b\u011bhem razie na okupovan\u00e9m Z\u00e1padn\u00edm b\u0159ehu Jord\u00e1nu 20. listopadu 2025 [Soubor: Zain Jaafar\/AFP]<\/em><\/span><\/p>\n<p data-start=\"3792\" data-end=\"4159\"><img decoding=\"async\" loading=\"lazy\" class=\"alignnone size-full wp-image-1185\" src=\"http:\/\/www.infokuryr.cz\/n\/wp-content\/uploads\/2021\/04\/kuryr-podpis.png\" alt=\"\" width=\"84\" height=\"24\" \/><\/p>\n<p data-start=\"3792\" data-end=\"4159\">\n","protected":false},"excerpt":{"rendered":"<p>Guvern\u00e9r provincie Tubas Ahmed Asaad uvedl, \u017ee c\u00edlem nov\u00e9ho \u00fatoku je nastolit \u201enovou realitu\u201c v&#8230;<\/p>\n","protected":false},"author":2,"featured_media":93194,"comment_status":"closed","ping_status":"closed","sticky":false,"template":"","format":"standard","meta":[],"categories":[7],"tags":[178,107,111],"_links":{"self":[{"href":"https:\/\/www.infokuryr.cz\/n\/wp-json\/wp\/v2\/posts\/93193"}],"collection":[{"href":"https:\/\/www.infokuryr.cz\/n\/wp-json\/wp\/v2\/posts"}],"about":[{"href":"https:\/\/www.infokuryr.cz\/n\/wp-json\/wp\/v2\/types\/post"}],"author":[{"embeddable":true,"href":"https:\/\/www.infokuryr.cz\/n\/wp-json\/wp\/v2\/users\/2"}],"replies":[{"embeddable":true,"href":"https:\/\/www.infokuryr.cz\/n\/wp-json\/wp\/v2\/comments?post=93193"}],"version-history":[{"count":0,"href":"https:\/\/www.infokuryr.cz\/n\/wp-json\/wp\/v2\/posts\/93193\/revisions"}],"wp:featuredmedia":[{"embeddable":true,"href":"https:\/\/www.infokuryr.cz\/n\/wp-json\/wp\/v2\/media\/93194"}],"wp:attachment":[{"href":"https:\/\/www.infokuryr.cz\/n\/wp-json\/wp\/v2\/media?parent=93193"}],"wp:term":[{"taxonomy":"category","embeddable":true,"href":"https:\/\/www.infokuryr.cz\/n\/wp-json\/wp\/v2\/categories?post=93193"},{"taxonomy":"post_tag","embeddable":true,"href":"https:\/\/www.infokuryr.cz\/n\/wp-json\/wp\/v2\/tags?post=93193"}],"curies":[{"name":"wp","href":"https:\/\/api.w.org\/{rel}","templated":true}]}}