{"id":93184,"date":"2025-11-27T00:17:52","date_gmt":"2025-11-26T23:17:52","guid":{"rendered":"https:\/\/www.infokuryr.cz\/n\/?p=93184"},"modified":"2025-11-26T12:40:03","modified_gmt":"2025-11-26T11:40:03","slug":"clenove-somalskeho-gangu-smrti-byli-ve-svedsku-uvezneni-za-ctyrdenni-unos-zeny-a-jeji-dvoulete-dcery-kvuli-nesplacenemu-dluhu-za-drogy-od-byvaleho-pritele","status":"publish","type":"post","link":"https:\/\/www.infokuryr.cz\/n\/2025\/11\/27\/clenove-somalskeho-gangu-smrti-byli-ve-svedsku-uvezneni-za-ctyrdenni-unos-zeny-a-jeji-dvoulete-dcery-kvuli-nesplacenemu-dluhu-za-drogy-od-byvaleho-pritele\/","title":{"rendered":"\u010clenov\u00e9 som\u00e1lsk\u00e9ho \u201egangu smrti\u201c byli ve \u0160v\u00e9dsku uv\u011bzn\u011bni za \u010dty\u0159denn\u00ed \u00fanos \u017eeny a jej\u00ed dvoulet\u00e9 dcery kv\u016fli nesplacen\u00e9mu dluhu za drogy od b\u00fdval\u00e9ho p\u0159\u00edtele"},"content":{"rendered":"<div id=\"fb-root\"><\/div>\n<h3 class=\"s-tagline fw-tagline\"><span dir=\"auto\">Ob\u017ealovan\u00ed obvin\u011bn\u00ed pop\u0159eli, jeden z nich trval na tom, \u017ee \u00fanos byl sp\u00ed\u0161e jako \u201eroad trip\u201c, kde hr\u00e1li karty a d\u011blali tacos<\/span><\/h3>\n<p><span dir=\"auto\">\u0160v\u00e9dsk\u00fd soud ud\u011blil tresty odn\u011bt\u00ed svobody sedmi ob\u017ealovan\u00fdm pat\u0159\u00edc\u00edm k som\u00e1lsk\u00e9mu drogov\u00e9mu gangu zn\u00e1m\u00e9mu jako Hl\u00eddka smrti (D\u00f6dspatrullen) za \u00fanos 22let\u00e9 \u017eeny a jej\u00ed dvoulet\u00e9 dcery, kter\u00e9 byly t\u00e9m\u011b\u0159 \u010dty\u0159i dny dr\u017eeny v pronajat\u00e9 chat\u011b jako p\u00e1ka za nesplacen\u00fd dluh za drogy spojen\u00fd s gangem.<\/span><\/p>\n<p><span dir=\"auto\">Jak informoval\u00a0<\/span><a href=\"https:\/\/samnytt.se\/svensk-mor-och-dotter-kidnappades-av-somaliska-dodsganget\"><span dir=\"auto\">Samnytt<\/span><\/a><span dir=\"auto\">\u00a0, \u017eena byla unesena r\u00e1no 17. dubna ve Str\u00e4ngn\u00e4su na z\u00e1padn\u00edm pob\u0159e\u017e\u00ed \u0160v\u00e9dska, kdy\u017e p\u0159ipout\u00e1vala svou dceru do autoseda\u010dky. Za n\u00ed zastavilo auto, z n\u011bho\u017e vystoupilo n\u011bkolik mu\u017e\u016f a ona byla donucena nastoupit. \u00danosci ji pak i s batoletem odvezli v\u00edce ne\u017e 400 kilometr\u016f p\u0159es celou zemi do G\u00f6teborgu.<\/span><\/p>\n<p><span dir=\"auto\">Tam \u017eena dostala 500 korun (45 eur) na n\u00e1kup nezbytnost\u00ed v obchod\u011b s potravinami, zat\u00edmco \u00fanosci dr\u017eeli jej\u00ed dceru. Z\u00e1b\u011bry z bezpe\u010dnostn\u00edch kamer pozd\u011bji uk\u00e1zaly jednoho z mu\u017e\u016f, jak d\u00edt\u011b nos\u00ed v obchod\u011b. Ob\u011bti byly n\u00e1sledn\u011b odvezeny do pronajat\u00e9 chaty v Kyrkeby za Kung\u00e4lvem, kde byly dr\u017eeny t\u00e9m\u011b\u0159 \u010dty\u0159i dny. B\u011bhem t\u00e9to doby se \u017eena dozv\u011bd\u011bla, \u017ee jej\u00ed b\u00fdval\u00fd p\u0159\u00edtel dlu\u017e\u00ed migrantn\u00edmu gangu n\u011bkolik milion\u016f korun v souvislosti se ztracenou z\u00e1silkou drog do Norska. Ona a jej\u00ed dcera byly zneu\u017e\u00edv\u00e1ny jako p\u00e1ka k vynucen\u00ed splacen\u00ed dluhu.<\/span><\/p>\n<p><span dir=\"auto\">Soudn\u00ed zpr\u00e1va z\u00a0<\/span><a href=\"https:\/\/www.ekuriren.se\/story-nyheter\/eskilstuna\/strangnas\/artikel\/kidnapparen-ingen-var-ledsen-det-var-som-en-roadtrip\/r146ooxr\"><span dir=\"auto\">Ekurirenu<\/span><\/a><span dir=\"auto\">\u00a0z \u0159\u00edjna uv\u00e1d\u00ed, \u017ee v dob\u011b \u00fanosu ji\u017e b\u00fdval\u00fd p\u0159\u00edtel odcestoval do Finska, aby si odpykal trest odn\u011bt\u00ed svobody. Jemu a dal\u0161\u00edm p\u0159\u00edbuzn\u00fdm byla \u00fadajn\u011b zasl\u00e1na fotografie \u017eeny s p\u00e1skou p\u0159es \u00fasta a n\u011bk\u00fdm, kdo j\u00ed dr\u017e\u00ed hlavu, spolu s po\u017eadavky na zaplacen\u00ed. \u010clenov\u00e9 gangu tak\u00e9 diskutovali o nato\u010den\u00ed zn\u00e1sil\u0148ovan\u00e9 \u017eeny, aby zv\u00fd\u0161ili tlak na rodinu, aby zaplatila za sv\u00e9ho b\u00fdval\u00e9ho p\u0159\u00edtele.<\/span><\/p>\n<p><span dir=\"auto\">Babi\u010dka d\u00edt\u011bte, kter\u00e1 byla zp\u011bt ve Str\u00e4ngn\u00e4su, si ji\u017e v\u0161imla jej\u00edho auta zaparkovan\u00e9ho p\u0159ed domem s otev\u0159en\u00fdmi dve\u0159mi a upozornila \u00fa\u0159ady. Vy\u0161et\u0159ovatel\u00e9 brzy spojili zmizen\u00ed s b\u00fdval\u00fdm p\u0159\u00edtelem a pachatele vystopovali a\u017e k chat\u011b Airbnb pobl\u00ed\u017e Kung\u00e4lvu.<\/span><\/p>\n<p><span dir=\"auto\">Policie chatu lokalizovala b\u011bhem velikono\u010dn\u00edho v\u00edkendu. Sledov\u00e1n\u00ed za\u010dalo v ned\u011bli ve\u010der a v noci z pond\u011bl\u00ed na pond\u011bl\u00ed vstoupil do budovy taktick\u00fd t\u00fdm a zadr\u017eel n\u011bkolik lid\u00ed. \u017dena a jej\u00ed dcera byly po operaci l\u00e9ka\u0159sky vy\u0161et\u0159eny a byly pops\u00e1ny jako fyzicky nezran\u011bn\u00e9, i kdy\u017e v \u0161okov\u00e9m stavu.<\/span><\/p>\n<p><span dir=\"auto\">Matka vy\u0161et\u0159ovatel\u016fm \u0159ekla, \u017ee v\u011bt\u0161inu druh\u00e9ho dne proplakala, p\u0159esv\u011bd\u010den\u00e1, \u017ee by to nemuselo p\u0159e\u017e\u00edt. Jeden z ob\u017ealovan\u00fdch naopak pozd\u011bji popsal celou tu zkou\u0161ku jako \u201eroad trip\u201c \u2013 trval na tom, \u017ee v\u0161ichni \u201ed\u011blali tacos, chodili ven a hr\u00e1li karty\u201c, a dokonce nazna\u010dil, \u017ee ob\u011b\u0165 souhlasila s t\u00edm, aby j\u00ed byla \u00fasta zalepena p\u00e1skou pro fotografov\u00e1n\u00ed. \u00danos pop\u0159el a tvrdil, \u017ee se pouze sna\u017eil z\u00edskat pen\u00edze zp\u011bt.<\/span><\/p>\n<p><span dir=\"auto\">Profesion\u00e1ln\u00ed fotbalista Exauce Bokunyungu (22 let) byl identifikov\u00e1n jako hlavn\u00ed pachatel a dostal nejdel\u0161\u00ed trest: \u0161est let a 11 m\u011bs\u00edc\u016f. Ali Ise (23 let) a Benjamin Patay (22 let) byli shodn\u011b odsouzeni k p\u011bti let\u016fm a p\u011bti m\u011bs\u00edc\u016fm, zat\u00edmco Diu Ngong (20 let), kter\u00fd si chatu rezervoval, dostal dva roky a osm m\u011bs\u00edc\u016f za napom\u00e1h\u00e1n\u00ed a podn\u011bcov\u00e1n\u00ed.<\/span><\/p>\n<p><span dir=\"auto\">Za dal\u0161\u00ed \u00fanos souvisej\u00edc\u00ed se stejn\u00fdm vy\u0161et\u0159ov\u00e1n\u00edm byli odsouzeni tak\u00e9 t\u0159i dal\u0161\u00ed mu\u017ei \u2013 Aghyad Saad, Ahmad Sarjin a Abrham Woldeghebriel ve v\u011bku 21 a\u017e 25 let. Dostali tresty od t\u0159\u00ed let a 11 m\u011bs\u00edc\u016f do \u010dty\u0159 let a p\u011bti m\u011bs\u00edc\u016f.<\/span><\/p>\n<p><img decoding=\"async\" loading=\"lazy\" class=\"alignnone size-full wp-image-1185\" src=\"http:\/\/www.infokuryr.cz\/n\/wp-content\/uploads\/2021\/04\/kuryr-podpis.png\" alt=\"\" width=\"84\" height=\"24\" \/><\/p>\n<p>&nbsp;<\/p>\n","protected":false},"excerpt":{"rendered":"<p>Ob\u017ealovan\u00ed obvin\u011bn\u00ed pop\u0159eli, jeden z nich trval na tom, \u017ee \u00fanos byl sp\u00ed\u0161e jako \u201eroad&#8230;<\/p>\n","protected":false},"author":2,"featured_media":93185,"comment_status":"closed","ping_status":"closed","sticky":false,"template":"","format":"standard","meta":[],"categories":[7],"tags":[2804,1198,2898,2557],"_links":{"self":[{"href":"https:\/\/www.infokuryr.cz\/n\/wp-json\/wp\/v2\/posts\/93184"}],"collection":[{"href":"https:\/\/www.infokuryr.cz\/n\/wp-json\/wp\/v2\/posts"}],"about":[{"href":"https:\/\/www.infokuryr.cz\/n\/wp-json\/wp\/v2\/types\/post"}],"author":[{"embeddable":true,"href":"https:\/\/www.infokuryr.cz\/n\/wp-json\/wp\/v2\/users\/2"}],"replies":[{"embeddable":true,"href":"https:\/\/www.infokuryr.cz\/n\/wp-json\/wp\/v2\/comments?post=93184"}],"version-history":[{"count":0,"href":"https:\/\/www.infokuryr.cz\/n\/wp-json\/wp\/v2\/posts\/93184\/revisions"}],"wp:featuredmedia":[{"embeddable":true,"href":"https:\/\/www.infokuryr.cz\/n\/wp-json\/wp\/v2\/media\/93185"}],"wp:attachment":[{"href":"https:\/\/www.infokuryr.cz\/n\/wp-json\/wp\/v2\/media?parent=93184"}],"wp:term":[{"taxonomy":"category","embeddable":true,"href":"https:\/\/www.infokuryr.cz\/n\/wp-json\/wp\/v2\/categories?post=93184"},{"taxonomy":"post_tag","embeddable":true,"href":"https:\/\/www.infokuryr.cz\/n\/wp-json\/wp\/v2\/tags?post=93184"}],"curies":[{"name":"wp","href":"https:\/\/api.w.org\/{rel}","templated":true}]}}