{"id":93178,"date":"2025-11-27T00:14:19","date_gmt":"2025-11-26T23:14:19","guid":{"rendered":"https:\/\/www.infokuryr.cz\/n\/?p=93178"},"modified":"2025-11-26T12:29:09","modified_gmt":"2025-11-26T11:29:09","slug":"slavne-nemecke-vanocni-trhy-celi-prudce-rostoucim-nakladum-protoze-bezpecnostni-opatreni-jsou-posilena-kvuli-pretrvavajicim-teroristickym-rizikum","status":"publish","type":"post","link":"https:\/\/www.infokuryr.cz\/n\/2025\/11\/27\/slavne-nemecke-vanocni-trhy-celi-prudce-rostoucim-nakladum-protoze-bezpecnostni-opatreni-jsou-posilena-kvuli-pretrvavajicim-teroristickym-rizikum\/","title":{"rendered":"Slavn\u00e9 n\u011bmeck\u00e9 v\u00e1no\u010dn\u00ed trhy \u010del\u00ed prudce rostouc\u00edm n\u00e1klad\u016fm, proto\u017ee bezpe\u010dnostn\u00ed opat\u0159en\u00ed jsou pos\u00edlena kv\u016fli p\u0159etrv\u00e1vaj\u00edc\u00edm teroristick\u00fdm rizik\u016fm"},"content":{"rendered":"<div id=\"fb-root\"><\/div>\n<h3 class=\"s-tagline fw-tagline\"><span dir=\"auto\">N\u011bmeck\u00e9 v\u00e1no\u010dn\u00ed trhy se st\u00e1vaj\u00ed mal\u00fdmi a velmi drah\u00fdmi policejn\u00edmi st\u00e1ty<\/span><\/h3>\n<p><span dir=\"auto\">Pen\u00edze vynalo\u017een\u00e9 na organizaci ve\u0159ejn\u00fdch akc\u00ed se za posledn\u00ed t\u0159i roky zv\u00fd\u0161ily v pr\u016fm\u011bru o 44 procent, uv\u00e1d\u00ed studie n\u011bmeck\u00e9ho Spolkov\u00e9ho svazu m\u011bst a obc\u00ed Marketing.<\/span><\/p>\n<p><span dir=\"auto\">Pro mnoho m\u011bst, a zejm\u00e9na men\u0161\u00edch obc\u00ed a soukrom\u00fdch organiz\u00e1tor\u016f, se tyto v\u00fddaje, kter\u00e9 jsou nyn\u00ed na rekordn\u00ed \u00farovni, staly v\u00e1\u017enou z\u00e1t\u011b\u017e\u00ed, p\u00ed\u0161e polsk\u00fd server\u00a0<\/span><a href=\"https:\/\/dorzeczy.pl\/ekonomia\/811194\/niemieckie-jarmarki-bozonarodzeniowe-pod-szczegolna-ochrona.html\"><span dir=\"auto\">Do Rzeczy<\/span><\/a><span dir=\"auto\">\u00a0.<\/span><\/p>\n<p><span dir=\"auto\">Kv\u016fli s\u00e9rii \u00fatok\u016f v posledn\u00edch letech je pos\u00edlen\u00e1 bezpe\u010dnost nezbytn\u00e1. \u00datok v Berl\u00edn\u011b v roce 2016, kdy islamistick\u00fd \u0159idi\u010d najel kamionem do davu, a lo\u0148sk\u00fd smrt\u00edc\u00ed \u00fatok na v\u00e1no\u010dn\u00edm trhu v Magdeburgu, oba siln\u011b zas\u00e1hly ve\u0159ejnost. Jen letos do\u0161lo v \u00fanoru k \u00fatoku automobilem v\u00a0<\/span><a href=\"https:\/\/rmx.news\/article\/germany-afghan-man-faces-trial-for-deaths-of-mother-and-child-after-crashing-his-car-into-left-wing-union-demonstration-in-munich\/\"><span dir=\"auto\">Mnichov\u011b<\/span><\/a><span dir=\"auto\">\u00a0a v b\u0159eznu\u00a0k dal\u0161\u00edmu \u00fatoku, kter\u00fd narazil do davu v\u00a0<\/span><a href=\"https:\/\/rmx.news\/article\/german-landscape-gardener-responsible-for-deadly-mannheim-car-attack-will-this-change-social-perceptions\/\"><span dir=\"auto\">Mannheimu .<\/span><\/a><\/p>\n<p><span dir=\"auto\">V n\u011bmeck\u00e9m ve\u0159ejnopr\u00e1vn\u00edm m\u00e9diu\u00a0<\/span><a href=\"https:\/\/www.ndr.de\/nachrichten\/niedersachsen\/weihnachtsmaerkte-millionen-fuer-neue-sicherheitsmassnahmen,weihnachtsmarkt-490.html\"><span dir=\"auto\">NDR<\/span><\/a><span dir=\"auto\">\u00a0p\u00ed\u0161\u00ed, \u017ee v mnoha m\u011bstech, v\u010detn\u011b n\u00e1sleduj\u00edc\u00edch, prudce rostou n\u00e1klady:<\/span><\/p>\n<h2 id=\"hanover\" class=\"rb-heading-index-0-153398 wp-block-heading\"><span dir=\"auto\">Hannover<\/span><\/h2>\n<p><span dir=\"auto\">\u201eNap\u0159\u00edklad se o\u010dek\u00e1v\u00e1, \u017ee bezpe\u010dnostn\u00ed koncept v\u00e1no\u010dn\u00edho trhu ve star\u00e9m m\u011bst\u011b [v Hannoveru] bude st\u00e1t p\u0159ibli\u017en\u011b o 530 000 eur v\u00edce ne\u017e loni. Tato vysok\u00e1 \u010d\u00e1stka je ur\u010dena na realizaci r\u016fzn\u00fdch opat\u0159en\u00ed k zaji\u0161t\u011bn\u00ed bezpe\u010dnosti n\u00e1v\u0161t\u011bvn\u00edk\u016f. Pen\u00edze poch\u00e1zej\u00ed ze souhrnn\u00e9ho rozpo\u010dtu hlavn\u00edho m\u011bsta zem\u011b, dodate\u010dn\u00e9 n\u00e1klady se neprom\u00edtaj\u00ed do poplatk\u016f za st\u00e1nky. M\u011bsto necht\u011blo z bezpe\u010dnostn\u00edch d\u016fvod\u016f p\u0159esn\u011b specifikovat, jak\u00e1 opat\u0159en\u00ed budou realizov\u00e1na,\u201c napsaly noviny.<\/span><\/p>\n<h2 id=\"dresden\" class=\"rb-heading-index-1-153398 wp-block-heading\"><span dir=\"auto\">Dr\u00e1\u017e\u010fany<\/span><\/h2>\n<p><span dir=\"auto\">Podle samostatn\u00e9 zpr\u00e1vy\u00a0<\/span><a href=\"https:\/\/www.mdr.de\/nachrichten\/sachsen\/dresden\/meissen\/weihnachtsmarkt-geoeffnet-sicherheit-terror-polizei-100.html\"><span dir=\"auto\">NDR<\/span><\/a><span dir=\"auto\">\u00a0Dr\u00e1\u017e\u010fany zakoupily 180 nov\u00fdch z\u00e1bran pro automobily v hodnot\u011b 1,9 milionu eur. M\u011bsto si tak\u00e9 pronaj\u00edm\u00e1 p\u0159epravn\u00ed kontejnery k blokov\u00e1n\u00ed p\u0159\u00edjezdov\u00fdch cest.<\/span><\/p>\n<h2 id=\"gottingen\" class=\"rb-heading-index-2-153398 wp-block-heading\"><span dir=\"auto\">G\u00f6ttingen<\/span><\/h2>\n<p><span dir=\"auto\">V G\u00f6ttingenu se nyn\u00ed vynakl\u00e1d\u00e1 dal\u0161\u00edch 400 000 eur na zabezpe\u010den\u00ed v\u00e1no\u010dn\u00edch trh\u016f dopravn\u00edmi z\u00e1branami a betonov\u00fdmi bloky. To se d\u011bje v dob\u011b, kdy m\u011bsto m\u00e1 rozpo\u010dtov\u00fd deficit ve v\u00fd\u0161i 100 milion\u016f eur. Autobusy, kter\u00e9 proj\u00ed\u017ed\u011bj\u00ed v bl\u00edzkosti v\u00e1no\u010dn\u00edch trh\u016f, jsou tak\u00e9 poprv\u00e9 p\u0159esm\u011brov\u00e1ny.<\/span><\/p>\n<h2 id=\"wolfsburg\" class=\"rb-heading-index-3-153398 wp-block-heading\"><span dir=\"auto\">Wolfsburg<\/span><\/h2>\n<p><span dir=\"auto\">Wolfsburg pl\u00e1nuje vynalo\u017eit t\u00e9m\u011b\u0159 milion eur na bezpe\u010dnostn\u00ed opat\u0159en\u00ed, v\u010detn\u011b 261 000 eur na p\u0159ejezdov\u00e9 z\u00e1vory. M\u011bsto tak\u00e9 zakoup\u00ed v\u00fdsuvn\u00e9 sloupky a \u201evysoce bezpe\u010dnostn\u00ed n\u00e1bytek\u201c, kter\u00fd bude instalov\u00e1n v nadch\u00e1zej\u00edc\u00edch letech za 938 000 eur.<\/span><\/p>\n<p><span dir=\"auto\">Mnoho slavn\u00fdch n\u011bmeck\u00fdch v\u00e1no\u010dn\u00edch trh\u016f, v\u010detn\u011b \u201eWinterwelt Potsdamer Platz Berlin\u201c a \u201eBerliner Weihnachtszeit\u201c, m\u00e1 nyn\u00ed masivn\u00ed betonov\u00e9 bari\u00e9ry a dokonce i kontroln\u00ed stanovi\u0161t\u011b u vchod\u016f.\u00a0<\/span><\/p>\n<p><span dir=\"auto\">V\u0161echna tato z\u00e1va\u017en\u00e1 bezpe\u010dnostn\u00ed opat\u0159en\u00ed stoj\u00ed pen\u00edze, plus kamerov\u00fd syst\u00e9m, bezpe\u010dnostn\u00ed hl\u00eddky a dal\u0161\u00ed bezpe\u010dnostn\u00ed postupy.<\/span><\/p>\n<p><span dir=\"auto\">Nav\u00edc takov\u00e1 bezpe\u010dnostn\u00ed opat\u0159en\u00ed nijak nep\u0159isp\u00edvaj\u00ed k \u201eslavnostn\u00ed atmosf\u00e9\u0159e\u201c, kter\u00e1 m\u00e1 definovat v\u00e1no\u010dn\u00ed trhy v N\u011bmecku.<\/span><\/p>\n<p><span dir=\"auto\">Podle den\u00edku \u201eRzeczpospolita\u201c n\u011bmeck\u00e9 ministerstvo vnitra uzn\u00e1v\u00e1, \u017ee bezpe\u010dnostn\u00ed obavy jsou pln\u011b opr\u00e1vn\u011bn\u00e9. Jako faktory zvy\u0161uj\u00edc\u00ed riziko poukazuje na velk\u00fd po\u010det n\u00e1v\u0161t\u011bvn\u00edk\u016f, centr\u00e1ln\u00ed um\u00edst\u011bn\u00ed a otev\u0159en\u00fd charakter veletrh\u016f. St\u00e1le v\u0161ak prob\u00edh\u00e1 debata o tom, kdo je nakonec zodpov\u011bdn\u00fd za n\u00e1klady.<\/span><\/p>\n<p><span dir=\"auto\">M\u00edstn\u00ed \u00fa\u0159ady vyz\u00fdvaj\u00ed spolkov\u00e9 zem\u011b, aby p\u0159evzaly \u010d\u00e1st t\u00e9to z\u00e1t\u011b\u017ee, s argumentem, \u017ee boj s terorismem je nad r\u00e1mec mo\u017enost\u00ed obc\u00ed.\u00a0<\/span><\/p>\n<p><span dir=\"auto\">Kancl\u00e9\u0159 Friedrich Merz prohl\u00e1sil, \u017ee spolkov\u00e1 vl\u00e1da nepl\u00e1nuje poskytnout dodate\u010dnou finan\u010dn\u00ed podporu a pouk\u00e1zal na to, \u017ee za bezpe\u010dnost je zodpov\u011bdn\u00e1 zemsk\u00e1 policie. Svaz n\u011bmeck\u00fdch m\u011bst a obc\u00ed varuje, \u017ee pokud nebudou poskytnuty dodate\u010dn\u00e9 finan\u010dn\u00ed prost\u0159edky, organiz\u00e1to\u0159i mohou b\u00fdt nuceni p\u0159en\u00e9st n\u00e1klady na n\u00e1v\u0161t\u011bvn\u00edky.<\/span><\/p>\n<p><span dir=\"auto\">N\u011bkter\u00e9 trhy se ji\u017e rozhodly vyb\u00edrat vstupn\u00e9, nap\u0159\u00edklad na Gendarmenmarktu, kde budou lid\u00e9 nyn\u00ed muset zaplatit vstupn\u00e9 ve v\u00fd\u0161i 2 eur.<\/span><\/p>\n<p><span dir=\"auto\">Mezit\u00edm server Remix News p\u0159ed n\u011bkolika t\u00fddny informoval, \u017ee\u00a0v Overathu v Severn\u00edm Por\u00fdn\u00ed-Vestf\u00e1lsku byl kv\u016fli sporu o to, kdo by m\u011bl n\u00e9st rostouc\u00ed n\u00e1klady na protiteroristick\u00e9 bezpe\u010dnostn\u00ed opat\u0159en\u00ed, zcela\u00a0<\/span><a href=\"https:\/\/rmx.news\/article\/first-christmas-market-in-germany-cancelled-amid-dispute-over-terrorism-protection-costs\/\"><span dir=\"auto\">zru\u0161en dal\u0161\u00ed v\u00e1no\u010dn\u00ed trh .<\/span><\/a><\/p>\n<p><img decoding=\"async\" loading=\"lazy\" class=\"alignnone size-full wp-image-1185\" src=\"http:\/\/www.infokuryr.cz\/n\/wp-content\/uploads\/2021\/04\/kuryr-podpis.png\" alt=\"\" width=\"84\" height=\"24\" \/><\/p>\n<p>&nbsp;<\/p>\n","protected":false},"excerpt":{"rendered":"<p>N\u011bmeck\u00e9 v\u00e1no\u010dn\u00ed trhy se st\u00e1vaj\u00ed mal\u00fdmi a velmi drah\u00fdmi policejn\u00edmi st\u00e1ty Pen\u00edze vynalo\u017een\u00e9 na organizaci&#8230;<\/p>\n","protected":false},"author":2,"featured_media":93179,"comment_status":"closed","ping_status":"closed","sticky":false,"template":"","format":"standard","meta":[],"categories":[7],"tags":[3281,2703,8345],"_links":{"self":[{"href":"https:\/\/www.infokuryr.cz\/n\/wp-json\/wp\/v2\/posts\/93178"}],"collection":[{"href":"https:\/\/www.infokuryr.cz\/n\/wp-json\/wp\/v2\/posts"}],"about":[{"href":"https:\/\/www.infokuryr.cz\/n\/wp-json\/wp\/v2\/types\/post"}],"author":[{"embeddable":true,"href":"https:\/\/www.infokuryr.cz\/n\/wp-json\/wp\/v2\/users\/2"}],"replies":[{"embeddable":true,"href":"https:\/\/www.infokuryr.cz\/n\/wp-json\/wp\/v2\/comments?post=93178"}],"version-history":[{"count":0,"href":"https:\/\/www.infokuryr.cz\/n\/wp-json\/wp\/v2\/posts\/93178\/revisions"}],"wp:featuredmedia":[{"embeddable":true,"href":"https:\/\/www.infokuryr.cz\/n\/wp-json\/wp\/v2\/media\/93179"}],"wp:attachment":[{"href":"https:\/\/www.infokuryr.cz\/n\/wp-json\/wp\/v2\/media?parent=93178"}],"wp:term":[{"taxonomy":"category","embeddable":true,"href":"https:\/\/www.infokuryr.cz\/n\/wp-json\/wp\/v2\/categories?post=93178"},{"taxonomy":"post_tag","embeddable":true,"href":"https:\/\/www.infokuryr.cz\/n\/wp-json\/wp\/v2\/tags?post=93178"}],"curies":[{"name":"wp","href":"https:\/\/api.w.org\/{rel}","templated":true}]}}