{"id":93176,"date":"2025-11-27T00:13:20","date_gmt":"2025-11-26T23:13:20","guid":{"rendered":"https:\/\/www.infokuryr.cz\/n\/?p=93176"},"modified":"2025-11-26T12:24:01","modified_gmt":"2025-11-26T11:24:01","slug":"zprava-z-nemeckych-medii-bude-v-roce-2026-vyhlasen-nouzovy-stav","status":"publish","type":"post","link":"https:\/\/www.infokuryr.cz\/n\/2025\/11\/27\/zprava-z-nemeckych-medii-bude-v-roce-2026-vyhlasen-nouzovy-stav\/","title":{"rendered":"Zpr\u00e1va z n\u011bmeck\u00fdch m\u00e9di\u00ed: Bude v roce 2026 vyhl\u00e1\u0161en \u201enouzov\u00fd stav\u201c?"},"content":{"rendered":"<div id=\"fb-root\"><\/div>\n<p><strong><span dir=\"auto\">N\u011bme\u010dt\u00ed novin\u00e1\u0159i spekuluj\u00ed o vyhl\u00e1\u0161en\u00ed tzv. \u201estavu nouze\u201c v roce 2026: \u00dadajn\u011b se na ja\u0159e konala d\u016fv\u011brn\u00e1 sch\u016fzka mezi Volkswagenem a jeho \u201enejlep\u0161\u00edmi prodejci\u201c, b\u011bhem n\u00ed\u017e se diskutovalo o p\u0159echodu na \u201ev\u00e1le\u010dnou ekonomiku\u201c od roku 2026. Shodou okolnost\u00ed se tak\u00e9 na ja\u0159e N\u011bmeck\u00e1 asociace bezpe\u010dnostn\u00edho a obrann\u00e9ho pr\u016fmyslu zab\u00fdvala uvoln\u011bn\u00edm zdroj\u016f v automobilov\u00e9m sektoru a odv\u011btv\u00ed automobilov\u00fdch dodavatel\u016f a nadnesla my\u0161lenku \u201eaut pro vyzbrojov\u00e1n\u00ed\u201c (\u00a0<\/span><a href=\"https:\/\/report24.news\/transformation-zur-kriegswirtschaft-deutsche-autoindustrie-soll-ruestungsindustrie-werden\/\"><span dir=\"auto\">informoval Report24<\/span><\/a><span dir=\"auto\">\u00a0). VW to pop\u00edr\u00e1.<\/span><\/strong><\/p>\n<p><span dir=\"auto\">Frankfurt nad Mohanem \/ Berl\u00edn.\u00a0<\/span><a href=\"https:\/\/multipolar-magazin.de\/meldungen\/0346\" target=\"_blank\" rel=\"noreferrer noopener\"><span dir=\"auto\">(multipol\u00e1rn\u00ed)<\/span><\/a><span dir=\"auto\">\u00a0Podle zpr\u00e1vy\u00a0\u00a0\u00a0v \u010dasopise \u201eOverton\u201c pl\u00e1nuje n\u011bmeck\u00e1 vl\u00e1da v roce 2026 vyhl\u00e1sit \u201enapjat\u00fd stav\u201c. Zpr\u00e1va tvrd\u00ed, \u017ee na ja\u0159e roku 2025 se ve Frankfurtu nad Mohanem konala \u201ed\u016fv\u011brn\u00e1 sch\u016fzka\u201c mezi skupinou Volkswagen (VW) a jej\u00edmi \u201enejv\u011bt\u0161\u00edmi prodejci\u201c, na kter\u00e9 bylo ozn\u00e1meno, \u017ee N\u011bmecko od roku 2026 p\u0159ejde na \u201ev\u00e1le\u010dn\u00e9 hospod\u00e1\u0159stv\u00ed\u201c. VW to pop\u00edr\u00e1.\u00a0\u00a0<\/span><a href=\"https:\/\/overton-magazin.de\/hintergrund\/wirtschaft\/spannungsfall-2026\/\"><span dir=\"auto\">Podle\u00a0<\/span><\/a><a href=\"https:\/\/www.bundestag.de\/resource\/blob\/948530\/ac7c2766a3c534557662fb641c669576\/WD-2-004-23-pdf.pdf\"><span dir=\"auto\">v\u00fdzkumn\u00e9<\/span><\/a><span dir=\"auto\">\u00a0\u00a0slu\u017eby n\u011bmeck\u00e9ho Spolkov\u00e9ho sn\u011bmu je napjat\u00fd stav \u201ep\u0159edb\u011b\u017enou f\u00e1z\u00ed\u201c stavu obrany a mimo jin\u00e9 by st\u00e1tu poskytl v\u011bt\u0161\u00ed p\u0159\u00edstup k soukrom\u00e9mu sektoru a pracovn\u00ed s\u00edle. Ta by mohla b\u00fdt nap\u0159\u00edklad odvedena do v\u00fdroby ve zbrojn\u00edm pr\u016fmyslu. Vyhl\u00e1\u0161en\u00ed napjat\u00e9ho stavu, zakotven\u00e9 v Z\u00e1kladn\u00edm z\u00e1kon\u011b od roku 1968, vy\u017eaduje dvout\u0159etinovou v\u011bt\u0161inu v Spolkov\u00e9m sn\u011bmu.<\/span><\/p>\n<p><span dir=\"auto\">Overtonova zpr\u00e1va cituje \u201et\u0159i nez\u00e1visl\u00e9 zdroje z r\u016fzn\u00fdch odv\u011btv\u00ed\u201c, \u201ev\u0161echny zmi\u0148uj\u00ed stejn\u00fd \u010dasov\u00fd r\u00e1mec, tedy rok 2026\u201c. Jedn\u00edm ze zdroj\u016f je \u201espolehliv\u00fd\u201c b\u00fdval\u00fd investigativn\u00ed novin\u00e1\u0159, kter\u00fd se \u00fadajn\u011b z\u00fa\u010dastnil intern\u00ed sch\u016fzky, na kter\u00e9 bylo uvedeno: \u201eOd roku 2026 N\u011bmecko p\u0159ejde na v\u00e1le\u010dnou ekonomiku.\u201c B\u00fdval\u00fd televizn\u00ed moder\u00e1tor ZDF Peter Hahne o tom informoval t\u00e9m\u011b\u0159 doslovn\u011b v rozhovoru\u00a0\u00a0<\/span><a href=\"https:\/\/www.youtube.com\/shorts\/bdk7GLlknAY\"><span dir=\"auto\">z<\/span><\/a><span dir=\"auto\"> 1. \u0159\u00edjna . I on uvedl, \u017ee odpov\u00eddaj\u00edc\u00ed informace obdr\u017eel ze t\u0159\u00ed nez\u00e1visl\u00fdch zdroj\u016f. Podle n\u011bj \u201eprofesor\u201c na tajn\u00e9 konferenci automobilky prohl\u00e1sil, \u017ee N\u011bmecko p\u0159ejde na v\u00e1le\u010dnou ekonomiku v roce 2026. Hahne v\u0161ak za\u010d\u00e1tkem \u0159\u00edjna uvedl, \u017ee intern\u00ed sch\u016fzka se konala pouze \u201ep\u0159ed t\u0159emi t\u00fddny\u201c. Hahne na dotaz Multipol\u00e1rn\u00ed organizace ohledn\u011b objasn\u011bn\u00ed nesrovnalosti v \u010dasov\u00e9m r\u00e1mci nereagoval.<\/span><\/p>\n<p><span dir=\"auto\">Spole\u010dnost Volkswagen v reakci na dotaz spole\u010dnosti Multipolar uvedla, \u017ee z principu neposkytuje informace o intern\u00edch ud\u00e1lostech ve spole\u010dnosti. \u201eKategoricky v\u0161ak odm\u00edt\u00e1me tvrzen\u00ed, \u017ee na v\u00fd\u0161e zm\u00edn\u011bn\u00e9 konferenci byl projedn\u00e1v\u00e1n tzv. \u201astav nouze\u2018 nebo p\u0159echod k v\u00e1le\u010dn\u00e9 ekonomice,\u201c prohl\u00e1sila mluv\u010d\u00ed. Takov\u00e1 tvrzen\u00ed jsou \u201ezcela neopodstatn\u011bn\u00e1\u201c. Spole\u010dnost Multipolar kontaktovala tak\u00e9 autora zpr\u00e1vy v \u010dasopise \u201eOverton Magazine\u201c, ale neobdr\u017eela \u017e\u00e1dnou odpov\u011b\u010f.<\/span><\/p>\n<p><span dir=\"auto\">Koncem z\u00e1\u0159\u00ed\u00a0\u00a0<\/span><a href=\"https:\/\/www.welt.de\/politik\/deutschland\/article68da9fef88300c7476b9b78a\/Wehrpflicht-CDU-Politiker-Kiesewetter-will-Spannungsfall-ausrufen-lassen.html\"><span dir=\"auto\">vyzval<\/span><\/a><span dir=\"auto\">\u00a0politik CDU Roderich Kiesewetter k vyhl\u00e1\u0161en\u00ed napjat\u00e9ho stavu v reakci na \u00fadajn\u00e9 naru\u0161en\u00ed vzdu\u0161n\u00e9ho prostoru Ruskem. Kancl\u00e9\u0159 Friedrich Merz (CDU) tento n\u00e1vrh kr\u00e1tce pot\u00e9 odm\u00edtl\u00a0\u00a0<\/span><a href=\"https:\/\/www.tagesspiegel.de\/politik\/bundesregierung-kabinett-in-klausur-ein-moderneres-land-und-andere-sorgen-14433245.html\"><span dir=\"auto\">.<\/span><\/a><span dir=\"auto\">\u00a0S\u00e1m Kiesewetter tak\u00e9\u00a0\u00a0<\/span><a href=\"https:\/\/deutsche-wirtschafts-nachrichten.de\/717717\/verteidigungspolitik-ausnahmesituation-spannungsfall-was-bedeutet-er-fuer-die-buerger-und-fuer-die-bundeswehr\"><span dir=\"auto\">prohl\u00e1sil<\/span><\/a><span dir=\"auto\">\u00a0, \u017ee takov\u00e9 vyhl\u00e1\u0161en\u00ed \u201enen\u00ed p\u0159edv\u00eddateln\u00e9\u201c. O napjat\u00e9m stavu se v\u0161ak hovo\u0159\u00ed v\u00a0\u00a0<\/span><a href=\"https:\/\/dserver.bundestag.de\/btd\/21\/018\/2101846.pdf\"><span dir=\"auto\">n\u00e1vrhu z\u00e1kona n\u011bmeck\u00e9 vl\u00e1dy \u201eo pos\u00edlen\u00ed vojensk\u00e9 bezpe\u010dnosti v Bundeswehru\u201c, kter\u00fd byl\u00a0<\/span><\/a><a href=\"https:\/\/www.bundestag.de\/dokumente\/textarchiv\/2025\/kw41-de-militaerische-sicherheit-1111812\"><span dir=\"auto\">projedn\u00e1n<\/span><\/a><span dir=\"auto\">\u00a0\u00a0v prvn\u00edm \u010dten\u00ed 9. \u0159\u00edjna\u00a0\u00a0 .<\/span><\/p>\n<p><span dir=\"auto\">Podle \u010dasopisu Overton se vyhl\u00e1\u0161en\u00ed \u201estavu nouze\u201c na konferenci VW nemus\u00ed omezit pouze na jednu korporaci. Musely by b\u00fdt zapojeny i dal\u0161\u00ed relevantn\u00ed sektory, jako je mobilita, elekt\u0159ina, komunikace, software, ve\u0159ejn\u00e9 slu\u017eby, chemik\u00e1lie, ocel a logistika. Spolupr\u00e1ce mezi civiln\u00edmi technologick\u00fdmi spole\u010dnostmi a obrann\u00fdm pr\u016fmyslem ji\u017e existuje. Na \u00farovni EU program financov\u00e1n\u00ed EDIP do roku 2027 vytv\u00e1\u0159\u00ed \u201eEvropskou obrannou technologickou a pr\u016fmyslovou z\u00e1kladnu\u201c. \u201eEvropa se transformuje z m\u00edrov\u00e9 ekonomiky na v\u00e1le\u010dnou,\u201c uzav\u00edr\u00e1 navazuj\u00edc\u00ed\u00a0\u00a0<\/span><a href=\"https:\/\/overton-magazin.de\/hintergrund\/wissenschaft\/edip-wie-die-eu-europa-zur-kriegswirtschaft-umbaut\/\"><span dir=\"auto\">\u010dl\u00e1nek<\/span><\/a><span dir=\"auto\">\u00a0\u00a0v \u010dasopise.<\/span><\/p>\n<p><span dir=\"auto\">Svaz n\u011bmeck\u00e9ho pr\u016fmyslu (BDI) se odm\u00edtl k ot\u00e1zce spole\u010dnosti Multipolar vyj\u00e1d\u0159it. Spole\u010dnost Multipolar cht\u011bla v\u011bd\u011bt, jak BDI hodnot\u00ed prohl\u00e1\u0161en\u00ed, \u017ee cel\u00fd n\u011bmeck\u00fd pr\u016fmysl byl informov\u00e1n o mo\u017en\u00e9m vyhl\u00e1\u0161en\u00ed stavu nouze v roce 2026. BDI byla d\u00e1le dot\u00e1z\u00e1na, zda jim spolkov\u00e1 vl\u00e1da nazna\u010dila, \u017ee by v roce 2026 mohl b\u00fdt vyhl\u00e1\u0161en stav nouze. \u201eD\u011bkujeme za v\u00e1\u0161 dotaz, na kter\u00fd bohu\u017eel nem\u016f\u017eeme odpov\u011bd\u011bt,\u201c uvedla tiskov\u00e1 kancel\u00e1\u0159. Tiskov\u00e1 kancel\u00e1\u0159 spolkov\u00e9 vl\u00e1dy, kter\u00e1 byla rovn\u011b\u017e kontaktov\u00e1na, do doby vyd\u00e1n\u00ed \u010dl\u00e1nku nereagovala. Podle z\u00e1stupc\u016f m\u00e9di\u00ed a podnik\u016f mnoho pr\u016fmyslov\u00fdch odv\u011btv\u00ed\u00a0\u00a0<\/span><a href=\"https:\/\/multipolar-magazin.de\/meldungen\/0209\"><span dir=\"auto\">vn\u00edm\u00e1<\/span><\/a><span dir=\"auto\">\u00a0\u00a0nahromad\u011bn\u00ed arm\u00e1dy jako cestu z dlouhodob\u00e9\u00a0\u00a0<\/span><a href=\"https:\/\/multipolar-magazin.de\/meldungen\/0300\"><span dir=\"auto\">hospod\u00e1\u0159sk\u00e9 krize<\/span><\/a><span dir=\"auto\">\u00a0. Ekonomov\u00e9 v\u0161ak\u00a0\u00a0<\/span><a href=\"https:\/\/multipolar-magazin.de\/meldungen\/0333\"><span dir=\"auto\">varuj\u00ed<\/span><\/a><span dir=\"auto\">\u00a0\u00a0p\u0159ed militarizac\u00ed jako ekonomickou \u201eslepou uli\u010dkou\u201c.<\/span><\/p>\n<p><em><span dir=\"auto\">\u010cl\u00e1nek je p\u0159evzat z <\/span><a href=\"https:\/\/multipolar-magazin.de\/meldungen\/0346\"><span dir=\"auto\">\u010dasopisu Multipolar<\/span><\/a><span dir=\"auto\">\u00a0<\/span><\/em><\/p>\n<p>&nbsp;<\/p>\n","protected":false},"excerpt":{"rendered":"<p>N\u011bme\u010dt\u00ed novin\u00e1\u0159i spekuluj\u00ed o vyhl\u00e1\u0161en\u00ed tzv. \u201estavu nouze\u201c v roce 2026: \u00dadajn\u011b se na ja\u0159e&#8230;<\/p>\n","protected":false},"author":2,"featured_media":93177,"comment_status":"closed","ping_status":"closed","sticky":false,"template":"","format":"standard","meta":[],"categories":[7],"tags":[158,84,1925],"_links":{"self":[{"href":"https:\/\/www.infokuryr.cz\/n\/wp-json\/wp\/v2\/posts\/93176"}],"collection":[{"href":"https:\/\/www.infokuryr.cz\/n\/wp-json\/wp\/v2\/posts"}],"about":[{"href":"https:\/\/www.infokuryr.cz\/n\/wp-json\/wp\/v2\/types\/post"}],"author":[{"embeddable":true,"href":"https:\/\/www.infokuryr.cz\/n\/wp-json\/wp\/v2\/users\/2"}],"replies":[{"embeddable":true,"href":"https:\/\/www.infokuryr.cz\/n\/wp-json\/wp\/v2\/comments?post=93176"}],"version-history":[{"count":0,"href":"https:\/\/www.infokuryr.cz\/n\/wp-json\/wp\/v2\/posts\/93176\/revisions"}],"wp:featuredmedia":[{"embeddable":true,"href":"https:\/\/www.infokuryr.cz\/n\/wp-json\/wp\/v2\/media\/93177"}],"wp:attachment":[{"href":"https:\/\/www.infokuryr.cz\/n\/wp-json\/wp\/v2\/media?parent=93176"}],"wp:term":[{"taxonomy":"category","embeddable":true,"href":"https:\/\/www.infokuryr.cz\/n\/wp-json\/wp\/v2\/categories?post=93176"},{"taxonomy":"post_tag","embeddable":true,"href":"https:\/\/www.infokuryr.cz\/n\/wp-json\/wp\/v2\/tags?post=93176"}],"curies":[{"name":"wp","href":"https:\/\/api.w.org\/{rel}","templated":true}]}}