{"id":93175,"date":"2025-11-27T00:12:55","date_gmt":"2025-11-26T23:12:55","guid":{"rendered":"https:\/\/www.infokuryr.cz\/n\/?p=93175"},"modified":"2025-11-26T12:19:34","modified_gmt":"2025-11-26T11:19:34","slug":"thomas-roper-jake-jsou-sance-trumpova-miroveho-planu","status":"publish","type":"post","link":"https:\/\/www.infokuryr.cz\/n\/2025\/11\/27\/thomas-roper-jake-jsou-sance-trumpova-miroveho-planu\/","title":{"rendered":"Thomas R\u00f6per: Jak\u00e9 jsou \u0161ance Trumpova m\u00edrov\u00e9ho pl\u00e1nu?"},"content":{"rendered":"<div id=\"fb-root\"><\/div>\n<p><strong><span dir=\"auto\">Od doby, kdy americk\u00fd prezident Trump minul\u00fd t\u00fdden p\u0159edstavil sv\u016fj m\u00edrov\u00fd pl\u00e1n pro Ukrajinu, se ud\u00e1losti rychle vyv\u00edjely. EU a Kyjev se proti pl\u00e1nu stav\u00ed a sna\u017e\u00ed se Trumpa p\u0159esv\u011bd\u010dit ke zm\u011bn\u00e1m. Jak\u00e1 je \u0161ance na rychl\u00fd m\u00edr?<\/span><\/strong><\/p>\n<p><a href=\"https:\/\/anti-spiegel.ru\/2025\/der-stressige-november-oder-wenn-ich-nicht-so-viel-schreiben-kann-wie-ich-eigentlich-will\/\"><span dir=\"auto\">U\u017e<\/span><\/a><span dir=\"auto\">\u00a0jsem zm\u00ednil\u00a0, \u017ee tento t\u00fdden nebudu m\u00edt skoro \u010das ps\u00e1t, proto\u017ee zase cestuji. To je opravdu \u0161koda, proto\u017ee tento t\u00fdden by mohl b\u00fdt rozhoduj\u00edc\u00ed v tom, jak bude v\u00e1lka na Ukrajin\u011b pokra\u010dovat a zda se brzy naskytne \u0161ance na m\u00edr.<\/span><\/p>\n<p><span dir=\"auto\">Norm\u00e1ln\u011b bych v takov\u00e9m t\u00fddnu pracoval ka\u017ed\u00fd den na no\u010dn\u00ed sm\u011bn\u011b, proto\u017ee informovat o pr\u016fb\u011bhu jedn\u00e1n\u00ed b\u011bhem dne je zbyte\u010dn\u00e9. V\u011bci se te\u010f m\u011bn\u00ed tak rychle, \u017ee jak\u00fdkoli \u010dl\u00e1nek napsan\u00fd p\u0159es den m\u016f\u017ee b\u00fdt \u010dasto zastaral\u00fd, ne\u017e je p\u0159ipraven k publikaci. Ps\u00e1t o tom m\u00e1 smysl jen v noci, kdy v\u0161ichni v Evrop\u011b sp\u00ed a v USA kon\u010d\u00ed pracovn\u00ed den. Pak m\u016f\u017eete napsat aktu\u00e1ln\u00ed shrnut\u00ed v\u00fdvoje, kter\u00e9 bude relevantn\u00ed i r\u00e1no, a\u017e se n\u011bme\u010dt\u00ed \u010dten\u00e1\u0159i probud\u00ed.<\/span><\/p>\n<p><span dir=\"auto\">Trump dal Ukrajin\u011b ultim\u00e1tum, aby do Dne d\u00edk\u016fvzd\u00e1n\u00ed, kter\u00e9 se slav\u00ed ve \u010dtvrtek 27. listopadu, dosp\u011bla k rozhodnut\u00ed. Evropan\u00e9 v sou\u010dasn\u00e9 dob\u011b d\u011blaj\u00ed v\u0161e pro to, aby Trump\u016fv m\u00edrov\u00fd pl\u00e1n zhatili, a zahrnuj\u00ed do n\u011bj podm\u00ednky, kter\u00e9 Rusko nevyhnuteln\u011b bude muset odm\u00edtnout. Zda se jim to poda\u0159\u00ed, se teprve uvid\u00ed.<\/span><\/p>\n<p><span dir=\"auto\">V dne\u0161n\u00ed dob\u011b se m\u011b mnoho lid\u00ed pt\u00e1, jak hodnot\u00edm \u0161ance na dosa\u017een\u00ed dohody, a moje odpov\u011b\u010f zn\u00ed: Nev\u00edm.<\/span><\/p>\n<p><span dir=\"auto\">V podstat\u011b se v\u0161e odv\u00edj\u00ed od dvou ot\u00e1zek. Zaprv\u00e9: Jak tvrdohlav\u00fd Trump setrv\u00e1 v kl\u00ed\u010dov\u00fdch bodech sv\u00e9ho m\u00edrov\u00e9ho pl\u00e1nu? Ot\u00e1zkou tedy je, zda v p\u0159\u00edpad\u011b, \u017ee Evropan\u00e9 jeho pl\u00e1n odm\u00edtnou, spln\u00ed svou hrozbu a nech\u00e1 je napospas Rusku, nebo zda op\u011bt ustoup\u00ed evropsk\u00fdm po\u017eadavk\u016fm a dovol\u00ed zm\u011bny sv\u00e9ho pl\u00e1nu, kter\u00e9 jsou pro Rusko nep\u0159ijateln\u00e9.<\/span><\/p>\n<p><span dir=\"auto\">To vede k druh\u00e9 ot\u00e1zce: Co ud\u011blaj\u00ed Evropan\u00e9, pokud Trump z\u016fstane neoblomn\u00fd? Budou se skute\u010dn\u011b postavit Rusku sami, nebo se vzdaj\u00ed a souhlas\u00ed s Trumpov\u00fdm pl\u00e1nem \u2013 mo\u017en\u00e1 v nad\u011bji, \u017ee ho pozd\u011bji budou moci sabotovat?<\/span><\/p>\n<p><span dir=\"auto\">Ka\u017ed\u00fd, kdo zn\u00e1 odpov\u011bdi na tyto dv\u011b ot\u00e1zky, m\u00e1 hrubou p\u0159edstavu o tom, co se stane s Trumpov\u00fdm m\u00edrov\u00fdm pl\u00e1nem a v\u00e1lkou proti Rusku. J\u00e1 ale v tuto chv\u00edli odpov\u011bdi nezn\u00e1m.<\/span><\/p>\n<p><span dir=\"auto\">V sou\u010dasn\u00e9 dob\u011b se objevuj\u00ed zpr\u00e1vy, \u017ee Ukrajina souhlasila s revidovan\u00fdm m\u00edrov\u00fdm pl\u00e1nem, ale existuj\u00ed tak\u00e9 zpr\u00e1vy, \u017ee n\u011bkter\u00e9 body z\u016fst\u00e1vaj\u00ed nevy\u0159e\u0161eny. Jin\u00fdmi slovy, nic nen\u00ed jist\u00e9, zejm\u00e9na proto, \u017ee podrobnosti o tom, kter\u00e9 body byly zm\u011bn\u011bny a jak a kter\u00e9 body jsou st\u00e1le sporn\u00e9, nejsou ve skute\u010dnosti zn\u00e1my a zpr\u00e1vy si n\u011bkdy proti\u0159e\u010d\u00ed.<\/span><\/p>\n<p><span dir=\"auto\">Chci zd\u016fraznit kl\u00ed\u010dov\u00e9 rozd\u00edly mezi Trumpov\u00fdm pl\u00e1nem a p\u0159edstavami Evropan\u016f. V p\u00e1tek, a\u017e budu moci pokra\u010dovat v \u201enorm\u00e1ln\u00ed pr\u00e1ci\u201c, bychom se mohli dozv\u011bd\u011bt, jak se v\u011bci vyvinou, proto\u017ee Trumpovo ultim\u00e1tum do t\u00e9 doby vypr\u0161\u00ed. Zelenskyj nav\u00edc douf\u00e1 v setk\u00e1n\u00ed s Trumpem do konce t\u00fddne, kter\u00e9 by mohlo b\u00fdt kl\u00ed\u010dov\u00e9 i v p\u0159\u00edpad\u011b, \u017ee Zelenskyj v B\u00edl\u00e9m dom\u011b znovu ztrat\u00ed nervy \u2013 jako se to stalo v b\u0159eznu.<\/span><\/p>\n<h3 class=\"wp-block-heading\"><span dir=\"auto\">R\u016fzn\u00e9 pl\u00e1ny<\/span><\/h3>\n<p><a href=\"https:\/\/anti-spiegel.ru\/2025\/die-28-punkte-von-trumps-ukraine-plan-im-wortlaut\/\"><span dir=\"auto\">Text Trumpova m\u00edrov\u00e9ho pl\u00e1nu<\/span><\/a><span dir=\"auto\">\u00a0jsem zve\u0159ejnil\u00a021. listopadu a n\u00e1sledn\u011b jsem napsal\u00a0<\/span><a href=\"https:\/\/anti-spiegel.ru\/2025\/was-trumps-friedensplan-fuer-die-ukraine-tatsaechlich-bedeutet\/\"><span dir=\"auto\">anal\u00fdzu,<\/span><\/a><span dir=\"auto\">\u00a0ve kter\u00e9 jsem vysv\u011btlil, co jednotliv\u00e9 body znamenaj\u00ed a co je pro ka\u017edou stranu p\u0159ijateln\u00e9 a pro\u010d.<\/span><\/p>\n<p><span dir=\"auto\">Na z\u00e1klad\u011b Trumpov\u00fdch 28 bod\u016f pak Velk\u00e1 Brit\u00e1nie, Francie a N\u011bmecko vypracovaly vlastn\u00ed pl\u00e1n, kter\u00fd\u00a0<\/span><a href=\"https:\/\/www.reuters.com\/business\/finance\/full-text-european-counter-proposal-us-ukraine-peace-plan-2025-11-23\/\"><span dir=\"auto\">zve\u0159ejnila agentura Reuters<\/span><\/a><span dir=\"auto\">\u00a0.<\/span><\/p>\n<p><span dir=\"auto\">Poj\u010fme se tedy pod\u00edvat na hlavn\u00ed rozd\u00edly mezi t\u011bmito dv\u011bma pl\u00e1ny.<\/span><\/p>\n<h3 class=\"wp-block-heading\"><span dir=\"auto\">\u010clenstv\u00ed v NATO<\/span><\/h3>\n<p><span dir=\"auto\">Snad nejd\u016fle\u017eit\u011bj\u0161\u00ed ot\u00e1zkou pro Rusko je vstup Ukrajiny do NATO. Vzhledem k tomu, \u017ee z\u00e1stupci NATO na za\u010d\u00e1tku roku 2022 nazna\u010dili, \u017ee k tomu dojde, c\u00edtilo se Rusko nuceno vojensky zabr\u00e1nit, proto\u017ee NATO ignorovalo rusk\u00e9 bezpe\u010dnostn\u00ed obavy a odm\u00edtlo s Ruskem o t\u00e9to z\u00e1le\u017eitosti jednat. Zd\u00e1 se, \u017ee Trump to pochopil, jak jasn\u011b uv\u00e1d\u00ed bod 3 jeho m\u00edrov\u00e9ho pl\u00e1nu:<\/span><\/p>\n<p><em><span dir=\"auto\">\u201eNATO by se nem\u011blo d\u00e1le roz\u0161i\u0159ovat a Rusko by se m\u011blo zav\u00e1zat k tomu, \u017ee na NATO nebude \u00fato\u010dit.\u201c<\/span><\/em><\/p>\n<p><span dir=\"auto\">Evropan\u00e9 vid\u00ed v\u011bci jinak, a proto nen\u00ed p\u0159ehnan\u00e9 \u0159\u00edci, \u017ee cht\u011bj\u00ed ve v\u00e1lce de facto pokra\u010dovat, jeliko\u017e se necht\u011bj\u00ed zab\u00fdvat hlavn\u00edm d\u016fvodem eskalace. Tento bod byl z jejich pl\u00e1nu vy\u0161krtnut a agentura Reuters o n\u011bm napsala:<\/span><\/p>\n<p><em><span dir=\"auto\">\u201eBod 3 americk\u00e9ho pl\u00e1nu se ru\u0161\u00ed. V n\u00e1vrhu tohoto pl\u00e1nu, kter\u00fd vid\u011bla agentura Reuters, se uv\u00e1d\u00ed: \u201aNeo\u010dek\u00e1v\u00e1 se, \u017ee Rusko invazi do sousedn\u00edch zem\u00ed a \u017ee se NATO d\u00e1le roz\u0161i\u0159uje.\u2018\u201c<\/span><\/em><\/p>\n<p><span dir=\"auto\">Bod 7 Trumpova pl\u00e1nu k tomuto t\u00e9matu d\u00e1le uv\u00e1d\u00ed:<\/span><\/p>\n<p><em><span dir=\"auto\">\u201eUkrajinsk\u00e1 \u00fastava stanov\u00ed, \u017ee se nep\u0159ipoj\u00ed k NATO. Stejn\u011b tak stanovy NATO uv\u00e1d\u011bj\u00ed, \u017ee se Ukrajina v budoucnu nestane \u010dlenem.\u201c<\/span><\/em><\/p>\n<p><span dir=\"auto\">Evropan\u00e9 s t\u00edm necht\u011bj\u00ed m\u00edt nic spole\u010dn\u00e9ho, \u200b\u200ba proto ve sv\u00e9m protin\u00e1vrhu p\u00ed\u0161\u00ed:<\/span><\/p>\n<p><em><span dir=\"auto\">\u201eVstup Ukrajiny do NATO z\u00e1vis\u00ed na konsensu \u010dlen\u016f NATO, kter\u00fd v sou\u010dasn\u00e9 dob\u011b neexistuje.\u201c<\/span><\/em><\/p>\n<p><span dir=\"auto\">Pokud Evropan\u00e9 v ot\u00e1zce \u010dlenstv\u00ed Ukrajiny v NATO zv\u00edt\u011bz\u00ed, Trump\u016fv m\u00edrov\u00fd pl\u00e1n je pravd\u011bpodobn\u011b mrtv\u00fd.<\/span><\/p>\n<h3 class=\"wp-block-heading\"><span dir=\"auto\">S\u00edla ukrajinsk\u00fdch voj\u00e1k\u016f<\/span><\/h3>\n<p><span dir=\"auto\">Rusko uvedlo demilitarizaci Ukrajiny jako jeden z c\u00edl\u016f sv\u00e9 vojensk\u00e9 operace. Bod 6 Trumpova m\u00edrov\u00e9ho pl\u00e1nu v\u0161ak po\u017eaduje pouze relativn\u011b mal\u00fd stupe\u0148 ukrajinsk\u00e9ho odzbrojen\u00ed.<\/span><\/p>\n<p><em><span dir=\"auto\">\u201eVelikost ukrajinsk\u00fdch ozbrojen\u00fdch sil bude omezena na 600 000 voj\u00e1k\u016f.\u201c<\/span><\/em><\/p>\n<p><span dir=\"auto\">I tento limit je pro EU p\u0159\u00edli\u0161 n\u00edzk\u00fd. M\u00edsto toho po\u017eaduje:<\/span><\/p>\n<p><em><span dir=\"auto\">\u201eVelikost ukrajinsk\u00e9 arm\u00e1dy bude v dob\u011b m\u00edru omezena na 800 000 voj\u00e1k\u016f.\u201c<\/span><\/em><\/p>\n<p><span dir=\"auto\">Omezen\u00ed \u201ev dob\u011b m\u00edru\u201c je mezerou v legislativ\u011b, proto\u017ee Ukrajina si m\u016f\u017ee sama rozhodnout, kdy zru\u0161\u00ed stann\u00e9 pr\u00e1vo. Tento bod tedy znamen\u00e1, \u017ee Evropan\u00e9 zpo\u010d\u00e1tku odm\u00edtaj\u00ed jak\u00e9koli omezen\u00ed ukrajinsk\u00fdch ozbrojen\u00fdch sil.<\/span><\/p>\n<p><span dir=\"auto\">Krom\u011b toho je d\u016fle\u017eit\u00e9 v\u011bd\u011bt, \u017ee Ukrajina m\u00e1 ofici\u00e1ln\u011b 40 milion\u016f obyvatel. Podle odhad\u016f v\u0161ak po migraci zp\u016fsoben\u00e9 chudobou, kter\u00e1 za\u010dala v roce 2014, a po masov\u00e9m exodu po vypuknut\u00ed v\u00e1lky, v\u010detn\u011b t\u011bch, kte\u0159\u00ed padli v boji, m\u00e1 nyn\u00ed pravd\u011bpodobn\u011b jen kolem 20 milion\u016f obyvatel.<\/span><\/p>\n<p><span dir=\"auto\">Oba po\u017eadavky jsou tedy nere\u00e1ln\u00e9, proto\u017ee v p\u0159epo\u010dtu na obyvatele by to bylo, jako by n\u011bmeck\u00e1 arm\u00e1da m\u011bla 2,4 a\u017e 3,2 milionu voj\u00e1k\u016f. \u017d\u00e1dn\u00e1 zem\u011b na sv\u011bt\u011b nem\u016f\u017ee financovat tak velkou arm\u00e1du v pom\u011bru ke sv\u00e9 populaci a Ukrajina je stejn\u011b v bankrotu. To vyvol\u00e1v\u00e1 ot\u00e1zku, kdo m\u00e1 zaplatit odhadovan\u00fdch sto miliard dolar\u016f, kter\u00e9 Ukrajina pot\u0159ebuje na udr\u017eov\u00e1n\u00ed takov\u00e9 arm\u00e1dy.<\/span><\/p>\n<p><span dir=\"auto\">Ukrajina nav\u00edc pot\u0159ebuje ve\u0161kerou mo\u017enou pomoc k obnov\u011b sv\u00e9 ekonomiky po v\u00e1lce, pokud se m\u00e1 zem\u011b n\u011bkdy ekonomicky a finan\u010dn\u011b zotavit. A voj\u00e1ci nejsou pro ekonomiku k dispozici; m\u00edsto toho stoj\u00ed da\u0148ov\u00e9 poplatn\u00edky pen\u00edze.<\/span><\/p>\n<h3 class=\"wp-block-heading\"><span dir=\"auto\">Bezpe\u010dnostn\u00ed z\u00e1ruky<\/span><\/h3>\n<p><span dir=\"auto\">Evropan\u00e9 cht\u011bj\u00ed po p\u0159\u00edm\u011b\u0159\u00ed vyslat na Ukrajinu voj\u00e1ky, co\u017e Rusko odm\u00edt\u00e1 jako absolutn\u011b nep\u0159ijateln\u00e9, proto\u017ee by to de facto znamenalo \u010dlenstv\u00ed v NATO zadn\u00edmi vr\u00e1tky. Bod 8 Trumpova pl\u00e1nu uv\u00e1d\u00ed toto:<\/span><\/p>\n<p><em><span dir=\"auto\">NATO prohl\u00e1silo, \u017ee je ochotno neumis\u0165ovat na Ukrajin\u011b \u017e\u00e1dn\u00e9 voj\u00e1ky.<\/span><\/em><\/p>\n<p><span dir=\"auto\">Evropan\u00e9 naopak p\u00ed\u0161\u00ed:<\/span><\/p>\n<p><em><span dir=\"auto\">NATO prohla\u0161uje, \u017ee je p\u0159ipraveno v dob\u011b m\u00edru trvale neumis\u0165ovat na Ukrajin\u011b jednotky pod sv\u00fdm velen\u00edm.<\/span><\/em><\/p>\n<p><span dir=\"auto\">I zde pojem \u201em\u00edrov\u00e1 doba\u201c zanech\u00e1v\u00e1 mezery v z\u00e1kon\u011b, proto\u017ee dokud nedojde k dosa\u017een\u00ed kone\u010dn\u00e9 m\u00edrov\u00e9 dohody, Kyjev a Brusel mohou argumentovat, \u017ee se nejedn\u00e1 o \u201em\u00edrovou\u201c dobu, a poslat na Ukrajinu vojska ihned po zah\u00e1jen\u00ed p\u0159\u00edm\u011b\u0159\u00ed. Rusko to v\u0161ak nep\u0159ijme.<\/span><\/p>\n<p><span dir=\"auto\">Slovo \u201etrval\u00fd\u201c je tak\u00e9 problematick\u00e9, proto\u017ee nap\u0159\u00edklad Zakl\u00e1daj\u00edc\u00ed akt NATO-Rusko z roku 1997 zakazuje trval\u00e9 rozm\u00edst\u011bn\u00ed vojsk NATO v nov\u00fdch v\u00fdchodoevropsk\u00fdch \u010dlensk\u00fdch st\u00e1tech. NATO tento z\u00e1kaz obe\u0161lo t\u00edm, \u017ee od roku 2014 za\u010dalo trvale rozmis\u0165ovat vojska v pobaltsk\u00fdch st\u00e1tech a dal\u0161\u00edch v\u00fdchodoevropsk\u00fdch zem\u00edch, ale tyto jednotky rotovalo. To znamenalo, \u017ee de iure se nejednalo o \u201etrval\u00e9\u201c um\u00edst\u011bn\u00ed, proto\u017ee p\u0159\u00edslu\u0161n\u00e9 jednotky byly v t\u011bchto zem\u00edch p\u0159\u00edtomny pouze do\u010dasn\u011b, p\u0159esto\u017ee NATO udr\u017eovalo nep\u0159etr\u017eitou p\u0159\u00edtomnost. Rusko na tento trik ur\u010dit\u011b podruh\u00e9 nenalet\u00ed.<\/span><\/p>\n<p><span dir=\"auto\">Pokud jde o bezpe\u010dnostn\u00ed z\u00e1ruky pro samotnou Ukrajinu, bod 10 Trumpovy dohody uv\u00e1d\u00ed:<\/span><\/p>\n<p><em><span dir=\"auto\">\u201eUSA dost\u00e1vaj\u00ed kompenzaci za bezpe\u010dnostn\u00ed z\u00e1ruky. Pokud Ukrajina za\u00fato\u010d\u00ed na Rusko, tyto z\u00e1ruky pozb\u00fdvaj\u00ed platnosti. Pokud Rusko za\u00fato\u010d\u00ed na Ukrajinu, budou obnoveny v\u0161echny sankce a Moskva ztrat\u00ed v\u0161echna privilegia vypl\u00fdvaj\u00edc\u00ed z m\u00edrov\u00e9 dohody.\u201c<\/span><\/em><\/p>\n<p><span dir=\"auto\">Evropan\u00e9 zde tak\u00e9 pou\u017e\u00edvaj\u00ed triky, proto\u017ee bod 10 jejich protin\u00e1vrhu zn\u00ed:<\/span><\/p>\n<p><em><span dir=\"auto\">\u201eZ\u00e1ruka USA odpov\u00eddaj\u00edc\u00ed \u010dl\u00e1nku 5:<\/span><\/em><br \/>\n<em><span dir=\"auto\">a. USA obdr\u017e\u00ed kompenzaci za z\u00e1ruku.<\/span><\/em><br \/>\n<em><span dir=\"auto\">b. Pokud Ukrajina napadne Rusko, z\u00e1ruku ztrat\u00ed.<\/span><\/em><br \/>\n<em><span dir=\"auto\">c. Pokud Rusko napadne Ukrajinu, budou krom\u011b robustn\u00ed a koordinovan\u00e9 vojensk\u00e9 reakce obnoveny v\u0161echny glob\u00e1ln\u00ed sankce a jak\u00e9koli uzn\u00e1n\u00ed nov\u00e9ho \u00fazem\u00ed, jako\u017e i v\u0161echny dal\u0161\u00ed v\u00fdhody plynouc\u00ed z t\u00e9to dohody, budou odvol\u00e1ny.\u201c<\/span><\/em><\/p>\n<p><span dir=\"auto\">I zde jsou kl\u00ed\u010dov\u00e9 nuance formulace, proto\u017ee Ukrajina by mohla za\u00fato\u010dit na Rusko, ani\u017e by provedla \u201einvazi\u201c. Ukrajina by mohla znovu odp\u00e1lit drony na Rusko nebo nov\u011b z\u00edskan\u00e1 rusk\u00e1 (d\u0159\u00edve ukrajinsk\u00e1) \u00fazem\u00ed, nebo, jak se to stalo na Donbasu od roku 2014, opakovan\u011b zahajovat d\u011blost\u0159eleck\u00e9 \u00fatoky, ani\u017e by to bylo pova\u017eov\u00e1no za \u201einvazi\u201c.<\/span><\/p>\n<p><span dir=\"auto\">Podle Trumpova pl\u00e1nu by Ukrajina v takov\u00e9m p\u0159\u00edpad\u011b ztratila sv\u00e9 bezpe\u010dnostn\u00ed z\u00e1ruky, zat\u00edmco podle evropsk\u00e9ho pl\u00e1nu nikoli. Evropsk\u00fd pl\u00e1n by tak v podstat\u011b znamenal v\u00fdzvu pro Kyjev, aby i p\u0159es p\u0159\u00edm\u011b\u0159\u00ed pokra\u010doval v ost\u0159elov\u00e1n\u00ed Ruska.<\/span><\/p>\n<h3 class=\"wp-block-heading\"><span dir=\"auto\">Oblasti<\/span><\/h3>\n<p><span dir=\"auto\">Pokud jde o \u00fazemn\u00ed spor, body 21 a 22 Trumpova pl\u00e1nu uv\u00e1d\u011bj\u00ed:<\/span><\/p>\n<p><em><span dir=\"auto\">\u201e\u00dazem\u00ed: Krymsk\u00fd poloostrov a Don\u011bck\u00e1 a Luhansk\u00e1 oblast na v\u00fdchod\u011b Ukrajiny budou de facto uzn\u00e1ny za rusk\u00e9 \u00fazem\u00ed. Dv\u011b oblasti, Chersonsk\u00e1 a Z\u00e1poro\u017esk\u00e1, na jihu Ukrajiny, kter\u00e9 jsou \u010d\u00e1ste\u010dn\u011b kontrolov\u00e1ny Ruskem, budou rozd\u011bleny pod\u00e9l sou\u010dasn\u00e9 frontov\u00e9 linie. Ukrajina se st\u00e1hne z \u010d\u00e1st\u00ed Don\u011bcku, kter\u00e9 st\u00e1le kontroluje. Bude tam z\u0159\u00edzena demilitarizovan\u00e1 n\u00e1razn\u00edkov\u00e1 z\u00f3na a tyto oblasti budou uzn\u00e1ny za rusk\u00e9 \u00fazem\u00ed.<\/span><\/em><br \/>\n<em><span dir=\"auto\">Rusko se vzd\u00e1 jak\u00fdchkoli dal\u0161\u00edch \u00fazemn\u00edch n\u00e1rok\u016f. \u00dazemn\u00ed ot\u00e1zky mus\u00ed b\u00fdt vy\u0159e\u0161eny m\u00edrovou cestou; jinak budou v\u0161echny bezpe\u010dnostn\u00ed z\u00e1ruky neplatn\u00e9.\u201c<\/span><\/em><\/p>\n<p><span dir=\"auto\">Evropan\u00e9 tak\u00e9 vid\u00ed v\u011bci jinak a k t\u011bmto dv\u011bma bod\u016fm p\u00ed\u0161\u00ed n\u00e1sleduj\u00edc\u00ed:<\/span><\/p>\n<p><em><span dir=\"auto\">\u201e\u00dazem\u00ed: Ukrajina se zavazuje, \u017ee nebude znovu z\u00edsk\u00e1vat sv\u00e1 okupovan\u00e1 \u00fazem\u00ed vojensk\u00fdmi prost\u0159edky. Jedn\u00e1n\u00ed o v\u00fdm\u011bn\u011b \u00fazem\u00ed za\u010dnou na kontaktn\u00ed linii.<\/span><\/em><br \/>\n<em><span dir=\"auto\">Jakmile bude dosa\u017eeno budouc\u00edch \u00fazemn\u00edch dohod, Rusk\u00e1 federace i Ukrajina se zavazuj\u00ed, \u017ee tyto dohody nebudou m\u011bnit silou. V p\u0159\u00edpad\u011b poru\u0161en\u00ed tohoto z\u00e1vazku se bezpe\u010dnostn\u00ed z\u00e1ruky nebudou uplat\u0148ovat.\u201c<\/span><\/em><\/p>\n<p><span dir=\"auto\">Stejn\u011b jako v p\u0159\u00edpad\u011b \u010dlenstv\u00ed v NATO cht\u011bj\u00ed Evropan\u00e9 konflikt pouze zmrazit, nikoli vy\u0159e\u0161it. Proto odkl\u00e1daj\u00ed jak\u00e1koli jedn\u00e1n\u00ed o \u00fazemn\u00ed ot\u00e1zce na neur\u010dito, zat\u00edmco Rusko si kone\u010dn\u00e9 a trval\u00e9 \u0159e\u0161en\u00ed klade za podm\u00ednku.<\/span><\/p>\n<h3 class=\"wp-block-heading\"><span dir=\"auto\">Sm\u00ed\u0159en\u00ed<\/span><\/h3>\n<p><span dir=\"auto\">Trump\u016fv pl\u00e1n zahrnuje i opat\u0159en\u00ed k usm\u00ed\u0159en\u00ed mezi Ruskem a Ukrajinou, jak uv\u00e1d\u00ed bod 20:<\/span><\/p>\n<p><em><span dir=\"auto\">\u201eOb\u011b zem\u011b se zavazuj\u00ed k realizaci vzd\u011bl\u00e1vac\u00edch program\u016f pro vz\u00e1jemnou toleranci a porozum\u011bn\u00ed. Ukrajina zaru\u010duje jazykov\u00e1 a n\u00e1bo\u017eensk\u00e1 pr\u00e1va men\u0161in v souladu se standardy EU.\u201c<\/span><\/em><\/p>\n<p><span dir=\"auto\">Rusko s t\u00edm nem\u00e1 probl\u00e9m, proto\u017ee i na Krymu a v nov\u00fdch rusk\u00fdch \u00fazem\u00edch Z\u00e1poro\u017e\u00ed a Cherson je ukrajin\u0161tina samoz\u0159ejm\u011b \u00fa\u0159edn\u00edm jazykem a ve \u0161kol\u00e1ch se vyu\u010duje na dobrovoln\u00e9 b\u00e1zi.<\/span><\/p>\n<p><span dir=\"auto\">Jin\u00e1 situace je na Ukrajin\u011b, kde je pou\u017e\u00edv\u00e1n\u00ed ru\u0161tiny zak\u00e1z\u00e1no dokonce i na \u0161koln\u00edch dvorech, kde se ve \u0161kol\u00e1ch vyu\u010duje nen\u00e1vist ke v\u0161emu rusk\u00e9mu a ru\u0161tina je prakticky zak\u00e1z\u00e1na na ve\u0159ejnosti, a\u010dkoli na v\u00fdchod\u011b Ukrajiny \u017eij\u00ed miliony etnick\u00fdch Rus\u016f.<\/span><\/p>\n<p><span dir=\"auto\">EU chce tuto diskriminaci zachovat a v bod\u011b 20 uv\u00e1d\u00ed:<\/span><\/p>\n<p><em><span dir=\"auto\">\u201eUkrajina p\u0159ijme p\u0159edpisy EU o n\u00e1bo\u017eensk\u00e9 toleranci a ochran\u011b jazykov\u00fdch men\u0161in.\u201c<\/span><\/em><\/p>\n<p><span dir=\"auto\">Na\u0159\u00edzen\u00ed EU v\u0161ak nestoj\u00ed ani za pap\u00edr, na kter\u00e9m jsou naps\u00e1na, proto\u017ee etni\u010dt\u00ed Rusov\u00e9 v pobaltsk\u00fdch st\u00e1tech jsou diskriminov\u00e1ni stejn\u011b jako na Ukrajin\u011b. Tam jsou podle z\u00e1kona ob\u010dany druh\u00e9 kategorie,\u00a0<\/span><a href=\"https:\/\/web.archive.org\/web\/20250129082136\/https:\/\/anti-spiegel.ru\/2024\/der-spiegel-verteidigt-das-lettische-rassengesetz\/\"><span dir=\"auto\">takzvan\u00fdmi \u201eneob\u010dany\u201c<\/span><\/a><span dir=\"auto\">\u00a0.<\/span><\/p>\n<p><span dir=\"auto\">Bod 26 Trumpova pl\u00e1nu se tak\u00e9 t\u00fdk\u00e1 usm\u00ed\u0159en\u00ed:<\/span><\/p>\n<p><em><span dir=\"auto\">\u201eV\u0161echny strany zapojen\u00e9 do tohoto konfliktu obdr\u017e\u00ed plnou amnestii.\u201c<\/span><\/em><\/p>\n<p><span dir=\"auto\">V\u0161eobecn\u00e1 amnestie je obzvl\u00e1\u0161t\u011b d\u016fle\u017eit\u00e1, proto\u017ee proces usm\u00ed\u0159en\u00ed m\u016f\u017ee b\u00fdt \u00fasp\u011b\u0161n\u00fd pouze tehdy, kdy\u017e se za\u010dneme zbavovat star\u00fdch ran. Ob\u011btem v\u00e1le\u010dn\u00fdch zlo\u010din\u016f se m\u016f\u017ee zd\u00e1t jako do o\u010d\u00ed bij\u00edc\u00ed nespravedlnost, \u017ee v\u00e1le\u010dn\u00ed zlo\u010dinci z\u016fst\u00e1vaj\u00ed nepotrest\u00e1ni, ale s ohledem do budoucna je to jedin\u00fd sch\u016fdn\u00fd zp\u016fsob, jak se vyhnout vytv\u00e1\u0159en\u00ed nov\u00e9 z\u00e1\u0161ti.<\/span><\/p>\n<p><span dir=\"auto\">Ale ani to Evropan\u00e9 necht\u011bj\u00ed, proto\u017ee se o amnestii ani nezmi\u0148uj\u00ed; m\u00edsto toho v bod\u011b 26 p\u00ed\u0161\u00ed:<\/span><\/p>\n<p><em><span dir=\"auto\">\u201eJsou p\u0159ij\u00edm\u00e1na opat\u0159en\u00ed ke zm\u00edrn\u011bn\u00ed utrpen\u00ed ob\u011bt\u00ed konfliktu.\u201c<\/span><\/em><\/p>\n<p><span dir=\"auto\">Evropan\u00e9 t\u00edm jasn\u011b mysl\u00ed, \u017ee hodlaj\u00ed pokra\u010dovat ve sv\u00e9m pl\u00e1nu na evropsk\u00fd tribun\u00e1l proti Rusku, \u201eaby zm\u00edrnili utrpen\u00ed ob\u011bt\u00ed konfliktu\u201c trest\u00e1n\u00edm \u00fadajn\u00fdch rusk\u00fdch v\u00e1le\u010dn\u00fdch zlo\u010dinc\u016f v monstr\u00f3zn\u00edch procesech. To rozhodn\u011b nep\u0159isp\u00edv\u00e1 k m\u00edru a usm\u00ed\u0159en\u00ed, ale jen d\u00e1le rozdm\u00fdch\u00e1v\u00e1 nen\u00e1vist.<\/span><\/p>\n<h3 class=\"wp-block-heading\"><span dir=\"auto\">Vybrat<\/span><\/h3>\n<p><span dir=\"auto\">Bod 25 Trumpova pl\u00e1nu zn\u00ed:<\/span><\/p>\n<p><em><span dir=\"auto\">\u201eVolby se na Ukrajin\u011b budou konat 100 dn\u00ed po podpisu dohody.\u201c<\/span><\/em><\/p>\n<p><span dir=\"auto\">P\u0159esto\u017ee Zelensk\u00e9ho popularita na Ukrajin\u011b kles\u00e1 a po odhalen\u00ed sou\u010dasn\u00e9ho korup\u010dn\u00edho skand\u00e1lu je pod 20 procenty, Evropan\u00e9 s po\u0159\u00e1d\u00e1n\u00edm demokratick\u00fdch voleb na Ukrajin\u011b nijak nesp\u011bchaj\u00ed a p\u00ed\u0161\u00ed:<\/span><\/p>\n<p><em><span dir=\"auto\">\u201eUkrajina uspo\u0159\u00e1d\u00e1 volby co nejd\u0159\u00edve po podpisu m\u00edrov\u00e9 dohody.\u201c<\/span><\/em><\/p>\n<p><span dir=\"auto\">To je formulov\u00e1no v\u00edce ne\u017e v\u00e1gn\u011b, zejm\u00e9na proto, \u017ee volby jsou kl\u00ed\u010dov\u00e9 pro to, aby nezpochybniteln\u011b legitimn\u00ed ukrajinsk\u00e1 vl\u00e1da mohla schv\u00e1lit m\u00edrov\u00fd pl\u00e1n a zah\u00e1jit jeho realizaci. Jak je dob\u0159e zn\u00e1mo, Zelensk\u00e9ho funk\u010dn\u00ed obdob\u00ed vypr\u0161elo p\u0159ed rokem a p\u016fl a\u00a0<\/span><a href=\"https:\/\/web.archive.org\/web\/20250330141112\/https:\/\/anti-spiegel.ru\/2025\/warum-behauptet-der-anti-spiegel-selensky-sei-nicht-mehr-legitimer-praesident-der-ukraine\/\"><span dir=\"auto\">podle ukrajinsk\u00e9 \u00fastavy<\/span><\/a><span dir=\"auto\">\u00a0ji\u017e nen\u00ed legitimn\u00edm prezidentem zem\u011b. Nov\u00e1 ukrajinsk\u00e1 vl\u00e1da, zvolen\u00e1 na \u017e\u00e1dost Evropan\u016f se zna\u010dnou prodlevou, by proto mohla jednodu\u0161e prohl\u00e1sit v\u0161echny dohody, kter\u00e9 Zelensk\u00fd s Ruskem podepsal, za neplatn\u00e9.<\/span><\/p>\n<h3 class=\"wp-block-heading\"><span dir=\"auto\">Rekonstrukce<\/span><\/h3>\n<p><span dir=\"auto\">Trump a Evropan\u00e9 maj\u00ed tak\u00e9 ost\u0159e odli\u0161n\u00e9 n\u00e1zory na rekonstrukci Ukrajiny. Trump ve sv\u00e9m pl\u00e1nu v bod\u011b 12 napsal toto:<\/span><\/p>\n<p><em><span dir=\"auto\">\u201eBude z\u0159\u00edzen mezin\u00e1rodn\u00ed fond pro rekonstrukci zni\u010den\u00fdch m\u011bst a region\u016f a pro rozvoj ukrajinsk\u00e9 infrastruktury. USA tak\u00e9 pomohou s roz\u0161\u00ed\u0159en\u00edm ukrajinsk\u00e9ho plyn\u00e1rensk\u00e9ho pr\u016fmyslu.\u201c<\/span><\/em><\/p>\n<p><span dir=\"auto\">Evropan\u00e9 jsou podrobn\u011bj\u0161\u00ed a p\u00ed\u0161\u00ed:<\/span><\/p>\n<p><em><span dir=\"auto\">\u201eRozumn\u00fd bal\u00ed\u010dek glob\u00e1ln\u00ed obnovy pro Ukrajinu, kter\u00fd zahrnuje mimo jin\u00e9:<\/span><\/em><br \/>\n<em><span dir=\"auto\">a. Z\u0159\u00edzen\u00ed Ukrajinsk\u00e9ho rozvojov\u00e9ho fondu pro investice do rychle rostouc\u00edch odv\u011btv\u00ed, jako jsou technologie, datov\u00e1 centra a projekty um\u011bl\u00e9 inteligence.<\/span><\/em><br \/>\n<em><span dir=\"auto\">b. Spojen\u00e9 st\u00e1ty budou s Ukrajinou spolupracovat na spole\u010dn\u00e9 obnov\u011b, roz\u0161\u00ed\u0159en\u00ed, modernizaci a provozu ukrajinsk\u00e9 plyn\u00e1rensk\u00e9 infrastruktury, v\u010detn\u011b jej\u00edch plynovod\u016f a z\u00e1sobn\u00edk\u016f plynu.<\/span><\/em><br \/>\n<em><span dir=\"auto\">c. Spole\u010dn\u00e9 \u00fasil\u00ed o obnovu v\u00e1lkou zni\u010den\u00fdch oblast\u00ed s c\u00edlem obnovit, rehabilitovat a modernizovat m\u011bsta a obytn\u00e9 oblasti.<\/span><\/em><br \/>\n<em><span dir=\"auto\">d. Rozvoj infrastruktury.<\/span><\/em><br \/>\n<em><span dir=\"auto\">e. T\u011b\u017eba nerost\u016f a p\u0159\u00edrodn\u00edch zdroj\u016f.<\/span><\/em><br \/>\n<em><span dir=\"auto\">f. Sv\u011btov\u00e1 banka poskytne specializovan\u00fd finan\u010dn\u00ed bal\u00ed\u010dek na finan\u010dn\u00ed podporu tohoto \u00fasil\u00ed.\u201c<\/span><\/em><\/p>\n<p><span dir=\"auto\">Nejd\u016fle\u017eit\u011bj\u0161\u00ed rozd\u00edly vypl\u00fdvaj\u00edc\u00ed z t\u011bchto formulac\u00ed spo\u010d\u00edvaj\u00ed v tom, \u017ee Trump chce \u010d\u00e1st rusk\u00fdch aktiv zmrazen\u00fdch v EU pou\u017e\u00edt na rekonstrukci a \u010d\u00e1st vr\u00e1tit Rusku. EU si v\u0161ak chce finan\u010dn\u00ed prost\u0159edky ponechat a nechat je m\u00edsto toho uhradit Sv\u011btov\u00e1 banka.<\/span><\/p>\n<p><span dir=\"auto\">Druh\u00fdm d\u016fle\u017eit\u00fdm bodem je, \u017ee se Evropan\u00e9 sna\u017e\u00ed z\u00edskat zadn\u00edmi vr\u00e1tky p\u0159\u00edstup k ukrajinsk\u00fdm nerostn\u00fdm zdroj\u016fm, kter\u00e9 Trump p\u0159ed n\u011bkolika m\u011bs\u00edci smluvn\u011b zaru\u010dil USA.<\/span><\/p>\n<p><span dir=\"auto\">Rozd\u00edly v n\u00e1zorech se je\u0161t\u011b v\u00edce prohlubuj\u00ed, pokud jde o ot\u00e1zku financov\u00e1n\u00ed obnovy Ukrajiny. Bod 14 Trumpova pl\u00e1nu uv\u00e1d\u00ed:<\/span><\/p>\n<p><em><span dir=\"auto\">\u201e100 miliard americk\u00fdch dolar\u016f z zabaven\u00e9ho rusk\u00e9ho st\u00e1tn\u00edho majetku p\u016fjde do rekonstruk\u010dn\u00edch a investi\u010dn\u00edch snah veden\u00fdch USA na Ukrajin\u011b. USA obdr\u017e\u00ed 50 procent p\u0159\u00edpadn\u00fdch zisk\u016f. EU p\u0159isp\u00edv\u00e1 100 miliardami americk\u00fdch dolar\u016f na rekonstrukci a uvoln\u011bn\u00ed zabaven\u00e9ho rusk\u00e9ho majetku. Zb\u00fdvaj\u00edc\u00ed rusk\u00fd majetek bude investov\u00e1n do spole\u010dn\u00fdch projekt\u016f s USA, kter\u00e9 maj\u00ed pob\u00eddnout k zabr\u00e1n\u011bn\u00ed op\u011btovn\u00e9mu rozn\u00edcen\u00ed konfliktu.\u201c<\/span><\/em><\/p>\n<p><span dir=\"auto\">EU v\u0161ak nechce rusk\u00e9 finan\u010dn\u00ed prost\u0159edky uvolnit, a to ani pod kontrolou USA, ale chce si je ponechat, aby si mohla pokr\u00fdt \u010d\u00e1st sv\u00fdch v\u00fddaj\u016f, jak ukazuje odpov\u00eddaj\u00edc\u00ed bod v protin\u00e1vrhu EU:<\/span><\/p>\n<p><em><span dir=\"auto\">\u201eUkrajina bude pln\u011b obnovena a finan\u010dn\u011b kompenzov\u00e1na, a to i prost\u0159ednictv\u00edm rusk\u00e9ho st\u00e1tn\u00edho majetku, kter\u00fd z\u016fstane zmrazen, dokud Rusko Ukrajin\u011b \u0161kody neod\u0161kodn\u00ed.\u201c<\/span><\/em><\/p>\n<h3 class=\"wp-block-heading\"><span dir=\"auto\">Bezpe\u010dnostn\u00ed architektura<\/span><\/h3>\n<p><span dir=\"auto\">Kl\u00ed\u010dov\u00fdm po\u017eadavkem, kter\u00fd Rusko opakovan\u011b vzn\u00e1\u0161\u00ed od roku 2021, je zaveden\u00ed nov\u00e9ho mezin\u00e1rodn\u00edho bezpe\u010dnostn\u00edho \u0159\u00e1du v n\u00e1vaznosti na odstoupen\u00ed USA od v\u0161ech smluv o kontrole zbrojen\u00ed z doby studen\u00e9 v\u00e1lky. Je\u0161t\u011b v prosinci 2021 Rusko p\u0159edlo\u017eilo\u00a0<\/span><a href=\"https:\/\/web.archive.org\/web\/20240505231341\/https:\/\/anti-spiegel.com\/2021\/was-russland-den-usa-und-der-nato-als-gegenseitige-sicherheitsgarantien-vorschlaegt\/\"><span dir=\"auto\">NATO a USA n\u00e1vrhy na vz\u00e1jemn\u00e9 bezpe\u010dnostn\u00ed z\u00e1ruky<\/span><\/a><span dir=\"auto\">\u00a0. Z\u00e1pad v\u0161ak za\u010d\u00e1tkem \u00fanora 2022 odm\u00edtl o t\u011bchto n\u00e1vrz\u00edch v\u016fbec jednat, \u010d\u00edm\u017e vytvo\u0159il prostor pro eskalaci.<\/span><\/p>\n<p><span dir=\"auto\">Trump\u016fv m\u00edrov\u00fd pl\u00e1n se obs\u00e1hle zab\u00fdv\u00e1 pr\u00e1v\u011b touto ot\u00e1zkou, kter\u00e1 je pro Rusko tak d\u016fle\u017eit\u00e1. Bod 4 Trumpova pl\u00e1nu uv\u00e1d\u00ed:<\/span><\/p>\n<p><em><span dir=\"auto\">\u201eMezi Ruskem a NATO m\u00e1 b\u00fdt obnoven dialog o bezpe\u010dnostn\u00edch ot\u00e1zk\u00e1ch a mo\u017en\u00e9 spolupr\u00e1ci, zprost\u0159edkovan\u00fd USA.\u201c<\/span><\/em><\/p>\n<p><span dir=\"auto\">EU s t\u00edm nechce m\u00edt nic spole\u010dn\u00e9ho, \u200b\u200bproto\u017ee uvnit\u0159 EU se neust\u00e1le tvrd\u00ed, \u017ee Rusko je nep\u0159\u00edtelem Evropy a \u017ee bezpe\u010dnost v Evrop\u011b m\u016f\u017ee existovat pouze proti Rusku, ale nikoli s n\u00edm. EU proto p\u0159\u00edslu\u0161n\u00fd bod formuluje v\u00e1gn\u011b:<\/span><\/p>\n<p><em><span dir=\"auto\">\u201ePo podpisu m\u00edrov\u00e9 dohody prob\u011bhne mezi Ruskem a NATO dialog s c\u00edlem \u0159e\u0161it v\u0161echny bezpe\u010dnostn\u00ed probl\u00e9my a vytvo\u0159it deeskala\u010dn\u00ed prost\u0159ed\u00ed pro zaji\u0161t\u011bn\u00ed glob\u00e1ln\u00ed bezpe\u010dnosti a zlep\u0161en\u00ed propojen\u00ed a budouc\u00edch ekonomick\u00fdch p\u0159\u00edle\u017eitost\u00ed.\u201c<\/span><\/em><\/p>\n<h3 class=\"wp-block-heading\"><span dir=\"auto\">Z\u00e1v\u011br<\/span><\/h3>\n<p><span dir=\"auto\">Nev\u00edme p\u0159esn\u011b, co se v sou\u010dasn\u00e9 dob\u011b jedn\u00e1 v z\u00e1kulis\u00ed ani jak\u00fd je sou\u010dasn\u00fd stav. T\u00edmto \u010dl\u00e1nkem jsem cht\u011bl pouze zd\u016fraznit r\u016fzn\u00e9 postoje.<\/span><\/p>\n<p><span dir=\"auto\">Mo\u017en\u00e1 se dozv\u00edme v\u00edce do konce t\u00fddne, kdy vypr\u0161\u00ed Trumpovo ultim\u00e1tum Ukrajin\u011b. Nebo se jedn\u00e1n\u00ed mohou prot\u00e1hnout je\u0161t\u011b d\u00e9le, co\u017e si mysl\u00edm, \u017ee je mo\u017en\u00e9. Ale v tuto chv\u00edli to nikdo nev\u00ed jist\u011b.<\/span><\/p>\n<p><a href=\"https:\/\/anti-spiegel.ru\/2025\/wie-stehen-die-chancen-fuer-trumps-friedensplan\/\">Thomas R\u00f6per<\/a><\/p>\n<p><img decoding=\"async\" loading=\"lazy\" class=\"alignnone  wp-image-22016\" src=\"http:\/\/www.infokuryr.cz\/n\/wp-content\/uploads\/2023\/01\/Thomas-Roper-298x300.jpg\" alt=\"\" width=\"139\" height=\"140\" srcset=\"https:\/\/www.infokuryr.cz\/n\/wp-content\/uploads\/2023\/01\/Thomas-Roper-298x300.jpg 298w, https:\/\/www.infokuryr.cz\/n\/wp-content\/uploads\/2023\/01\/Thomas-Roper-150x150.jpg 150w, https:\/\/www.infokuryr.cz\/n\/wp-content\/uploads\/2023\/01\/Thomas-Roper.jpg 596w\" sizes=\"(max-width: 139px) 100vw, 139px\" \/><\/p>\n<p>&nbsp;<\/p>\n","protected":false},"excerpt":{"rendered":"<p>Od doby, kdy americk\u00fd prezident Trump minul\u00fd t\u00fdden p\u0159edstavil sv\u016fj m\u00edrov\u00fd pl\u00e1n pro Ukrajinu, se&#8230;<\/p>\n","protected":false},"author":2,"featured_media":73901,"comment_status":"closed","ping_status":"closed","sticky":false,"template":"","format":"standard","meta":[],"categories":[7],"tags":[1042,4030,452,26],"_links":{"self":[{"href":"https:\/\/www.infokuryr.cz\/n\/wp-json\/wp\/v2\/posts\/93175"}],"collection":[{"href":"https:\/\/www.infokuryr.cz\/n\/wp-json\/wp\/v2\/posts"}],"about":[{"href":"https:\/\/www.infokuryr.cz\/n\/wp-json\/wp\/v2\/types\/post"}],"author":[{"embeddable":true,"href":"https:\/\/www.infokuryr.cz\/n\/wp-json\/wp\/v2\/users\/2"}],"replies":[{"embeddable":true,"href":"https:\/\/www.infokuryr.cz\/n\/wp-json\/wp\/v2\/comments?post=93175"}],"version-history":[{"count":0,"href":"https:\/\/www.infokuryr.cz\/n\/wp-json\/wp\/v2\/posts\/93175\/revisions"}],"wp:featuredmedia":[{"embeddable":true,"href":"https:\/\/www.infokuryr.cz\/n\/wp-json\/wp\/v2\/media\/73901"}],"wp:attachment":[{"href":"https:\/\/www.infokuryr.cz\/n\/wp-json\/wp\/v2\/media?parent=93175"}],"wp:term":[{"taxonomy":"category","embeddable":true,"href":"https:\/\/www.infokuryr.cz\/n\/wp-json\/wp\/v2\/categories?post=93175"},{"taxonomy":"post_tag","embeddable":true,"href":"https:\/\/www.infokuryr.cz\/n\/wp-json\/wp\/v2\/tags?post=93175"}],"curies":[{"name":"wp","href":"https:\/\/api.w.org\/{rel}","templated":true}]}}