{"id":93166,"date":"2025-11-26T06:24:10","date_gmt":"2025-11-26T05:24:10","guid":{"rendered":"https:\/\/www.infokuryr.cz\/n\/?p=93166"},"modified":"2025-11-26T06:24:10","modified_gmt":"2025-11-26T05:24:10","slug":"michael-svatos-vysoka-bankerka-eu-odile-renaud-bassova-se-vcera-v-kyjeve-tak-krasne-rozpovidala","status":"publish","type":"post","link":"https:\/\/www.infokuryr.cz\/n\/2025\/11\/26\/michael-svatos-vysoka-bankerka-eu-odile-renaud-bassova-se-vcera-v-kyjeve-tak-krasne-rozpovidala\/","title":{"rendered":"Michael Svato\u0161: Vysok\u00e1 bank\u00e9\u0159ka EU Odile Renaud-Bassov\u00e1 se v\u010dera v Kyjev\u011b tak kr\u00e1sn\u011b rozpov\u00eddala &#8230;"},"content":{"rendered":"<div id=\"fb-root\"><\/div>\n<h3>Vysok\u00e1 bank\u00e9\u0159ka EU Odile Renaud-Bassov\u00e1 se v\u010dera v Kyjev\u011b tak kr\u00e1sn\u011b rozpov\u00eddala, \u017ee u\u017e je v\u0161em jasn\u00e9, pro\u010d Eurokrati museli zprznit Trump\u016fv m\u00edrov\u00fd pl\u00e1n! Aneb, v\u0161e b\u011b\u017e\u00ed podle Putinova star\u00e9ho pl\u00e1nu \u2013 Ho\u010f hladov\u00fdm ps\u016fm kost, a vy\u010dkej, a\u017e se oni poperou.<\/h3>\n<div id=\"attachment_22434\" class=\"wp-caption aligncenter\" style=\"width: 930px;\"><img decoding=\"async\" loading=\"lazy\" class=\" wp-image-22434\" src=\"https:\/\/www.michalapetr.com\/wp-content\/uploads\/2025\/11\/IMG_20251117_132349-copy.jpg\" sizes=\"(max-width: 1160px) 100vw, 1160px\" srcset=\"https:\/\/www.michalapetr.com\/wp-content\/uploads\/2025\/11\/IMG_20251117_132349-copy.jpg 1160w, https:\/\/www.michalapetr.com\/wp-content\/uploads\/2025\/11\/IMG_20251117_132349-copy-300x169.jpg 300w, https:\/\/www.michalapetr.com\/wp-content\/uploads\/2025\/11\/IMG_20251117_132349-copy-1030x579.jpg 1030w, https:\/\/www.michalapetr.com\/wp-content\/uploads\/2025\/11\/IMG_20251117_132349-copy-768x432.jpg 768w, https:\/\/www.michalapetr.com\/wp-content\/uploads\/2025\/11\/IMG_20251117_132349-copy-705x396.jpg 705w, https:\/\/www.michalapetr.com\/wp-content\/uploads\/2025\/11\/IMG_20251117_132349-copy-450x253.jpg 450w\" alt=\"\" width=\"930\" height=\"523\" aria-describedby=\"caption-attachment-22434\" \/><\/p>\n<p id=\"caption-attachment-22434\" class=\"wp-caption-text\" style=\"text-align: justify;\">17. listopadu 2025 v Elysejsk\u00e9m pal\u00e1ci v Pa\u0159\u00ed\u017ei podepsala Francie s Ukrajinou takou men\u0161\u00ed smlouvi\u010dku za kulantn\u00edch 470 milion\u016f EUR, (11.4 miliardy CZK podle dne\u0161n\u00edho kurzu). Cel\u00e1 smlouvi\u010dka je financov\u00e1na bankou zn\u00e1mou ve francouz\u0161tin\u011b jako EU BERD. \u010cesk\u00e1 republika dr\u017e\u00ed v bance EU BERD 0.87% jej\u00edho kapit\u00e1lu, a ministr financ\u00ed \u010cR,\u00a0<a href=\"https:\/\/www.ebrd.com\/home\/who-we-are\/our-organisation\/shareholders.html#accordion-v2-fd31709b34-item-e7dae232e4\">aktu\u00e1ln\u011b opr\u00e1vn\u011bn\u00ed BERD dr\u017e\u00ed Zby\u0148ek Stanjura\u00a0 z ODS<\/a>, proto\u017ee je z titulu sv\u00e9 funkce \u010dlenem spr\u00e1vn\u00ed rady BERD, by tak m\u011bl pe\u010dliv\u011b dohl\u00ed\u017eet, aby tato \u010desk\u00e1 investice do kapit\u00e1lu banky EU BERD nep\u0159i\u0161la vnive\u010d, \u017ee? A jsme u dal\u0161\u00edho st\u0159\u00edpku do slo\u017eit\u00e9 mozaiky, pro\u010d Petr Pavel je\u0161t\u011b nejmenoval Andreje Babi\u0161e premi\u00e9rem \u010cR. A pro\u010d Putin zavrhne, tuto ned\u011bli ve \u0160v\u00fdcarsku Eurokraty zprzn\u011bn\u00fd Trump\u016fv m\u00edrov\u00fd pl\u00e1n.\u00a0<a href=\"https:\/\/www.ebrd.com\/home\/who-we-are\/our-organisation\/shareholders.html#accordion-v2-fd31709b34-item-e7dae232e4\">Kapit\u00e1l banky je 34 miliard EUR, \u010cR m\u00e1 pod\u00edl ve v\u00fd\u0161i 290 milion\u016f EUR, Slovensko 145 milion\u016f EUR<\/a>.<\/p>\n<\/div>\n<p><a href=\"https:\/\/www.pravda.com.ua\/eng\/articles\/2025\/11\/25\/8008735\/\">V\u010dera nav\u0161t\u00edvila Kyjev prezidentka lond\u00fdnsk\u00e9 banky EU BERD Odile Renaud-Bassov\u00e1, v n\u00ed\u017e \u010cR dr\u017e\u00ed st\u00e1tn\u00ed investici ve v\u00fd\u0161i 290 milion\u016f EUR a Slovensko v hodnot\u011b 145 milion\u016f EUR<\/a>, a krom toho, \u017ee sl\u00edbila Ukrajin\u011b i nad\u00e1le, jako na b\u011b\u017e\u00edc\u00edm p\u00e1se, mlaskat p\u016fj\u010dkami dal\u0161\u00ed a dal\u0161\u00ed miliardy EUR, se kulantn\u011b vyj\u00e1d\u0159ila, \u017ee\u00a0<em>proto bude t\u0159eba bezpodm\u00edne\u010dn\u011b rychle p\u0159ijmout zna\u010dn\u011b inovativn\u00ed pr\u00e1vn\u011b-technick\u00e9 \u0159e\u0161en\u00ed okam\u017eit\u00e9 konfiskace rusk\u00fdch st\u00e1tn\u00edch aktiv zmra\u017een\u00fdch ve sv\u011bt\u011b (300 miliard EUR), jinak z dal\u0161\u00edho financov\u00e1n\u00ed Ukrajiny bankou BERD nic nebude, a ze spl\u00e1tek p\u0159edchoz\u00edch ukrajinsk\u00fdch p\u016fj\u010dek bance BERD asi jakbysmet. Bank\u00e9\u0159ka Renaud-Bassov\u00e1 v\u010dera potvrdila tyto p\u016fj\u010dky banky BERD Ukrajin\u011b:<\/em><\/p>\n<ul>\n<li>440 milion\u016f EUR (10.6 miliardy CZK) p\u0159ed 14 dny p\u016fj\u010deno na \u201cdecentralizovanou v\u00fdrobu energi\u00ed\u201d. P\u0159ed t\u00edm p\u016fj\u010deno, p\u0159ede dv\u011bma roky, tak\u00e9 na rozvoj t\u011b\u017eby plynu. Bassov\u00e1 tuto druhou p\u016fj\u010dku rad\u011bji nijak nespecifikovala jej\u00ed v\u00fd\u0161i, asi proto, \u017ee Putin nechal letos koncem l\u00e9ta ve\u0161kerou (60% nejm\u00e9n\u011b) t\u011b\u017ebu plynu na Ukrajin\u011b sv\u00fdmi drony a raketami zni\u010dit. Tud\u00ed\u017e p\u016fj\u010dka je u\u017e k technick\u00e9mu odpisu.<\/li>\n<li>Letos od dubna do listopadu p\u016fj\u010deno Ukrajin\u011b ve t\u0159ech tran\u0161\u00edch dal\u0161\u00edch 990 milion\u016f EUR, a to na zaji\u0161t\u011bn\u00ed n\u00e1kupu plynu od z\u00e1padn\u00edch dodavatel\u016f, proto\u017ee Putin ukrajinskou dom\u00e1c\u00ed t\u011b\u017ebu rozbombardoval. V nejbli\u017e\u0161\u00edch t\u00fddnech bude Ukrajin\u011b muset b\u00fdt p\u016fj\u010deno dal\u0161\u00edch 500 milion\u016f EUR na plyn, a dal\u0161\u00edch 500 milion\u016f bude muset b\u00fdt Ukrajin\u011b na plyn darov\u00e1no. I to v\u0161ak nebude sta\u010dit, proto\u017ee leto\u0161n\u00ed zimn\u00ed dodate\u010dn\u00e1 (n\u00e1hrada za Putinem vybombardovan\u00e9 t\u011b\u017eebn\u00ed kapacity) spot\u0159eba z\u00e1padn\u00edho plynu na Ukrajin\u011b bude nejm\u00e9n\u011b 4.4 miliardy metr\u016f krychlov\u00fdch, a to bude st\u00e1t nejm\u00e9n\u011b 1.9 miliardy EUR, a zat\u00edm se poda\u0159ilo bance BERD sehnat pouze 1 miliardu EUR (500 p\u016fj\u010dka + 500 dar). Suma sum\u00e1rum jen za plyn pro Ukrajince m\u00e1 b\u00fdt letos shrom\u00e1\u017ed\u011bno bankami EU 2.89 miliardy EUR = 70 miliard CZK!<\/li>\n<li>3.2 miliardy bylo bankou BERD investov\u00e1no do ukrajinsk\u00e9 energetiky, a\u00a0<a href=\"https:\/\/www.seznamzpravy.cz\/clanek\/zahranicni-korupcni-skandal-otrasa-kyjevem-mluvi-se-o-odchodu-zelenskeho-prave-ruky-292029\">ta byla p\u0159ed p\u00e1r dny zasa\u017eena obrovsk\u00fdm korup\u010dn\u00edm skand\u00e1lem Mindi\u010d odehr\u00e1vaj\u00edc\u00edm se pr\u00e1v\u011b v energetice<\/a>\u00a0\u2013 a Bassov\u00e1 k tomu roz\u0161afn\u011b poznamenala, \u017ee je vlastn\u011b ot\u00e1zka, jak tyto miliardy p\u016fj\u010den\u00e9 bankou EU BERD\u00a0 vlastn\u011b dopadly.\u00a0 A d\u00e1le pak obecn\u011b tvrdila, \u017ee \u00fa\u0159edn\u00edci BERD maj\u00ed ur\u010dit\u011b \u010dist\u00e9 ruce, proto\u017ee energetick\u00fd sektor Ukrajiny m\u016f\u017ee nakupovat za pen\u00edze p\u016fj\u010den\u00e9 BERD pouze u obchodn\u00edk\u016f, kte\u0159\u00ed jsou zaps\u00e1ni na seznamu BERD.<\/li>\n<li>V roce 2026 hodl\u00e1 banka BERD tak\u00e9 nad\u011blit dal\u0161\u00ed v\u00fdhodn\u00e9 \u00fav\u011bry ukrajinsk\u00fdm soukromn\u00edk\u016fm ve v\u00fd\u0161i 1.5 miliardy EUR. St\u00e1t Ukrajina z cel\u00e9 t\u00e9to \u010d\u00e1stky m\u00e1 z\u00edskat pouze 10%.<\/li>\n<\/ul>\n<p>A samoz\u0159ejm\u011b men\u0161\u00ed p\u016fj\u010dka Kyjevu, aby mohl nakoupit 55 francouzsk\u00fdch lokomotiv za kulantn\u00edch\u00a0\u00a0470 milion\u016f EUR uzav\u0159en\u00e1 v Pa\u0159\u00ed\u017ei 17. listopadu.\u00a0<a href=\"https:\/\/www.pravda.com.ua\/eng\/articles\/2025\/11\/25\/8008735\/\">A u t\u00e9to p\u016fj\u010dky Bassov\u00e1 p\u0159iznala<\/a>, \u017ee ukrajinsk\u00e1 \u017eeleznice ji nesplat\u00ed, proto\u017ee je vysoce ztr\u00e1tov\u00e1, ale \u017ee ji splat\u00ed ukrajinsk\u00fd st\u00e1t, ov\u0161em, jak potom poznamenala, pouze, kdy\u017e se inovativn\u011b p\u0159edt\u00edm zabav\u00ed rusk\u00e9 st\u00e1tn\u00ed miliardy zmra\u017een\u00e9 v Belgii, a v\u011bnuj\u00ed se Ukrajin\u011b.\u00a0<a href=\"https:\/\/www.alstom.com\/press-releases-news\/2025\/11\/alstom-will-deliver-55-electric-locomotives-ukrainian-railways\">A to je velmi zaj\u00edmav\u00e9, proto\u017ee francouzsk\u00e9 lokomotivy se maj\u00ed Kyjevu za\u010d\u00edt dod\u00e1vat nejd\u0159\u00edve v roce 2027, a postupn\u011b, jak budou vyrobeny<\/a>. Tedy EU pot\u0159ebuje zabavit rusk\u00fdch st\u00e1tn\u00edch 300 miliard EUR, aby je v\u011bnovala Kyjevu, a ten z EU objednal z\u00e1padn\u00ed zbo\u017e\u00ed, a uhradil celou jeho cenu z t\u011bchto zabaven\u00fdch rusk\u00fdch st\u00e1tn\u00edch miliard.<\/p>\n<p><a href=\"https:\/\/www.michalapetr.com\/map-2465-novy-bruselsky-financni-kolotoc-cesi-maji-calovat-kyjevu-2-82-miliardy-dolaru-slovaci-906-milionu-eur-bruselska-podlost-uz-nezna-mezi-pro-cechy-i-slovaky-byl-pouzit-ten-nej-ne-vyhodnejsi\/\">Kyjev si letos na podzim objednal u \u0160v\u00e9d\u016f a u Francouz\u016f 250 nov\u00fdch st\u00edha\u010dek za 53.32 miliard EUR<\/a>, u Bassov\u00e9 plyn a energetick\u00e9 gener\u00e1tory za 8.6 miliardy EUR. Jenom sou\u010det t\u011bchto dvou n\u00e1kupn\u00edch polo\u017eek, jejich\u017e splacen\u00ed Ukrajinou je z\u00e1visl\u00e9 na rusk\u00fdch 300 miliard\u00e1ch EUR, kter\u00e9 se maj\u00ed Rusku inovativn\u011b zabavit, p\u0159edstavuje 61.92 miliardy EUR. K tomu si p\u0159ipo\u010dt\u011bte n\u011bmeck\u00e9 k\u0161efty na Ukrajin\u011b, a jste v obraze, pro\u010d byl Eurokraty tuto ned\u011bli ve \u0160v\u00fdcarsku tak radik\u00e1ln\u011b zprzn\u011bn Trump\u016fv m\u00edrov\u00fd pl\u00e1n.<\/p>\n<p>Evropsk\u00e1 ekonomika d\u00edky drah\u00fdm energi\u00edm a politice \u201cEU Green Deal\u201d u\u017e viditeln\u011b krachuje. Evropsk\u00e9 pr\u016fmyslov\u00e9 zbo\u017e\u00ed je na sv\u011btov\u00fdch trz\u00edch st\u00e1le m\u00e9n\u011b konkurenceschopn\u00e9, a tak se v Evrop\u011b zav\u00edraj\u00ed tov\u00e1rny a masov\u011b propou\u0161t\u00ed. Za t\u00e9to situace vymysleli Eurokrati jedin\u00fd pl\u00e1n \u2013 podmanit si Ukrajinu, a ovl\u00e1dnout jej\u00ed trhy, a zabr\u00e1nit komukoli, aby na tyto trhy vyv\u00e1\u017eel sv\u00e9 zbo\u017e\u00ed. Pl\u00e1n m\u00e1 t\u0159i vz\u00e1jemn\u011b spojen\u00e9 podm\u00ednky:<\/p>\n<ul>\n<li>Rusko z\u00edsk\u00e1 jen co nejmen\u0161\u00ed \u010d\u00e1st Ukrajiny, a cel\u00fd jej\u00ed zbytek p\u0159ipadne pod striktn\u00ed kuratelu Bruselsk\u00e9ho komisari\u00e1tu, a ten bude jedin\u00fd rozhodovat, jak\u00e9 zbo\u017e\u00ed, vyroben\u00e9 v jak\u00e9 zemi, se bude moci na Ukrajinu dov\u00e1\u017eet.<\/li>\n<li>T\u00edm EU z\u00edsk\u00e1 nov\u00fd trh, a zachr\u00e1n\u00ed velkou \u010d\u00e1st z\u00e1padoevropsk\u00fdch pracovn\u00edch m\u00edst, kter\u00e1 by jinak pro nedostatek popt\u00e1vky po jejich p\u0159edra\u017een\u00e9m zbo\u017e\u00ed ve sv\u011bt\u011b zanikla.<\/li>\n<li><a href=\"https:\/\/www.unian.ua\/politics\/zamorozheni-aktivi-rf-makron-vistupiv-proti-umov-planu-ssha-shchodo-rosiyskih-koshtiv-13207059.html\">Proto\u017ee bude cel\u00e1 prvn\u00ed \u010d\u00e1st v\u00fdroby hrazena ze zabaven\u00fdch 300 rusk\u00fdch miliard EUR<\/a>, bude na z\u00e1pad\u011b vytvo\u0159en zisk z v\u00fdroby tohoto zbo\u017e\u00ed pro Kyjev ve v\u00fd\u0161i 100%, a tak bude nastartov\u00e1n evropsk\u00fd pr\u016fmysl, respektive utr\u017een\u00fd zisk investuj\u00ed vybran\u00e9 firmy a banky do sv\u00fdch nov\u00fdch tov\u00e1ren v Ji\u017en\u00ed Americe, Africe, a v Indii, a star\u00e9 investice evropsk\u00fdch elit do krachuj\u00edc\u00edch evropsk\u00fdch tov\u00e1ren tak budou zachr\u00e1n\u011bny, a tyto Euro-elity, na rozd\u00edl od oby\u010dejn\u00fdch Evropan\u016f, kte\u0159\u00ed potom, a\u017e se jejich pracovn\u00ed m\u00edsta p\u0159esunou do nov\u00fdch tov\u00e1ren v Africe, Ji\u017en\u00ed Americe a v Indii, o svou pr\u00e1ci p\u0159ijdou, nijak nezchudnou, ba naopak. (P.S. Je zvl\u00e1\u0161tn\u00ed, \u017ee\u00a0<a href=\"https:\/\/en.wikipedia.org\/wiki\/Branko_Milanovi%C4%87\">zn\u00e1m\u00fd americk\u00fd ekonom Branko Milanovi\u010d<\/a>\u00a0u\u017e p\u0159ed v\u00e1lkou na Ukrajin\u011b, dok\u00e1zal,\u00a0<a href=\"https:\/\/en.wikipedia.org\/wiki\/European_Bank_for_Reconstruction_and_Development#cite_note-:5-39\">\u017ee ve\u0161ker\u00e9 investice banky BERD slou\u017e\u00ed pouze ke zvy\u0161ov\u00e1n\u00ed bohatstv\u00ed elit, a k chudnut\u00ed oby\u010dejn\u00fdch zam\u011bstnanc\u016f<\/a>.)<\/li>\n<li>Aby bylo tohoto Euro-c\u00edle c\u00edle na Ukrajin\u011b dosa\u017eeno, mus\u00ed se bezpodm\u00edne\u010dn\u011b zabr\u00e1nit Ameri\u010dan\u016fm, aby na \u00fazem\u00ed samostatn\u00e9 pov\u00e1le\u010dn\u00e9 Ukrajiny investovali, stejn\u011b jako \u010c\u00ed\u0148an\u016fm a Rus\u016fm.\u00a0<a href=\"https:\/\/www.unian.ua\/politics\/zamorozheni-aktivi-rf-makron-vistupiv-proti-umov-planu-ssha-shchodo-rosiyskih-koshtiv-13207059.html\">Proto bylo v Trumpov\u011b pl\u00e1nu zm\u011bn\u011bno rozd\u011blen\u00ed rusk\u00fdch zmra\u017een\u00fdch miliard<\/a>, na pouze pro Kyjev, ale jen pod striktn\u00ed kontrolou z Bruselu, k \u010demu budou tyto ve\u0161ker\u00e9 miliardy pou\u017eity.<\/li>\n<li>Aby na Ukrajin\u011b nemohl nikdo investovat, ani dom\u00e1c\u00ed ukrajinsk\u00fd kapit\u00e1l, vymysleli v Bruselu arm\u00e1du o velikosti 800 tis\u00edc voj\u00e1k\u016f. Ukrajina m\u00e1 nyn\u00ed ve zbrani 760 tis\u00edc voj\u00e1k\u016f, a ukrajinsk\u00e9 firmy u\u017e te\u010f nemohou z\u00edskat \u017e\u00e1dn\u00e9 zam\u011bstnance, proto\u017ee odborn\u011b vzd\u011blan\u00ed Ukrajinci u\u017e utekli ze zem\u011b, a nebo byli Zelensk\u00e9ho pochopy pochyt\u00e1ni, a odvle\u010deni na frontu. V zemi, v n\u00ed\u017e nejsou k dispozici voln\u00ed nezam\u011bstnan\u00ed zam\u011bstnanci, nen\u00ed mo\u017en\u00e9 investovat do nov\u00fdch tov\u00e1ren, a tato zem\u011b potom ztrat\u00ed kontrolu nad sv\u00fdm dom\u00e1c\u00edm trhem, a mus\u00ed zbo\u017e\u00ed, kter\u00e9 ob\u010dan\u00e9 pot\u0159ebuj\u00ed, dov\u00e1\u017eet ze zahrani\u010d\u00ed. Nav\u00edc v souboji o voln\u00e9 zam\u011bstnance v takov\u00e9 zemi v\u017edy vyhraje bohat\u00fd z\u00e1padn\u00ed kapit\u00e1l, proto\u017ee ten do sv\u00fdch nov\u00fdch tov\u00e1ren p\u0159et\u00e1hne na vy\u0161\u0161\u00ed platy zam\u011bstnance m\u00edstn\u00edch tov\u00e1ren, a proto\u017ee m\u00edstn\u00ed tov\u00e1rny u\u017e nebudou m\u00edt k\u00fdm sv\u00e9 b\u00fdval\u00e9 zam\u011bstnance nahradit, proto\u017ee v\u0161ichni zbyl\u00ed budou povinn\u011b v arm\u00e1d\u011b, tak zkrachuj\u00ed. Z\u00e1padoevropsk\u00e9 elity, tak kone\u010dn\u011b ovl\u00e1dnou nejen ukrajinsk\u00fd dom\u00e1c\u00ed trh, ale i ukrajinsk\u00e9 tov\u00e1rny, lo\u017eiska kritick\u00fdch miner\u00e1l\u016f a v\u011bt\u0161inu \u00farodn\u00e9 p\u016fdy. A prvn\u00ed c\u00edl Drang nach Osten bude kone\u010dn\u011b spln\u011bn, a bude se moci za\u010d\u00edt \u0161ilhat po svobodn\u00e9m Rusku, aby s n\u00edm byl proces opakov\u00e1n, a pak i po Americe, proto\u017ee Eurokrat\u00e9 ze v\u0161eho nejv\u00edc na sv\u011bt\u011b nesn\u00e1\u0161ej\u00ed navzdory sv\u00e9mu \u00fasil\u00ed st\u00e1le p\u0159etrv\u00e1vaj\u00edc\u00ed americkou svobodu!<\/li>\n<\/ul>\n<p>Zbytek anal\u00fdzy, \u010d\u00e1st o Putinov\u011b kosti pro vztekl\u00e9 psy, a dal\u0161\u00ed v\u00fdvoj v\u00e1lky na Ukrajin\u011b, dokon\u010d\u00edm\u00a0<a href=\"https:\/\/www.youtube.com\/@ProtiproudTV\">dnes v 18 hodin zde u Petra H\u00e1jka na Protiproud TV<\/a>, a potom od 19 hodin\u00a0<a href=\"https:\/\/svobodne-radio.com\/\">zde u Zde\u0148ka Chytry na Svobodn\u00e9m r\u00e1diu<\/a>. T\u011b\u0161\u00edm se na V\u00e1s.<\/p>\n<p><strong>\u010c\u00e1st faktografie k ob\u011bma po\u0159ad\u016fm:\u00a0<\/strong><\/p>\n<div id=\"attachment_22459\" class=\"wp-caption aligncenter\" style=\"width: 870px;\"><img decoding=\"async\" loading=\"lazy\" class=\" wp-image-22459\" src=\"https:\/\/www.michalapetr.com\/wp-content\/uploads\/2025\/11\/b538f230fae67c898f9f0e55df6e6733.jpg\" sizes=\"(max-width: 900px) 100vw, 900px\" srcset=\"https:\/\/www.michalapetr.com\/wp-content\/uploads\/2025\/11\/b538f230fae67c898f9f0e55df6e6733.jpg 900w, https:\/\/www.michalapetr.com\/wp-content\/uploads\/2025\/11\/b538f230fae67c898f9f0e55df6e6733-300x168.jpg 300w, https:\/\/www.michalapetr.com\/wp-content\/uploads\/2025\/11\/b538f230fae67c898f9f0e55df6e6733-768x429.jpg 768w, https:\/\/www.michalapetr.com\/wp-content\/uploads\/2025\/11\/b538f230fae67c898f9f0e55df6e6733-705x394.jpg 705w, https:\/\/www.michalapetr.com\/wp-content\/uploads\/2025\/11\/b538f230fae67c898f9f0e55df6e6733-450x252.jpg 450w\" alt=\"\" width=\"870\" height=\"486\" aria-describedby=\"caption-attachment-22459\" \/><\/p>\n<p id=\"caption-attachment-22459\" class=\"wp-caption-text\" style=\"text-align: justify;\">V\u010dera r\u00e1no, v \u010dase zna\u010dn\u011b neobvykl\u00e9m, Rusov\u00e9 provedli na Kyjev druh\u00fd (!)\u00a0 tu noc opakovan\u00fd (!) n\u00e1let raketami a drony, a jedna raketa,\u00a0<a href=\"https:\/\/www.pravda.com.ua\/eng\/news\/2025\/11\/25\/8008905\/\">vyp\u00e1lila velk\u00fd logistick\u00fd are\u00e1l \u0159et\u011bzce supermarket\u016f NOVUS, jedin\u00fd v Kyjev\u011b<\/a>. P\u0159i \u00fatoku zem\u0159eli nejm\u00e9n\u011b 3 \u0159idi\u010di kamion\u016f.<\/p>\n<\/div>\n<p>A toto je u\u017e doslova komiks \u2013\u00a0<a href=\"https:\/\/thepage.ua\/ua\/news\/novus-stvoriv-yedinij-logistichnij-centr\">banka BERD p\u016fj\u010dila v roce 2020 na v\u00fdstavbu p\u0159esn\u011b tohoto logistick\u00e9ho centra NOVUS\u00a0 v Kyjev\u011b 100 milion\u016f USD, centrum bylo v lednu 2024 slavnostn\u011b otev\u0159eno, a jeho p\u0159esn\u00e1 poloha byla p\u0159\u00edsn\u011b tajn\u00e1<\/a>, aby ho Rusov\u00e9 nevy\u010dmuchali. A Putin ho v\u010dera p\u0159esto kompletn\u011b vyp\u00e1lil raketami! 2 085 000 000 CZK p\u016fj\u010dky BERD + uskladn\u011bn\u00e9 zbo\u017e\u00ed + p\u00e1r kamion\u016f s nalo\u017een\u00fdm zbo\u017e\u00edm + p\u00e1r \u017eivot\u016f = vojensky znamenit\u00e1 efektivita na p\u00e1r pou\u017eit\u00fdch raket Kin\u017e\u00e1l a Iskander.\u00a0<a href=\"https:\/\/epravda.com.ua\/news\/2020\/08\/28\/664501\/\">Zni\u010den\u00e9 centrum NOVUS<\/a>\u00a0pat\u0159ilo podle Wiki litevsk\u00fdm podnikatel\u016fm, a jak zn\u00e1mo, Putin nechov\u00e1\u00a0 Litevce v posledn\u00ed dob\u011b zrovna v n\u011bjak\u00e9 obzvl\u00e1\u0161tn\u00ed n\u00e1klonosti. V\u00e1lka na Ukrajin\u011b je prost\u011b extr\u00e9mn\u011b drah\u00e1 z\u00e1le\u017eitost, a evrop\u0161t\u00ed podnikatel\u00e9 mohou na Ukrajin\u011b rychle p\u0159ij\u00edt i o sv\u00e9 dal\u0161\u00ed investice. Putin tak podle v\u0161eho p\u0159itvrzuje, a podle v\u0161eho hodl\u00e1 na Ukrajin\u011b i nad\u00e1le c\u00edlen\u011b likvidovat investice bank\u00e9\u0159ky EU EBRD Renaud-Bassov\u00e9, ke \u0161kod\u011b st\u00e1tn\u00edch investic \u010desk\u00e9 a slovensk\u00e9 vl\u00e1dy do \u201cjej\u00ed\u201d banky. Putin u\u017e za\u010d\u00e1tkem leto\u0161n\u00edho podzimu\u00a0 rozml\u00e1til raketami v\u011bt\u0161inu investic EBRD do plyn\u00e1rensk\u00e9 a energetick\u00e9 soustavy Ukrajiny za p\u016fl miliardy EUR,\u00a0 a v\u010dera poslal k \u010dertu dal\u0161\u00ed investici BERD za 100 milion\u016f EUR. BERD je francouzsk\u00fd n\u00e1zev banky, EBRD anglick\u00fd, kdybyste n\u00e1hodou hledali, kdo z \u010desk\u00fdch a slovensk\u00fdch politik\u016f sed\u00ed v jej\u00ed spr\u00e1vn\u00ed rad\u011b, kter\u00e1 hodl\u00e1 Ukrajin\u011b p\u016fj\u010dovat i dal\u0161\u00ed miliardy EUR, aby se m\u011bl Putin i nad\u00e1le, kam strefovat.<\/p>\n<p>Putin je v\u016fbec li\u0161\u00e1k. V\u010dera taky vyp\u00e1lil gar\u00e1\u017ee kyjevsk\u00fdch autobus\u016f, a pr\u00fd je jich po \u00fatoku hned o 70 m\u00e9n\u011b. A proto se bude po Kyjev\u011b tak\u00e9 m\u00e9n\u011b provozovat ve\u0159ejn\u00e1 doprava, jak ozn\u00e1mil v\u010dera kyjevsk\u00fd m\u011bstsk\u00fd \u00fa\u0159aduj\u00edc\u00ed n\u00e1\u010deln\u00edk ex-boxer Kli\u010dko. A k tomu si p\u0159ipo\u010d\u00edtejte v\u010derej\u0161\u00ed \u00fasp\u011b\u0161n\u00e9 z\u00e1sahy dvou kyjevsk\u00fd tepeln\u00fdch elektr\u00e1ren, a za\u010d\u00edn\u00e1 b\u00fdt jasn\u00e9, pro\u010d m\u00e1 Trump takov\u00e9 obavy, \u017ee zima na Ukrajin\u011b bude letos obzvl\u00e1\u0161t\u011b krut\u00e1, a cht\u011bl rad\u011bji zprost\u0159edkovat rychl\u00fd m\u00edr. (Zdroj:\u00a0<a href=\"https:\/\/www.pravda.com.ua\/eng\/news\/2025\/11\/25\/8008949\/\">zde i s fotografiemi<\/a>.)<\/p>\n<div id=\"attachment_22468\" class=\"wp-caption aligncenter\" style=\"width: 1012px;\"><img decoding=\"async\" loading=\"lazy\" class=\" wp-image-22468\" src=\"https:\/\/www.michalapetr.com\/wp-content\/uploads\/2025\/11\/photo_2025-11-26_04-51-51.jpg\" sizes=\"(max-width: 2560px) 100vw, 2560px\" srcset=\"https:\/\/www.michalapetr.com\/wp-content\/uploads\/2025\/11\/photo_2025-11-26_04-51-51.jpg 2560w, https:\/\/www.michalapetr.com\/wp-content\/uploads\/2025\/11\/photo_2025-11-26_04-51-51-300x213.jpg 300w, https:\/\/www.michalapetr.com\/wp-content\/uploads\/2025\/11\/photo_2025-11-26_04-51-51-1030x732.jpg 1030w, https:\/\/www.michalapetr.com\/wp-content\/uploads\/2025\/11\/photo_2025-11-26_04-51-51-768x546.jpg 768w, https:\/\/www.michalapetr.com\/wp-content\/uploads\/2025\/11\/photo_2025-11-26_04-51-51-1536x1091.jpg 1536w, https:\/\/www.michalapetr.com\/wp-content\/uploads\/2025\/11\/photo_2025-11-26_04-51-51-2048x1455.jpg 2048w, https:\/\/www.michalapetr.com\/wp-content\/uploads\/2025\/11\/photo_2025-11-26_04-51-51-1500x1066.jpg 1500w, https:\/\/www.michalapetr.com\/wp-content\/uploads\/2025\/11\/photo_2025-11-26_04-51-51-260x185.jpg 260w, https:\/\/www.michalapetr.com\/wp-content\/uploads\/2025\/11\/photo_2025-11-26_04-51-51-705x501.jpg 705w, https:\/\/www.michalapetr.com\/wp-content\/uploads\/2025\/11\/photo_2025-11-26_04-51-51-450x320.jpg 450w\" alt=\"\" width=\"1012\" height=\"719\" aria-describedby=\"caption-attachment-22468\" \/><\/p>\n<p id=\"caption-attachment-22468\" class=\"wp-caption-text\" style=\"text-align: justify;\">Na rusk\u00e9 front\u011b je nejzaj\u00edmav\u011bj\u0161\u00ed v\u010derej\u0161\u00ed ud\u00e1lost\u00ed nenad\u00e1l\u00fd rychl\u00fd a snadn\u00fd rusk\u00fd pr\u016flom do opevn\u011bn\u00e9ho m\u011bsta Huljajpole jednotkami opera\u010dn\u00ed skupiny JIH, a podle hl\u00e1\u0161en\u00ed u\u017e prvn\u00ed rusk\u00e9 jednotky ve m\u011bst\u011b p\u0159ekra\u010duj\u00ed \u0159eku Gan\u010dur. Huljajpole byla d\u016fle\u017eit\u00e1 ukrajinsk\u00e1 pevnost, ale zd\u00e1 se, \u017ee Ukrajinci z m\u011bsta prchaj\u00ed mnohem rychleji, ne\u017e dosud prchali z podobn\u00fdch opevn\u011bn\u00fdch m\u011bst. Rusov\u00e9 k m\u011bstu p\u0159ipochodovali teprve v\u010dera, a u\u017e jsou v n\u011bm. A to neb\u00fdvalo zvykem. O\u010dek\u00e1v\u00e1 se, \u017ee v p\u0159\u00edpad\u011b rychl\u00e9ho p\u00e1du Huljajpole se Rusov\u00e9 dostanou do jara p\u0159\u00ed\u0161t\u00edho roku a\u017e na dost\u0159el velkom\u011bst Dn\u011bpropetrovsk a Z\u00e1poro\u017e\u00ed na Dn\u011bpru, a pak za\u010dne b\u00fdt Ukrajinc\u016fm v Kyjevu u\u017e hodn\u011b \u00fazko.<\/p>\n<\/div>\n<p><a href=\"https:\/\/t.me\/swodki\/542496?single\">Na z\u00e1v\u011br jsem si nechal tato t\u0159i p\u0159ekr\u00e1sn\u00e1 lidsk\u00e1 rusk\u00e1 videa<\/a>, jak ru\u0161t\u00ed hrdin\u0161t\u00ed voj\u00e1ci zachr\u00e1nili mladou hol\u010di\u010dku i oba jej\u00ed rodi\u010de z kompletn\u011b zni\u010den\u00e9ho m\u011bsta Vol\u010dansk, a jak se je Ukrajinci v\u0161echny p\u0159i z\u00e1chran\u011b pokou\u0161eli drony zab\u00edt. Hol\u010di\u010dka i jej\u00ed rodi\u010de p\u0159e\u017eili n\u011bkolikam\u011bs\u00ed\u010dn\u00ed boje o m\u011bsto, a m\u011bli velkou radost, \u017ee se kone\u010dn\u011b shledali se sv\u00fdmi, a byli zachr\u00e1n\u011bni. Ukrajinci tyto civilisty, kte\u0159\u00ed ve m\u011bstech \u010dekaj\u00ed na rusk\u00e9 osvobozen\u00ed, a\u010dkoli jim p\u0159i boj\u00edch o m\u011bsta a vesnice hroz\u00ed smrt, a jsou Ukrajinci \u010dasto vra\u017ed\u011bni, potupn\u011b naz\u00fdvaj\u00ed \u201c\u0436\u0434\u0443\u043d\u0438\u201d, a nen\u00e1vid\u00ed je. Tito \u201c\u0436\u0434\u0443\u043d\u0438\u201d se v\u0161ak ve m\u011bst\u011b Pokrovsk nyn\u00ed vyskytuj\u00ed ve velk\u00fdch po\u010dtech, a pom\u00e1haj\u00ed rusk\u00fdm voj\u00e1k\u016f, a odhaluj\u00ed postaven\u00ed ukrajinsk\u00fdch voj\u00e1k\u016f.\u00a0<a href=\"https:\/\/vchasnoua.com\/news\/video-u-pokrovsku-deiaki-ziteli-sered-mogil-ta-ruyin-zustricaiut-rosiian\">Ukrajinsk\u00e9 video a \u0161okuj\u00edc\u00ed \u010dl\u00e1nek o \u201c\u017edunech\u201d ve m\u011bst\u011b Pokrovsk, zde<\/a>.<\/p>\n<p><a href=\"https:\/\/www.michalapetr.com\/map-2472-vysoka-bankerka-eu-odile-renaud-bassova-se-vcera-v-kyjeve-tak-krasne-rozpovidala-ze-uz-je-vsem-jasne-proc-eurokrati-museli-zprznit-trumpuv-mirovy-plan-aneb-vse-bezi-podle-putinova-stareho\/\">Michael Svato\u0161<\/a><\/p>\n<p><img decoding=\"async\" loading=\"lazy\" class=\"alignnone size-full wp-image-27204\" src=\"http:\/\/www.infokuryr.cz\/n\/wp-content\/uploads\/2023\/05\/Michael_Svatos.png\" alt=\"\" width=\"180\" height=\"180\" srcset=\"https:\/\/www.infokuryr.cz\/n\/wp-content\/uploads\/2023\/05\/Michael_Svatos.png 180w, https:\/\/www.infokuryr.cz\/n\/wp-content\/uploads\/2023\/05\/Michael_Svatos-150x150.png 150w\" sizes=\"(max-width: 180px) 100vw, 180px\" \/><\/p>\n<p>&nbsp;<\/p>\n","protected":false},"excerpt":{"rendered":"<p>Vysok\u00e1 bank\u00e9\u0159ka EU Odile Renaud-Bassov\u00e1 se v\u010dera v Kyjev\u011b tak kr\u00e1sn\u011b rozpov\u00eddala, \u017ee u\u017e je&#8230;<\/p>\n","protected":false},"author":2,"featured_media":93167,"comment_status":"closed","ping_status":"closed","sticky":false,"template":"","format":"standard","meta":[],"categories":[6],"tags":[1042,10148,4030,452,26],"_links":{"self":[{"href":"https:\/\/www.infokuryr.cz\/n\/wp-json\/wp\/v2\/posts\/93166"}],"collection":[{"href":"https:\/\/www.infokuryr.cz\/n\/wp-json\/wp\/v2\/posts"}],"about":[{"href":"https:\/\/www.infokuryr.cz\/n\/wp-json\/wp\/v2\/types\/post"}],"author":[{"embeddable":true,"href":"https:\/\/www.infokuryr.cz\/n\/wp-json\/wp\/v2\/users\/2"}],"replies":[{"embeddable":true,"href":"https:\/\/www.infokuryr.cz\/n\/wp-json\/wp\/v2\/comments?post=93166"}],"version-history":[{"count":0,"href":"https:\/\/www.infokuryr.cz\/n\/wp-json\/wp\/v2\/posts\/93166\/revisions"}],"wp:featuredmedia":[{"embeddable":true,"href":"https:\/\/www.infokuryr.cz\/n\/wp-json\/wp\/v2\/media\/93167"}],"wp:attachment":[{"href":"https:\/\/www.infokuryr.cz\/n\/wp-json\/wp\/v2\/media?parent=93166"}],"wp:term":[{"taxonomy":"category","embeddable":true,"href":"https:\/\/www.infokuryr.cz\/n\/wp-json\/wp\/v2\/categories?post=93166"},{"taxonomy":"post_tag","embeddable":true,"href":"https:\/\/www.infokuryr.cz\/n\/wp-json\/wp\/v2\/tags?post=93166"}],"curies":[{"name":"wp","href":"https:\/\/api.w.org\/{rel}","templated":true}]}}