{"id":93164,"date":"2025-11-26T06:18:08","date_gmt":"2025-11-26T05:18:08","guid":{"rendered":"https:\/\/www.infokuryr.cz\/n\/?p=93164"},"modified":"2025-11-26T06:18:08","modified_gmt":"2025-11-26T05:18:08","slug":"protesty-alavitu-se-meni-v-krvave-rany-syrie-se-vraci-do-valky","status":"publish","type":"post","link":"https:\/\/www.infokuryr.cz\/n\/2025\/11\/26\/protesty-alavitu-se-meni-v-krvave-rany-syrie-se-vraci-do-valky\/","title":{"rendered":"Protesty alavit\u016f se m\u011bn\u00ed v krvav\u00e9 r\u00e1ny, S\u00fdrie se vrac\u00ed do v\u00e1lky"},"content":{"rendered":"<div id=\"fb-root\"><\/div>\n<p><strong><span dir=\"auto\">Tis\u00edce alavit\u016f vy\u0161ly 25. listopadu do ulic syrsk\u00e9ho pob\u0159e\u017e\u00ed, srdce komunity, aby protestovaly proti diskriminaci a n\u00e1sil\u00ed. Jednalo se o prvn\u00ed takov\u00fd krok od smrt\u00edc\u00edho z\u00e1sahu islamistick\u00e9 prozat\u00edmn\u00ed vl\u00e1dy zem\u011b o osm m\u011bs\u00edc\u016f d\u0159\u00edve.<\/span><\/strong><\/p>\n<p><span dir=\"auto\">B\u0159eznov\u00fd vl\u00e1dn\u00ed z\u00e1sah byl reakc\u00ed na ozbrojen\u00e9 povst\u00e1n\u00ed \u010dlen\u016f komunity, ke kter\u00e9 pat\u0159\u00ed i b\u00fdval\u00fd prezident Ba\u0161\u00e1r Asad. Vy\u00fastil v s\u00e9rii masakr\u016f, kter\u00e9 si vy\u017e\u00e1daly \u017eivoty v\u00edce ne\u017e 1400 alavitsk\u00fdch civilist\u016f.<\/span><\/p>\n<p><span dir=\"auto\">Od t\u00e9 doby pokra\u010duj\u00ed zab\u00edjen\u00ed a n\u00e1siln\u00e1 zmizen\u00ed alavit\u016f na pob\u0159e\u017e\u00ed, i kdy\u017e v men\u0161\u00edm tempu, stejn\u011b jako v Homsu a dal\u0161\u00edch oblastech st\u0159edn\u00ed a z\u00e1padn\u00ed S\u00fdrie.<\/span><\/p>\n<p><span dir=\"auto\">Vlna n\u00e1sil\u00ed se zam\u011b\u0159ila na komunitu v Homsu pot\u00e9, co byl pouh\u00e9 dva dny p\u0159edt\u00edm zavra\u017ed\u011bn sunnitsk\u00fd muslimsk\u00fd bedu\u00ednsk\u00fd p\u00e1r, na m\u00edst\u011b kter\u00e9ho byly nalezeny sekt\u00e1\u0159sk\u00e9 graffiti. Zdravotn\u00edci v centr\u00e1ln\u00ed guvernor\u00e1t\u011b ozn\u00e1mili, \u017ee p\u0159i n\u00e1sil\u00ed bylo zran\u011bno 18 lid\u00ed, ale alavit\u0161t\u00ed aktivist\u00e9 uvedli, \u017ee byli zabiti dva \u010dlenov\u00e9 komunity. Pozd\u011bji \u00fa\u0159ady uvedly, \u017ee vra\u017eda bedu\u00ednsk\u00e9ho p\u00e1ru nem\u011bla sekt\u00e1\u0159skou povahu.<\/span><\/p>\n<p><span dir=\"auto\">Protesty se konaly v reakci na n\u00e1sil\u00ed v Homsu na v\u00fdzvu Nejvy\u0161\u0161\u00ed isl\u00e1msk\u00e9 alavitsk\u00e9 rady v S\u00fdrii a zahrani\u010d\u00ed.<\/span><\/p>\n<p><span dir=\"auto\">Zat\u00edmco nejv\u011bt\u0161\u00ed protesty se konaly v pob\u0159e\u017en\u00edch m\u011bstech Tart\u00fas a Lat\u00e1kie, mnoho shrom\u00e1\u017ed\u011bn\u00ed bylo hl\u00e1\u0161eno i v oblastech s alavitskou v\u011bt\u0161inou v Homsu a Ham\u011b. Mnoho protestuj\u00edc\u00edch dr\u017eelo transparenty po\u017eaduj\u00edc\u00ed \u201efederalismus\u201c a \u201eosvobozen\u00ed v\u011bz\u0148\u016f\u201c a tak\u00e9 ukon\u010den\u00ed sekt\u00e1\u0159sk\u00e9ho n\u00e1sil\u00ed.<\/span><\/p>\n<p><iframe loading=\"lazy\" src=\"https:\/\/s5.cdnstatic.space\/wp-content\/uploads\/2025\/11\/pro11.mp4\" width=\"600\" height=\"338\" data-mce-fragment=\"1\"><\/iframe><\/p>\n<p><iframe loading=\"lazy\" src=\"https:\/\/s5.cdnstatic.space\/wp-content\/uploads\/2025\/11\/pro12.mp4\" width=\"600\" height=\"338\" data-mce-fragment=\"1\"><\/iframe><\/p>\n<p><iframe loading=\"lazy\" src=\"https:\/\/s5.cdnstatic.space\/wp-content\/uploads\/2025\/11\/pro4.mp4\" width=\"600\" height=\"338\" data-mce-fragment=\"1\"><\/iframe><\/p>\n<p><span dir=\"auto\">V Tart\u00fasu byly hl\u00e1\u0161eny st\u0159ety s bezpe\u010dnostn\u00edmi silami a v jin\u00e9 \u010d\u00e1sti m\u011bsta se shrom\u00e1\u017edily des\u00edtky stoupenc\u016f vl\u00e1dy.<\/span><\/p>\n<p><span dir=\"auto\">Situace v Lat\u00e1kii byla je\u0161t\u011b napjat\u011bj\u0161\u00ed. Protestuj\u00edc\u00ed se pot\u00fdkali s vl\u00e1dn\u00edmi stoupenci jak ve m\u011bst\u011b samotn\u00e9m, tak i v D\u017eabl\u00ed na jihu v guvernor\u00e1tu. Videa z guvernor\u00e1tu ukazuj\u00ed ob\u011bti, st\u0159elbu a vozidla, kter\u00e1 se pokou\u0161ela p\u0159ejet protestuj\u00edc\u00ed.<\/span><\/p>\n<p><iframe loading=\"lazy\" src=\"https:\/\/s5.cdnstatic.space\/wp-content\/uploads\/2025\/11\/pro3.mp4\" width=\"600\" height=\"338\" data-mce-fragment=\"1\"><\/iframe><\/p>\n<p><iframe loading=\"lazy\" src=\"https:\/\/s5.cdnstatic.space\/wp-content\/uploads\/2025\/11\/pro5.mp4\" width=\"600\" height=\"338\" data-mce-fragment=\"1\"><\/iframe><\/p>\n<p><iframe loading=\"lazy\" src=\"https:\/\/s5.cdnstatic.space\/wp-content\/uploads\/2025\/11\/pro6.mp4\" width=\"600\" height=\"338\" data-mce-fragment=\"1\"><\/iframe><\/p>\n<p><span dir=\"auto\">RT s odvol\u00e1n\u00edm na m\u00edstn\u00ed zdroje uvedla, \u017ee v Lat\u00e1kii bylo zabito p\u011bt lid\u00ed, t\u0159i na ulici al-Zera&#8217;a a dva dal\u0161\u00ed na kruhov\u00e9m objezdu Al-Azhari.<\/span><\/p>\n<p><iframe loading=\"lazy\" src=\"https:\/\/s5.cdnstatic.space\/wp-content\/uploads\/2025\/11\/pro7.mp4\" width=\"600\" height=\"338\" data-mce-fragment=\"1\"><\/iframe><\/p>\n<p><iframe loading=\"lazy\" src=\"https:\/\/s5.cdnstatic.space\/wp-content\/uploads\/2025\/11\/pro8.mp4\" width=\"600\" height=\"338\" data-mce-fragment=\"1\"><\/iframe><\/p>\n<p><iframe loading=\"lazy\" src=\"https:\/\/s5.cdnstatic.space\/wp-content\/uploads\/2025\/11\/pro9.mp4\" width=\"600\" height=\"338\" data-mce-fragment=\"1\"><\/iframe><\/p>\n<p><span dir=\"auto\">Alavitsk\u00e1 rada, v jej\u00edm\u017e \u010dele stoj\u00ed \u0161ejk Ghazal Ghazal, pozd\u011bji ozn\u00e1mila konec protest\u016f a ve sv\u00e9m prohl\u00e1\u0161en\u00ed uvedla, \u017ee to, co se stalo, bylo \u201eprvn\u00ed jiskrou f\u00e1ze, v n\u00ed\u017e nebude tolerov\u00e1no ani poni\u017eov\u00e1n\u00ed, ani marginalizace\u201c.<\/span><\/p>\n<p><span dir=\"auto\">Po skon\u010den\u00ed protest\u016f do\u0161lo v Tart\u00fasu i Lat\u00e1kii k masov\u00e9mu nasazen\u00ed bezpe\u010dnostn\u00edch sil. V obou m\u011bstech byly spat\u0159eny i vojensk\u00e9 jednotky vyzbrojen\u00e9 obrn\u011bn\u00fdmi vozidly a protiletadlov\u00fdmi zbran\u011bmi.<\/span><\/p>\n<p><span dir=\"auto\">V prohl\u00e1\u0161en\u00ed pro st\u00e1tn\u00ed televizi al-Ikhbariya mluv\u010d\u00ed ministerstva vnitra Noureddine al-Baba varoval obyvatele pob\u0159e\u017e\u00ed p\u0159ed nalet\u011bn\u00edm na \u201einteligentn\u00ed pl\u00e1ny\u201c zam\u011b\u0159en\u00e9 na \u0161\u00ed\u0159en\u00ed sv\u00e1r\u016f a varoval p\u0159ed sekt\u00e1\u0159sk\u00fdmi slogany. Toto byla jedin\u00e1 ofici\u00e1ln\u00ed reakce na protesty.<\/span><\/p>\n<p><iframe loading=\"lazy\" src=\"https:\/\/s5.cdnstatic.space\/wp-content\/uploads\/2025\/11\/sff2.mp4\" width=\"600\" height=\"338\" data-mce-fragment=\"1\"><\/iframe><\/p>\n<p><iframe loading=\"lazy\" src=\"https:\/\/s5.cdnstatic.space\/wp-content\/uploads\/2025\/11\/sff1.mp4\" width=\"600\" height=\"338\" data-mce-fragment=\"1\"><\/iframe><\/p>\n<p><span dir=\"auto\">Od p\u00e1du Asadova re\u017eimu p\u0159ed t\u00e9m\u011b\u0159 rokem jsou alavit\u00e9 z velk\u00e9 \u010d\u00e1sti vylou\u010deni z vl\u00e1dn\u00edch struktur na ni\u017e\u0161\u00edch i vy\u0161\u0161\u00edch \u00farovn\u00edch, p\u0159i\u010dem\u017e komunita nem\u00e1 \u017e\u00e1dn\u00e9 zastoupen\u00ed v arm\u00e1d\u011b a bezpe\u010dnostn\u00edch sil\u00e1ch.<\/span><\/p>\n<p><span dir=\"auto\">Vylou\u010den\u00ed alavit\u016f a n\u00e1sledn\u00e9 masakry donutily jak Kurdy, reprezentovan\u00e9 Syrsk\u00fdmi demokratick\u00fdmi silami (SDF), v severov\u00fdchodn\u00ed S\u00fdrii, tak Dr\u00fazy v as-Suvajd\u011b na jihu, aby v\u016f\u010di vl\u00e1d\u011b zaujali velmi opatrn\u00fd postoj.<\/span><\/p>\n<p><span dir=\"auto\">Tyto obavy umocnila bitva u as-Suvajdy v \u010dervenci, kdy se vl\u00e1da pokusila ovl\u00e1dnout guvernor\u00e1t silou, ale narazila na izraelskou intervenci. B\u011bhem n\u011bkolika dn\u00ed bylo zabito p\u0159es 3 000 lid\u00ed, p\u0159i\u010dem\u017e velkou \u010d\u00e1st z nich tvo\u0159ili dr\u00faz\u0161t\u00ed civilist\u00e9. Od t\u00e9 doby je as-Suvajda mimo vl\u00e1dn\u00ed kontrolu a st\u0159ety s SDF v Aleppu a Rakce jsou st\u00e1le \u010dast\u011bj\u0161\u00ed.<\/span><\/p>\n<p><span dir=\"auto\">Vl\u00e1da nevede \u017e\u00e1dn\u00e1 seri\u00f3zn\u00ed jedn\u00e1n\u00ed s Alavity a situace s Dr\u00fazy se o tolik neli\u0161\u00ed.<\/span><\/p>\n<p><span dir=\"auto\">Jedn\u00e1n\u00ed s SDF v\u0161ak st\u00e1le prob\u00edhaj\u00ed, pravd\u011bpodobn\u011b kv\u016fli tlaku ze strany Spojen\u00fdch st\u00e1t\u016f, kter\u00e9 jsou hlavn\u00edm podporovatelem t\u00e9to skupiny.<\/span><\/p>\n<p><span dir=\"auto\">Vrchn\u00ed velitel SDF Mazloum Abdi ned\u00e1vno vyzval k \u00fa\u010dasti z\u00e1stupc\u016f Dr\u00faz\u016f a Alavit\u016f na nadch\u00e1zej\u00edc\u00edch sch\u016fzk\u00e1ch s vl\u00e1dou. To by samoz\u0159ejm\u011b mohlo zemi poskytnout v\u00fdchodisko z p\u0159etrv\u00e1vaj\u00edc\u00edho nap\u011bt\u00ed. Vl\u00e1da s t\u00edm v\u0161ak pravd\u011bpodobn\u011b nebude souhlasit.<\/span><\/p>\n<p><span dir=\"auto\">Protesty na pob\u0159e\u017e\u00ed, o kter\u00fdch si vl\u00e1da myslela, \u017ee je b\u0159eznov\u00fdm z\u00e1sahem jednou prov\u017edy utlumila, jsou zn\u00e1mkou toho, \u017ee S\u00fdrie sklouz\u00e1v\u00e1 do nov\u00e9 v\u00e1lky.<\/span><\/p>\n<p><span dir=\"auto\">Pokud bude vl\u00e1da i nad\u00e1le vylu\u010dovat men\u0161iny, region\u00e1ln\u00ed a mezin\u00e1rodn\u00ed mocnosti by toho mohly zneu\u017e\u00edt k prosazov\u00e1n\u00ed sv\u00fdch z\u00e1jm\u016f v zemi. To je ji\u017e p\u0159\u00edpad Kurd\u016f podporovan\u00fdch USA a Dr\u00faz\u016f, kte\u0159\u00ed jsou de facto chr\u00e1n\u011bni Izraelem. Vliv radik\u00e1ln\u00edch islamist\u016f ve vl\u00e1d\u011b se v\u0161ak zd\u00e1 b\u00fdt p\u0159\u00edli\u0161 siln\u00fd na to, aby umo\u017e\u0148oval jak\u00e9koli rozd\u011blen\u00ed moci. Dokonce i rozhovory se SDF pravd\u011bpodobn\u011b do konce roku zhrout\u00ed.<\/span><\/p>\n<p><img decoding=\"async\" loading=\"lazy\" class=\"alignnone size-full wp-image-1185\" src=\"http:\/\/www.infokuryr.cz\/n\/wp-content\/uploads\/2021\/04\/kuryr-podpis.png\" alt=\"\" width=\"84\" height=\"24\" \/><\/p>\n<p>&nbsp;<\/p>\n","protected":false},"excerpt":{"rendered":"<p>Tis\u00edce alavit\u016f vy\u0161ly 25. listopadu do ulic syrsk\u00e9ho pob\u0159e\u017e\u00ed, srdce komunity, aby protestovaly proti diskriminaci&#8230;<\/p>\n","protected":false},"author":2,"featured_media":93165,"comment_status":"closed","ping_status":"closed","sticky":false,"template":"","format":"standard","meta":[],"categories":[7],"tags":[8697,95,147,40,5135],"_links":{"self":[{"href":"https:\/\/www.infokuryr.cz\/n\/wp-json\/wp\/v2\/posts\/93164"}],"collection":[{"href":"https:\/\/www.infokuryr.cz\/n\/wp-json\/wp\/v2\/posts"}],"about":[{"href":"https:\/\/www.infokuryr.cz\/n\/wp-json\/wp\/v2\/types\/post"}],"author":[{"embeddable":true,"href":"https:\/\/www.infokuryr.cz\/n\/wp-json\/wp\/v2\/users\/2"}],"replies":[{"embeddable":true,"href":"https:\/\/www.infokuryr.cz\/n\/wp-json\/wp\/v2\/comments?post=93164"}],"version-history":[{"count":0,"href":"https:\/\/www.infokuryr.cz\/n\/wp-json\/wp\/v2\/posts\/93164\/revisions"}],"wp:featuredmedia":[{"embeddable":true,"href":"https:\/\/www.infokuryr.cz\/n\/wp-json\/wp\/v2\/media\/93165"}],"wp:attachment":[{"href":"https:\/\/www.infokuryr.cz\/n\/wp-json\/wp\/v2\/media?parent=93164"}],"wp:term":[{"taxonomy":"category","embeddable":true,"href":"https:\/\/www.infokuryr.cz\/n\/wp-json\/wp\/v2\/categories?post=93164"},{"taxonomy":"post_tag","embeddable":true,"href":"https:\/\/www.infokuryr.cz\/n\/wp-json\/wp\/v2\/tags?post=93164"}],"curies":[{"name":"wp","href":"https:\/\/api.w.org\/{rel}","templated":true}]}}