{"id":93155,"date":"2025-11-26T06:02:06","date_gmt":"2025-11-26T05:02:06","guid":{"rendered":"https:\/\/www.infokuryr.cz\/n\/?p=93155"},"modified":"2025-11-26T06:02:06","modified_gmt":"2025-11-26T05:02:06","slug":"tri-marocane-zatceni-za-hromadne-znasilneni-italske-divky-kterou-vytahli-z-auta-jejiho-pritele-v-rimskem-parku","status":"publish","type":"post","link":"https:\/\/www.infokuryr.cz\/n\/2025\/11\/26\/tri-marocane-zatceni-za-hromadne-znasilneni-italske-divky-kterou-vytahli-z-auta-jejiho-pritele-v-rimskem-parku\/","title":{"rendered":"T\u0159i Maro\u010dan\u00e9 zat\u010deni za hromadn\u00e9 zn\u00e1siln\u011bn\u00ed italsk\u00e9 d\u00edvky, kterou vyt\u00e1hli z auta jej\u00edho p\u0159\u00edtele v \u0159\u00edmsk\u00e9m parku"},"content":{"rendered":"<div id=\"fb-root\"><\/div>\n<h3 class=\"s-tagline fw-tagline\"><span dir=\"auto\">Policie nad\u00e1le p\u00e1tr\u00e1 po dvou dal\u0161\u00edch podez\u0159el\u00fdch z \u0159\u00edjnov\u00e9ho \u00fatoku<\/span><\/h3>\n<p><span dir=\"auto\">\u0158\u00edmsk\u00e1 policie zatkla t\u0159i marock\u00e9 mu\u017ee obvin\u011bn\u00e9 z toho, \u017ee vyt\u00e1hli osmn\u00e1ctiletou d\u00edvku z auta jej\u00edho p\u0159\u00edtele a hromadn\u011b ji zn\u00e1silnili, zat\u00edmco jej\u00edho partnera omezili a donutili ho, aby se d\u00edval.<\/span><\/p>\n<p><span dir=\"auto\">Vy\u0161et\u0159ovatel\u00e9 uvedli, \u017ee \u017eena byla napadena ve\u010der 25. \u0159\u00edjna pot\u00e9, co gang migrant\u016f obkl\u00ed\u010dil zaparkovan\u00e9 auto, u kter\u00e9ho se ona a jej\u00ed 24let\u00fd p\u0159\u00edtel zastavili pozd\u011b v noci v parku Tor Tre Teste v italsk\u00e9 metropoli.<\/span><\/p>\n<p><span dir=\"auto\">Policie se domn\u00edv\u00e1, \u017ee skupinu mohlo tvo\u0159it a\u017e p\u011bt osob a po dvou podez\u0159el\u00fdch st\u00e1le p\u00e1tr\u00e1.<\/span><\/p>\n<p><span dir=\"auto\">Podle policie italsk\u00fd p\u00e1r zaparkoval sv\u00e9 vozidlo v odlehl\u00e9 \u010d\u00e1sti parku, kdy\u017e \u00fato\u010dn\u00edci rozbili okna auta a vytla\u010dili oba pasa\u017e\u00e9ry ven.\u00a0<\/span><a href=\"https:\/\/roma.corriere.it\/notizie\/cronaca\/25_novembre_24\/roma-stuprata-nel-parco-di-tor-tre-teste-davanti-al-fidanzato-arrestati-tre-uomini-magrebini-caccia-ad-altri-due-334dfdca-c15d-480c-8c28-b76b952cexlk.shtml?refresh_ce\"><span dir=\"auto\">Corriere della Sera<\/span><\/a><span dir=\"auto\">\u00a0informoval, \u017ee mu\u017ei mlad\u00e9ho mu\u017ee zadr\u017eeli, zat\u00edmco jeden z \u00fato\u010dn\u00edk\u016f \u017eenu zn\u00e1silnil. Pot\u00e9 p\u00e1ru ukradli mobiln\u00ed telefony, ne\u017e mu\u017ei uprchli p\u011b\u0161ky.<\/span><\/p>\n<p><span dir=\"auto\">\u00da\u0159ady uvedly, \u017ee otisky prst\u016f z\u00edskan\u00e9 z oken a vozidla spojuj\u00ed t\u0159i zat\u010den\u00e9 mu\u017ee s m\u00edstem \u010dinu.<\/span><\/p>\n<p><span dir=\"auto\">Pot\u00e9, co \u00fato\u010dn\u00edci uprchli, p\u00e1r kontaktoval z\u00e1chrann\u00e9 slo\u017eky a poskytl prohl\u00e1\u0161en\u00ed, kter\u00e1 detektiv\u016fm umo\u017enila rychle identifikovat podez\u0159el\u00e9.<\/span><\/p>\n<p><span dir=\"auto\">Dva podez\u0159el\u00ed byli zadr\u017eeni 28. \u0159\u00edjna. T\u0159et\u00ed mu\u017e byl zat\u010den v Ben\u00e1tk\u00e1ch o n\u011bkolik dn\u00ed pozd\u011bji. Policie kv\u016fli prob\u00edhaj\u00edc\u00edmu vy\u0161et\u0159ov\u00e1n\u00ed poskytovala omezen\u00e9 informace a policist\u00e9 nad\u00e1le zji\u0161\u0165uj\u00ed, zda byly do \u010dinu zapojeny dal\u0161\u00ed osoby.<\/span><\/p>\n<p><span dir=\"auto\">P\u0159\u00edpad vyvolal politick\u00e9 koment\u00e1\u0159e kritizuj\u00edc\u00ed omezenou celost\u00e1tn\u00ed pozornost, kter\u00e9 se incidentu zpo\u010d\u00e1tku dostalo. List\u00a0<\/span><a href=\"https:\/\/www.ilprimatonazionale.it\/primo-piano\/arrestati-stupratori-tor-tre-teste-marocchini-silenzio-mediatico-309055\/\"><span dir=\"auto\">Il Prima Nazionale<\/span><\/a><span dir=\"auto\">\u00a0poznamenal, \u017ee se nejedn\u00e1 o prvn\u00ed z\u00e1va\u017en\u00e9 sexu\u00e1ln\u00ed napaden\u00ed hl\u00e1\u0161en\u00e9 v oblasti Tor Tre Teste. Loni v srpnu byl v souvislosti se dv\u011bma samostatn\u00fdmi zn\u00e1siln\u011bn\u00edmi sp\u00e1chan\u00fdmi mezi Via Prenestina a parkem zat\u010den gambijsk\u00fd mu\u017e, v\u010detn\u011b zn\u00e1siln\u011bn\u00ed 60let\u00e9 \u017eeny.<\/span><\/p>\n<div class=\"twitter-tweet twitter-tweet-rendered\"><iframe id=\"twitter-widget-0\" class=\"\" title=\"X P\u0159\u00edsp\u011bvek\" src=\"https:\/\/platform.twitter.com\/embed\/Tweet.html?creatorScreenName=RMXnews&amp;dnt=false&amp;embedId=twitter-widget-0&amp;features=eyJ0ZndfdGltZWxpbmVfbGlzdCI6eyJidWNrZXQiOltdLCJ2ZXJzaW9uIjpudWxsfSwidGZ3X2ZvbGxvd2VyX2NvdW50X3N1bnNldCI6eyJidWNrZXQiOnRydWUsInZlcnNpb24iOm51bGx9LCJ0ZndfdHdlZXRfZWRpdF9iYWNrZW5kIjp7ImJ1Y2tldCI6Im9uIiwidmVyc2lvbiI6bnVsbH0sInRmd19yZWZzcmNfc2Vzc2lvbiI6eyJidWNrZXQiOiJvbiIsInZlcnNpb24iOm51bGx9LCJ0ZndfZm9zbnJfc29mdF9pbnRlcnZlbnRpb25zX2VuYWJsZWQiOnsiYnVja2V0Ijoib24iLCJ2ZXJzaW9uIjpudWxsfSwidGZ3X21peGVkX21lZGlhXzE1ODk3Ijp7ImJ1Y2tldCI6InRyZWF0bWVudCIsInZlcnNpb24iOm51bGx9LCJ0ZndfZXhwZXJpbWVudHNfY29va2llX2V4cGlyYXRpb24iOnsiYnVja2V0IjoxMjA5NjAwLCJ2ZXJzaW9uIjpudWxsfSwidGZ3X3Nob3dfYmlyZHdhdGNoX3Bpdm90c19lbmFibGVkIjp7ImJ1Y2tldCI6Im9uIiwidmVyc2lvbiI6bnVsbH0sInRmd19kdXBsaWNhdGVfc2NyaWJlc190b19zZXR0aW5ncyI6eyJidWNrZXQiOiJvbiIsInZlcnNpb24iOm51bGx9LCJ0ZndfdXNlX3Byb2ZpbGVfaW1hZ2Vfc2hhcGVfZW5hYmxlZCI6eyJidWNrZXQiOiJvbiIsInZlcnNpb24iOm51bGx9LCJ0ZndfdmlkZW9faGxzX2R5bmFtaWNfbWFuaWZlc3RzXzE1MDgyIjp7ImJ1Y2tldCI6InRydWVfYml0cmF0ZSIsInZlcnNpb24iOm51bGx9LCJ0ZndfbGVnYWN5X3RpbWVsaW5lX3N1bnNldCI6eyJidWNrZXQiOnRydWUsInZlcnNpb24iOm51bGx9LCJ0ZndfdHdlZXRfZWRpdF9mcm9udGVuZCI6eyJidWNrZXQiOiJvbiIsInZlcnNpb24iOm51bGx9fQ%3D%3D&amp;frame=false&amp;hideCard=false&amp;hideThread=false&amp;id=1993235450514096507&amp;lang=cs&amp;origin=https%3A%2F%2Frmx.news%2Farticle%2Fthree-moroccans-arrested-for-gang-rape-of-italian-teen-dragged-from-her-boyfriends-car-in-rome-park%2F&amp;sessionId=ff5c8f26cd95bf1b175fea4bb811428a603333c7&amp;theme=light&amp;widgetsVersion=2615f7e52b7e0%3A1702314776716&amp;width=550px\" frameborder=\"0\" scrolling=\"no\" allowfullscreen=\"allowfullscreen\" data-tweet-id=\"1993235450514096507\" data-mce-fragment=\"1\"><\/iframe><\/div>\n<p><span dir=\"auto\">Navzdory z\u00e1va\u017enosti t\u011bchto incident\u016f nevedly k \u0161ir\u0161\u00ed celost\u00e1tn\u00ed debat\u011b.<\/span><\/p>\n<p><span dir=\"auto\">\u201eToto ml\u010den\u00ed, je\u0161t\u011b v\u00edce ne\u017e n\u00e1sil\u00ed, je politick\u00fdm j\u00e1drem v\u011bci. Odhaluje, jak striktn\u011b selektivn\u00ed je sou\u010dasn\u00e1 r\u00e9torika o pr\u00e1vech \u017een. Vyvol\u00e1v\u00e1 pobou\u0159en\u00ed, kdy\u017e je pachatelem Ital, rozpoznateln\u00fd mu\u017e. Sl\u00e1bne, kdy\u017e jsou pachateli ji\u017e marginalizovan\u00ed neleg\u00e1ln\u00ed imigranti,\u201c napsal web.<\/span><\/p>\n<p><span dir=\"auto\">Server Remix News za\u010d\u00e1tkem tohoto t\u00fddne informoval o datech italsk\u00e9ho ministerstva vnitra za rok 2024, kter\u00e1 ukazuj\u00ed, \u017ee cizinci sp\u00e1chali 44 procent v\u0161ech zn\u00e1siln\u011bn\u00ed v dan\u00e9m roce, p\u0159esto\u017ee tvo\u0159ili pouze 9 procent obyvatel zem\u011b.<\/span><\/p>\n<p><span dir=\"auto\">Data jsou je\u0161t\u011b alarmuj\u00edc\u00ed, pokud se zam\u011b\u0159\u00edme na nezletil\u00e9 podez\u0159el\u00e9. Vl\u00e1dn\u00ed data v roce 2023 uk\u00e1zala, \u017ee 56 procent v\u0161ech zat\u010den\u00fdch nezletil\u00fdch za sexu\u00e1ln\u00ed n\u00e1sil\u00ed tvo\u0159ili cizinci.<\/span><\/p>\n<p><img decoding=\"async\" loading=\"lazy\" class=\"alignnone size-full wp-image-1185\" src=\"http:\/\/www.infokuryr.cz\/n\/wp-content\/uploads\/2021\/04\/kuryr-podpis.png\" alt=\"\" width=\"84\" height=\"24\" \/><\/p>\n<p>&nbsp;<\/p>\n","protected":false},"excerpt":{"rendered":"<p>Policie nad\u00e1le p\u00e1tr\u00e1 po dvou dal\u0161\u00edch podez\u0159el\u00fdch z \u0159\u00edjnov\u00e9ho \u00fatoku \u0158\u00edmsk\u00e1 policie zatkla t\u0159i marock\u00e9&#8230;<\/p>\n","protected":false},"author":2,"featured_media":34078,"comment_status":"closed","ping_status":"closed","sticky":false,"template":"","format":"standard","meta":[],"categories":[7],"tags":[119,191,10147,86,366],"_links":{"self":[{"href":"https:\/\/www.infokuryr.cz\/n\/wp-json\/wp\/v2\/posts\/93155"}],"collection":[{"href":"https:\/\/www.infokuryr.cz\/n\/wp-json\/wp\/v2\/posts"}],"about":[{"href":"https:\/\/www.infokuryr.cz\/n\/wp-json\/wp\/v2\/types\/post"}],"author":[{"embeddable":true,"href":"https:\/\/www.infokuryr.cz\/n\/wp-json\/wp\/v2\/users\/2"}],"replies":[{"embeddable":true,"href":"https:\/\/www.infokuryr.cz\/n\/wp-json\/wp\/v2\/comments?post=93155"}],"version-history":[{"count":0,"href":"https:\/\/www.infokuryr.cz\/n\/wp-json\/wp\/v2\/posts\/93155\/revisions"}],"wp:featuredmedia":[{"embeddable":true,"href":"https:\/\/www.infokuryr.cz\/n\/wp-json\/wp\/v2\/media\/34078"}],"wp:attachment":[{"href":"https:\/\/www.infokuryr.cz\/n\/wp-json\/wp\/v2\/media?parent=93155"}],"wp:term":[{"taxonomy":"category","embeddable":true,"href":"https:\/\/www.infokuryr.cz\/n\/wp-json\/wp\/v2\/categories?post=93155"},{"taxonomy":"post_tag","embeddable":true,"href":"https:\/\/www.infokuryr.cz\/n\/wp-json\/wp\/v2\/tags?post=93155"}],"curies":[{"name":"wp","href":"https:\/\/api.w.org\/{rel}","templated":true}]}}