{"id":93154,"date":"2025-11-26T05:59:59","date_gmt":"2025-11-26T04:59:59","guid":{"rendered":"https:\/\/www.infokuryr.cz\/n\/?p=93154"},"modified":"2025-11-26T06:07:32","modified_gmt":"2025-11-26T05:07:32","slug":"dopis-pana-strnada-prezidentu-republiky","status":"publish","type":"post","link":"https:\/\/www.infokuryr.cz\/n\/2025\/11\/26\/dopis-pana-strnada-prezidentu-republiky\/","title":{"rendered":"Dopis pana Strnada prezidentu republiky"},"content":{"rendered":"<div id=\"fb-root\"><\/div>\n<div class=\"-wm-x14z9mp -wm-xat24cr -wm-x1lziwak -wm-x1vvkbs -wm-xtlvy1s -wm-x126k92a\">\n<p><strong>K ruk\u00e1m pana Prezidenta \u010cR<\/strong><\/p>\n<p>Pane Prezidente, pane Pet\u0159e Pavle, dobr\u00fd den.<\/p>\n<p>Ji\u017e jsem psal n\u011bkolikr\u00e1t, jmenuji se Franti\u0161ek Strnad r.n. 1957. Sna\u017e\u00edm se sledovat politick\u00e9 d\u011bn\u00ed, kter\u00e9 se odehr\u00e1v\u00e1 po posledn\u00edch volb\u00e1ch do PS. Proto\u017ee nemus\u00edm rozum\u011bt v\u0161emu, tak se obrac\u00edm na V\u00e1s. D\u016fvodem je to, \u017ee mi unik\u00e1 p\u0159etahov\u00e1n\u00ed spojen\u00e9 s panem Babi\u0161em s \u00fadajn\u00fdm st\u0159etem jeho z\u00e1jm\u016f a jin\u00fdmi podobn\u00fdmi kauzami. D\u016fvody pro vstup lid\u00ed do politiky ne\u0159e\u0161\u00edm. Pan Babi\u0161, nebo Vy, je prost\u011b nepodstatn\u00e9.<\/p>\n<p>Ka\u017ed\u00fd jste m\u011bl sv\u00e9 d\u016fvody. \u010cemu jsem ale neporozum\u011bl, je ta Va\u0161e snaha &#8211; urputn\u00e1 &#8211; donutit pana Babi\u0161e, aby ve\u0159ejn\u011b, lidem vysv\u011btlil, jak nalo\u017e\u00ed s firmou tak, aby se sm\u00e1zl st\u0159et z\u00e1jm\u016f. Mimochodem, na to, \u017ee by n\u011bco takov\u00e9ho mohlo b\u00fdt, upozornila EU jedna neziskov\u00e1 organizace z \u010cR.<\/p>\n<p>Nediv\u00edm se, \u017ee pan Babi\u0161 odm\u00edt\u00e1 ve\u0159ejn\u011b n\u011bco prohla\u0161ovat, a udivuje mne, \u017ee z Va\u0161\u00ed strany, pane Prezidente, je takov\u00fd apel. S\u00e1m sebe se pt\u00e1m, kdo za t\u00edm stoj\u00ed? Pro\u010d tak? Proto\u017ee Va\u0161e aktivity se pohybovaly v rovin\u011b cest, kdy jste zav\u00edtal na Dakar, do Japonska na sv\u011btovou v\u00fdstavu, nebo na motorce do N\u011bmecka za potomky Sudetsk\u00fdch N\u011bmc\u016f.<\/p>\n<p>A to se neur\u00e1\u017eejte, tak to vid\u00ed \u0159ada ob\u010dan\u016f. Pokud se n\u011bkdo zamysl\u00ed, zp\u011btn\u011b si vzpomene na to, jak m\u00e9dia &#8222;griluj\u00ed&#8220; Andreje Babi\u0161e za to, \u010di ono, jak neeticky zneu\u017eili jeho syna, tak ve\u0159ejn\u00fd vystoupen\u00edm by na sebe strhl op\u011bt vl\u010d\u00e1ky z m\u00e9di\u00ed. A navrch tlak ze strany Hradu.\u00a0Skute\u010dn\u011b jedn\u00e1n\u00ed, kter\u00e9 se vymyk\u00e1 zdrav\u00e9mu rozumu.<\/p>\n<p>Pane Pet\u0159e Pavle,<\/p>\n<p>m\u016fj dotaz, kter\u00fd po del\u0161\u00edm \u00favodu n\u00e1sleduje, je tento. Je \u010di nen\u00ed st\u0159etem z\u00e1jm\u016f Va\u0161e p\u016fsoben\u00ed ve firm\u011b Globsec? Pro\u010d jste se k Va\u0161emu p\u016fsoben\u00ed nep\u0159ihl\u00e1sil v dob\u011b, kdy jste kandidoval na prezidenta? Jste ve veden\u00ed. Firma &#8211; spole\u010dnost &#8211; Globsec m\u00e1 zam\u011b\u0159en\u00ed obchodov\u00e1n\u00ed se zbran\u011bmi a munic\u00ed. Kdo sed\u00ed v p\u0159edstavenstvu, jedno v jak\u00e9 firm\u011b, bere pod\u00edl z obratu. Nikdo to ned\u011bl\u00e1 z nudy, nebo jen tak z mecen\u00e1\u0161stv\u00ed. Nebo se pletu? Je, anebo to nen\u00ed, V\u00e1\u0161 st\u0159et z\u00e1jm\u016f?<\/p>\n<p>Nikdy jsem Nikomu Nic Nez\u00e1vid\u011bl.<\/p>\n<p>Je smutn\u00fdm zji\u0161t\u011bn\u00edm, \u017ee voj\u00e1k ve v\u00fdslu\u017eb\u011b s nemalou v\u00fdsluhou, spr\u00e1vn\u011b jste odhadl, \u017ee m\u00edn\u00edm V\u00e1s, s prezidentskou apan\u00e1\u017e\u00ed, \u0159adou v\u00fdhod, je je\u0161t\u011b na v\u00fdplatn\u00ed listin\u011b fy. Globsec. Pochopiteln\u011b jsem si Va\u0161i aktivitu s &#8222;Muni\u010dn\u00ed iniciativou&#8220; spojil s Globsecem&#8230; Op\u011bt dotaz? A st\u0159et z\u00e1jm\u016f to nen\u00ed? Hlava st\u00e1tu a obchodov\u00e1n\u00ed s munic\u00ed, dod\u00e1vky Ukrajin\u011b. Fakt bych musel b\u00fdt s IQ pod 90, abych si myslel, \u017ee jsem se svou \u00favahou mimo.<\/p>\n<p>Pane prezidente,<\/p>\n<p>p\u0159edes\u00edl\u00e1m, \u017ee nejsem voli\u010dem ANO. Pana Babi\u0161e tahaj\u00ed po soudech u\u017e mnoho let za dotaci 50 milion\u016f. Snad se nepletu, kauza je star\u00e1 18 let. Pen\u00edze vr\u00e1til, ale, ale, ale &#8230; To nikoho nezaj\u00edm\u00e1. Pen\u00edze na dotace se nerozd\u00e1valy do igelitek. O ty se \u017e\u00e1dalo. Dotaci podepsal tehdej\u0161\u00ed ministr pan Kalousek. O n\u011bm ani slovo, jen Babi\u0161.<\/p>\n<p>Pan Karel Schwarzenberg po\u017e\u00e1dal o dotaci 100 milion\u016f na vy\u010di\u0161t\u011bn\u00ed rybn\u00edku nedaleko z\u00e1mku Orl\u00edk. Vznikl \u0161t\u011brkop\u00edskov\u00fd lom, dotaci nevracel a z \u010di\u0161t\u011bn\u00ed se stal k\u0161eft. Je, anebo nen\u00ed, to st\u0159et z\u00e1jm\u016f? Zneu\u017eit\u00ed dota\u010dn\u00edho z\u00e1m\u011bru. Pokud byste se pokusil p\u00e1trat, tak byste se dostal a\u017e do minulosti, do doby sb\u011brn\u00e9ho t\u00e1bora pro Cik\u00e1ny v Letech u P\u00edsku, kter\u00fd zalo\u017eil otec pana Schwarzenberga. A mo\u017en\u00e1 byste se nesta\u010dil divit, k \u010demu ten rybn\u00edk slou\u017eil &#8230;<\/p>\n<p>Pan Petr Fiala je \/byl\/ ve veden\u00ed Kampeli\u010dky. V dob\u011b, kdy je premi\u00e9rem vl\u00e1dy \u010cR. Je, anebo nen\u00ed toto st\u0159et z\u00e1jm\u016f? A dalo by se pokra\u010dovat.<\/p>\n<p>Nikdy, Nikdo, po Nikom nevy\u017eadoval ze strany Hradu, takto ve\u0159ejn\u011b n\u011bjak\u00e9 prohl\u00e1\u0161en\u00ed. To ostatn\u011b nepadlo ani v dob\u011b, kdy jste kandidoval, \u017ee m\u00e1te &#8222;sv\u00e9 drobn\u00e9&#8220; u Globsec.<\/p>\n<p>Je m\u00fdm smutn\u00fdm konstatov\u00e1n\u00edm, \u017ee jste cht\u011bl b\u00fdt prezidentem v\u0161ech, ale \u0159ada lid\u00ed tomu nev\u011b\u0159ila a nyn\u00ed je \u0159ada lid\u00ed p\u0159esv\u011bd\u010den\u00e1, \u017ee to tak prost\u011b nen\u00ed. A nen\u00ed to jen a pouze kauza Babi\u0161. Uveden\u00fd n\u00e1zor je skute\u010dn\u00fdm postojem \u0159ady obyvatel, ale ti se boj\u00ed, nebo necht\u011bj\u00ed, V\u00e1m napsat.<\/p>\n<p>S pozdravem, M\u00edrov\u00e9 nebe nad hlavou &#8211; bez munice z Globsec<\/p>\n<p><strong><em>arch. Franti\u0161ek Strnad<\/em><\/strong><\/p>\n<p>P.S.<\/p>\n<p>Patrn\u011b tu\u0161\u00edm, jak m\u016fj dopis dopadne. Ostatn\u011b ty dv\u011b d\u00e1my, se kter\u00fdmi jsem mluvil na Pra\u017esk\u00e9m hrad\u011b, mne jen ujistily v tom, \u017ee dobr\u00e9 zpr\u00e1vy, pochvaly, asi \u010dtete, tento e-mail je ale z jin\u00e9ho n\u00e1zorov\u00e9ho proudu.<\/p>\n<p dir=\"auto\">\n<\/div>\n","protected":false},"excerpt":{"rendered":"<p>K ruk\u00e1m pana Prezidenta \u010cR Pane Prezidente, pane Pet\u0159e Pavle, dobr\u00fd den. Ji\u017e jsem psal&#8230;<\/p>\n","protected":false},"author":2,"featured_media":47564,"comment_status":"closed","ping_status":"closed","sticky":false,"template":"","format":"standard","meta":[],"categories":[6],"tags":[1412,1173,165,1240],"_links":{"self":[{"href":"https:\/\/www.infokuryr.cz\/n\/wp-json\/wp\/v2\/posts\/93154"}],"collection":[{"href":"https:\/\/www.infokuryr.cz\/n\/wp-json\/wp\/v2\/posts"}],"about":[{"href":"https:\/\/www.infokuryr.cz\/n\/wp-json\/wp\/v2\/types\/post"}],"author":[{"embeddable":true,"href":"https:\/\/www.infokuryr.cz\/n\/wp-json\/wp\/v2\/users\/2"}],"replies":[{"embeddable":true,"href":"https:\/\/www.infokuryr.cz\/n\/wp-json\/wp\/v2\/comments?post=93154"}],"version-history":[{"count":1,"href":"https:\/\/www.infokuryr.cz\/n\/wp-json\/wp\/v2\/posts\/93154\/revisions"}],"predecessor-version":[{"id":93156,"href":"https:\/\/www.infokuryr.cz\/n\/wp-json\/wp\/v2\/posts\/93154\/revisions\/93156"}],"wp:featuredmedia":[{"embeddable":true,"href":"https:\/\/www.infokuryr.cz\/n\/wp-json\/wp\/v2\/media\/47564"}],"wp:attachment":[{"href":"https:\/\/www.infokuryr.cz\/n\/wp-json\/wp\/v2\/media?parent=93154"}],"wp:term":[{"taxonomy":"category","embeddable":true,"href":"https:\/\/www.infokuryr.cz\/n\/wp-json\/wp\/v2\/categories?post=93154"},{"taxonomy":"post_tag","embeddable":true,"href":"https:\/\/www.infokuryr.cz\/n\/wp-json\/wp\/v2\/tags?post=93154"}],"curies":[{"name":"wp","href":"https:\/\/api.w.org\/{rel}","templated":true}]}}