{"id":93152,"date":"2025-11-26T05:56:04","date_gmt":"2025-11-26T04:56:04","guid":{"rendered":"https:\/\/www.infokuryr.cz\/n\/?p=93152"},"modified":"2025-11-26T05:56:04","modified_gmt":"2025-11-26T04:56:04","slug":"muz-zemrel-v-nemocnici-nekolik-dni-pote-co-na-tramvajove-zastavce-v-lyonu-byl-pobodan-vidlickou-na-gril-zatcen-bezdomovec-z-guadeloupu","status":"publish","type":"post","link":"https:\/\/www.infokuryr.cz\/n\/2025\/11\/26\/muz-zemrel-v-nemocnici-nekolik-dni-pote-co-na-tramvajove-zastavce-v-lyonu-byl-pobodan-vidlickou-na-gril-zatcen-bezdomovec-z-guadeloupu\/","title":{"rendered":"Mu\u017e zem\u0159el v nemocnici n\u011bkolik dn\u00ed pot\u00e9, co na tramvajov\u00e9 zast\u00e1vce v Lyonu byl pobod\u00e1n vidli\u010dkou na gril; zat\u010den bezdomovec z Guadeloupu"},"content":{"rendered":"<div id=\"fb-root\"><\/div>\n<h3 class=\"s-tagline fw-tagline\"><span dir=\"auto\">\u0160estapades\u00e1tilet\u00fd mu\u017e podlehl sv\u00fdm zran\u011bn\u00edm dva t\u00fddny pot\u00e9, co se po \u00fatoku zhroutil na tramvajov\u00fdch kolej\u00edch<\/span><\/h3>\n<p><span dir=\"auto\">Podle francouzsk\u00fdch m\u00e9di\u00ed zem\u0159el dva t\u00fddny pot\u00e9, co byl pobod\u00e1n na tramvajov\u00e9 zast\u00e1vce Perrache ve 2. lyonsk\u00e9m obvodu, \u0161estapades\u00e1tilet\u00fd mu\u017e.<\/span><\/p>\n<p><span dir=\"auto\">K \u00fatoku do\u0161lo v p\u00e1tek 14. listopadu kolem 21:30. Podle policie a m\u00edstn\u00edch zpr\u00e1v z\u00a0<\/span><a href=\"https:\/\/actu.fr\/auvergne-rhone-alpes\/lyon_69123\/lyon-un-corps-par-terre-un-homme-entre-la-vie-et-la-mort-apres-une-agression-a-une-station-tcl_63446001.html\"><span dir=\"auto\">Actu Lyon<\/span><\/a><span dir=\"auto\">\u00a0se ob\u011b\u0165 zhroutila na tramvajov\u00e9 koleje pot\u00e9, co byla p\u0159ed zraky n\u011bkolika sv\u011bdk\u016f nejm\u00e9n\u011b jednou pobod\u00e1na.<\/span><\/p>\n<p><span dir=\"auto\">Z\u00e1chran\u00e1\u0159i mu\u017ee na m\u00edst\u011b o\u0161et\u0159ili a pot\u00e9 ho p\u0159evezli do nemocnice \u00c9douard-Herriot, kde z\u016fstal v kritick\u00e9m stavu. \u00da\u0159ady o v\u00edkendu potvrdily, \u017ee na n\u00e1sledky zran\u011bn\u00ed zem\u0159el.<\/span><\/p>\n<p><span dir=\"auto\">Sv\u011bdci popsali n\u00e1sledky jako hluboce znepokojiv\u00e9. Jeden \u010dlov\u011bk \u0159ekl m\u00edstn\u00edm m\u00e9di\u00edm: \u201eVid\u011bli jsme t\u011blo pobl\u00ed\u017e tramvaje.\u201c Dal\u0161\u00ed popsal situaci jako \u201eno\u010dn\u00ed m\u016fru\u201c a vzpom\u00ednal na zmatek, kter\u00fd panoval, kdy\u017e se cestuj\u00edc\u00ed a kolemjdouc\u00ed sna\u017eili pochopit, co se stalo.<\/span><\/p>\n<p><span dir=\"auto\">Podez\u0159el\u00fd byl kr\u00e1tce po \u00fatoku zadr\u017een na z\u00e1klad\u011b v\u00fdpov\u011bd\u00ed sv\u011bdk\u016f a z\u00e1znam\u016f z bezpe\u010dnostn\u00edch kamer. Podle lyonsk\u00e9 prokuratury byl mu\u017e \u2013 identifikovan\u00fd jako 32let\u00fd bezdomovec p\u016fvodem z Guadeloupe \u2013 um\u00edst\u011bn do policejn\u00ed vazby, ale pozd\u011bji byl p\u0159evezen na psychiatrick\u00e9 odd\u011blen\u00ed pot\u00e9, co byl jeho stav shled\u00e1n l\u00e9ka\u0159sky neslu\u010diteln\u00fdm s vazbou.<\/span><\/p>\n<p><span dir=\"auto\">Po smrti ob\u011bti byl v pond\u011bl\u00ed znovu zat\u010den a vy\u0161et\u0159ov\u00e1n\u00ed bylo p\u0159ekvalifikov\u00e1no na p\u0159\u00edpad vra\u017edy.<\/span><\/p>\n<p><span dir=\"auto\">Prvn\u00ed informace nazna\u010duj\u00ed, \u017ee ob\u011b\u0165 byla bodnuta do hrudn\u00edku vidli\u010dkou na grilov\u00e1n\u00ed v tunelu pro p\u011b\u0161\u00ed, kter\u00fdm jezd\u00ed tramvajov\u00e9 linky.<\/span><\/p>\n<p><span dir=\"auto\">P\u0159esn\u00fd motiv \u00fatoku z\u016fst\u00e1v\u00e1 nezn\u00e1m\u00fd.<\/span><\/p>\n<p><span dir=\"auto\">Je pozoruhodn\u00e9, \u017ee k velmi podobn\u00e9mu p\u0159\u00edb\u011bhu do\u0161lo pr\u00e1v\u011b v Pa\u0159\u00ed\u017ei, kde n\u00e1siln\u00fd migrant z Guadeloupe sekl dv\u011bma ob\u011btem do obli\u010deje a\u00a0<\/span><a href=\"https:\/\/rmx.news\/article\/eu-censors-story-of-french-youth-killian-having-his-face-carved-into-the-jokers-smile-by-a-homeless-caribbean-migrant-in-paris\/\"><span dir=\"auto\">ka\u017ed\u00e9 z nich vyryl \u201eJoker\u016fv \u00fasm\u011bv\u201c<\/span><\/a><span dir=\"auto\">\u00a0.<\/span><\/p>\n<p><span dir=\"auto\">Mlad\u00fd Killian a jeho p\u0159\u00edtelkyn\u011b hovo\u0159ili s francouzsk\u00fdmi m\u00e9dii o d\u011bsiv\u00e9 ud\u00e1losti z po\u010d\u00e1tku tohoto m\u011bs\u00edce.<\/span><\/p>\n<p><img decoding=\"async\" loading=\"lazy\" class=\"alignnone size-full wp-image-1185\" src=\"http:\/\/www.infokuryr.cz\/n\/wp-content\/uploads\/2021\/04\/kuryr-podpis.png\" alt=\"\" width=\"84\" height=\"24\" \/><\/p>\n<p>&nbsp;<\/p>\n","protected":false},"excerpt":{"rendered":"<p>\u0160estapades\u00e1tilet\u00fd mu\u017e podlehl sv\u00fdm zran\u011bn\u00edm dva t\u00fddny pot\u00e9, co se po \u00fatoku zhroutil na tramvajov\u00fdch&#8230;<\/p>\n","protected":false},"author":2,"featured_media":93153,"comment_status":"closed","ping_status":"closed","sticky":false,"template":"","format":"standard","meta":[],"categories":[7],"tags":[130,551,3720,6742],"_links":{"self":[{"href":"https:\/\/www.infokuryr.cz\/n\/wp-json\/wp\/v2\/posts\/93152"}],"collection":[{"href":"https:\/\/www.infokuryr.cz\/n\/wp-json\/wp\/v2\/posts"}],"about":[{"href":"https:\/\/www.infokuryr.cz\/n\/wp-json\/wp\/v2\/types\/post"}],"author":[{"embeddable":true,"href":"https:\/\/www.infokuryr.cz\/n\/wp-json\/wp\/v2\/users\/2"}],"replies":[{"embeddable":true,"href":"https:\/\/www.infokuryr.cz\/n\/wp-json\/wp\/v2\/comments?post=93152"}],"version-history":[{"count":0,"href":"https:\/\/www.infokuryr.cz\/n\/wp-json\/wp\/v2\/posts\/93152\/revisions"}],"wp:featuredmedia":[{"embeddable":true,"href":"https:\/\/www.infokuryr.cz\/n\/wp-json\/wp\/v2\/media\/93153"}],"wp:attachment":[{"href":"https:\/\/www.infokuryr.cz\/n\/wp-json\/wp\/v2\/media?parent=93152"}],"wp:term":[{"taxonomy":"category","embeddable":true,"href":"https:\/\/www.infokuryr.cz\/n\/wp-json\/wp\/v2\/categories?post=93152"},{"taxonomy":"post_tag","embeddable":true,"href":"https:\/\/www.infokuryr.cz\/n\/wp-json\/wp\/v2\/tags?post=93152"}],"curies":[{"name":"wp","href":"https:\/\/api.w.org\/{rel}","templated":true}]}}