{"id":93150,"date":"2025-11-26T05:50:45","date_gmt":"2025-11-26T04:50:45","guid":{"rendered":"https:\/\/www.infokuryr.cz\/n\/?p=93150"},"modified":"2025-11-26T05:50:45","modified_gmt":"2025-11-26T04:50:45","slug":"proc-se-jim-vzdycky-dari-nas-drzet-na-zemi","status":"publish","type":"post","link":"https:\/\/www.infokuryr.cz\/n\/2025\/11\/26\/proc-se-jim-vzdycky-dari-nas-drzet-na-zemi\/","title":{"rendered":"Pro\u010d se jim v\u017edycky da\u0159\u00ed n\u00e1s dr\u017eet na zemi?"},"content":{"rendered":"<div id=\"fb-root\"><\/div>\n<p><strong><span dir=\"auto\">Ot\u00e1zka nezn\u00ed, co si sm\u00edme dovolit, ale co si dovol\u00edme, aby se n\u00e1m d\u011blalo: Prohl\u00e1\u0161en\u00ed zp\u011bva\u010dky Neny se b\u011bhem pandemie stalo vir\u00e1ln\u00edm. P\u0159esto se my lid\u00e9 zd\u00e1me b\u00fdt pozoruhodn\u011b odoln\u00ed, proto\u017ee si dovolujeme, aby se n\u00e1m d\u011blalo tolik v\u011bc\u00ed. N\u00e1\u0161 hostuj\u00edc\u00ed autor se pt\u00e1: Pro\u010d? Jak n\u00e1s ti, kte\u0159\u00ed jsou u moci, zd\u00e1nliv\u011b tak snadno nut\u00ed k \u00fastupu?<\/span><\/strong><\/p>\n<p><span dir=\"auto\">Od za\u010d\u00e1tku pandemie koronaviru p\u0159ed p\u011bti lety si velk\u00e9 mno\u017estv\u00ed lid\u00ed klade alespo\u0148 jednu z t\u011bchto ot\u00e1zek: Pro\u010d maj\u00ed ti, kte\u0159\u00ed jsou u moci, svobodu jednat, jak se jim zl\u00edb\u00ed, bez omezen\u00ed? Pro\u010d neexistuje \u00fa\u010dinn\u00fd syst\u00e9m kontroly a vyv\u00e1\u017eenosti, kter\u00fd by jim v tom zabr\u00e1nil? Pro\u010d je mo\u017en\u00e9, \u017ee z\u00e1kony a p\u0159edpisy, a\u0165 u\u017e jsou jakkoli protich\u016fdn\u00e9 a kontroverzn\u00ed, jednodu\u0161e zaniknou? Pro\u010d pracovit\u00fdm ob\u010dan\u016fm na za\u010d\u00e1tku m\u011bs\u00edce zb\u00fdv\u00e1 tak m\u00e1lo ze mzdy? Pro\u010d vl\u00e1dy financuj\u00ed v\u00e1lku na Ukrajin\u011b? A pro\u010d se v\u00e1no\u010dn\u00ed trhy ru\u0161\u00ed bez p\u0159edchoz\u00edho upozorn\u011bn\u00ed?<\/span><\/p>\n<p><span dir=\"auto\">Tyto ot\u00e1zky jsou jen mal\u00fdm v\u00fdb\u011brem z mnohem v\u011bt\u0161\u00edho katalogu otev\u0159en\u00fdch probl\u00e9m\u016f.<\/span><\/p>\n<p><span dir=\"auto\">V\u00e1\u017een\u00ed \u010dten\u00e1\u0159i, pamatujete si pl\u00e1novanou pandemii, hroz\u00edc\u00ed povinn\u00e9 o\u010dkov\u00e1n\u00ed, \u00fadajn\u011b \u010dlov\u011bkem zp\u016fsobenou zm\u011bnu klimatu, c\u00edl t\u011bch u moci zru\u0161it hotovost?<\/span><\/p>\n<p><span dir=\"auto\">S jak\u00fdmi p\u0159\u00edb\u011bhy jsme se je\u0161t\u011b nesetkali? Existuj\u00ed p\u0159\u00edb\u011bhy o pot\u00e1p\u011bj\u00edc\u00edch se ostrovech a pob\u0159e\u017en\u00edch m\u011bstech, kter\u00e1 \u00fadajn\u011b pohlcuje stoupaj\u00edc\u00ed mo\u0159e. Existuj\u00ed zpr\u00e1vy o dramatick\u00e9m t\u00e1n\u00ed pol\u00e1rn\u00edch ledovc\u016f. Zpr\u00e1vy o extr\u00e9mn\u00edch teplot\u00e1ch, kter\u00e9 by mohly vyvolat vlny veder, sucha a po\u017e\u00e1ry. O ohro\u017een\u00fdch kor\u00e1lov\u00fdch \u00fatesech. O extr\u00e9mn\u00edch pov\u011btrnostn\u00edch jevech a p\u0159\u00edrodn\u00edch katastrof\u00e1ch, bou\u0159\u00edch, povodn\u00edch s n\u00e1sledkem ne\u00farody a nedostatku potravin.<\/span><\/p>\n<p><span dir=\"auto\">Zeptejme se sami sebe: Pro\u010d n\u00e1m tohle v\u0161echno \u0159\u00edkaj\u00ed? Pro\u010d cht\u011bj\u00ed vl\u00e1dy, abychom v\u011b\u0159ili, \u017ee lid\u00e9 jsou hlavn\u00ed p\u0159\u00ed\u010dinou klimatick\u00fdch zm\u011bn? Pro\u010d akceptujeme, \u017ee si s n\u00e1mi vl\u00e1dy zd\u00e1nliv\u011b mohou d\u011blat, co cht\u011bj\u00ed? Pro\u010d n\u00e1s dok\u00e1\u017eou neust\u00e1le a komplexn\u011b manipulovat? A pro\u010d se o to vynakl\u00e1d\u00e1 takov\u00e9 \u00fasil\u00ed?<\/span><\/p>\n<h3 id=\"h-angst-sichert-macht-und-kontrolle\" class=\"wp-block-heading\"><span dir=\"auto\">Strach zaji\u0161\u0165uje moc a kontrolu<\/span><\/h3>\n<p><span dir=\"auto\">Pokud si mysl\u00edte, \u017ee nakonec jde jen o pen\u00edze a moc, m\u00e1te pravd\u011bpodobn\u011b naprostou pravdu. P\u0159esn\u011b kolem toho se to v\u0161echno z\u0159ejm\u011b to\u010d\u00ed \u2013 prost\u011b o vyko\u0159is\u0165ov\u00e1n\u00ed a \u00fatlak. Toho dosahuj\u00ed dovedn\u011b p\u0159i\u017eivovan\u00fdm strachem. Strachem z tohohle, strachem z tamtoho; t\u00edmto v\u0161udyp\u0159\u00edtomn\u00fdm strachem n\u00e1s den za dnem utla\u010duj\u00ed.<\/span><\/p>\n<p><span dir=\"auto\">Pravd\u011bpodobn\u011b si vzpom\u00edn\u00e1te na nechvaln\u011b zn\u00e1m\u00fd cit\u00e1t kancl\u00e9\u0159e Alexandra Schallenberga.<\/span><\/p>\n<p><em><span dir=\"auto\">&#8222;Budeme muset neo\u010dkovan\u00fdm p\u0159it\u00e1hnout ot\u011b\u017ee!&#8220;<\/span><\/em><\/p>\n<p><em><cite><span dir=\"auto\">Zdroj: ORF ZIB2, 5. listopadu 2021<\/span><\/cite><\/em><\/p>\n<p><span dir=\"auto\">Tato hrozba okam\u017eit\u011b spustila vlnu pobou\u0159en\u00ed a hn\u011bvu mezi bezpo\u010dtem lid\u00ed, zejm\u00e9na t\u011bch neo\u010dkovan\u00fdch, jako lesn\u00ed po\u017e\u00e1r. Byli jsme nuceni p\u0159ijmout tuto injekci pro \u00fapravu gen\u016f? \u0160\u00ed\u0159il se pocit bezmoci, doprov\u00e1zen\u00fd pocitem bezmocnosti. Z t\u00e9to paralyzuj\u00edc\u00ed bezmoci nakonec vyrostl t\u00edsniv\u00fd strach, kter\u00fd postupn\u011b ovl\u00e1dl na\u0161e my\u0161len\u00ed, a najednou jsme byli snadno manipulov\u00e1ni.<\/span><\/p>\n<p><span dir=\"auto\">Tento proces prob\u00edh\u00e1 t\u00e9m\u011b\u0159 automaticky, hluboko v n\u00e1s, a je opakovan\u011b spou\u0161t\u011bn vl\u00e1dami, kter\u00e9 \u00famysln\u011b podn\u011bcuj\u00ed strach lid\u00ed. To je jedin\u00fd zp\u016fsob, jak si zajistit moc a ovlivnit obyvatelstvo.<\/span><\/p>\n<p><span dir=\"auto\">Stru\u010dn\u011b \u0159e\u010deno: Vl\u00e1dy se mohou pokusit ovl\u00e1dat na\u0161e \u017eivoty zneu\u017e\u00edv\u00e1n\u00edm roz\u0161\u00ed\u0159en\u00e9ho strachu. Logick\u00fd z\u00e1v\u011br by byl jasn\u00fd: Absence strachu z d\u016fsledk\u016f vl\u00e1dn\u00edch krok\u016f by znamenala, \u017ee manipulace jsou ne\u00fa\u010dinn\u00e9.<\/span><\/p>\n<p><span dir=\"auto\">Jist\u011b jste si v\u0161imli: EU nyn\u00ed chce chr\u00e1nit demokracii \u201edemokratick\u00fdm \u0161t\u00edtem\u201c.<\/span><\/p>\n<h3 id=\"h-angst-vorm-volk\" class=\"wp-block-heading\"><span dir=\"auto\">Boj\u00edte se lid\u00ed?<\/span><\/h3>\n<p><span dir=\"auto\">Ale p\u0159ed k\u00fdm p\u0159esn\u011b m\u00e1 b\u00fdt demokracie chr\u00e1n\u011bna? Na tuto ot\u00e1zku pravd\u011bpodobn\u011b nedok\u00e1\u017ee odpov\u011bd\u011bt ani EU. Demokracie sama o sob\u011b nen\u00ed ohro\u017eena. Sp\u00ed\u0161e je to EU, kter\u00e1 tento \u0161t\u00edt pot\u0159ebuje; ve skute\u010dnosti je to EU, kterou poh\u00e1n\u00ed strach. Ano, \u010dtete spr\u00e1vn\u011b: je to jejich strach, kter\u00fd je motivuje. Boj\u00ed se ztr\u00e1ty kontroly, ztr\u00e1ty moci a evidentn\u011b se boj\u00ed vlastn\u00edch lid\u00ed. \u010c\u00edm v\u00edce se spol\u00e9haj\u00ed na cenzuru, t\u00edm jasn\u011bji se projevuj\u00ed jejich vlastn\u00ed obavy.\u00a0<\/span><\/p>\n<p><span dir=\"auto\">Demokratick\u00e1 spole\u010dnost m\u016f\u017ee existovat pouze tehdy, je-li svoboda projevu a otev\u0159en\u00e1 diskuse pova\u017eov\u00e1na za samoz\u0159ejmost. Ochrana soukrom\u00ed je proto nezbytn\u00e1.<\/span><\/p>\n<p><span dir=\"auto\">Vlastn\u011b je to docela jednoduch\u00e9: ti, kdo stoj\u00ed za \u0161t\u00edtem, jsou v\u017edy chr\u00e1n\u011bni, nikdy ne ti, kdo jsou p\u0159ed n\u00edm.<\/span><\/p>\n<p><span dir=\"auto\">Projekt jako Evropsk\u00e1 unie, kdysi zalo\u017een\u00e1 jako garant m\u00edru pro Evropu, nyn\u00ed pot\u0159ebuje zpravodajskou slu\u017ebu? Pro\u010d? M\u00e1 b\u00fdt vyu\u017e\u00edv\u00e1na k vy\u0161et\u0159ov\u00e1n\u00ed vlastn\u00edch ob\u010dan\u016f? Je to st\u00e1le strach, nebo u\u017e \u010dir\u00e1 megalomanie?<\/span><\/p>\n<p><span dir=\"auto\">Ale zp\u011bt k hlavn\u00edmu bodu: Jak vy\u0159e\u0161it tuto z\u00e1plavu strach\u016f, ani\u017e bychom je neust\u00e1le \u017eivili? Nebo je\u0161t\u011b l\u00e9pe: Jak zabr\u00e1nit tomu, aby tyto strachy v\u016fbec vznikly a zat\u011b\u017eovaly na\u0161e \u017eivoty? Jak se chr\u00e1nit p\u0159ed c\u00edlen\u00fdmi pokusy o manipulaci?<\/span><\/p>\n<p><span dir=\"auto\">Bohu\u017eel neexistuje \u017e\u00e1dn\u00fd spolehliv\u00fd zp\u016fsob, jak se chr\u00e1nit p\u0159ed manipulac\u00ed. Existuj\u00ed v\u0161ak r\u016fzn\u00e9 zp\u016fsoby, jak se p\u0159ipravit.<\/span><\/p>\n<h3 id=\"h-manipulation-das-beispiel-klimawandel\" class=\"wp-block-heading\"><span dir=\"auto\">Manipulace: P\u0159\u00edklad klimatick\u00fdch zm\u011bn<\/span><\/h3>\n<p><span dir=\"auto\">V\u011bnujte pozornost slov\u016fm, kter\u00e1 pou\u017e\u00edv\u00e1te. Slova v na\u0161ich mysl\u00edch vytv\u00e1\u0159ej\u00ed obrazy. Vezm\u011bte si jako p\u0159\u00edklad slovo \u201ezm\u011bna klimatu\u201c: zd\u00e1nliv\u011b ne\u0161kodn\u00e9, v\u011bcn\u00e9 slovo. Ve skute\u010dnosti jednodu\u0161e \u0159\u00edk\u00e1: Klima se m\u011bn\u00ed.<\/span><\/p>\n<p><span dir=\"auto\">Nyn\u00ed se pod\u00edvejme na term\u00edn \u201ezm\u011bna klimatu\u201c v kontextu koncept\u016f, jako jsou extr\u00e9mn\u00ed pov\u011btrnostn\u00ed jevy, povodn\u011b nebo t\u00e1n\u00ed ledovc\u016f. Od t\u00e9to chv\u00edle si budete term\u00edn \u201ezm\u011bna klimatu\u201c emocion\u00e1ln\u011b spojovat s hrozbou. Pro\u010d? Proto\u017ee extr\u00e9mn\u00ed po\u010das\u00ed, povodn\u011b a t\u00e1n\u00ed ledovc\u016f ve va\u0161\u00ed mysli evokuj\u00ed konkr\u00e9tn\u00ed obrazy. Takov\u00e9 sc\u00e9ny n\u00e1m neust\u00e1le upozor\u0148uj\u00ed mainstreamov\u00e1 m\u00e9dia a vryj\u00ed se do na\u0161eho podv\u011bdom\u00ed, posilovan\u00e9 nekone\u010dn\u00fdm opakov\u00e1n\u00edm. Znovu a znovu.<\/span><\/p>\n<p><span dir=\"auto\">To jde tak daleko, \u017ee byste dokonce museli \u0159\u00edct n\u011bkomu, kdo \u010dek\u00e1 p\u0159ed obchodem s b\u011b\u017e\u00edc\u00edm motorem, aby ho kv\u016fli \u017eivotn\u00edmu prost\u0159ed\u00ed vypnul. Koneckonc\u016f, to je \u0161patn\u00e9 pro klima.<\/span><\/p>\n<p><span dir=\"auto\">Kl\u00ed\u010dov\u00e9 v\u0161ak je toto: v podstat\u011b nikdy neov\u011b\u0159ili, zda jsou vl\u00e1dn\u00ed prohl\u00e1\u0161en\u00ed skute\u010dn\u011b pravdiv\u00e1. P\u0159esto si je u\u017e d\u00e1vno osvojili. Jsme manipulov\u00e1ni tak dovedn\u011b, \u017ee existuj\u00ed lid\u00e9, kte\u0159\u00ed skute\u010dn\u011b v\u011b\u0159\u00ed, \u017ee planeta sho\u0159\u00ed.<\/span><\/p>\n<p><span dir=\"auto\">Planeta nezanikne. Ale vy se j\u00ed boj\u00edte, pouze skrze s\u00edlu slov a s\u00edlu obraz\u016f.<\/span><\/p>\n<p><span dir=\"auto\">Realita je zcela jin\u00e1: V\u00edce CO2 znamen\u00e1 v\u011bt\u0161\u00ed r\u016fst. Jedna v\u011bc je jist\u00e1: Klima Zem\u011b se m\u011bnilo po miliony let a bude se m\u011bnit i nad\u00e1le.<\/span><\/p>\n<p><span dir=\"auto\">Za p\u0159edpokladu, \u017ee my lid\u00e9 skute\u010dn\u011b m\u00e1me takov\u00fd vliv, co\u017e je samoz\u0159ejm\u011b nesmysl, jak n\u00e1sleduj\u00edc\u00ed ud\u00e1lost souvis\u00ed s \u00fadajnou ochranou klimatu?<\/span><\/p>\n<p><strong><span dir=\"auto\">Zde je zpr\u00e1va od Petera Clarka na Telegramu:<\/span><\/strong><\/p>\n<p><em>V amazonsk\u00e9m de\u0161tn\u00e9m pralese pok\u00e1celi 100 000 strom\u016f kv\u016fli d\u00e1lnici, kter\u00e1 m\u00e1 p\u0159epravit 50 000 deleg\u00e1t\u016f na COP30 \u2013 a soukrom\u00e9 trysk\u00e1\u010de se na n\u011b \u0159\u00edt\u00ed z nebe jako uhl\u00edkov\u00e9 konfety. Avenida Liberdade (Avenue of Freedom) prot\u00edn\u00e1 chr\u00e1n\u011bnou ekologickou oblast Bel\u00e9m ji\u017en\u011b od Bel\u00e9mu (10.\u201321. listopadu) v d\u00e9lce 13 kilometr\u016f. Jak\u00e1 paradoxn\u00ed ironie zni\u010dit ikonick\u00fd de\u0161tn\u00fd prales kv\u016fli klimatick\u00e9mu summitu!<\/em><\/p>\n<p><em><span dir=\"auto\">Rud\u00fd prach lemuje hustou, zelenou d\u017eungli. \u017dlut\u00e9 bagry a buldozery se prod\u00edraj\u00ed roztrou\u0161en\u00fdmi vozidly. Odborn\u00edci varuj\u00ed p\u0159ed fragmentovan\u00fdmi biotopy, masivn\u00edm n\u00e1r\u016fstem koliz\u00ed s divok\u00fdmi zv\u00ed\u0159aty (Braz\u00edlie ka\u017edoro\u010dn\u011b ztr\u00e1c\u00ed na silnic\u00edch p\u0159ibli\u017en\u011b 475 milion\u016f divok\u00fdch zv\u00ed\u0159at) a ide\u00e1ln\u00ed \u017eivnou p\u016fdou pro neleg\u00e1ln\u00ed t\u011b\u017ebu d\u0159eva a roz\u0161i\u0159ov\u00e1n\u00ed osad. To je to, co klimatick\u00e1 neutralita ve skute\u010dnosti znamen\u00e1 na asfaltu: biodiverzita v p\u0159\u00edkopu.<\/span><\/em><\/p>\n<p><em><cite><span dir=\"auto\">Peter Clark; Zdroj: Telegramov\u00fd kan\u00e1l FAIRDENKEN AUSTRIA THE ORIGINAL, listopad 2025<\/span><\/cite><\/em><\/p>\n<p><span dir=\"auto\">Utvo\u0159te si vlastn\u00ed n\u00e1zor. Pok\u00e1cely by vl\u00e1dy, kter\u00e9 se \u00fadajn\u011b ob\u00e1vaj\u00ed klimatick\u00e9 katastrofy, 100 000 strom\u016f v Amazonii kv\u016fli klimatick\u00e9mu summitu, jeho\u017e c\u00edlem je zachr\u00e1nit klima? Sotva. P\u0159esto tyt\u00e9\u017e vl\u00e1dy tvrd\u00ed, \u017ee za klimatick\u00e9 zm\u011bny neseme vinu my. V kone\u010dn\u00e9m d\u016fsledku jde o vynalezen\u00ed n\u011b\u010deho neprokazateln\u00e9ho, \u200b\u200baby to pak mohlo b\u00fdt zdan\u011bno. Jako v\u017edy: pen\u00edze a moc.<\/span><\/p>\n<h3 id=\"h-genau-hinhoren\" class=\"wp-block-heading\"><span dir=\"auto\">Pozorn\u011b poslouchejte<\/span><\/h3>\n<p><span dir=\"auto\">Jak jsem \u0159ekl: P\u0159\u00edklad \u201eklimatick\u00fdch zm\u011bn\u201c je jen jednou z dlouh\u00e9ho seznamu manipulac\u00ed, kter\u00e9 pou\u017e\u00edvaj\u00ed ti u moci.<\/span><\/p>\n<p><span dir=\"auto\">Nejd\u016fle\u017eit\u011bj\u0161\u00ed v\u011bc\u00ed, na kterou byste opravdu nem\u011bli zapomenout, je zv\u00e1\u017eit v\u0161e do konce: Pozorn\u011b a p\u0159esn\u011b naslouchejte t\u011bm z\u00e1va\u017en\u00fdm slov\u016fm, kter\u00fdmi se n\u00e1s ti, kdo jsou u moci, sna\u017e\u00ed manipulovat. Tato slova jsou n\u011bkdy slo\u017eit\u011bj\u0161\u00ed, ne\u017e se na prvn\u00ed pohled zdaj\u00ed. V\u011bnujte zvl\u00e1\u0161tn\u00ed pozornost t\u011bm pojm\u016fm, kter\u00e9 se zdaj\u00ed b\u00fdt v\u00e1gn\u00ed a nedefinovan\u00e9, kter\u00e9 mohou zt\u011bles\u0148ovat jak v\u0161echno, tak nic. Tyto pojmy jsou \u010dasto navr\u017eeny tak, aby vytv\u00e1\u0159ely jak jasnost, tak zmatek. V\u017edy a kriticky zkoumejte, pokud je to mo\u017en\u00e9, p\u0159esnost a pravdivost u\u010din\u011bn\u00fdch tvrzen\u00ed. Ur\u010dit\u00e1 m\u00edra ostra\u017eitosti je vhodn\u00e1, zejm\u00e9na pokud si v\u0161imnete pl\u00ed\u017eiv\u00e9ho nebo do o\u010d\u00ed bij\u00edc\u00edho opakov\u00e1n\u00ed ur\u010dit\u00fdch tvrzen\u00ed. Jen proto, \u017ee ur\u010dit\u00e1 tvrzen\u00ed jsou \u0161iroce \u0161\u00ed\u0159ena a opakov\u00e1na donekone\u010dna, neznamen\u00e1 to, \u017ee jsou pravdiv\u00e1.<\/span><\/p>\n<p><span dir=\"auto\">A p\u0159edev\u0161\u00edm: Myslete sami. D\u016fv\u011b\u0159ujte sv\u00e9mu zdrav\u00e9mu rozumu.<\/span><\/p>\n<p><span dir=\"auto\">Na z\u00e1v\u011br mal\u00e1 anekdota:<\/span><\/p>\n<p><em><span dir=\"auto\">\u201eM\u011bl bys v\u011bci \u010dast\u011bji kl\u00e1st ot\u00e1zky.\u201c<\/span><\/em><br \/>\n<em><span dir=\"auto\">\u201ePro\u010d?\u201c<\/span><\/em><br \/>\n<em><span dir=\"auto\">\u201eV\u00fdborn\u011b! Jen tak d\u00e1l!\u201c<\/span><\/em><\/p>\n<p><em><cite><span dir=\"auto\">Zdroj: nezn\u00e1m\u00fd<\/span><\/cite><\/em><\/p>\n<p><em><span dir=\"auto\">Koment\u00e1\u0159 <a href=\"https:\/\/report24.news\/warum-gelingt-es-ihnen-uns-immer-kleinzuhalten\/\">Rudolfa Alethii<\/a><\/span><\/em><\/p>\n<p>&nbsp;<\/p>\n","protected":false},"excerpt":{"rendered":"<p>Ot\u00e1zka nezn\u00ed, co si sm\u00edme dovolit, ale co si dovol\u00edme, aby se n\u00e1m d\u011blalo: Prohl\u00e1\u0161en\u00ed&#8230;<\/p>\n","protected":false},"author":2,"featured_media":93151,"comment_status":"closed","ping_status":"closed","sticky":false,"template":"","format":"standard","meta":[],"categories":[7],"tags":[940,607,2812,2385],"_links":{"self":[{"href":"https:\/\/www.infokuryr.cz\/n\/wp-json\/wp\/v2\/posts\/93150"}],"collection":[{"href":"https:\/\/www.infokuryr.cz\/n\/wp-json\/wp\/v2\/posts"}],"about":[{"href":"https:\/\/www.infokuryr.cz\/n\/wp-json\/wp\/v2\/types\/post"}],"author":[{"embeddable":true,"href":"https:\/\/www.infokuryr.cz\/n\/wp-json\/wp\/v2\/users\/2"}],"replies":[{"embeddable":true,"href":"https:\/\/www.infokuryr.cz\/n\/wp-json\/wp\/v2\/comments?post=93150"}],"version-history":[{"count":0,"href":"https:\/\/www.infokuryr.cz\/n\/wp-json\/wp\/v2\/posts\/93150\/revisions"}],"wp:featuredmedia":[{"embeddable":true,"href":"https:\/\/www.infokuryr.cz\/n\/wp-json\/wp\/v2\/media\/93151"}],"wp:attachment":[{"href":"https:\/\/www.infokuryr.cz\/n\/wp-json\/wp\/v2\/media?parent=93150"}],"wp:term":[{"taxonomy":"category","embeddable":true,"href":"https:\/\/www.infokuryr.cz\/n\/wp-json\/wp\/v2\/categories?post=93150"},{"taxonomy":"post_tag","embeddable":true,"href":"https:\/\/www.infokuryr.cz\/n\/wp-json\/wp\/v2\/tags?post=93150"}],"curies":[{"name":"wp","href":"https:\/\/api.w.org\/{rel}","templated":true}]}}