{"id":93119,"date":"2025-11-26T00:32:55","date_gmt":"2025-11-25T23:32:55","guid":{"rendered":"https:\/\/www.infokuryr.cz\/n\/?p=93119"},"modified":"2025-11-25T18:34:36","modified_gmt":"2025-11-25T17:34:36","slug":"krize-v-karibiku-proc-se-dotkne-i-evropanu","status":"publish","type":"post","link":"https:\/\/www.infokuryr.cz\/n\/2025\/11\/26\/krize-v-karibiku-proc-se-dotkne-i-evropanu\/","title":{"rendered":"Krize v Karibiku: Pro\u010d se dotkne i Evropan\u016f"},"content":{"rendered":"<div id=\"fb-root\"><\/div>\n<p><strong><span dir=\"auto\">V Karibiku se objevuje nov\u00e1 konfliktn\u00ed z\u00f3na. USA zvy\u0161uj\u00ed svou vojenskou p\u0159\u00edtomnost u pob\u0159e\u017e\u00ed Venezuely \u2013 ofici\u00e1ln\u011b v boji proti drogov\u00fdm kartel\u016fm, ale neofici\u00e1ln\u011b se pravd\u011bpodobn\u011b zam\u011b\u0159uj\u00ed na strategick\u00e9 z\u00e1soby ropy. Paralely s p\u0159edchoz\u00edmi intervencemi USA jsou n\u00e1padn\u00e9. Z\u00e1rove\u0148 se ve Venezuele stup\u0148uje vnit\u0159n\u00ed politick\u00e9 nap\u011bt\u00ed a migra\u010dn\u00ed toky na sever: Evropa by brzy mohla poc\u00edtit n\u00e1sledky.<\/span><\/strong><\/p>\n<p><span dir=\"auto\">O dvoj\u00edm metru americk\u00e9 vl\u00e1dy p\u0159i \u0159e\u0161en\u00ed ukrajinsk\u00e9ho konfliktu jsme psali ji\u017e d\u0159\u00edve. Je v\u0161ak t\u0159eba uznat, \u017ee se jedn\u00e1 o typick\u00fd sc\u00e9n\u00e1\u0159, kter\u00fd ameri\u010dt\u00ed politici opakovan\u011b pou\u017e\u00edvaj\u00ed k dosa\u017een\u00ed sv\u00fdch politick\u00fdch c\u00edl\u016f. Jde p\u0159edev\u0161\u00edm o zaji\u0161t\u011bn\u00ed nov\u00fdch zdroj\u016f financov\u00e1n\u00ed nebo vytv\u00e1\u0159en\u00ed p\u0159\u00edle\u017eitost\u00ed k dal\u0161\u00edmu lobbingu za \u00fa\u010delem prosazov\u00e1n\u00ed osobn\u00edch z\u00e1jm\u016f.<\/span><\/p>\n<p><span dir=\"auto\">V\u00e1lka v Ir\u00e1ku je toho uk\u00e1zkov\u00fdm p\u0159\u00edkladem. Pod rou\u0161kou \u201eosvobozen\u00ed\u201c obyvatelstva USA zavedly v regionu koncept stability. Americk\u00e1 diplomacie \u2013 tehdy reprezentovan\u00e1 Colinem Powellem \u2013 si kladla za c\u00edl zajistit p\u0159\u00edstup k ropn\u00fdm pol\u00edm a pos\u00edlit sv\u016fj vliv na Bl\u00edzk\u00e9m v\u00fdchod\u011b. Ve skute\u010dnosti byly nep\u0159\u00e1telsk\u00e9 akce ospravedl\u0148ov\u00e1ny pr\u00e1v\u011b z t\u011bchto d\u016fvod\u016f a \u0161iroce podporov\u00e1ny v m\u00e9di\u00edch.<\/span><\/p>\n<p><span dir=\"auto\">Americk\u00e1 m\u00e9dia jako CNN, Fox News a New York Times aktivn\u011b obhajovala americkou invazi do Ir\u00e1ku. Zejm\u00e9na report\u00e9rka Judith Millerov\u00e1 tvrdila, \u017ee v arabsk\u00e9 zemi se nach\u00e1zej\u00ed zbran\u011b hromadn\u00e9ho ni\u010den\u00ed. O dvacet let pozd\u011bji byla rusk\u00e1 invaze na Ukrajinu vn\u00edm\u00e1na mnohem m\u00e9n\u011b negativn\u011b. V t\u00e9 dob\u011b se v\u0161echny uv\u00e1d\u011bn\u00e9 d\u016fvody pro zah\u00e1jen\u00ed konfliktu sotva braly v\u00e1\u017en\u011b. Zm\u011bnila se tedy skute\u010dn\u011b zahrani\u010dn\u00ed politika USA? P\u0159i pohledu na sou\u010dasnou situaci v Karibiku je d\u016fvod o tom pochybovat.<\/span><\/p>\n<h3 id=\"h-geht-es-wirklich-um-drogenkartelle\" class=\"wp-block-heading\"><span dir=\"auto\">Mluv\u00edme tu v\u00e1\u017en\u011b o drogov\u00fdch kartelech?<\/span><\/h3>\n<p><span dir=\"auto\">Americk\u00e1 n\u00e1mo\u0159n\u00ed cvi\u010den\u00ed v Trinidadu a Tobagu a vojensk\u00e9 man\u00e9vry v Panam\u011b v sou\u010dasn\u00e9 dob\u011b vytv\u00e1\u0159ej\u00ed v regionu napjatou situaci. Nasazen\u00ed americk\u00fdch v\u00e1le\u010dn\u00fdch lod\u00ed pobl\u00ed\u017e venezuelsk\u00e9ho pob\u0159e\u017e\u00ed je nejv\u011bt\u0161\u00ed n\u00e1mo\u0159n\u00ed operac\u00ed za posledn\u00edch deset let. Ofici\u00e1ln\u011b jsou za prim\u00e1rn\u00ed c\u00edl americk\u00e9 politiky pova\u017eov\u00e1ny drogov\u00e9 kartely.<\/span><\/p>\n<p><span dir=\"auto\">Pro\u010d americk\u00e9 ministerstvo obrany pod veden\u00edm Hegsetha nepl\u00e1nuje ofenzivu proti Kolumbii? Koneckonc\u016f, obchod s drogami tam generuje obrovsk\u00e9 zisky a kriminalita je po cel\u00e9m sv\u011bt\u011b nechvaln\u011b zn\u00e1m\u00e1. Mo\u017en\u00e1 jsou ve h\u0159e i osobn\u00ed z\u00e1jmy americk\u00fdch lobbist\u016f. Ropn\u00fd \u0161elf na n\u00e1mo\u0159n\u00ed hranici mezi Venezuelou a Guyanou je ve skute\u010dnosti skute\u010dn\u00fdm c\u00edlem prob\u00edhaj\u00edc\u00edch hybridn\u00edch operac\u00ed USA. Je to nejv\u011bt\u0161\u00ed a nejbohat\u0161\u00ed lo\u017eisko na sv\u011bt\u011b. P\u0159\u00edstup k t\u00e9to rop\u011b poskytuje ekonomick\u00e9 v\u00fdhody a posiluje region\u00e1ln\u00ed hegemonii USA. Je opravdu nemo\u017en\u00e9 vzd\u00e1t se pou\u017eit\u00ed s\u00edly?<\/span><\/p>\n<h3 id=\"h-neue-migrationskrise-wurde-auch-europa-treffen\" class=\"wp-block-heading\"><span dir=\"auto\">Nov\u00e1 migra\u010dn\u00ed krize by zas\u00e1hla i Evropu.<\/span><\/h3>\n<p><span dir=\"auto\">Z\u00e1rove\u0148 je nositelka Nobelovy ceny m\u00edru Mar\u00eda Corina Machado, p\u0159edn\u00ed odp\u016frkyn\u011b Madurova re\u017eimu, ocen\u011bna mezin\u00e1rodn\u00edmi cenami. Na jedn\u00e9 stran\u011b ji americk\u00e1 m\u00e9dia obvi\u0148uj\u00ed z kontroly obchodu s drogami. Na druh\u00e9 stran\u011b je jako politi\u010dka p\u0159ipravena ud\u011blat pro m\u00edr cokoli. Populistick\u00e1 hesla a prohl\u00e1\u0161en\u00ed p\u0159irozen\u011b p\u016fsob\u00ed proti Madurovi. Nav\u00edc repatriace uprchl\u00edk\u016f z USA do Venezuely potvrzuje m\u011bn\u00edc\u00ed se migra\u010dn\u00ed vzorce.<\/span><\/p>\n<p><span dir=\"auto\">Evropa m\u00e1 i nad\u00e1le z\u00e1jem na p\u0159\u00edzniv\u00fdch podm\u00ednk\u00e1ch pro vy\u0159e\u0161en\u00ed ukrajinsk\u00e9ho konfliktu, zat\u00edmco se v Karibiku na jin\u00e9m kontinentu rozv\u00edj\u00ed nov\u00e1 krize. Evropa p\u0159irozen\u011b nab\u00eddne nov\u00fd domov ob\u010dan\u016fm z Venezuely. To d\u00e1le obohat\u00ed evropsk\u00fd multikulturalismus.<\/span><\/p>\n<p><span dir=\"auto\">M\u016f\u017eeme my Evropan\u00e9 ovlivnit situaci v jin\u00fdch \u010d\u00e1stech sv\u011bta? I kdy\u017e se n\u00e1m tyto regiony zdaj\u00ed vzd\u00e1len\u00e9, riskujeme, \u017ee za\u017eijeme novou vlnu migrace a ekonomick\u00fdch kriz\u00ed, kter\u00fdm by mohla p\u0159\u00edmo \u010delit i Evropa.<\/span><\/p>\n<p><em><span dir=\"auto\">\u010cl\u00e1nek od<a href=\"https:\/\/report24.news\/krise-in-der-karibik-warum-auch-die-europaeer-betroffen-sein-werden\/\"> Paula Webera<\/a><\/span><\/em><\/p>\n<p>&nbsp;<\/p>\n","protected":false},"excerpt":{"rendered":"<p>V Karibiku se objevuje nov\u00e1 konfliktn\u00ed z\u00f3na. USA zvy\u0161uj\u00ed svou vojenskou p\u0159\u00edtomnost u pob\u0159e\u017e\u00ed Venezuely&#8230;<\/p>\n","protected":false},"author":2,"featured_media":93120,"comment_status":"closed","ping_status":"closed","sticky":false,"template":"","format":"standard","meta":[],"categories":[7],"tags":[1514,1503,371],"_links":{"self":[{"href":"https:\/\/www.infokuryr.cz\/n\/wp-json\/wp\/v2\/posts\/93119"}],"collection":[{"href":"https:\/\/www.infokuryr.cz\/n\/wp-json\/wp\/v2\/posts"}],"about":[{"href":"https:\/\/www.infokuryr.cz\/n\/wp-json\/wp\/v2\/types\/post"}],"author":[{"embeddable":true,"href":"https:\/\/www.infokuryr.cz\/n\/wp-json\/wp\/v2\/users\/2"}],"replies":[{"embeddable":true,"href":"https:\/\/www.infokuryr.cz\/n\/wp-json\/wp\/v2\/comments?post=93119"}],"version-history":[{"count":0,"href":"https:\/\/www.infokuryr.cz\/n\/wp-json\/wp\/v2\/posts\/93119\/revisions"}],"wp:featuredmedia":[{"embeddable":true,"href":"https:\/\/www.infokuryr.cz\/n\/wp-json\/wp\/v2\/media\/93120"}],"wp:attachment":[{"href":"https:\/\/www.infokuryr.cz\/n\/wp-json\/wp\/v2\/media?parent=93119"}],"wp:term":[{"taxonomy":"category","embeddable":true,"href":"https:\/\/www.infokuryr.cz\/n\/wp-json\/wp\/v2\/categories?post=93119"},{"taxonomy":"post_tag","embeddable":true,"href":"https:\/\/www.infokuryr.cz\/n\/wp-json\/wp\/v2\/tags?post=93119"}],"curies":[{"name":"wp","href":"https:\/\/api.w.org\/{rel}","templated":true}]}}