{"id":93118,"date":"2025-11-26T00:31:24","date_gmt":"2025-11-25T23:31:24","guid":{"rendered":"https:\/\/www.infokuryr.cz\/n\/?p=93118"},"modified":"2025-11-25T18:31:25","modified_gmt":"2025-11-25T17:31:25","slug":"ovladani-chatu-v-eu-obetovani-prosperity-pro-gulag","status":"publish","type":"post","link":"https:\/\/www.infokuryr.cz\/n\/2025\/11\/26\/ovladani-chatu-v-eu-obetovani-prosperity-pro-gulag\/","title":{"rendered":"Ovl\u00e1d\u00e1n\u00ed chatu v EU: Ob\u011btov\u00e1n\u00ed prosperity pro gulag?"},"content":{"rendered":"<div id=\"fb-root\"><\/div>\n<p><strong><span dir=\"auto\">EU ne\u00fanavn\u011b prosazuje tot\u00e1ln\u00ed dohled nad sv\u00fdmi ob\u010dany: Tolik kritizovan\u00fd dohled nad chatem m\u00e1 v \u00famyslu prosadit zadn\u00edmi vr\u00e1tky, formou \u00fadajn\u00e9ho kompromisu. Podle europoslance Martina Sonneborna m\u00e1 b\u00fdt n\u00e1vrh z\u00e1kona ve st\u0159edu na programu zased\u00e1n\u00ed velvyslanc\u016f EU a\u00a0<\/span><a href=\"https:\/\/www.msn.com\/de-de\/nachrichten\/digital\/eu-chatkontrolle-soll-ohne-diskussion-durchgewinkt-werden\/ar-AA1R33BK\"><span dir=\"auto\">schv\u00e1len<\/span><\/a><span dir=\"auto\">\u00a0\u201ebez diskuse \u201c. To nen\u00ed jen \u00fatok na obyvatelstvo, ale setk\u00e1 se to s odporem i v USA, kde m\u00e1 b\u00fdt sn\u00ed\u017een\u00ed cel podm\u00edn\u011bno reviz\u00ed digit\u00e1ln\u00edch p\u0159edpis\u016f v EU.<\/span><\/strong><\/p>\n<p><span dir=\"auto\">Spojen\u00e9 st\u00e1ty pod\u00e1vaj\u00ed Evropsk\u00e9 unii ruku v ruce, zat\u00ed\u017een\u00e9 l\u00e1kav\u00fdmi clov\u00fdmi \u0161krty a vyhl\u00eddkou na investice v \u0159\u00e1du bilion\u016f dolar\u016f, ale pouze pokud Brusel uvoln\u00ed sv\u00e9 drakonick\u00e9 digit\u00e1ln\u00ed regulace a zachr\u00e1n\u00ed svobodu projevu p\u0159ed utonut\u00edm v mo\u0159i cenzury. Pokud se EU bude i nad\u00e1le dr\u017eet sv\u00fdch pl\u00e1n\u016f na v\u0161eobj\u00edmaj\u00edc\u00ed kontrolu chatu, vt\u011bsn\u00e1 soukromou komunikaci do labyrintu sken\u016f a kontrol identity, a t\u00edm ob\u011btuje prosperitu za totalitn\u00ed p\u0159\u00edstup k my\u0161lenk\u00e1m a slov\u016fm, pak otev\u0159en\u011b ukazuje, \u017ee vytvo\u0159en\u00ed gulagu probuzen\u00fdch my\u0161lenek je d\u016fle\u017eit\u011bj\u0161\u00ed ne\u017e ekonomick\u00e1 prosperita jej\u00edch ob\u010dan\u016f.<\/span><\/p>\n<h3 id=\"h-das-angebot-aus-washington-zolle-fallen-wenn-zensur-brockelt\" class=\"wp-block-heading\"><span dir=\"auto\">Nab\u00eddka z Washingtonu: Cla klesnou, pokud se cenzura zhrout\u00ed.<\/span><\/h3>\n<p><span dir=\"auto\">Americk\u00fd ministr obchodu Howard Lutnick a obchodn\u00ed z\u00e1stupce Jamieson Greer v Bruselu jasn\u011b uvedli, \u017ee sn\u00ed\u017een\u00ed 50% americk\u00fdch cel na ocel a hlin\u00edk z EU z\u00e1vis\u00ed na revizi digit\u00e1ln\u00edch p\u0159edpis\u016f, kter\u00e9 odsuzuj\u00ed jako nespravedliv\u00e9 a zam\u011b\u0159en\u00e9 na americk\u00e9 technologick\u00e9 giganty. Lutnick zd\u016fraznil, \u017ee vyv\u00e1\u017een\u00e1 pravidla by mohla do EU p\u0159il\u00e1kat investice v \u0159\u00e1du bilion\u016f dolar\u016f, ale pouze po \u00faprav\u00e1ch p\u0159edpis\u016f EU, kter\u00e9 bojuj\u00ed proti \u0161kodliv\u00e9mu obsahu a nut\u00ed platformy k moderov\u00e1n\u00ed obsahu. Howard Lutnick na Facebooku uvedl:<\/span><\/p>\n<p><em><span dir=\"auto\">\u201ePoselstv\u00ed je jednoduch\u00e9: Pokud Evropa uvoln\u00ed sv\u016fj digit\u00e1ln\u00ed regula\u010dn\u00ed \u0161krt a vytvo\u0159\u00ed rovn\u00e9 podm\u00ednky pro americk\u00e9 spole\u010dnosti, otev\u0159e se j\u00ed dve\u0159e ke stovk\u00e1m miliard \u2013 dokonce 1 bilionu dolar\u016f \u2013 nov\u00fdch investic. To je to, co m\u016f\u017ee uvolnit spravedliv\u00fd a vyv\u00e1\u017een\u00fd obchodn\u00ed vztah.\u201c<\/span><\/em><\/p>\n<figure class=\"wp-block-embed is-type-rich is-provider-twitter wp-block-embed-twitter\">\n<div class=\"wp-block-embed__wrapper\">\n<div class=\"twitter-tweet twitter-tweet-rendered\"><iframe id=\"twitter-widget-0\" class=\"\" title=\"X P\u0159\u00edsp\u011bvek\" src=\"https:\/\/platform.twitter.com\/embed\/Tweet.html?dnt=true&amp;embedId=twitter-widget-0&amp;features=eyJ0ZndfdGltZWxpbmVfbGlzdCI6eyJidWNrZXQiOltdLCJ2ZXJzaW9uIjpudWxsfSwidGZ3X2ZvbGxvd2VyX2NvdW50X3N1bnNldCI6eyJidWNrZXQiOnRydWUsInZlcnNpb24iOm51bGx9LCJ0ZndfdHdlZXRfZWRpdF9iYWNrZW5kIjp7ImJ1Y2tldCI6Im9uIiwidmVyc2lvbiI6bnVsbH0sInRmd19yZWZzcmNfc2Vzc2lvbiI6eyJidWNrZXQiOiJvbiIsInZlcnNpb24iOm51bGx9LCJ0ZndfZm9zbnJfc29mdF9pbnRlcnZlbnRpb25zX2VuYWJsZWQiOnsiYnVja2V0Ijoib24iLCJ2ZXJzaW9uIjpudWxsfSwidGZ3X21peGVkX21lZGlhXzE1ODk3Ijp7ImJ1Y2tldCI6InRyZWF0bWVudCIsInZlcnNpb24iOm51bGx9LCJ0ZndfZXhwZXJpbWVudHNfY29va2llX2V4cGlyYXRpb24iOnsiYnVja2V0IjoxMjA5NjAwLCJ2ZXJzaW9uIjpudWxsfSwidGZ3X3Nob3dfYmlyZHdhdGNoX3Bpdm90c19lbmFibGVkIjp7ImJ1Y2tldCI6Im9uIiwidmVyc2lvbiI6bnVsbH0sInRmd19kdXBsaWNhdGVfc2NyaWJlc190b19zZXR0aW5ncyI6eyJidWNrZXQiOiJvbiIsInZlcnNpb24iOm51bGx9LCJ0ZndfdXNlX3Byb2ZpbGVfaW1hZ2Vfc2hhcGVfZW5hYmxlZCI6eyJidWNrZXQiOiJvbiIsInZlcnNpb24iOm51bGx9LCJ0ZndfdmlkZW9faGxzX2R5bmFtaWNfbWFuaWZlc3RzXzE1MDgyIjp7ImJ1Y2tldCI6InRydWVfYml0cmF0ZSIsInZlcnNpb24iOm51bGx9LCJ0ZndfbGVnYWN5X3RpbWVsaW5lX3N1bnNldCI6eyJidWNrZXQiOnRydWUsInZlcnNpb24iOm51bGx9LCJ0ZndfdHdlZXRfZWRpdF9mcm9udGVuZCI6eyJidWNrZXQiOiJvbiIsInZlcnNpb24iOm51bGx9fQ%3D%3D&amp;frame=false&amp;hideCard=false&amp;hideThread=false&amp;id=1992983245223608791&amp;lang=cs&amp;origin=https%3A%2F%2Freport24.news%2Feu-chatkontrolle-wohlstand-opfern-fuer-den-gulag%2F&amp;sessionId=92c699637a31c7ca2aec30a0bf8c37122aa537ea&amp;theme=light&amp;widgetsVersion=2615f7e52b7e0%3A1702314776716&amp;width=550px\" frameborder=\"0\" scrolling=\"no\" allowfullscreen=\"allowfullscreen\" data-tweet-id=\"1992983245223608791\" data-mce-fragment=\"1\"><\/iframe><\/div>\n<\/div><figcaption class=\"wp-element-caption\"><em><a href=\"https:\/\/x.com\/howardlutnick\/status\/1992983245223608791?s=20\" target=\"_blank\" rel=\"noreferrer noopener\"><span dir=\"auto\">\u00bbHoward Lutnick | \ud835\udd4f\u00ab<\/span><\/a><\/em><\/figcaption><\/figure>\n<p><span dir=\"auto\">Jak\u00a0 informovaly agentury\u00a0<\/span><a href=\"https:\/\/www.reuters.com\/world\/china\/eu-urge-us-apply-more-july-trade-deal-including-cutting-steel-tariffs-2025-11-24\/?utm_medium=Social&amp;utm_source=Facebook\" target=\"_blank\" rel=\"noreferrer noopener\"><span dir=\"auto\">Reuters<\/span><\/a><span dir=\"auto\">\u00a0\u00a0a\u00a0\u00a0<\/span><a href=\"https:\/\/www.handelsblatt.com\/politik\/international\/zollkonflikte-usa-wollen-weniger-digitalregulierung-gegen-zoll-erleichterungen\/100177533.html\" target=\"_blank\" rel=\"noreferrer noopener\"><span dir=\"auto\">Handelsblatt<\/span><\/a><span dir=\"auto\">\u00a0\u00a0, EU prosazuje ni\u017e\u0161\u00ed cla a v\u00fdjimky pro produkty, jako je v\u00edno, lihoviny, olivy, t\u011bstoviny, zdravotnick\u00e9 prost\u0159edky a biotechnologie, a z\u00e1rove\u0148 se dohodla na n\u00e1kupu zkapaln\u011bn\u00e9ho zemn\u00edho plynu, ropy a jadern\u00fdch energetick\u00fdch produkt\u016f z USA v hodnot\u011b 750 miliard dolar\u016f a tak\u00e9 americk\u00fdch \u010dip\u016f pro um\u011blou inteligenci v hodnot\u011b 40 miliard dolar\u016f do roku 2028. Krom\u011b toho se o\u010dek\u00e1v\u00e1, \u017ee spole\u010dnosti z EU investuj\u00ed 600 miliard dolar\u016f do strategick\u00fdch odv\u011btv\u00ed v USA (Handelsblatt).<\/span><\/p>\n<p><em><span dir=\"auto\">\u201eN\u00e1kupy energie z USA ze sektoru LNG, jadern\u00e9 energie a ropy ze strany EU letos dos\u00e1hly celkov\u00e9 v\u00fd\u0161e 200 miliard dolar\u016f. Pod\u00edl USA na zkapaln\u011bn\u00e9m zemn\u00edm plynu (LNG) v EU se tak\u00e9 zv\u00fd\u0161il ze 45 na 60 procent, a to d\u00edky dlouhodob\u00fdm smlouv\u00e1m.\u201c<\/span><\/em><br \/>\n<em><a href=\"https:\/\/www.handelsblatt.com\/politik\/international\/zollkonflikte-usa-wollen-weniger-digitalregulierung-gegen-zoll-erleichterungen\/100177533.html\" target=\"_blank\" rel=\"noreferrer noopener\"><br \/>\n<span dir=\"auto\">(Handelsblatt)<\/span><\/a><\/em><\/p>\n<p><span dir=\"auto\">Obchodn\u00ed z\u00e1stupce\u00a0<\/span><a href=\"https:\/\/ustr.gov\/about\/leadership\/jamieson-greer-united-states-trade-representative\" target=\"_blank\" rel=\"noreferrer noopener\"><span dir=\"auto\">\u00a0Jamieson Greer<\/span><\/a><span dir=\"auto\">\u00a0\u00a0po\u017eadoval\u00a0\u00a0<\/span><a href=\"https:\/\/www.reuters.com\/world\/china\/eu-urge-us-apply-more-july-trade-deal-including-cutting-steel-tariffs-2025-11-24\/?utm_medium=Social&amp;utm_source=Facebook\" target=\"_blank\" rel=\"noreferrer noopener\"><span dir=\"auto\">, aby EU nejprve zru\u0161ila sv\u00e1 cla na dovoz z USA,<\/span><\/a><span dir=\"auto\">\u00a0ne\u017e za\u010dnou dal\u0161\u00ed jedn\u00e1n\u00ed, a Lutnick varoval, \u017ee cla na ocel klesnou a\u017e pot\u00e9, co EU vyv\u00e1\u017e\u00ed sv\u00e1 digit\u00e1ln\u00ed pravidla. Tyto po\u017eadavky odhaluj\u00ed EU jako slabou stranu, kter\u00e1 je pod tlakem nov\u00fdch americk\u00fdch cel na n\u00e1kladn\u00ed automobily, kritick\u00e9 miner\u00e1ly, letadla a v\u011btrn\u00e9 turb\u00edny, co\u017e podkop\u00e1v\u00e1 \u010dervencovou dohodu. Komisa\u0159 EU pro obchod\u00a0\u00a0<\/span><a href=\"http:\/\/xn--maro%20efovi-wrbd46jda\/\"><span dir=\"auto\">Maro\u0161 \u0160ef\u010dovi\u010d<\/span><\/a><span dir=\"auto\"> \u00a0tvrdil, \u017ee pravidla jsou nediskrimina\u010dn\u00ed a nejsou nam\u00ed\u0159ena proti americk\u00fdm spole\u010dnostem. \u0158ekl:<\/span><\/p>\n<p><strong><em><span dir=\"auto\">\u201eNejsou nam\u00ed\u0159eny proti americk\u00fdm spole\u010dnostem, ale v\u00edme, \u017ee je to jedno z t\u00e9mat, o kter\u00fdch cht\u011bj\u00ed USA diskutovat. Jsme p\u0159ipraveni na tuto ot\u00e1zku reagovat, stejn\u011b jako jsou USA p\u0159ipraveny reagovat na na\u0161e dotazy.\u201c<\/span><\/em><\/strong><\/p>\n<p><span dir=\"auto\">\u201eNejsou nam\u00ed\u0159eny proti americk\u00fdm spole\u010dnostem, ale v\u00edme, \u017ee je to jedno z t\u00e9mat, o kter\u00fdch cht\u011bj\u00ed USA diskutovat. Jsme p\u0159ipraveni na tuto ot\u00e1zku odpov\u011bd\u011bt, stejn\u011b jako jsou USA p\u0159ipraveny reagovat na na\u0161e dotazy.\u201c<\/span><\/p>\n<p><span dir=\"auto\">Maro\u0161 \u0160ef\u010dovi\u010d | Reuters<\/span><\/p>\n<p><span dir=\"auto\">USA to ale vn\u00edmaj\u00ed jako c\u00edlen\u00fd \u00fatok na svou technologickou dominanci.<\/span><\/p>\n<h3 id=\"h-die-chatkontrolle-als-totaluberwachung-scans-die-privatheit-zerfetzen\" class=\"wp-block-heading\"><span dir=\"auto\">Monitorov\u00e1n\u00ed chatu jako tot\u00e1ln\u00ed dohled: Skenov\u00e1n\u00ed, kter\u00e9 naru\u0161uje soukrom\u00ed<\/span><\/h3>\n<p><span dir=\"auto\">Za zav\u0159en\u00fdmi dve\u0159mi EU prosazuje sv\u00e1 opat\u0159en\u00ed na monitorov\u00e1n\u00ed chatu, maskovan\u00e1 jako kompromis v boji proti sexu\u00e1ln\u00edmu zneu\u017e\u00edv\u00e1n\u00ed d\u011bt\u00ed, ale ve skute\u010dnosti jde o \u00fatok na end-to-end \u0161ifrov\u00e1n\u00ed a anonymitu. HAINTZmedia\u00a0<\/span><a href=\"https:\/\/haintz.media\/artikel\/deutschland\/eu-ueberwachungsmaschinerie-die-chatkontrolle-durch-die-hintertuer\/\" target=\"_blank\" rel=\"noreferrer noopener\"><span dir=\"auto\">o tom ji\u017e informovala.<\/span><\/a><\/p>\n<p><span dir=\"auto\">Povinnosti zve\u0159ej\u0148ov\u00e1n\u00ed informac\u00ed v \u010dl\u00e1nc\u00edch 7 a\u017e 11 byly nyn\u00ed ofici\u00e1ln\u011b zru\u0161eny, jak lze \u010d\u00edst v den\u00edku\u00a0\u00a0<\/span><a href=\"https:\/\/www.berliner-zeitung.de\/politik-gesellschaft\/geopolitik\/eu-chatkontrolle-soll-ohne-diskussion-durchgewinkt-werden-li.10007107\" target=\"_blank\" rel=\"noreferrer noopener\"><span dir=\"auto\">\u201eBerliner Zeitung\u201c<\/span><\/a><span dir=\"auto\">\u00a0\u00a0, ale \u010dl\u00e1nek 4 zavazuje poskytovatele, jako je WhatsApp nebo Signal, p\u0159ijmout ve\u0161ker\u00e1 p\u0159im\u011b\u0159en\u00e1 opat\u0159en\u00ed ke zm\u00edrn\u011bn\u00ed rizik, kter\u00e1 si st\u00e1le mohou vynutit skenov\u00e1n\u00ed soukrom\u00fdch zpr\u00e1v.<\/span><\/p>\n<p><span dir=\"auto\">Pr\u00e1vn\u00edk a b\u00fdval\u00fd europoslanec za Pir\u00e1tskou stranu Patrick Breyer varuje, \u017ee skenov\u00e1n\u00ed na stran\u011b klienta v chytr\u00fdch telefonech obch\u00e1z\u00ed \u0161ifrov\u00e1n\u00ed a vytv\u00e1\u0159\u00ed bezpe\u010dnostn\u00ed mezery, co\u017e znamen\u00e1 konec bezpe\u010dn\u00e9 komunikace.<\/span><\/p>\n<p><em><span dir=\"auto\">\u201eTato mezera v legislativ\u011b \u010din\u00ed tolik chv\u00e1len\u00e9 zru\u0161en\u00ed povinnosti zve\u0159ej\u0148ov\u00e1n\u00ed informac\u00ed bezcenn\u00fdm a podkop\u00e1v\u00e1 jejich \u00fadajnou dobrovolnost.\u201c<\/span><\/em><\/p>\n<p><em><a href=\"https:\/\/www.patrick-breyer.de\/chatkontrolle-2-0-durch-die-hintertuer-breyer-warnt-deutschland-wird-fuer-dumm-verkauft-jetzt-scannen-sie-auch-unsere-texte-und-sperren-teenager-aus\/\" target=\"_blank\" rel=\"noreferrer noopener\"><span dir=\"auto\">\u2013 Dr. Patrick Breyer<\/span><\/a><\/em><\/p>\n<p><span dir=\"auto\">Dolo\u017eka o p\u0159ezkumu v \u010dl\u00e1nku 85 vy\u017eaduje, aby Evropsk\u00e1 komise vyhodnotila nezbytnost a proveditelnost budouc\u00edch identifika\u010dn\u00edch povinnost\u00ed s p\u0159ihl\u00e9dnut\u00edm k technologick\u00e9mu v\u00fdvoji, a t\u00edm ponechala prostor pro povinn\u00e9 kontroly. Tato dobrovoln\u00e1 kontrola, povolen\u00e1 od roku 2021, m\u00e1 b\u00fdt trvale zavedena, a\u010dkoli byla od roku 2002 zak\u00e1z\u00e1na.<\/span><\/p>\n<p><em><span dir=\"auto\">\u201eNavzdory opakovan\u00fdm blokac\u00edm a masivn\u00ed kritice kv\u016fli poru\u0161ov\u00e1n\u00ed soukrom\u00ed a z\u00e1kladn\u00edch pr\u00e1v byl n\u00e1vrh opakovan\u011b novelizov\u00e1n, aby bylo mo\u017en\u00e9 alespo\u0148 \u201edobrovoln\u00e9\u201c sledov\u00e1n\u00ed chatu. Toto bylo v EU zak\u00e1z\u00e1no od roku 2002, ale od roku 2021 je za ur\u010dit\u00fdch podm\u00ednek do\u010dasn\u011b povoleno. Nov\u00fd z\u00e1kon si klade za c\u00edl jej trvale zav\u00e9st.\u201c<\/span><\/em><\/p>\n<p><em><a href=\"https:\/\/www.berliner-zeitung.de\/politik-gesellschaft\/geopolitik\/eu-chatkontrolle-soll-ohne-diskussion-durchgewinkt-werden-li.10007107\" target=\"_blank\" rel=\"noreferrer noopener\"><span dir=\"auto\">\u00bbBerliner Zeitung\u00ab<\/span><\/a><\/em><\/p>\n<p><span dir=\"auto\">Skenov\u00e1n\u00ed pomoc\u00ed um\u011bl\u00e9 inteligence se roz\u0161i\u0159uje a zahrnuje text, \u0159e\u010d a metadata, c\u00edl\u00ed na ne\u0161kodn\u00e9 konverzace a vede k z\u00e1plav\u011b fale\u0161n\u00fdch hl\u00e1\u0161en\u00ed, z nich\u017e 50 procent je irelevantn\u00edch pro trestn\u00ed \u0159\u00edzen\u00ed, jak\u00a0 odhalila agentura\u00a0<\/span><a href=\"https:\/\/www.wbs.legal\/allgemein\/chatkontrolle-vorerst-gestoppt-bedeutet-das-nein-aus-deutschland-das-ende-der-eu-plaene-84174\/\" target=\"_blank\" rel=\"noreferrer noopener\"><span dir=\"auto\">WBS-legal<\/span><\/a><span dir=\"auto\">\u00a0\u00a0.\u00a0\u00a0<\/span><a href=\"https:\/\/haintz.media\/artikel\/deutschland\/eu-ueberwachungsmaschinerie-die-chatkontrolle-durch-die-hintertuer\/\"><span dir=\"auto\">Breyer to popisuje jako digit\u00e1ln\u00ed hon na \u010darod\u011bjnice,<\/span><\/a><span dir=\"auto\"> p\u0159i kter\u00e9m doch\u00e1z\u00ed k \u00faniku intimn\u00edho obsahu. N\u011bmeck\u00fd spolkov\u00fd komisa\u0159 pro ochranu osobn\u00edch \u00fadaj\u016f klasifikuje dobrovoln\u00e9 skenov\u00e1n\u00ed jako nez\u00e1konn\u00e9. Poslanec Evropsk\u00e9ho parlamentu Martin Sonneborn 24. listopadu 2025 na Twitteru ozn\u00e1mil, \u017ee n\u00e1vrh z\u00e1kona maj\u00ed schv\u00e1lit velvyslanci EU bez diskuse.<\/span><\/p>\n<figure class=\"wp-block-embed is-type-rich is-provider-twitter wp-block-embed-twitter\">\n<div class=\"wp-block-embed__wrapper\">\n<div class=\"twitter-tweet twitter-tweet-rendered\"><iframe id=\"twitter-widget-1\" class=\"\" title=\"X P\u0159\u00edsp\u011bvek\" src=\"https:\/\/platform.twitter.com\/embed\/Tweet.html?dnt=true&amp;embedId=twitter-widget-1&amp;features=eyJ0ZndfdGltZWxpbmVfbGlzdCI6eyJidWNrZXQiOltdLCJ2ZXJzaW9uIjpudWxsfSwidGZ3X2ZvbGxvd2VyX2NvdW50X3N1bnNldCI6eyJidWNrZXQiOnRydWUsInZlcnNpb24iOm51bGx9LCJ0ZndfdHdlZXRfZWRpdF9iYWNrZW5kIjp7ImJ1Y2tldCI6Im9uIiwidmVyc2lvbiI6bnVsbH0sInRmd19yZWZzcmNfc2Vzc2lvbiI6eyJidWNrZXQiOiJvbiIsInZlcnNpb24iOm51bGx9LCJ0ZndfZm9zbnJfc29mdF9pbnRlcnZlbnRpb25zX2VuYWJsZWQiOnsiYnVja2V0Ijoib24iLCJ2ZXJzaW9uIjpudWxsfSwidGZ3X21peGVkX21lZGlhXzE1ODk3Ijp7ImJ1Y2tldCI6InRyZWF0bWVudCIsInZlcnNpb24iOm51bGx9LCJ0ZndfZXhwZXJpbWVudHNfY29va2llX2V4cGlyYXRpb24iOnsiYnVja2V0IjoxMjA5NjAwLCJ2ZXJzaW9uIjpudWxsfSwidGZ3X3Nob3dfYmlyZHdhdGNoX3Bpdm90c19lbmFibGVkIjp7ImJ1Y2tldCI6Im9uIiwidmVyc2lvbiI6bnVsbH0sInRmd19kdXBsaWNhdGVfc2NyaWJlc190b19zZXR0aW5ncyI6eyJidWNrZXQiOiJvbiIsInZlcnNpb24iOm51bGx9LCJ0ZndfdXNlX3Byb2ZpbGVfaW1hZ2Vfc2hhcGVfZW5hYmxlZCI6eyJidWNrZXQiOiJvbiIsInZlcnNpb24iOm51bGx9LCJ0ZndfdmlkZW9faGxzX2R5bmFtaWNfbWFuaWZlc3RzXzE1MDgyIjp7ImJ1Y2tldCI6InRydWVfYml0cmF0ZSIsInZlcnNpb24iOm51bGx9LCJ0ZndfbGVnYWN5X3RpbWVsaW5lX3N1bnNldCI6eyJidWNrZXQiOnRydWUsInZlcnNpb24iOm51bGx9LCJ0ZndfdHdlZXRfZWRpdF9mcm9udGVuZCI6eyJidWNrZXQiOiJvbiIsInZlcnNpb24iOm51bGx9fQ%3D%3D&amp;frame=false&amp;hideCard=false&amp;hideThread=false&amp;id=1992879905588285847&amp;lang=cs&amp;origin=https%3A%2F%2Freport24.news%2Feu-chatkontrolle-wohlstand-opfern-fuer-den-gulag%2F&amp;sessionId=92c699637a31c7ca2aec30a0bf8c37122aa537ea&amp;theme=light&amp;widgetsVersion=2615f7e52b7e0%3A1702314776716&amp;width=550px\" frameborder=\"0\" scrolling=\"no\" allowfullscreen=\"allowfullscreen\" data-tweet-id=\"1992879905588285847\" data-mce-fragment=\"1\"><\/iframe><\/div>\n<\/div><figcaption class=\"wp-element-caption\"><em><a href=\"https:\/\/x.com\/MartinSonneborn\/status\/1992879905588285847?s=20\" target=\"_blank\" rel=\"noreferrer noopener\"><span dir=\"auto\">\u00bbMartin Sonneborn | \ud835\udd4f\u00ab<\/span><\/a><\/em><\/figcaption><\/figure>\n<h3 id=\"h-experten-entlarven-den-betrug-risiken-ohne-nutzen-fur-kinder\" class=\"wp-block-heading\"><span dir=\"auto\">Odborn\u00edci odhaluj\u00ed podvod: rizika bez p\u0159\u00ednosu pro d\u011bti<\/span><\/h3>\n<p><span dir=\"auto\">Osmn\u00e1ct p\u0159edn\u00edch odborn\u00edk\u016f na kybernetickou bezpe\u010dnost z instituc\u00ed, jako jsou ETH Zurich, KU Leuven a Max Planck Institute,\u00a0\u00a0<\/span><a href=\"https:\/\/csa-scientist-open-letter.org\/Nov2025\" target=\"_blank\" rel=\"noreferrer noopener\"><span dir=\"auto\">v otev\u0159en\u00e9m dopise varovalo<\/span><\/a><span dir=\"auto\">\u00a0p\u0159ed vysok\u00fdmi riziky, kter\u00e1 p\u0159edstavuje n\u00e1vrh EU, jen\u017e roz\u0161i\u0159uje dobrovoln\u00e9 skenov\u00e1n\u00ed pomoc\u00ed um\u011bl\u00e9 inteligence na anal\u00fdzu textu a generuje fale\u0161n\u00e9 zpr\u00e1vy bez p\u0159esn\u00e9 technologie, jak\u00a0\u00a0<\/span><a href=\"https:\/\/www.patrick-breyer.de\/fuehrende-wissenschaftler-warnen-neuer-eu-vorschlag-zur-chatkontrolle-bleibt-hochriskant\/\" target=\"_blank\" rel=\"noreferrer noopener\"><span dir=\"auto\">uv\u00e1d\u00ed Patrick Breyer na sv\u00fdch webov\u00fdch str\u00e1nk\u00e1ch<\/span><\/a><span dir=\"auto\">\u00a0\u00a0. Argumentuj\u00ed, \u017ee to zaplav\u00ed vy\u0161et\u0159ovatele fale\u0161n\u00fdmi poplachy a zabr\u00e1n\u00ed skute\u010dn\u00e9 ochran\u011b d\u011bt\u00ed.<\/span><\/p>\n<p><strong><em><span dir=\"auto\">\u201eRoz\u0161\u00ed\u0159en\u00ed rozsahu detekce tedy otev\u00edr\u00e1 dve\u0159e pouze k monitorov\u00e1n\u00ed a zkoum\u00e1n\u00ed v\u011bt\u0161\u00ed \u010d\u00e1sti konverzac\u00ed, bez jak\u00e9koli z\u00e1ruky lep\u0161\u00ed ochrany \u2013 a s vysok\u00fdm rizikem sn\u00ed\u017een\u00ed celkov\u00e9 ochrany zahlcen\u00edm vy\u0161et\u0159ovatel\u016f fale\u0161n\u00fdmi obvin\u011bn\u00edmi, kter\u00e1 jim br\u00e1n\u00ed ve vy\u0161et\u0159ov\u00e1n\u00ed skute\u010dn\u00fdch p\u0159\u00edpad\u016f.\u201c \u201e<\/span><\/em><\/strong><\/p>\n<p><span dir=\"auto\">Roz\u0161\u00ed\u0159en\u00ed rozsahu detekce pouze otev\u00edr\u00e1 dve\u0159e k monitorov\u00e1n\u00ed a zkoum\u00e1n\u00ed v\u011bt\u0161\u00ed \u010d\u00e1sti konverzac\u00ed, bez jak\u00e9koli z\u00e1ruky lep\u0161\u00ed ochrany \u2013 a s vysok\u00fdm rizikem sn\u00ed\u017een\u00ed celkov\u00e9 ochrany zahlcen\u00edm vy\u0161et\u0159ovatel\u016f fale\u0161n\u00fdmi obvin\u011bn\u00edmi, kter\u00e1 jim br\u00e1n\u00ed ve vy\u0161et\u0159ov\u00e1n\u00ed skute\u010dn\u00fdch p\u0159\u00edpad\u016f.\u201c<\/span><br \/>\n<em><a href=\"https:\/\/csa-scientist-open-letter.org\/Nov2025\" target=\"_blank\" rel=\"noreferrer noopener\"><br \/>\n<span dir=\"auto\">Otev\u0159en\u00fd dopis v\u011bdc\u016f z CSA<\/span><\/a><\/em><\/p>\n<p><span dir=\"auto\">Povinn\u00e9 ov\u011b\u0159ov\u00e1n\u00ed v\u011bku v obchodech s aplikacemi a slu\u017eb\u00e1ch zas\u00edl\u00e1n\u00ed zpr\u00e1v vy\u017eaduje biometrick\u00e9 nebo behavior\u00e1ln\u00ed \u00fadaje, co\u017e p\u0159edstavuje riziko pro soukrom\u00ed a diskriminaci, ani\u017e by bylo \u00fa\u010dinn\u00e9. Takov\u00e9 kontroly by mohly d\u011bti tla\u010dit na nezabezpe\u010den\u00e9 platformy mimo EU se slab\u00fdm \u0161ifrov\u00e1n\u00edm a sledov\u00e1n\u00edm.<\/span><\/p>\n<p><span dir=\"auto\">Breyer to zpo\u010d\u00e1tku ozna\u010dil za \u010d\u00e1ste\u010dn\u00fd \u00fasp\u011bch, proto\u017ee se sice zabr\u00e1nilo povinn\u00fdm sken\u016fm, ale zni\u010den\u00ed anonymity a dobrovoln\u00fdch hromadn\u00fdch sken\u016f p\u0159etrv\u00e1v\u00e1.<\/span><\/p>\n<p><em><span dir=\"auto\">\u201eZadn\u00edmi vr\u00e1tky jsme zabr\u00e1nili povinn\u00e9mu monitorov\u00e1n\u00ed chatu. Ale pl\u00e1nujeme dal\u0161\u00ed ov\u011b\u0159ov\u00e1n\u00ed v\u011bku a \u201adobrovoln\u00e9\u2018 hromadn\u00e9 skenov\u00e1n\u00ed, kter\u00e9 ni\u010d\u00ed anonymitu. Boj pokra\u010duje!\u201c<\/span><\/em><\/p>\n<p><em><a href=\"https:\/\/www.patrick-breyer.de\/fuehrende-wissenschaftler-warnen-neuer-eu-vorschlag-zur-chatkontrolle-bleibt-hochriskant\/\" target=\"_blank\" rel=\"noreferrer noopener\"><span dir=\"auto\">\u2013 Patrick Breyer<\/span><\/a><\/em><\/p>\n<p><a href=\"https:\/\/haintz.media\/artikel\/deutschland\/eu-ueberwachungsmaschinerie-die-chatkontrolle-durch-die-hintertuer\/\"><span dir=\"auto\">Vysv\u011btlen\u00ed ze dne 13. listopadu 2025<\/span><\/a><span dir=\"auto\">\u00a0\u00a0tvrdilo, \u017ee na\u0159\u00edzen\u00ed poskytovatele nezavazuje ke zve\u0159ej\u0148ov\u00e1n\u00ed \u00fadaj\u016f, ale v\u00fdzkumn\u00e1 slu\u017eba n\u011bmeck\u00e9ho Spolkov\u00e9ho sn\u011bmu shled\u00e1v\u00e1 poru\u0161en\u00ed Listiny z\u00e1kladn\u00edch pr\u00e1v EU. Profesor Christian Solmecke rovn\u011b\u017e informuje o masivn\u00ed kritice ze strany odborn\u00edk\u016f na ochranu \u00fadaj\u016f, odborn\u00edk\u016f na IT bezpe\u010dnost, pr\u00e1vn\u00edk\u016f a organizac\u00ed od roku 2022.<\/span><\/p>\n<p><em><span dir=\"auto\">\u201eKritika tohoto navrhovan\u00e9ho z\u00e1kona je od jeho zve\u0159ejn\u011bn\u00ed v roce 2022 masivn\u00ed. Odborn\u00edci na ochranu osobn\u00edch \u00fadaj\u016f, experti na IT bezpe\u010dnost, pr\u00e1vn\u00edci a \u0159ada organizac\u00ed ob\u010dansk\u00e9 spole\u010dnosti jednomysln\u011b odm\u00edtaj\u00ed povinn\u00e9 monitorov\u00e1n\u00ed chatu. V\u00fdzkumn\u00e1 slu\u017eba n\u011bmeck\u00e9ho Bundestagu rovn\u011b\u017e dosp\u011bla k z\u00e1v\u011bru, \u017ee n\u00e1vrh je neslu\u010diteln\u00fd s Listinou z\u00e1kladn\u00edch pr\u00e1v EU.\u201c<\/span><\/em><\/p>\n<p><em><a href=\"https:\/\/www.wbs.legal\/allgemein\/chatkontrolle-vorerst-gestoppt-bedeutet-das-nein-aus-deutschland-das-ende-der-eu-plaene-84174\/\" target=\"_blank\" rel=\"noreferrer noopener\"><span dir=\"auto\">Prof. Christian Solmecke | WBS legal<\/span><\/a><\/em><\/p>\n<p><a href=\"https:\/\/haintz.media\/artikel\/deutschland\/eu-ueberwachungsmaschinerie-die-chatkontrolle-durch-die-hintertuer\/\"><span dir=\"auto\">P\u016fvodn\u00ed n\u00e1vrh<\/span><\/a><span dir=\"auto\">\u00a0\u00a0po\u017eadoval skenov\u00e1n\u00ed na stran\u011b klienta p\u0159ed \u0161ifrov\u00e1n\u00edm, s v\u00fdjimkou prost\u00e9ho textu, a nevztahoval se na policii, arm\u00e1du ani zpravodajsk\u00e9 slu\u017eby.<\/span><\/p>\n<h3 id=\"h-uneinigkeit-und-politischer-verrat-lander-spalten-sich-freiheit-verliert\" class=\"wp-block-heading\"><span dir=\"auto\">Nejednota a politick\u00e1 zrada: Zem\u011b se rozpadaj\u00ed, svoboda ztr\u00e1c\u00ed p\u016fdu pod nohama.<\/span><\/h3>\n<p><span dir=\"auto\">Navzdory odporu Polska, Nizozemska a N\u011bmecka, kde ministryn\u011b spravedlnosti Stefanie Hubig a Jens Spahn odm\u00edtaj\u00ed nediferencovan\u00e9 sledov\u00e1n\u00ed chatu jako tabu v pr\u00e1vn\u00edm st\u00e1t\u011b,\u00a0\u00a0<\/span><a href=\"https:\/\/www.berliner-zeitung.de\/politik-gesellschaft\/geopolitik\/eu-chatkontrolle-soll-ohne-diskussion-durchgewinkt-werden-li.10007107\" target=\"_blank\" rel=\"noreferrer noopener\"><span dir=\"auto\">\u201eD\u00e1nsko, Francie a \u0160pan\u011blsko s pl\u00e1ny prosazuj\u00ed<\/span><\/a><span dir=\"auto\">\u00a0.\u201c It\u00e1lie pochybuje o tom, zda bude chr\u00e1n\u011bno soukrom\u00ed a zda by se toto opat\u0159en\u00ed mohlo roz\u0161\u00ed\u0159it i na dal\u0161\u00ed trestn\u00e9 \u010diny.<\/span><\/p>\n<p><em><span dir=\"auto\">\u201eExistuj\u00ed obavy, \u017ee by se tento n\u00e1stroj mohl roz\u0161\u00ed\u0159it i na dal\u0161\u00ed trestn\u00e9 \u010diny, a proto je obt\u00ed\u017en\u00e9 n\u00e1vrh podpo\u0159it.\u201c<\/span><\/em><\/p>\n<p><em><a href=\"https:\/\/netzpolitik.org\/2025\/interne-dokumente-eu-staaten-einigen-sich-auf-freiwillige-chatkontrolle\/\" target=\"_blank\" rel=\"noreferrer noopener\"><span dir=\"auto\">\u00bbNetzpolitik.org\u00ab<\/span><\/a><\/em><\/p>\n<p><a href=\"https:\/\/haintz.media\/artikel\/deutschland\/eu-ueberwachungsmaschinerie-die-chatkontrolle-durch-die-hintertuer\/\"><span dir=\"auto\">D\u00e1nsk\u00e9 p\u0159edsednictv\u00ed Rady maskuje n\u00e1vrh jako kompromis<\/span><\/a><span dir=\"auto\">\u00a0a sch\u016fzky se konaj\u00ed 12. a 13. listopadu 2025 a t\u0159\u00edstrann\u00e1 jedn\u00e1n\u00ed prob\u00edhaj\u00ed od ledna do b\u0159ezna 2026. Breyer to odhaluje jako politick\u00fd podvod, kter\u00fd ignoruje n\u011bmeck\u00e9 \u201ene\u201c a zav\u00e1d\u00ed kontrolu zadn\u00edmi vr\u00e1tky.<\/span><\/p>\n<p><em><span dir=\"auto\">\u201eTo, co se zde d\u011bje, je politick\u00fd podvod nejvy\u0161\u0161\u00edho \u0159\u00e1du. [\u2026] Po hlasit\u00fdch ve\u0159ejn\u00fdch protestech N\u011bmecko \u0159eklo ne nediferencovan\u00e9mu monitorov\u00e1n\u00ed chatu. Nyn\u00ed se to vrac\u00ed zadn\u00edmi vr\u00e1tky \u2013 maskovan\u00e9, nebezpe\u010dn\u011bj\u0161\u00ed a komplexn\u011bj\u0161\u00ed ne\u017e kdykoli p\u0159edt\u00edm. N\u011bmecko je oklam\u00e1no.\u201c<\/span><\/em><\/p>\n<p><em><a href=\"https:\/\/www.patrick-breyer.de\/chatkontrolle-2-0-durch-die-hintertuer-breyer-warnt-deutschland-wird-fuer-dumm-verkauft-jetzt-scannen-sie-auch-unsere-texte-und-sperren-teenager-aus\/\" target=\"_blank\" rel=\"noreferrer noopener\"><span dir=\"auto\">\u2013 Dr. Patrick Breyer<\/span><\/a><\/em><\/p>\n<p><span dir=\"auto\">Po\u017eadavky na ov\u011b\u0159ov\u00e1n\u00ed toto\u017enosti, jako jsou pr\u016fkazy toto\u017enosti nebo skenov\u00e1n\u00ed obli\u010deje p\u0159i otev\u00edr\u00e1n\u00ed \u00fa\u010dtu, ni\u010d\u00ed anonymitu a maj\u00ed dopad na oznamovatele, novin\u00e1\u0159e, aktivisty a ty, kte\u0159\u00ed hledaj\u00ed pomoc. Teenage\u0159i mlad\u0161\u00ed 16 let riskuj\u00ed z\u00e1kaz p\u0159\u00edstupu na platformy, jako je Instagram, online hry a WhatsApp, co\u017e je izoluj\u00edc\u00ed a pedagogicky absurdn\u00ed.\u00a0<\/span><a href=\"https:\/\/www.patrick-breyer.de\/chatkontrolle-2-0-durch-die-hintertuer-breyer-warnt-deutschland-wird-fuer-dumm-verkauft-jetzt-scannen-sie-auch-unsere-texte-und-sperren-teenager-aus\/\" target=\"_blank\" rel=\"noreferrer noopener\"><span dir=\"auto\">\u00a0\u201eBreyer po\u017eaduje veto a pozm\u011b\u0148ovac\u00ed n\u00e1vrhy\u201c<\/span><\/a><span dir=\"auto\">\u00a0: vylou\u010dit skenov\u00e1n\u00ed z \u010dl\u00e1nku 4, omezit um\u011blou inteligenci na zn\u00e1m\u00e9 sn\u00edmky zneu\u017e\u00edv\u00e1n\u00ed d\u011bt\u00ed, zak\u00e1zat hromadn\u00e9 sledov\u00e1n\u00ed, povolit pouze soudn\u011b schv\u00e1len\u00e9 p\u0159\u00edpady a zru\u0161it ov\u011b\u0159ov\u00e1n\u00ed v\u011bku. Parlament navrhuje\u00a0\u00a0<\/span><a href=\"https:\/\/www.wbs.legal\/allgemein\/chatkontrolle-vorerst-gestoppt-bedeutet-das-nein-aus-deutschland-das-ende-der-eu-plaene-84174\/\" target=\"_blank\" rel=\"noreferrer noopener\"><span dir=\"auto\">\u201ealternativy\u201c<\/span><\/a><span dir=\"auto\"> \u00a0, jako jsou zabezpe\u010den\u00e9 platformy, ochrana p\u0159ed groomingem, maz\u00e1n\u00ed na z\u00e1klad\u011b podez\u0159en\u00ed, zachov\u00e1n\u00ed \u0161ifrov\u00e1n\u00ed a c\u00edlen\u00e9 st\u00edh\u00e1n\u00ed.<\/span><\/p>\n<h3 id=\"h-der-ultimative-verrat-wohlstand-opfern-fur-den-gulag\" class=\"wp-block-heading\"><span dir=\"auto\">Nejvy\u0161\u0161\u00ed zrada: Ob\u011btov\u00e1n\u00ed prosperity pro gulag<\/span><\/h3>\n<p><span dir=\"auto\">Pokud EU up\u0159ednost\u0148uje sv\u016fj sledovac\u00ed apar\u00e1t, kriminalizuje soukrom\u00ed pod rou\u0161kou ochrany d\u011bt\u00ed, prom\u011bn\u00ed ob\u010dany v dodavatele dat a sou\u010dasn\u011b roz\u0161i\u0159uje gulag probuzen\u00e9ho n\u00e1zoru, kde algoritmy lov\u00ed my\u0161lenky a anonymita miz\u00ed, pak nejen\u017ee promarn\u00ed \u0161anci na ekonomick\u00e9 o\u017eiven\u00ed prost\u0159ednictv\u00edm seri\u00f3zn\u00edho partnerstv\u00ed s USA, ale tak\u00e9 z\u00e1m\u011brn\u011b za\u017eene Evropu do kontrolovan\u00e9 politick\u00e9 no\u010dn\u00ed m\u016fry, kter\u00e1 naru\u0161uje ob\u010dansk\u00e9 svobody a br\u00e1n\u00ed prosperit\u011b pro v\u0161echny.<\/span><\/p>\n<p><img decoding=\"async\" loading=\"lazy\" class=\"alignnone size-full wp-image-1185\" src=\"http:\/\/www.infokuryr.cz\/n\/wp-content\/uploads\/2021\/04\/kuryr-podpis.png\" alt=\"\" width=\"84\" height=\"24\" \/><\/p>\n<p>&nbsp;<\/p>\n","protected":false},"excerpt":{"rendered":"<p>EU ne\u00fanavn\u011b prosazuje tot\u00e1ln\u00ed dohled nad sv\u00fdmi ob\u010dany: Tolik kritizovan\u00fd dohled nad chatem m\u00e1 v&#8230;<\/p>\n","protected":false},"author":2,"featured_media":89404,"comment_status":"closed","ping_status":"closed","sticky":false,"template":"","format":"standard","meta":[],"categories":[7],"tags":[63,41,48],"_links":{"self":[{"href":"https:\/\/www.infokuryr.cz\/n\/wp-json\/wp\/v2\/posts\/93118"}],"collection":[{"href":"https:\/\/www.infokuryr.cz\/n\/wp-json\/wp\/v2\/posts"}],"about":[{"href":"https:\/\/www.infokuryr.cz\/n\/wp-json\/wp\/v2\/types\/post"}],"author":[{"embeddable":true,"href":"https:\/\/www.infokuryr.cz\/n\/wp-json\/wp\/v2\/users\/2"}],"replies":[{"embeddable":true,"href":"https:\/\/www.infokuryr.cz\/n\/wp-json\/wp\/v2\/comments?post=93118"}],"version-history":[{"count":0,"href":"https:\/\/www.infokuryr.cz\/n\/wp-json\/wp\/v2\/posts\/93118\/revisions"}],"wp:featuredmedia":[{"embeddable":true,"href":"https:\/\/www.infokuryr.cz\/n\/wp-json\/wp\/v2\/media\/89404"}],"wp:attachment":[{"href":"https:\/\/www.infokuryr.cz\/n\/wp-json\/wp\/v2\/media?parent=93118"}],"wp:term":[{"taxonomy":"category","embeddable":true,"href":"https:\/\/www.infokuryr.cz\/n\/wp-json\/wp\/v2\/categories?post=93118"},{"taxonomy":"post_tag","embeddable":true,"href":"https:\/\/www.infokuryr.cz\/n\/wp-json\/wp\/v2\/tags?post=93118"}],"curies":[{"name":"wp","href":"https:\/\/api.w.org\/{rel}","templated":true}]}}