{"id":93111,"date":"2025-11-26T00:28:48","date_gmt":"2025-11-25T23:28:48","guid":{"rendered":"https:\/\/www.infokuryr.cz\/n\/?p=93111"},"modified":"2025-11-25T18:17:15","modified_gmt":"2025-11-25T17:17:15","slug":"rheinmetall-a-valecny-byznys-mir-je-spatny-pro-cenu-akcii","status":"publish","type":"post","link":"https:\/\/www.infokuryr.cz\/n\/2025\/11\/26\/rheinmetall-a-valecny-byznys-mir-je-spatny-pro-cenu-akcii\/","title":{"rendered":"Rheinmetall a v\u00e1le\u010dn\u00fd byznys \u2013 m\u00edr je \u0161patn\u00fd pro cenu akci\u00ed"},"content":{"rendered":"<div id=\"fb-root\"><\/div>\n<p><strong><span dir=\"auto\">Zpr\u00e1vy o mo\u017en\u00e9 m\u00edrov\u00e9 dohod\u011b mezi Ruskem a Ukrajinou po\u0161kozuj\u00ed cenu akci\u00ed spole\u010dnosti Rheinmetall. Zbrojn\u00ed pr\u016fmysl vzkv\u00e9t\u00e1 z v\u00e1lky \u2013 a ten v b\u00fdval\u00e9 sov\u011btsk\u00e9 republice je prakticky zlat\u00fdm dolem na \u00fakor da\u0148ov\u00fdch poplatn\u00edk\u016f.<\/span><\/strong><\/p>\n<p><span dir=\"auto\">Zat\u00edmco sv\u011bt spekuluje o diplomatick\u00e9m pokroku na Ukrajin\u011b, na akciov\u00fdch trz\u00edch funguje zlov\u011bstn\u00e1 logika: Pro zbrojn\u00ed pr\u016fmysl jsou jak\u00e9koli zpr\u00e1vy o m\u00edru jedem, pro akcion\u00e1\u0159e \u010dirou no\u010dn\u00ed m\u016frou. Rheinmetall, vlajkov\u00e1 lo\u010f n\u011bmeck\u00e9 obrann\u00e9 technologie, je dokonal\u00fdm p\u0159\u00edkladem toho, jak v\u00e1lka generuje zisky. Od vypuknut\u00ed v\u00e1lky na Ukrajin\u011b jsou akcie d\u00fcsseldorfsk\u00e9 spole\u010dnosti zrcadlov\u00fdm obrazem v\u00e1le\u010dn\u00e9 ekonomiky: b\u011bhem eskalace prudce stoupaj\u00ed vzh\u016fru, p\u0159i prvn\u00edm z\u00e1blesku nad\u011bje na m\u00edr prudce klesaj\u00ed.<\/span><\/p>\n<figure class=\"wp-block-embed is-type-rich is-provider-twitter wp-block-embed-twitter\">\n<div class=\"wp-block-embed__wrapper\">\n<div class=\"twitter-tweet twitter-tweet-rendered\"><iframe id=\"twitter-widget-0\" class=\"\" title=\"X P\u0159\u00edsp\u011bvek\" src=\"https:\/\/platform.twitter.com\/embed\/Tweet.html?dnt=true&amp;embedId=twitter-widget-0&amp;features=eyJ0ZndfdGltZWxpbmVfbGlzdCI6eyJidWNrZXQiOltdLCJ2ZXJzaW9uIjpudWxsfSwidGZ3X2ZvbGxvd2VyX2NvdW50X3N1bnNldCI6eyJidWNrZXQiOnRydWUsInZlcnNpb24iOm51bGx9LCJ0ZndfdHdlZXRfZWRpdF9iYWNrZW5kIjp7ImJ1Y2tldCI6Im9uIiwidmVyc2lvbiI6bnVsbH0sInRmd19yZWZzcmNfc2Vzc2lvbiI6eyJidWNrZXQiOiJvbiIsInZlcnNpb24iOm51bGx9LCJ0ZndfZm9zbnJfc29mdF9pbnRlcnZlbnRpb25zX2VuYWJsZWQiOnsiYnVja2V0Ijoib24iLCJ2ZXJzaW9uIjpudWxsfSwidGZ3X21peGVkX21lZGlhXzE1ODk3Ijp7ImJ1Y2tldCI6InRyZWF0bWVudCIsInZlcnNpb24iOm51bGx9LCJ0ZndfZXhwZXJpbWVudHNfY29va2llX2V4cGlyYXRpb24iOnsiYnVja2V0IjoxMjA5NjAwLCJ2ZXJzaW9uIjpudWxsfSwidGZ3X3Nob3dfYmlyZHdhdGNoX3Bpdm90c19lbmFibGVkIjp7ImJ1Y2tldCI6Im9uIiwidmVyc2lvbiI6bnVsbH0sInRmd19kdXBsaWNhdGVfc2NyaWJlc190b19zZXR0aW5ncyI6eyJidWNrZXQiOiJvbiIsInZlcnNpb24iOm51bGx9LCJ0ZndfdXNlX3Byb2ZpbGVfaW1hZ2Vfc2hhcGVfZW5hYmxlZCI6eyJidWNrZXQiOiJvbiIsInZlcnNpb24iOm51bGx9LCJ0ZndfdmlkZW9faGxzX2R5bmFtaWNfbWFuaWZlc3RzXzE1MDgyIjp7ImJ1Y2tldCI6InRydWVfYml0cmF0ZSIsInZlcnNpb24iOm51bGx9LCJ0ZndfbGVnYWN5X3RpbWVsaW5lX3N1bnNldCI6eyJidWNrZXQiOnRydWUsInZlcnNpb24iOm51bGx9LCJ0ZndfdHdlZXRfZWRpdF9mcm9udGVuZCI6eyJidWNrZXQiOiJvbiIsInZlcnNpb24iOm51bGx9fQ%3D%3D&amp;frame=false&amp;hideCard=false&amp;hideThread=false&amp;id=1992153537737089210&amp;lang=cs&amp;origin=https%3A%2F%2Freport24.news%2Frheinmetall-und-das-geschaeft-mit-dem-krieg-frieden-ist-schlecht-fuer-den-aktienkurs%2F&amp;sessionId=b09f92f4187f4fe5334caa754c41ccf669232c5b&amp;theme=light&amp;widgetsVersion=2615f7e52b7e0%3A1702314776716&amp;width=550px\" frameborder=\"0\" scrolling=\"no\" allowfullscreen=\"allowfullscreen\" data-tweet-id=\"1992153537737089210\" data-mce-fragment=\"1\"><\/iframe><\/div>\n<\/div>\n<\/figure>\n<p><span dir=\"auto\">To se znovu uk\u00e1zalo, kdy\u017e Washington p\u0159edstavil nov\u00fd m\u00edrov\u00fd pl\u00e1n. V p\u00e1tek\u00a0<\/span><a href=\"https:\/\/www.boerse-express.com\/news\/articles\/rheinmetall-aktie-milliarden-meldung-843185\"><span dir=\"auto\">cena akci\u00ed prudce klesla<\/span><\/a><span dir=\"auto\">\u00a0o 7,2 procenta na 1 519,50 eura, pot\u00e9, co v p\u0159edchoz\u00edm t\u00fddnu prudce vzrostla na 1 804,50 eura. Euforie kolem nov\u00fdch objedn\u00e1vek v hodnot\u011b n\u011bkolika miliard eur byla n\u00e1hle zastavena, proto\u017ee trhy n\u00e1hle za\u010daly zva\u017eovat mo\u017enost, \u017ee by v\u00e1lka na Ukrajin\u011b mohla skute\u010dn\u011b skon\u010dit. M\u00edr koneckonc\u016f znamen\u00e1 m\u00e9n\u011b objedn\u00e1vek a klesaj\u00edc\u00ed zisky. Od \u00fanora 2022 cena akci\u00ed spole\u010dnosti Rheinmetall prudce roste. Zat\u00edmco eskalace na Ukrajin\u011b hnala ceny nahoru, ka\u017ed\u00fd z\u00e1blesk nad\u011bje na m\u00edr spou\u0161t\u011bl dal\u0161\u00ed pokles.<\/span><\/p>\n<p><span dir=\"auto\">Tak\u00e9 nedo\u0161lo k \u017e\u00e1dn\u00e9mu pohybu ohledn\u011b \u201ezvl\u00e1\u0161tn\u00edho fondu\u201c (tj. dodate\u010dn\u00e9ho dluhu) pro n\u011bmeck\u00e9 ozbrojen\u00e9 s\u00edly. Dal\u0161\u00ed zak\u00e1zky od ministerstva obrany, kter\u00e9 byly d\u0159\u00edve zahrnuty do rozpo\u010dtu, v sou\u010dasn\u00e9 dob\u011b nejsou zad\u00e1v\u00e1ny. Navzdory velkolep\u00fdm ozn\u00e1men\u00edm st\u0159edopravicov\u00e9 a st\u0159edolev\u00e9 koali\u010dn\u00ed vl\u00e1dy chyb\u00ed konkr\u00e9tn\u00ed implementa\u010dn\u00ed pl\u00e1ny. To se prom\u00edt\u00e1 do dal\u0161\u00edch miliard eur v nesplacen\u00fdch zak\u00e1zk\u00e1ch.<\/span><\/p>\n<figure class=\"wp-block-embed is-type-rich is-provider-twitter wp-block-embed-twitter\">\n<div class=\"wp-block-embed__wrapper\">\n<div class=\"twitter-tweet twitter-tweet-rendered\"><iframe id=\"twitter-widget-1\" class=\"\" title=\"X P\u0159\u00edsp\u011bvek\" src=\"https:\/\/platform.twitter.com\/embed\/Tweet.html?dnt=true&amp;embedId=twitter-widget-1&amp;features=eyJ0ZndfdGltZWxpbmVfbGlzdCI6eyJidWNrZXQiOltdLCJ2ZXJzaW9uIjpudWxsfSwidGZ3X2ZvbGxvd2VyX2NvdW50X3N1bnNldCI6eyJidWNrZXQiOnRydWUsInZlcnNpb24iOm51bGx9LCJ0ZndfdHdlZXRfZWRpdF9iYWNrZW5kIjp7ImJ1Y2tldCI6Im9uIiwidmVyc2lvbiI6bnVsbH0sInRmd19yZWZzcmNfc2Vzc2lvbiI6eyJidWNrZXQiOiJvbiIsInZlcnNpb24iOm51bGx9LCJ0ZndfZm9zbnJfc29mdF9pbnRlcnZlbnRpb25zX2VuYWJsZWQiOnsiYnVja2V0Ijoib24iLCJ2ZXJzaW9uIjpudWxsfSwidGZ3X21peGVkX21lZGlhXzE1ODk3Ijp7ImJ1Y2tldCI6InRyZWF0bWVudCIsInZlcnNpb24iOm51bGx9LCJ0ZndfZXhwZXJpbWVudHNfY29va2llX2V4cGlyYXRpb24iOnsiYnVja2V0IjoxMjA5NjAwLCJ2ZXJzaW9uIjpudWxsfSwidGZ3X3Nob3dfYmlyZHdhdGNoX3Bpdm90c19lbmFibGVkIjp7ImJ1Y2tldCI6Im9uIiwidmVyc2lvbiI6bnVsbH0sInRmd19kdXBsaWNhdGVfc2NyaWJlc190b19zZXR0aW5ncyI6eyJidWNrZXQiOiJvbiIsInZlcnNpb24iOm51bGx9LCJ0ZndfdXNlX3Byb2ZpbGVfaW1hZ2Vfc2hhcGVfZW5hYmxlZCI6eyJidWNrZXQiOiJvbiIsInZlcnNpb24iOm51bGx9LCJ0ZndfdmlkZW9faGxzX2R5bmFtaWNfbWFuaWZlc3RzXzE1MDgyIjp7ImJ1Y2tldCI6InRydWVfYml0cmF0ZSIsInZlcnNpb24iOm51bGx9LCJ0ZndfbGVnYWN5X3RpbWVsaW5lX3N1bnNldCI6eyJidWNrZXQiOnRydWUsInZlcnNpb24iOm51bGx9LCJ0ZndfdHdlZXRfZWRpdF9mcm9udGVuZCI6eyJidWNrZXQiOiJvbiIsInZlcnNpb24iOm51bGx9fQ%3D%3D&amp;frame=false&amp;hideCard=false&amp;hideThread=false&amp;id=1944683999768572365&amp;lang=cs&amp;origin=https%3A%2F%2Freport24.news%2Frheinmetall-und-das-geschaeft-mit-dem-krieg-frieden-ist-schlecht-fuer-den-aktienkurs%2F&amp;sessionId=b09f92f4187f4fe5334caa754c41ccf669232c5b&amp;theme=light&amp;widgetsVersion=2615f7e52b7e0%3A1702314776716&amp;width=550px\" frameborder=\"0\" scrolling=\"no\" allowfullscreen=\"allowfullscreen\" data-tweet-id=\"1944683999768572365\" data-mce-fragment=\"1\"><\/iframe><\/div>\n<\/div>\n<\/figure>\n<p><span dir=\"auto\">To v\u0161ak tak\u00e9 vyvol\u00e1v\u00e1 ot\u00e1zku, zda n\u011bmeck\u00e1 spolkov\u00e1 vl\u00e1da (stejn\u011b jako dal\u0161\u00ed zast\u00e1nci tvrd\u00e9 linie v EU) \u00famysln\u011b sabotuje m\u00edrov\u00e1 jedn\u00e1n\u00ed s Ukrajinou, zejm\u00e9na proto, \u017ee zbrojn\u00ed pr\u016fmysl z pokra\u010dov\u00e1n\u00ed v\u00e1lky masivn\u011b profituje. Zejm\u00e9na s ohledem na prob\u00edhaj\u00edc\u00ed trendy deindustrializace by dal\u0161\u00ed \u0161patn\u00e9 ekonomick\u00e9 zpr\u00e1vy z tohoto sektoru nebyly pro vl\u00e1dnouc\u00ed koalici dobrou reklamou.<\/span><\/p>\n<p><img decoding=\"async\" loading=\"lazy\" class=\"alignnone size-full wp-image-1185\" src=\"http:\/\/www.infokuryr.cz\/n\/wp-content\/uploads\/2021\/04\/kuryr-podpis.png\" alt=\"\" width=\"84\" height=\"24\" \/><\/p>\n<p>&nbsp;<\/p>\n","protected":false},"excerpt":{"rendered":"<p>Zpr\u00e1vy o mo\u017en\u00e9 m\u00edrov\u00e9 dohod\u011b mezi Ruskem a Ukrajinou po\u0161kozuj\u00ed cenu akci\u00ed spole\u010dnosti Rheinmetall. Zbrojn\u00ed&#8230;<\/p>\n","protected":false},"author":2,"featured_media":93112,"comment_status":"closed","ping_status":"closed","sticky":false,"template":"","format":"standard","meta":[],"categories":[7],"tags":[565,40,7487],"_links":{"self":[{"href":"https:\/\/www.infokuryr.cz\/n\/wp-json\/wp\/v2\/posts\/93111"}],"collection":[{"href":"https:\/\/www.infokuryr.cz\/n\/wp-json\/wp\/v2\/posts"}],"about":[{"href":"https:\/\/www.infokuryr.cz\/n\/wp-json\/wp\/v2\/types\/post"}],"author":[{"embeddable":true,"href":"https:\/\/www.infokuryr.cz\/n\/wp-json\/wp\/v2\/users\/2"}],"replies":[{"embeddable":true,"href":"https:\/\/www.infokuryr.cz\/n\/wp-json\/wp\/v2\/comments?post=93111"}],"version-history":[{"count":0,"href":"https:\/\/www.infokuryr.cz\/n\/wp-json\/wp\/v2\/posts\/93111\/revisions"}],"wp:featuredmedia":[{"embeddable":true,"href":"https:\/\/www.infokuryr.cz\/n\/wp-json\/wp\/v2\/media\/93112"}],"wp:attachment":[{"href":"https:\/\/www.infokuryr.cz\/n\/wp-json\/wp\/v2\/media?parent=93111"}],"wp:term":[{"taxonomy":"category","embeddable":true,"href":"https:\/\/www.infokuryr.cz\/n\/wp-json\/wp\/v2\/categories?post=93111"},{"taxonomy":"post_tag","embeddable":true,"href":"https:\/\/www.infokuryr.cz\/n\/wp-json\/wp\/v2\/tags?post=93111"}],"curies":[{"name":"wp","href":"https:\/\/api.w.org\/{rel}","templated":true}]}}