{"id":93102,"date":"2025-11-26T00:22:44","date_gmt":"2025-11-25T23:22:44","guid":{"rendered":"https:\/\/www.infokuryr.cz\/n\/?p=93102"},"modified":"2025-11-25T11:59:54","modified_gmt":"2025-11-25T10:59:54","slug":"doslova-epidemie-zachranky-plnili-na-severu-moravy-pacienti-s-mrtvici-nesouvisi","status":"publish","type":"post","link":"https:\/\/www.infokuryr.cz\/n\/2025\/11\/26\/doslova-epidemie-zachranky-plnili-na-severu-moravy-pacienti-s-mrtvici-nesouvisi\/","title":{"rendered":"Doslova epidemie. Z\u00e1chranky plnili na severu Moravy pacienti s mrtvic\u00ed. Nesouvis\u00ed"},"content":{"rendered":"<div id=\"fb-root\"><\/div>\n<h3>Je naprosto skand\u00e1ln\u00ed, \u017ee lid\u00e9 padaj\u00ed jako mouchy, a nikdo nep\u00e1tr\u00e1 po tom, zda a jakou to m\u00e1 souvislost s o\u010dkov\u00e1n\u00edm.<\/h3>\n<p>Je nejvy\u0161\u0161\u00ed \u010das oto\u010dit kormidlem. A naopak se za\u010d\u00edt pt\u00e1t tvrd\u011b a d\u016fsledn\u011b. A vy\u017eadovat, aby informace,\u00a0<strong>zda se jednalo o lidi o\u010dkovan\u00e9 proti covidu<\/strong>, p\u0159\u00edpad\u011b proti covidu a ch\u0159ipce dohromady, byla nap\u0159\u00ed\u0161t\u011b automaticky ve\u0159ejn\u00e1.\u00a0<span class=\"post-tag\"><a href=\"https:\/\/www.nespokojeny.cz\/tag\/nesouvisi\/\" rel=\"tag\">#nesouvis\u00ed<\/a><\/span><span id=\"more-61940\"><\/span><\/p>\n<p>P\u0159e\u010dt\u011bte si\u00a0<a href=\"https:\/\/www.novinky.cz\/clanek\/domaci-zpravy-moravskoslezsky-kraj-doslova-epidemie-zachranky-plnili-na-severu-moravy-o-prodlouzenem-vikendu-pacienti-s-mrtvici-40549298\" target=\"_blank\" rel=\"noopener\">zpr\u00e1vu<\/a>\u00a0na Novink\u00e1ch, za\u010dn\u011bte pod n\u00ed diskutovat, zda lid\u00e9, kter\u00e9 v neb\u00fdval\u00e9 m\u00ed\u0159e postihuj\u00ed kardiovaskul\u00e1rn\u00ed probl\u00e9my, byli o\u010dkovan\u00ed. Pravd\u011bpodobn\u011b va\u0161e posty sma\u017ee administr\u00e1tor, anebo v\u00e1s \u010dek\u00e1 shitstorm, jak se v\u016fbec opova\u017eujete se pt\u00e1t. Okam\u017eit\u011b se na v\u00e1s slet\u00ed \u201eslu\u0161n\u00ed ob\u010dan\u00e9\u201c a za\u010dnou v\u00e1m sp\u00edlat. V\u0161ichni to zn\u00e1me.<\/p>\n<p><strong><em>Doslova epidemie. Z\u00e1chranky plnili na severu Moravy o prodlou\u017een\u00e9m v\u00edkendu pacienti s mrtvic\u00ed<\/em><\/strong><br \/>\n<em>Doslova epidemii pacient\u016f s c\u00e9vn\u00ed mozkovou p\u0159\u00edhodou zaznamenali b\u011bhem prodlou\u017een\u00e9ho v\u00edkendu moravskoslez\u0161t\u00ed z\u00e1chran\u00e1\u0159i. Pomoc poskytli p\u011bti des\u00edtk\u00e1m lid\u00ed, kter\u00e9 postihla porucha \u0159e\u010di, ochrnuli na polovinu t\u011bla, poklesl jim \u00fastn\u00ed koutek i mimick\u00e9 svaly v obli\u010deji, m\u011bli poruchu rovnov\u00e1hy nebo se jim n\u00e1hle zhor\u0161il zrak. [<a href=\"https:\/\/www.novinky.cz\/clanek\/domaci-zpravy-moravskoslezsky-kraj-doslova-epidemie-zachranky-plnili-na-severu-moravy-o-prodlouzenem-vikendu-pacienti-s-mrtvici-40549298\" target=\"_blank\" rel=\"noopener\">Novinky<\/a>]<\/em><\/p>\n<p><a title=\"\" href=\"https:\/\/www.nespokojeny.cz\/wp-content\/uploads\/epidemie_mrtvice.jpg\" data-rel=\"lightbox-image-0\" data-magnific_type=\"image\" data-rl_title=\"\" data-rl_caption=\"\"><img decoding=\"async\" loading=\"lazy\" class=\"aligncenter wp-image-61950\" src=\"https:\/\/www.nespokojeny.cz\/wp-content\/uploads\/epidemie_mrtvice.jpg\" sizes=\"(max-width: 500px) 100vw, 500px\" srcset=\"https:\/\/www.nespokojeny.cz\/wp-content\/uploads\/epidemie_mrtvice.jpg 888w, https:\/\/www.nespokojeny.cz\/wp-content\/uploads\/epidemie_mrtvice-300x202.jpg 300w, https:\/\/www.nespokojeny.cz\/wp-content\/uploads\/epidemie_mrtvice-450x303.jpg 450w, https:\/\/www.nespokojeny.cz\/wp-content\/uploads\/epidemie_mrtvice-150x101.jpg 150w, https:\/\/www.nespokojeny.cz\/wp-content\/uploads\/epidemie_mrtvice-768x517.jpg 768w\" alt=\"\" width=\"607\" height=\"409\" \/><\/a><\/p>\n<p>P\u0159\u00e1tel\u00e9, je nejvy\u0161\u0161\u00ed \u010das oto\u010dit kormidlem. A naopak se za\u010d\u00edt pt\u00e1t tvrd\u011b a d\u016fsledn\u011b. A vy\u017eadovat, aby informace, zda se jednalo o lidi o\u010dkovan\u00e9 proti covidu, p\u0159\u00edpad\u011b proti covidu a ch\u0159ipce dohromady, byla nap\u0159\u00ed\u0161t\u011b automaticky sou\u010d\u00e1st\u00ed takov\u00e9 novinov\u00e9 zpr\u00e1vy.<\/p>\n<p>P\u0159edstavte si t\u0159eba \u017ee by za jeden v\u00edkend p\u0159ijely v ur\u010dit\u00e9m regionu sanitky pro des\u00edtky lid\u00ed s v\u00e1\u017en\u00fdmi st\u0159evn\u00edmi pot\u00ed\u017eemi. Novin\u00e1\u0159i by se samoz\u0159ejm\u011b zcela automaticky ptali na to, co je p\u0159\u00ed\u010dinou. A pokud by se uk\u00e1zalo, \u017ee podez\u0159el\u00e9 jsou nap\u0159\u00edklad masn\u00e9 v\u00fdrobky z m\u00edstn\u00ed j\u00eddelny, pak by ur\u010dit\u011b napsali.<\/p>\n<p>V p\u0159\u00edpad\u011b o\u010dkov\u00e1n\u00ed je to jinak. Je zcela jist\u00e9 a prok\u00e1zan\u00e9, \u017ee vakc\u00edny zp\u016fsobuj\u00ed nej\u010dast\u011bji pr\u00e1v\u011b tento typ pot\u00ed\u017e\u00ed. Jestli si pamatujete o riziku mozkov\u00e9 mrtvice p\u0159i dvojboji \u201ecovid \u2013 ch\u0159ipka\u201c mluvil sv\u00e9ho \u010dasu i\u00a0<strong><a href=\"https:\/\/www.nespokojeny.cz\/tag\/roman-prymula\/\" target=\"_blank\" rel=\"noopener\">Prymula<\/a><\/strong>. Kdy\u017e dostal po papuli, tak o tom rad\u011bji mluvit p\u0159estal.<\/p>\n<p>Samoz\u0159ejm\u011b, \u017ee m\u011bl pravdu. To riziko tady je a nen\u00ed nev\u00fdznamn\u00e9. V ka\u017ed\u00e9 takov\u00e9 zpr\u00e1v\u011b by m\u011blo b\u00fdt automaticky naps\u00e1no, zda ti lid\u00e9 podstoupili tato o\u010dkov\u00e1n\u00ed a kdy. Je to ve ve\u0159ejn\u00e9m z\u00e1jmu.<\/p>\n<p><a title=\"\" href=\"https:\/\/www.nespokojeny.cz\/wp-content\/uploads\/prymula_ockovani_mrtvice.jpg\" data-rel=\"lightbox-image-1\" data-magnific_type=\"image\" data-rl_title=\"\" data-rl_caption=\"\"><img decoding=\"async\" loading=\"lazy\" class=\"aligncenter wp-image-61951\" src=\"https:\/\/www.nespokojeny.cz\/wp-content\/uploads\/prymula_ockovani_mrtvice.jpg\" sizes=\"(max-width: 500px) 100vw, 500px\" srcset=\"https:\/\/www.nespokojeny.cz\/wp-content\/uploads\/prymula_ockovani_mrtvice.jpg 855w, https:\/\/www.nespokojeny.cz\/wp-content\/uploads\/prymula_ockovani_mrtvice-300x247.jpg 300w, https:\/\/www.nespokojeny.cz\/wp-content\/uploads\/prymula_ockovani_mrtvice-450x371.jpg 450w, https:\/\/www.nespokojeny.cz\/wp-content\/uploads\/prymula_ockovani_mrtvice-150x124.jpg 150w, https:\/\/www.nespokojeny.cz\/wp-content\/uploads\/prymula_ockovani_mrtvice-768x632.jpg 768w\" alt=\"\" width=\"765\" height=\"629\" \/><\/a><\/p>\n<p>Ve\u0159ejnost m\u00e1 pr\u00e1vo to v\u011bd\u011bt.<\/p>\n<p>Zcela tristn\u00ed je, \u017ee tato data systematicky od sv\u00fdch pacient\u016f neshroma\u017e\u010fuj\u00ed ani jejich l\u00e9ka\u0159i. Pravda, n\u011bkte\u0159\u00ed se u\u017e na to ptaj\u00ed, ale statistiky si vedou sp\u00ed\u0161e soukrom\u011b. P\u0159esto\u017ee podez\u0159en\u00ed o t\u011bchto ne\u017e\u00e1douc\u00edch \u00fa\u010dinc\u00edch tady jsou, nikdo se systematicky nept\u00e1 pacient\u016f, kte\u0159\u00ed trp\u00ed n\u00e1hl\u00fdmi kardiovaskul\u00e1rn\u00edmi probl\u00e9my, jak\u00fd maj\u00ed o\u010dkovac\u00ed status. A to nejen bezprost\u0159edn\u011b po o\u010dkov\u00e1n\u00ed. Ale t\u0159eba i m\u011bs\u00edce a roky pot\u00e9.<\/p>\n<p>Je p\u0159itom nejvy\u0161\u0161\u00edm z\u00e1jmem st\u00e1tu, kter\u00fd m\u00e1 slou\u017eit ob\u010dan\u016fm, tyto \u00fadaje sb\u00edrat a analyzovat. Ale sami kardiologov\u00e9 mi zd\u011b\u0161en\u011b \u0159\u00edkaj\u00ed, \u017ee tyto informace nejen\u017ee nikdo nesb\u00edr\u00e1, ale vlastn\u011b je jim d\u00e1v\u00e1no najevo, \u017ee pt\u00e1t se pacient\u016f, je cosi nepat\u0159i\u010dn\u00e9ho.<\/p>\n<p>Mo\u017en\u00e1 si \u0159\u00edk\u00e1te \u2013 pro\u010d by se l\u00e9ka\u0159i ptali, m\u00e1me p\u0159ece\u00a0<strong><a href=\"https:\/\/www.nespokojeny.cz\/tag\/uzis\/\" target=\"_blank\" rel=\"noopener\">\u00daZIS<\/a><\/strong>\u00a0a tam se ty informace nakonec sejdou. Ne, nen\u00ed to tak. Jednak se tam sch\u00e1zej\u00ed \u00fadaje \u010dasto s r\u016fzn\u00fdmi chybami, proto\u017ee data \u00daZISu (jak se ukazuje) nejsou \u00fapln\u011b spolehliv\u00e1, ale hlavn\u011b \u2013 i kdy\u017e tam jsou NIKDO JE NEZKOUM\u00c1!! A \u00daZIS se br\u00e1n\u00ed kompletn\u00ed statistiky t\u011bm, kte\u0159\u00ed by je zkoumat cht\u011bli, vydat.<\/p>\n<p>Tak\u017ee je to za\u010darovan\u00fd kruh.<\/p>\n<p>Je naprosto skand\u00e1ln\u00ed, \u017ee lidi padaj\u00ed jak mouchy a nikdo nep\u00e1tr\u00e1 po tom, zda a jakou to m\u00e1 souvislost s o\u010dkov\u00e1n\u00edm. To se mus\u00ed zm\u011bnit.<\/p>\n<p>PS: Poruchy \u0159e\u010di, slabost a pad\u00e1n\u00ed koutku\u2026. dejte na to pozor i u sv\u00fdch bl\u00edzk\u00fdch [<a href=\"https:\/\/www.facebook.com\/gvendy\/posts\/pfbid02tB8LDFqVQLzR6CqCintzKtsLjsmoPctgko62N7GNLvbPnUBoStdSG4xQ9ZuvEbd9l\" target=\"_blank\" rel=\"noopener\">zdroj<\/a>]<\/p>\n<h3><strong>Vybran\u00e9 koment\u00e1\u0159e<\/strong><\/h3>\n<p>Z diskuse pod textem na Facebooku:<\/p>\n<p><em>Jen v m\u00e9m okol\u00ed zem\u0159elo za posledn\u00ed 3 roky v\u00edc ne\u017e 10 mn\u011b zn\u00e1m\u00fdch lid\u00ed mezi 45-55 lety na \u201en\u00e1hl\u00e9\u201c selh\u00e1n\u00ed srdce \u010di mozkovou p\u0159\u00edhodu (nikdy za m\u00fdch 56 let tolik lid\u00ed kolem m\u011b \u201en\u00e1hle\u201c neum\u0159elo!) a dal\u0161\u00ed des\u00edtky mn\u011b bl\u00edzk\u00fdch lid\u00ed maj\u00ed nemal\u00e9 zdravotn\u00ed probl\u00e9my, kter\u00e9 nikdy p\u0159ed t\u00edm nem\u011bli\u2026.(rovn\u011b\u017e pr\u00fd \u201en\u00e1hoda\u201c!?).<\/em><\/p>\n<p><em>Statistika na 1 \u010dlov\u011bka \u0161\u00edlen\u00e1 a v\u011b\u0159\u00edm, \u017ee nejsem s\u00e1m s takovouto statistikou. Nicm\u00e9n\u011b i p\u0159esto st\u00e1le \u010dtu a poslouch\u00e1m u\u017e 3 roky to sam\u00e9 \u2013 od t\u011bch, co slep\u011b a hlu\u0161e d\u016fv\u011b\u0159ovali a nepochopiteln\u011b d\u00e1l d\u016fv\u011b\u0159uj\u00ed t\u011bm medi\u00e1ln\u00edm prymul\u016fm a spol\u2026.\u201cto nen\u00ed pravda, to nen\u00ed mo\u017en\u00e9, jsi antivaxer\u2026\u201c.<\/em><\/p>\n<p><em>Naprost\u00e1 absence cht\u00ed\u010de zamyslet se a racion\u00e1ln\u011b si spojit fakta. Anebo pouh\u00e1 alibistick\u00e1 \u201eobrana\u201c nate\u010dkovan\u00fdch p\u0159ed realitou, \u017ee pokud nem\u011bli to \u0161t\u011bst\u00ed vylosovat si placebo variantu, jejich zdravou krev u\u017e jim nikdo nikdy nevr\u00e1t\u00ed a jim bohu\u017eel nezb\u00fdv\u00e1 nic jin\u00e9ho, ne\u017e \u010dekat\u2026<\/em><\/p>\n<p><em>Je mi t\u011bch odm\u00edta\u010d\u016f jin\u00e9 varianty up\u0159\u00edmn\u011b l\u00edto, ale ka\u017ed\u00fd jsme sv\u00e9ho \u0161t\u011bst\u00ed str\u016fjcem.<\/em><\/p>\n<p><em>Ka\u017ed\u00fd jsme m\u011bli volbu.<\/em><\/p>\n<p>Tak j\u00e1 to vezmu popo\u0159\u00e1dku \u2013 synovec n\u00e1m um\u0159el 3 dny po o\u010dkov\u00e1n\u00ed na cov na mrtvici, 39 let!<\/p>\n<p>Spolu\u017e\u00e1k po o\u010dkov\u00e1n\u00ed cca 4 m\u011bs\u00edce, zji\u0161t\u011bna rakovina, \u0161lo to tak rychle, \u017ee do p\u016fl roku byl po smrti.<\/p>\n<p>P\u0159\u00edbuzn\u00fd 1 o\u010dkov\u00e1n\u00ed na cov \u2013 infarkt.<\/p>\n<p>2 o\u010dkov\u00e1n\u00ed na cov \u2013 infarkt.<\/p>\n<p>Zn\u00e1m\u00fd \u2013 po o\u010dkov\u00e1n\u00ed do 3 m\u011bs\u00edc\u016f zji\u0161t\u011bn\u00e1 cukrovka, ta se povedla dostat pod kontrolu, b\u011bhem dal\u0161\u00edho roku zji\u0161t\u011bny z\u00e1va\u017en\u00e9 probl\u00e9my se srdcem \u2026. bud\u00edk.<\/p>\n<p>Dal\u0161\u00ed zn\u00e1m\u00fd \u2013 po o\u010dkov\u00e1n\u00ed do p\u016fl roku pot\u00ed\u017ee se srdcem, bud\u00edk.<\/p>\n<p><em>Mysl\u00edm, \u017ee nejen srd\u00ed\u010dko a mrtvice, ale v m\u00e9m okol\u00ed i rychl\u00e9 rakoviny a pom\u011brn\u011b rychl\u00fd pr\u016fb\u011bh. Spolu\u017e\u00e1k \u2013 58 let, n\u00e1lez v \u010dervenci, p\u0159ed dv\u011bma t\u00fddny poh\u0159eb. Matka na\u0161ich dvou \u017e\u00e1k\u016f, n\u00e1lez v l\u00e9t\u011b, minul\u00fd t\u00fdden poh\u0159eb \u2013 53 let. B\u00fdval\u00e1 kolegyn\u011b, n\u00e1lez v kv\u011btnu, poh\u0159eb p\u0159ed t\u0159emi t\u00fddny, 55 let. Dva l\u00e9ka\u0159i u n\u00e1s, jeden 62 let, druh\u00fd sice 72, ale hodn\u011b rychl\u00fd pr\u016fb\u011bh. A tak bych mohla pokra\u010dovat.<\/em><\/p>\n<p>V\u011bt\u0161ina l\u00e9ka\u0159\u016f se nept\u00e1 nechce to sly\u0161et, moje kamar\u00e1dka pracuje v Motole na d\u011btsk\u00e9 kardiochirurgii, tolik myokarditid u d\u011bt\u00ed nikdy neza\u017eili , l\u00e9ka\u0159i se div\u00ed, ale neptaj\u00ed se na o\u010dko. Ona jim to porad \u0159\u00edk\u00e1 a za\u017e\u00edv\u00e1 tam neskute\u010dn\u011b peklo.. necht\u011bj\u00ed si p\u0159iznat, \u017ee nalet\u011bli a ud\u011blali chybu \u2026 je to jejich selh\u00e1n\u00ed, rad\u0161i ob\u011btuj\u00ed dal\u0161\u00ed lidi ne\u017e,aby zjistili a n\u011bco ud\u011blali \u2026 to se jim jednou se\u010dte.<\/p>\n<p><em>M\u011b doktor na preventivn\u00ed prohl\u00eddce doslova se\u0159val, \u017ee jsem odm\u00edtla o\u010dkov\u00e1n\u00ed na covid+ch\u0159ipku sou\u010dasn\u011b. \u0158ekl mi, \u017ee v USA a ve sv\u011bt\u011b se na to stoj\u00ed fronty a j\u00e1 si nev\u00e1\u017e\u00edm toho, \u017ee to m\u00e1m zadarmo. \u017de on a cel\u00e1 jeho rodina v\u010detn\u011b vnou\u010dat to o\u010dkov\u00e1n\u00ed maj\u00ed. Uva\u017euji o zm\u011bn\u011b l\u00e9ka\u0159e, proto\u017ee tohle se d\u011bje p\u0159i ka\u017ed\u00e9 n\u00e1v\u0161t\u011bv\u011b. Po\u0159\u00e1d mi nut\u00ed n\u011bjak\u00e9 o\u010dkov\u00e1n\u00ed a j\u00e1 tam chod\u00edm s nervama, co\u017e je paradox\u2026l\u00e9ka\u0159 by m\u011bl l\u00e9\u010dit a ten m\u016fj jen stra\u0161\u00ed.<\/em><\/p>\n<p>Naprosto SOUHLAS\u00cdM a \u010dekal bych takov\u00e9to doporu\u010den\u00ed t\u0159eba od S\u00daKLu, \u010cesk\u00e9 l\u00e9ka\u0159sk\u00e9 komory, Ministerstva zdravotnictv\u00ed, ve\u0159ejnopr\u00e1vn\u00edch m\u00e9di\u00ed tedy \u010cT a \u010cesk\u00e9ho rozhlasu . Je skand\u00e1ln\u00ed a do o\u010d\u00ed bij\u00edc\u00ed, \u017ee t\u011bmto instituc\u00edm v\u016fbec nejde o naprosto samoz\u0159ejmou reflexi doby co*idov\u00e9 , v\u017edy\u0165 bychom V\u0160ICHNI M\u011aLI M\u00cdT Z\u00c1JEM na zodpov\u011bzen\u00ed TAKOV\u00c9 SPOUSTY OTAZN\u00cdK\u016e A POCHYBNOST\u00cd souvisej\u00edc\u00edch s aplikac\u00ed va*c\u00edn proti Co*idu v tak obrovsk\u00e9m m\u011b\u0159\u00edtku a nav\u00edc v re\u017eimu nouzov\u00e9ho schv\u00e1len\u00ed\u2026\u2026. otev\u0159ete o\u010di, to, co se d\u011blo a d\u011bje zejm\u00e9na od jara 2020, by m\u011blo ka\u017ed\u00e9ho probudit, d\u011bje se n\u00e1m to p\u0159ed nosem.<\/p>\n<p><em>Moje kamar\u00e1dka, den po o\u010dkov\u00e1n\u00ed j\u00ed zem\u0159el man\u017eel na selh\u00e1n\u00ed srdce, p\u0159esto je p\u0159esv\u011bd\u010dena, \u017ee o\u010dkov\u00e1n\u00ed bylo spr\u00e1vn\u00e9.<\/em><\/p>\n<p>V kritick\u00fdch dvou letech jsem pracovala u star\u00fdch lid\u00ed. \u017d\u00e1dn\u00e9 ne\u017e\u00e1douc\u00ed \u00fa\u010dinky po o\u010dkov\u00e1n\u00ed nebyly u nich hl\u00e1\u0161eny\/ a nehl\u00e1sili je ani zn\u00e1m\u00ed co v\u00edm. Lidi se boj\u00ed. Co v\u00edm nikdo se nebr\u00e1nil ani kdy\u017e p\u0159\u00edbuzn\u00fd za podivn\u00fdch okolnost\u00ed zem\u0159el p\u00e1r dn\u00ed po op\u00edch\u00e1n\u00ed. P\u0159\u00edbuzn\u00ed to \u0159ekli jen po stran\u011b. Pani v p\u00e9\u010di v soci\u00e1lnich slu\u017eb\u00e1ch..b\u00e1la se. Syn ji p\u0159inutil. Po prvnim bodanci asi po t\u00fddnu nejasn\u00e9 bolesti b\u0159icha. Rychl\u00e1 z\u00e1chrann\u00e1 ji nav\u0161t\u00edvila a zmizela, s t\u00edm, \u017ee to nic nen\u00ed. Syn na\u0161t\u011bst\u00ed r\u00e1no pan\u00ed vzal do nemocnice. Dg.infarkt sleziny. Po t\u0159ech t\u00fddnech l\u00e9\u010dby se objevil s dr.a dostala druhou. Vim to p\u0159\u00edmo od pan\u00ed. B\u00e1la se a doktorka j\u00ed \u0159ekla: J\u00e1 v\u00e1m d\u00e1m tu slab\u0161\u00ed. Sejmulo ji to, p\u0159estala chodit, ale p\u0159e\u017eila a snad se schopnost ch\u016fze \u010dasem obnovila. To u\u017e jsem tam nebyla. Necht\u011bla jsem pracovat pro ten odporn\u00fd syst\u00e9m. Sta\u0159\u00ed lid\u00e9 \u010dasto po bodanci do t\u00fddne upadli. P\u0159i\u010d\u00edtala jsem to n\u011bjak\u00e9 mikromrtvici pot\u00e9. Postupn\u011b se trochu zm\u00e1to\u0159ili. V\u0161e bez jak\u00e9koli l\u00e9ka\u0159sk\u00e9 p\u00e9\u010de. Pe\u010dovatelky nesm\u011bly bez v\u011bdom\u00ed \u0159editelky zavolat rychlou z\u00e1chrannou slu\u017ebu. Ud\u011blala jsem to jednou, kdy\u017e mi bylo na prvn\u00ed pohled jasn\u00e9, \u017ee m\u00e1 p\u00e1n mrtvici a dostala jsem co proto. Po tom, co jsem vid\u011bla, co ta v\u011bc d\u011blala star\u00fdm lidem, nikdy bych to nenechala do sebe p\u00edchnout.<\/p>\n<p><span style=\"font-size: 10pt;\"><a href=\"https:\/\/www.nespokojeny.cz\/doslova-epidemie-zachranky-plnili-na-severu-moravy-pacienti-s-mrtvici-nesouvisi\/\">NESPOKOJEN\u00dd<\/a><\/span><\/p>\n<p>&nbsp;<\/p>\n","protected":false},"excerpt":{"rendered":"<p>Je naprosto skand\u00e1ln\u00ed, \u017ee lid\u00e9 padaj\u00ed jako mouchy, a nikdo nep\u00e1tr\u00e1 po tom, zda a&#8230;<\/p>\n","protected":false},"author":2,"featured_media":56581,"comment_status":"closed","ping_status":"closed","sticky":false,"template":"","format":"standard","meta":[],"categories":[6],"tags":[1503,1807,213,651],"_links":{"self":[{"href":"https:\/\/www.infokuryr.cz\/n\/wp-json\/wp\/v2\/posts\/93102"}],"collection":[{"href":"https:\/\/www.infokuryr.cz\/n\/wp-json\/wp\/v2\/posts"}],"about":[{"href":"https:\/\/www.infokuryr.cz\/n\/wp-json\/wp\/v2\/types\/post"}],"author":[{"embeddable":true,"href":"https:\/\/www.infokuryr.cz\/n\/wp-json\/wp\/v2\/users\/2"}],"replies":[{"embeddable":true,"href":"https:\/\/www.infokuryr.cz\/n\/wp-json\/wp\/v2\/comments?post=93102"}],"version-history":[{"count":1,"href":"https:\/\/www.infokuryr.cz\/n\/wp-json\/wp\/v2\/posts\/93102\/revisions"}],"predecessor-version":[{"id":93103,"href":"https:\/\/www.infokuryr.cz\/n\/wp-json\/wp\/v2\/posts\/93102\/revisions\/93103"}],"wp:featuredmedia":[{"embeddable":true,"href":"https:\/\/www.infokuryr.cz\/n\/wp-json\/wp\/v2\/media\/56581"}],"wp:attachment":[{"href":"https:\/\/www.infokuryr.cz\/n\/wp-json\/wp\/v2\/media?parent=93102"}],"wp:term":[{"taxonomy":"category","embeddable":true,"href":"https:\/\/www.infokuryr.cz\/n\/wp-json\/wp\/v2\/categories?post=93102"},{"taxonomy":"post_tag","embeddable":true,"href":"https:\/\/www.infokuryr.cz\/n\/wp-json\/wp\/v2\/tags?post=93102"}],"curies":[{"name":"wp","href":"https:\/\/api.w.org\/{rel}","templated":true}]}}