{"id":9310,"date":"2022-03-21T12:23:05","date_gmt":"2022-03-21T11:23:05","guid":{"rendered":"http:\/\/www.infokuryr.cz\/n\/?p=9310"},"modified":"2022-03-21T12:24:40","modified_gmt":"2022-03-21T11:24:40","slug":"hnupova-cesta-vlakem-do-kyjeva-jako-vrchol-trapnosti-a-proradnosti-ceske-vlady","status":"publish","type":"post","link":"https:\/\/www.infokuryr.cz\/n\/2022\/03\/21\/hnupova-cesta-vlakem-do-kyjeva-jako-vrchol-trapnosti-a-proradnosti-ceske-vlady\/","title":{"rendered":"H\u0147UPOVA CESTA VLAKEM DO \u201eKYJEVA\u201c JAKO VRCHOL TRAPNOSTI A PRORADNOSTI \u010cESK\u00c9 VL\u00c1DY"},"content":{"rendered":"<div id=\"fb-root\"><\/div>\n<h2 class=\"entry-title\">NED\u011aLN\u00cdK ADAMA B. BARTO\u0160E (79)<\/h2>\n<p>P\u0159ed t\u00fddnem jsem psal, \u017ee se Petr Fiala chov\u00e1, jako kdyby byl premi\u00e9rem Ukrajiny a ne \u010cesk\u00e9 republiky. Cht\u011bl jsem t\u00edm \u0159\u00edci, \u017ee by se m\u011bl v\u00edce v\u011bnovat na\u0161\u00ed zemi a m\u00e9n\u011b ukrajinsk\u00fdm b\u011b\u017eenc\u016fm a sv\u00e9 vlastn\u00ed soukrom\u00e9 v\u00e1lce s Putinem. Premi\u00e9r si ale mou radu nevzal k srdci a naopak je\u0161t\u011b p\u0159itvrdil. Sedl na vlak a o sv\u00e9 podpo\u0159e Ukrajin\u011b a Ukrajinc\u016f jel \u00fadajn\u011b informovat prezidenta Zelensk\u00e9ho p\u0159\u00edmo do obl\u00e9han\u00e9ho Kyjeva. V\u00edm, \u017ee se o tom u\u017e napsalo mnoho, ale ned\u00e1 mi, abych se k tomu nevr\u00e1til i j\u00e1 ve sv\u00e9m ned\u011bln\u00edku, proto\u017ee \u2013 tady u\u017e jde do tuh\u00e9ho.<span id=\"more-12820\"><\/span><\/p>\n<p>Pozn\u00e1mka prvn\u00ed \u2013 ani na chv\u00edli jsem nev\u011b\u0159il, \u017ee by premi\u00e9r jel do Kyjeva, kdy\u017e v\u00edme, \u017ee prezident Ukrajiny u\u017e n\u011bjak\u00fd \u010das nat\u00e1\u010d\u00ed sv\u00e1 videa na zelen\u00e9m kl\u00ed\u010dovac\u00edm pozad\u00ed z n\u011bjak\u00e9ho bezpe\u010dn\u00e9ho \u00fakrytu mimo \u00fazem\u00ed Ukrajiny. O exilov\u00e9 ukrajinsk\u00e9 vl\u00e1d\u011b, kter\u00e1 se m\u00e1 p\u0159esunout do Polska, se psalo u\u017e p\u00e1r dn\u00ed po rusk\u00e9 invazi, a to\u00a0<a href=\"https:\/\/www.blesk.cz\/clanek\/zpravy-valka-na-ukrajine\/705937\/exilova-vlada-v-polsku-a-dlouhe-krvave-boje-zapad-se-u-ukrajiny-pripravuje-na-nejhorsi.html\" target=\"_blank\" rel=\"noopener\"><em><strong>dokonce i na mainstreamu<\/strong><\/em><\/a>. Zd\u00e1 se mi pravd\u011bpodobn\u00e9, \u017ee tento krizov\u00fd sc\u00e9n\u00e1\u0159 plat\u00ed i pro ukrajinsk\u00e9ho prezidenta a \u017ee byl u\u017e d\u00e1vno spu\u0161t\u011bn.<\/p>\n<p>Zelenskyj se tak vr\u00e1til ke sv\u00e9 p\u016fvodn\u00ed profesi a stal se toliko n\u00e1jemn\u00fdm hercem, kter\u00fd ve studiu p\u0159ed kamerou hraje, jak se proch\u00e1z\u00ed po Kyjev\u011b, ale j\u00edm produkovan\u00e1 videa mne nep\u0159esv\u011bd\u010dila o tom, \u017ee by v Kyjev\u011b skute\u010dn\u011b st\u00e1le byl. Nesrovnalost\u00ed v t\u011bchto vide\u00edch je p\u0159\u00edli\u0161 mnoho a nem\u00e1 smysl se o tom d\u00e1le rozepisovat \u2013 na internetu o tom najdete mnoho \u010dl\u00e1nk\u016f. Nebyl jsem tud\u00ed\u017e jedin\u00fd, komu vrtala v hlav\u011b ot\u00e1zka, kam vlastn\u011b Fiala a spol. jeli.<\/p>\n<p>Pozn\u00e1mka druh\u00e1 \u2013 cesta do Kyjeva trv\u00e1 plus minus 24 hodin, ale Fiala se stihl do Kyjeva dostat (a to i se zast\u00e1vkou v Polsku) za n\u011bjak\u00fdch patn\u00e1ct hodin \u2013 v \u00fater\u00fd r\u00e1no informace o tom, \u017ee \u201evyjeli\u201c, probleskla do m\u00e9di\u00ed (ve skute\u010dnosti se t\u00edm pochlubil Fiala s\u00e1m na sv\u00e9m facebookov\u00e9m profilu) a ve\u010der v osm u\u017e pr\u00fd byli na m\u00edst\u011b. Vypad\u00e1 to, \u017ee by studio Marvel mohlo Fialu adoptovat mezi superhrdiny \u2013 nejen, \u017ee se probojoval tam a zp\u011bt p\u0159es ruskou frontu do obl\u00e9han\u00e9ho a ost\u0159elovan\u00e9ho m\u011bsta, ani\u017e by si ho kdo v\u0161imnul, ale z\u0159ejm\u011b cestuje nadzvukovou rychlost\u00ed \u010di dokonce cestuje \u010dasem.<\/p>\n<p>Pozn\u00e1mka t\u0159et\u00ed \u2013\u00a0<a href=\"https:\/\/denikn.cz\/829674\/pane-senatore-vypnete-si-mikrofon-zelenskyj-prosil-kongresmany-o-pomoc-s-letadly\/\" target=\"_blank\" rel=\"noopener\"><em><strong>ned\u00e1vno jsem zaznamenal<\/strong><\/em><\/a>, \u017ee ameri\u010dt\u00ed kongresmani, kte\u0159\u00ed se Zelensk\u00fdm komunikovali p\u0159es Zoom a dop\u0159edu se t\u00edm na soci\u00e1ln\u00edch s\u00edt\u00edch pochlubili, byli vystaveni kritice za to, \u017ee ohro\u017euj\u00ed Zelensk\u00e9ho bezpe\u010dnost. Petr Fiala je h\u0148up, ale \u017ee by ohrozil Zelensk\u00e9ho \u017eivot, na to by si zase dal docela dobr\u00fd pozor. I z toho se d\u00e1 usuzovat, \u017ee Zelensk\u00fd je na n\u011bjak\u00e9m bezpe\u010dn\u00e9m m\u00edst\u011b, tak\u017ee ho Fialovo vychloub\u00e1n\u00ed (\u017ee za n\u00edm jede) nem\u016f\u017ee ohrozit. A kdy\u017e u\u017e jsme u toho ohro\u017een\u00ed \u017eivota \u2013 nemysl\u00edm, \u017ee cesta byla riskantn\u00ed a nebezpe\u010dn\u00e1 i pro premi\u00e9ra (i kdy\u017e za chv\u00edli se pokus\u00edm vyl\u00ed\u010dit, pro\u010d byla a je nebezpe\u010dn\u00e1 pro n\u00e1s v\u0161echny) a \u017ee je premi\u00e9r tud\u00ed\u017e hrdina, proto\u017ee nebyl-li v Kyjev\u011b, jak se domn\u00edv\u00e1m, jedin\u00e9, co mu hrozilo, bylo ztrapn\u011bn\u00ed a blam\u00e1\u017e, kdyby se skute\u010dn\u00e9 m\u00edsto sch\u016fzky provalilo a uk\u00e1zalo by se, \u017ee to nen\u00ed Kyjev. Nav\u00edc to v\u0161e mus\u00edme \u201evyn\u00e1sobit\u201c je\u0161t\u011b polsk\u00fdm a slovinsk\u00fdm premi\u00e9rem. I kdyby byl Fiala takov\u00fd bl\u00e1zen, \u017ee by ohrozil sv\u016fj \u017eivot, pravd\u011bpodobnost, \u017ee by se podobn\u011b bl\u00e1zniv\u011b zachovali i jeho polsk\u00fd a slovinsk\u00fd prot\u011bj\u0161ek, se bl\u00ed\u017e\u00ed nule. Nav\u00edc s polsk\u00fdm premi\u00e9rem cestoval i jeho p\u0159edch\u016fdce Kaczynski, kter\u00fd nejsp\u00ed\u0161e dodnes v\u011b\u0159\u00ed tomu, \u017ee jeho bratra Lecha sest\u0159elili u Smolensku Rusov\u00e9 \u2013 a on by jel do Rusy ost\u0159elovan\u00e9ho Kyjeva? Nepravd\u011bpodobn\u00e9. Tito proameri\u010dt\u00ed politici jsou bl\u00e1zni, ale ne zas takov\u00ed, aby riskovali sv\u016fj osobn\u00ed \u017eivot. Oni riskuj\u00ed jen na\u0161e \u017eivoty\u2026<\/p>\n<p>Nechci spekulovat, kde vlastn\u011b byli, zda ve Var\u0161av\u011b nebo n\u011bkde jinde v Polsku, nebo zda ve Lvov\u011b (i kdy\u017e si mysl\u00edm, \u017ee na Ukrajinu v\u016fbec nejeli), ale je podivn\u00e9, \u017ee toho o m\u00edst\u011b setk\u00e1n\u00ed v\u00edme tak m\u00e1lo. Jist\u011b, dalo by se \u0159\u00edci, \u017ee to bylo s ohledem na bezpe\u010dnost (kterou ale Fiala s\u00e1m poru\u0161il, jak jsem zm\u00ednil v\u00fd\u0161e), ale na druhou stranu \u2013 co novin\u00e1\u0159i? Co televizn\u00ed \u0161t\u00e1by, kameramani, report\u00e9\u0159i? Ti v\u0161ichni byli dop\u0159edu informov\u00e1ni, kam se maj\u00ed dostavit? Nev\u011b\u0159\u00edm. Podle mne tam \u017e\u00e1dn\u00ed nebyli. A mikrofony s logem \u010cT? U\u017e vid\u00edm, jak stejn\u011b \u201ehrdinsky\u201c si po\u010d\u00edn\u00e1 pan Karas nebo r\u016fzn\u00ed dal\u0161\u00ed report\u00e9\u0159i, zvl\u00e1\u0161t\u011b pot\u00e9, co na Ukrajin\u011b za\u0159valo n\u011bkolik americk\u00fdch novin\u00e1\u0159\u016f.<\/p>\n<p>Pozn\u00e1mka \u010dtvrt\u00e1 \u2013 kdy\u017e u\u017e se tedy Fiala sv\u00fdm v\u00fdletem tak chlub\u00ed a sna\u017e\u00ed se na n\u011bm z\u00edsk\u00e1vat politick\u00e9 body, pro\u010d neud\u011blal n\u011bjakou skute\u010dnou fotku z v\u00e1le\u010dn\u00e9ho Kyjeva? M\u00e9dia n\u00e1m tvrd\u00ed, jak\u00e9 je tam peklo, Fiala do toho pekla jede a neud\u011bl\u00e1 si n\u011bjak\u00e9 hrdinsk\u00e9 self\u00ed\u010dko? Pro\u010d se nevyfotil s t\u011bmi ruinami, kter\u00e9 n\u00e1m tak r\u00e1di v m\u00e9di\u00edch ukazuj\u00ed? M\u00edsto toho vid\u00edme n\u011bjak\u00e9 podivn\u00e9 z\u00e1b\u011bry, na kter\u00fdch Fiala v \u010derven\u00e9m svet\u0159\u00edku (u\u017e zase!) naslouch\u00e1 Zelensk\u00e9mu v n\u011bjak\u00e9 zaseda\u010dce a tv\u00e1\u0159\u00ed se u toho jak truhl\u00edk. Nikde jsme zkr\u00e1tka nevid\u011bli \u017e\u00e1dn\u00fd p\u0159esv\u011bd\u010div\u00fd d\u016fkaz o tom, \u017ee parta proamerick\u00fdch vlezdoprdelk\u016f skute\u010dn\u011b byla v Kyjev\u011b. Vid\u011bli jsme jen n\u011bjak\u00e9 podivn\u00e9 z\u00e1b\u011bry. A to je m\u00e1lo\u2026<\/p>\n<p>S t\u00edm souvis\u00ed ot\u00e1zka \u2013 bu\u010f Fiala v\u011bd\u011bl, \u017ee do Kyjeva nejede a \u017ee je to cel\u00e9 fejk a dezinformace (proti kter\u00fdm n\u00e1s chce tak chr\u00e1nit, \u017ee skute\u010dn\u011b pravdiv\u00e1 opozi\u010dn\u00ed m\u00e9dia vyp\u00edn\u00e1), a pak n\u00e1m celou dobu lhal a l\u017ee. A nebo je to naivn\u00ed blbec, kter\u00e9ho mohou nalo\u017eit do vag\u00f3nu se zata\u017een\u00fdmi okny a odv\u00e9zt ho kamkoli a on jim to zba\u0161t\u00ed \u2013 a pak nev\u00edm, co je hor\u0161\u00ed. Zda m\u00edt ulhan\u00e9ho premi\u00e9ra, nebo premi\u00e9ra, kter\u00fd je blb\u00fd jak t\u00e1go a pln\u00ed roli cvi\u010den\u00e9 opi\u010dky: sedne si, kam mu p\u0159ik\u00e1\u017eou, tam od\u0159\u00edk\u00e1, co mu napsali a v\u011b\u0159\u00ed, \u017ee byl tam, kde mu \u0159ekli, \u017ee byl, i kdy\u017e to ani \u010dasov\u011b nesed\u00ed. A\u010dkoli si mysl\u00edm, \u017ee Petr Fiala je h\u0148up, tak takhle blb\u00fd ale zase nen\u00ed. Je za t\u00edm n\u011bco v\u00edce. Nav\u00edc p\u0159\u00edtomnost polsk\u00fdch politik\u016f to cel\u00e9 je\u0161t\u011b umoc\u0148uje \u2013 i kdyby byl Fiala skute\u010dn\u011b tak naivn\u00ed, \u017ee by v\u011b\u0159il tomu, \u017ee je v Kyjev\u011b, a\u010dkoli by byl t\u0159eba v P\u0159emy\u0161li (kde podle fotografie nejsp\u00ed\u0161e byli), co\u017e by se dalo omluvit t\u00edm, \u017ee to na Ukrajin\u011b \u010di v Polsku nezn\u00e1 a nepozn\u00e1, polsk\u00fd premi\u00e9r a expremi\u00e9r p\u0159ece tak hloup\u00ed nejsou. Ti by ur\u010dit\u011b poznali, zda jsou na Ukrajin\u011b, \u010di ve sv\u00e9 vlastn\u00ed zemi. To mi sp\u00ed\u0161e potvrzuje m\u016fj pocit, \u017ee o tom v\u0161ichni v\u011bd\u011bli dop\u0159edu a hr\u00e1li na n\u00e1s divadlo. Prost\u011b komik tam, komici tady \u2013 herec tam, herci tady. V\u0161echno jeden velk\u00fd sitcom, kde v\u00e1m je\u0161t\u011b napov\u00eddaj\u00ed, kdy m\u00e1te tleskat, kdy se sm\u00e1t a kdy vyk\u0159iknout \u00fadivem. Te\u010f zrovna cht\u011bj\u00ed, abychom k\u0159i\u010deli \u00fadivem na chrabrost\u00ed \u010desk\u00e9ho premi\u00e9ra\u2026<\/p>\n<p>Nav\u00edc \u2013 cel\u00e9 je to je\u0161t\u011b ke v\u0161emu tak neuv\u011b\u0159iteln\u011b p\u0159ep\u00e1len\u00e9, tak p\u0159ehnan\u00e9, tak p\u0159ita\u017een\u00e9 za u\u0161i, \u017ee i zde se Fiala st\u00e1v\u00e1 t\u00edm, koho tak prokl\u00edn\u00e1. U\u0161kl\u00edbali-li se lid\u00e9 nad Putinem, jak od pasu nahoru nah\u00fd jede na koni, st\u0159\u00edl\u00ed \u010di si \u0161el zaplavat a p\u0159i pot\u00e1p\u011bn\u00ed \u201ena\u0161el\u201c jen tak n\u00e1hodou vz\u00e1cnou amforu, p\u016fsob\u00ed podobn\u011b k\u0159e\u010dovit\u011b a strojen\u011b Fialova cesta do v\u00e1lky, kam nechce\u0161\u2026 Poprv\u00e9 se Fiala stal Putinem p\u0159ed dv\u011bma t\u00fddny, kdy\u017e zru\u0161il opozi\u010dn\u00ed m\u00e9dia zp\u016fsobem, \u017ee by i Putin z\u00e1vid\u011bl. To jen tak na okraj.<\/p>\n<p>Ale poj\u010fme d\u00e1le \u2013 pozn\u00e1mka \u010dtvrt\u00e1. A tady u\u017e jde do tuh\u00e9ho. Fiala evidentn\u011b n\u011bkoho poslouch\u00e1 a EU to nen\u00ed. EU byla skoro zd\u011b\u0161ena, co si to ta parti\u010dka politik\u016f vzala do hlavy. Ani NATO se do v\u00e1lky nijak extra nehrne. Kdosi tak pot\u0159ebuje n\u011bjak\u00e9 u\u017eite\u010dn\u00e9 idioty, kte\u0159\u00ed nebudou kl\u00e1st odpor ani zbyte\u010dn\u00e9 ot\u00e1zky a ud\u011blaj\u00ed, co se po nich chce. Kdosi na\u0161eho mopsl\u00edka nut\u00ed, aby d\u011blal takov\u00e1 ok\u00e1zal\u00e1 gesta, kter\u00fdmi je n\u011bco sledov\u00e1no. A znovu \u2013 Fiala je h\u0148up, ale takov\u00e1 blbost by ho z vlastn\u00ed hlavy nenapadla. N\u011bkdo ho tam poslal, n\u011bkdo mu p\u0159edal noty, Fiala se pouze sbalil, obl\u00e9knul \u010derven\u00fd svet\u0159\u00edk, na to s\u00e1\u010dko, airsoftovou p\u0159\u00edlbu a \u0161up do zatemn\u011bn\u00e9ho vag\u00f3nu. Tohle nen\u00ed norm\u00e1ln\u00ed, smrd\u00ed to na sto hon\u016f. A smrd\u00ed to v\u00e1lkou. M\u00e1 snad Fiala a jeho kump\u00e1ni vyprovokovat NATO k \u010dinu? Nebo alespo\u0148 jeho \u010d\u00e1st? Nen\u00ed to t\u0159eba tak, \u017ee nechce-li NATO, po\u0161leme tam h\u0148upa a ud\u011bl\u00e1me to jinak (t\u0159eba bez NATO?)<\/p>\n<p>V\u016fbec toti\u017e nev\u011b\u0159\u00edm, \u017ee a\u0165 u\u017e jel h\u0148up Fiala kamkoli, \u017ee by tam jel jen proto, aby komikovi vyj\u00e1d\u0159il podporu. Ur\u010dit\u011b tam nejel jen proto, aby Zelensk\u00e9mu \u0159ekl p\u0159\u00edmo do o\u010d\u00ed, jak fand\u00edme Ukrajin\u011b. To mohl ud\u011blat sto a jedn\u00edm jin\u00fdm zp\u016fsobem a tak\u00e9 to st\u00e1le d\u011bl\u00e1 \u2013 ve skute\u010dnosti h\u0148upova vl\u00e1da nic jin\u00e9ho ne\u017e podporovat Ukrajinu a Ukrajince neum\u00ed (viz m\u016fj minul\u00fd ned\u011bln\u00edk). Pokud ale h\u0148up za komikem skute\u010dn\u011b vlakem jel \u2013 a jedno kam \u2013 n\u011bco spolu museli prob\u00edrat. A j\u00e1 se pt\u00e1m \u2013 a to je to nejpodstatn\u011bj\u0161\u00ed z cel\u00e9ho m\u00e9ho ned\u011bln\u00edku \u2013 co to tam sakra v tom Polsku nebo k\u00fdho v\u00fdra kde domlouvali? A\u0165 u\u017e jel kamkoli, n\u011bco konkr\u00e9tn\u00edho tam dohadovali, ale co to bylo, jsme se nedozv\u011bd\u011bli. Je to p\u0159itom to nejd\u016fle\u017eit\u011bj\u0161\u00ed. A to mne pr\u00e1v\u011b d\u011bs\u00ed. Nav\u00edc ta symbolika \u2013 15. b\u0159ezen. Ta fotka \u010dty\u0159 \u0161\u00edlenc\u016f nad mapou Ukrajiny p\u0159ipom\u00edn\u00e1 mnichovskou konferenci, kdy \u010dtve\u0159ice politik\u016f n\u011bco upekla a sv\u011bt pak postavili p\u0159ed hotovou v\u011bc. Nemysl\u00edm, \u017ee by Fiala n\u011bco ukuchtil ze sv\u00e9 vlastn\u00ed hlavy, sp\u00ed\u0161e mu do jeho hlavy n\u011bkdo n\u011bco nakukal a h\u0148up jen pln\u00ed zad\u00e1n\u00ed. Ale i tak je to d\u011bsiv\u00e9. O n\u00e1s bez n\u00e1s\u2026<\/p>\n<p>Znovu mus\u00edm zopakovat: Fiala v\u00e1lce nebr\u00e1n\u00ed, ale Fiala ji protahuje a prodlu\u017euje a n\u00e1s v\u0161echny do n\u00ed zatahuje. M\u00edsto, aby byl doma a v\u011bnoval se sv\u00fdm dom\u00e1c\u00edm povinnostem, m\u00e1 hubu uslin\u011bnou od neust\u00e1l\u00e9ho v\u00e1le\u010dn\u00e9ho prsk\u00e1n\u00ed a je\u0161t\u011b se nav\u00edc nov\u011b pasuje do role jak\u00e9si mor\u00e1ln\u00ed ikony a autority, kter\u00e1 se sv\u00fdm poselstv\u00edm dokonce n\u011bkam jede \u2013 vlakem. Tohle u\u017e nen\u00ed jen v\u00e1le\u010dn\u00e9 b\u011bsn\u011bn\u00ed a v\u00e1le\u010dn\u00e9 \u0161tvan\u00ed, tady se d\u011bje n\u011bco hodn\u011b nekal\u00e9ho. Pou\u017eije snad Ameri\u010dan sv\u00e9 v\u011brn\u00e9 poskoky k tomu, aby na Ukrajinu poslali i n\u011bco v\u00edc, ne\u017e jen dod\u00e1vky zbran\u00ed? A pokud ano a pokud by to Rusko bralo jako vyhl\u00e1\u0161en\u00ed v\u00e1lky, uv\u011bdomuje si v\u016fbec ten h\u0148up, \u017ee z n\u00e1s \u010din\u00ed dal\u0161\u00ed c\u00edl rusk\u00e9ho \u00fatoku?<\/p>\n<p>Jako jsem psal v posledn\u00edch ned\u011bln\u00edc\u00edch \u2013 h\u0148up by m\u011bl okam\u017eit\u011b podat demisi i s cel\u00fdm sv\u00fdm proradn\u00fdm kabinetem, proto\u017ee u\u017e to, co p\u0159edvedli, je hor\u0161\u00ed ne\u017e jak\u00e1koli no\u010dn\u00ed m\u016fra. A minul\u00fd t\u00fdden s tou svou cestou necestou tomu nasadili korunu. H\u0148up si zahr\u00e1v\u00e1 s t\u0159et\u00ed sv\u011btovou v\u00e1lkou, jakoby se nechumelilo. Nevych\u00e1z\u00edm z \u00fadivu, jak hluboko klesla \u010desk\u00e1 politika a jak m\u00e1lo z\u00e1le\u017e\u00ed na\u0161im politik\u016fm u\u017e nejen na na\u0161\u00ed prosperit\u011b, ale dokonce u\u017e ani na na\u0161ich \u017eivotech samotn\u00fdch. Pr\u00e1v\u011b to toti\u017e Fialova cesta vlakem \u201ekamsi\u201c pln\u011b odhalila: v jeho priorit\u00e1ch je \u010cesk\u00e1 republika na posledn\u00edm m\u00edst\u011b.<\/p>\n<p>V p\u0159\u00ed\u0161t\u00edch dnech si dr\u017ete klobouky\u2026<\/p>\n<p>Vlasti zdar!<br \/>\nAdam B. Barto\u0161<br \/>\np\u0159edseda N\u00e1rodn\u00ed demokracie<\/p>\n<p><img decoding=\"async\" loading=\"lazy\" class=\"alignnone size-full wp-image-678\" src=\"http:\/\/www.infokuryr.cz\/n\/wp-content\/uploads\/2021\/04\/narodni_demokracie_logo.jpg\" alt=\"\" width=\"300\" height=\"85\" \/><\/p>\n<p>&nbsp;<\/p>\n<p>&nbsp;<\/p>\n","protected":false},"excerpt":{"rendered":"<p>NED\u011aLN\u00cdK ADAMA B. BARTO\u0160E (79) P\u0159ed t\u00fddnem jsem psal, \u017ee se Petr Fiala chov\u00e1, jako&#8230;<\/p>\n","protected":false},"author":2,"featured_media":9311,"comment_status":"closed","ping_status":"closed","sticky":false,"template":"","format":"standard","meta":[],"categories":[6],"tags":[367,1497,29,85],"_links":{"self":[{"href":"https:\/\/www.infokuryr.cz\/n\/wp-json\/wp\/v2\/posts\/9310"}],"collection":[{"href":"https:\/\/www.infokuryr.cz\/n\/wp-json\/wp\/v2\/posts"}],"about":[{"href":"https:\/\/www.infokuryr.cz\/n\/wp-json\/wp\/v2\/types\/post"}],"author":[{"embeddable":true,"href":"https:\/\/www.infokuryr.cz\/n\/wp-json\/wp\/v2\/users\/2"}],"replies":[{"embeddable":true,"href":"https:\/\/www.infokuryr.cz\/n\/wp-json\/wp\/v2\/comments?post=9310"}],"version-history":[{"count":0,"href":"https:\/\/www.infokuryr.cz\/n\/wp-json\/wp\/v2\/posts\/9310\/revisions"}],"wp:featuredmedia":[{"embeddable":true,"href":"https:\/\/www.infokuryr.cz\/n\/wp-json\/wp\/v2\/media\/9311"}],"wp:attachment":[{"href":"https:\/\/www.infokuryr.cz\/n\/wp-json\/wp\/v2\/media?parent=9310"}],"wp:term":[{"taxonomy":"category","embeddable":true,"href":"https:\/\/www.infokuryr.cz\/n\/wp-json\/wp\/v2\/categories?post=9310"},{"taxonomy":"post_tag","embeddable":true,"href":"https:\/\/www.infokuryr.cz\/n\/wp-json\/wp\/v2\/tags?post=9310"}],"curies":[{"name":"wp","href":"https:\/\/api.w.org\/{rel}","templated":true}]}}