{"id":93094,"date":"2025-11-26T00:24:08","date_gmt":"2025-11-25T23:24:08","guid":{"rendered":"https:\/\/www.infokuryr.cz\/n\/?p=93094"},"modified":"2025-11-25T10:38:43","modified_gmt":"2025-11-25T09:38:43","slug":"usa-oznacily-udajny-venezuelsky-kartel-za-teroristickou-organizaci","status":"publish","type":"post","link":"https:\/\/www.infokuryr.cz\/n\/2025\/11\/26\/usa-oznacily-udajny-venezuelsky-kartel-za-teroristickou-organizaci\/","title":{"rendered":"USA ozna\u010dily \u00fadajn\u00fd venezuelsk\u00fd kartel za teroristickou organizaci"},"content":{"rendered":"<div id=\"fb-root\"><\/div>\n<h3>Washington d\u0159\u00edve za\u00fato\u010dil na \u00fadajn\u00e9 \u201enarkoteroristick\u00e9\u201c lod\u011b v Karibiku<\/h3>\n<p><span dir=\"auto\">USA form\u00e1ln\u011b ozna\u010dily \u201eKartel slunc\u00ed\u201c, \u00fadajn\u00fd zlo\u010dineck\u00fd syndik\u00e1t, kter\u00fd \u00fadajn\u011b p\u016fsob\u00ed v r\u00e1mci venezuelsk\u00fdch bezpe\u010dnostn\u00edch slo\u017eek, za zahrani\u010dn\u00ed teroristickou organizaci \u2013 a za\u0159adily ji tak do stejn\u00e9 kategorie jako Al-K\u00e1ida a Isl\u00e1msk\u00fd st\u00e1t.<\/span><\/p>\n<p><span dir=\"auto\">Americk\u00e9 ministerstvo financ\u00ed p\u0159i ozn\u00e1men\u00ed rozhodnut\u00ed ve \u010dtvrtek zopakovalo dlouhodob\u00e1 tvrzen\u00ed, \u017ee s\u00edti \u0161\u00e9fuje venezuelsk\u00fd prezident Nicol\u00e1s Maduro, jeho\u017e legitimitu Washington zpochyb\u0148uje.<\/span><\/p>\n<p><span dir=\"auto\">K tomuto kroku do\u0161lo po t\u00e9m\u011b\u0159 dvou m\u011bs\u00edc\u00edch americk\u00fdch leteck\u00fdch \u00fader\u016f na mal\u00e9 lod\u011b u pob\u0159e\u017e\u00ed Venezuely, kter\u00e9 podle Pentagonu c\u00edl\u00ed na\u00a0<\/span><em><span dir=\"auto\">\u201enarkoterorismus\u201c<\/span><\/em><span dir=\"auto\">\u00a0a p\u0159i kter\u00fdch zahynulo p\u0159ibli\u017en\u011b 80 lid\u00ed.<\/span><\/p>\n<p><span dir=\"auto\">Term\u00edn \u201eKartel slunc\u00ed\u201c vznikl v 90. letech 20. stolet\u00ed jako medi\u00e1ln\u00ed odkaz na \u00fadajnou korupci mezi venezuelsk\u00fdmi vojensk\u00fdmi d\u016fstojn\u00edky, kte\u0159\u00ed \u00fadajn\u011b nosili na uniform\u00e1ch odznaky ve tvaru slunce. V roce 2020 USA obvinily Madura a 14 sou\u010dasn\u00fdch nebo b\u00fdval\u00fdch \u00fa\u0159edn\u00edk\u016f z obchodov\u00e1n\u00ed s drogami a organizovan\u00e9ho zlo\u010dinu s tvrzen\u00edm, \u017ee kartel spole\u010dn\u011b \u0159\u00eddili.<\/span><\/p>\n<p><span dir=\"auto\">\u0158ada analytik\u016f a region\u00e1ln\u00edch v\u016fdc\u016f v\u0161ak existenci kartelu zpochyb\u0148uje. Skeptici sice uzn\u00e1vaj\u00ed, \u017ee do nez\u00e1konn\u00fdch sch\u00e9mat mohou b\u00fdt zapojeni i jednotliv\u00ed \u00fa\u0159edn\u00edci, ale z\u00e1rove\u0148 tvrd\u00ed, \u017ee tvrzen\u00ed o centralizovan\u00e9m, hierarchick\u00e9m zlo\u010dineck\u00e9m podniku jsou neopodstatn\u011bn\u00e1.<\/span><\/p>\n<p><span dir=\"auto\">Ministr spravedlnosti Diosdado Cabello, jeden z venezuelsk\u00fdch p\u0159edstavitel\u016f obvin\u011bn\u00fdch USA, uvedl, \u017ee Ameri\u010dan\u00e9 ozna\u010duj\u00ed ka\u017ed\u00e9ho, kdo je\u00a0<\/span><em><span dir=\"auto\">\u201eobt\u011b\u017euje\u201c,<\/span><\/em><span dir=\"auto\">\u00a0za \u010dleny kartelu. Kolumbijsk\u00fd prezident Gustavo Petro ozna\u010dil Kartel slunc\u00ed za\u00a0<\/span><em><span dir=\"auto\">\u201efiktivn\u00ed v\u00fdmluvu krajn\u00ed pravice k svr\u017een\u00ed vl\u00e1d, kter\u00e9 je neposlouchaj\u00ed\u201c.<\/span><\/em><\/p>\n<p><span dir=\"auto\">B\u011bhem prvn\u00edho funk\u010dn\u00edho obdob\u00ed americk\u00e9ho prezidenta Donalda Trumpa Washington uznal opozi\u010dn\u00ed osobnost Juana Guaid\u00f3a za legitimn\u00edho v\u016fdce Venezuely, a\u010dkoli jeho n\u00e1sledn\u00e9 pokusy o svr\u017een\u00ed Madura selhaly.<\/span><\/p>\n<p><span dir=\"auto\">Ned\u00e1vn\u00e9 americk\u00e9 \u00fadery v Karibiku v kombinaci s hromad\u011bn\u00edm vojensk\u00fdch prost\u0159edk\u016f v regionu vyvolaly spekulace, \u017ee se Washington mo\u017en\u00e1 p\u0159ipravuje na obnoven\u00e9 \u00fasil\u00ed o odstran\u011bn\u00ed Madura z moci.<\/span><\/p>\n<p><img decoding=\"async\" loading=\"lazy\" class=\"alignnone size-full wp-image-1185\" src=\"http:\/\/www.infokuryr.cz\/n\/wp-content\/uploads\/2021\/04\/kuryr-podpis.png\" alt=\"\" width=\"84\" height=\"24\" \/><\/p>\n<p>&nbsp;<\/p>\n","protected":false},"excerpt":{"rendered":"<p>Washington d\u0159\u00edve za\u00fato\u010dil na \u00fadajn\u00e9 \u201enarkoteroristick\u00e9\u201c lod\u011b v Karibiku USA form\u00e1ln\u011b ozna\u010dily \u201eKartel slunc\u00ed\u201c, \u00fadajn\u00fd&#8230;<\/p>\n","protected":false},"author":2,"featured_media":93095,"comment_status":"closed","ping_status":"closed","sticky":false,"template":"","format":"standard","meta":[],"categories":[7],"tags":[289,7524,37,181],"_links":{"self":[{"href":"https:\/\/www.infokuryr.cz\/n\/wp-json\/wp\/v2\/posts\/93094"}],"collection":[{"href":"https:\/\/www.infokuryr.cz\/n\/wp-json\/wp\/v2\/posts"}],"about":[{"href":"https:\/\/www.infokuryr.cz\/n\/wp-json\/wp\/v2\/types\/post"}],"author":[{"embeddable":true,"href":"https:\/\/www.infokuryr.cz\/n\/wp-json\/wp\/v2\/users\/2"}],"replies":[{"embeddable":true,"href":"https:\/\/www.infokuryr.cz\/n\/wp-json\/wp\/v2\/comments?post=93094"}],"version-history":[{"count":0,"href":"https:\/\/www.infokuryr.cz\/n\/wp-json\/wp\/v2\/posts\/93094\/revisions"}],"wp:featuredmedia":[{"embeddable":true,"href":"https:\/\/www.infokuryr.cz\/n\/wp-json\/wp\/v2\/media\/93095"}],"wp:attachment":[{"href":"https:\/\/www.infokuryr.cz\/n\/wp-json\/wp\/v2\/media?parent=93094"}],"wp:term":[{"taxonomy":"category","embeddable":true,"href":"https:\/\/www.infokuryr.cz\/n\/wp-json\/wp\/v2\/categories?post=93094"},{"taxonomy":"post_tag","embeddable":true,"href":"https:\/\/www.infokuryr.cz\/n\/wp-json\/wp\/v2\/tags?post=93094"}],"curies":[{"name":"wp","href":"https:\/\/api.w.org\/{rel}","templated":true}]}}