{"id":93071,"date":"2025-11-26T00:14:24","date_gmt":"2025-11-25T23:14:24","guid":{"rendered":"https:\/\/www.infokuryr.cz\/n\/?p=93071"},"modified":"2025-11-25T09:36:29","modified_gmt":"2025-11-25T08:36:29","slug":"pernikovy-tata-v-male-francouzske-vesnici-rozbita-laborator-na-vyrobu-pervitinu-spojena-s-mexickym-drogovym-kartelem","status":"publish","type":"post","link":"https:\/\/www.infokuryr.cz\/n\/2025\/11\/26\/pernikovy-tata-v-male-francouzske-vesnici-rozbita-laborator-na-vyrobu-pervitinu-spojena-s-mexickym-drogovym-kartelem\/","title":{"rendered":"Pern\u00edkov\u00fd t\u00e1ta: V mal\u00e9 francouzsk\u00e9 vesnici rozbita laborato\u0159 na v\u00fdrobu pervitinu spojen\u00e1 s mexick\u00fdm drogov\u00fdm kartelem"},"content":{"rendered":"<div id=\"fb-root\"><\/div>\n<h3 class=\"s-tagline fw-tagline\"><span dir=\"auto\">Francouz\u0161t\u00ed vy\u0161et\u0159ovatel\u00e9 tvrd\u00ed, \u017ee 400kilogramov\u00fd sklad metamfetaminu v Le Val zapad\u00e1 do \u0161ir\u0161\u00edho sch\u00e9matu produkce drog v cel\u00e9 zemi, kter\u00e1 je spojena se Sinaloou<\/span><\/h3>\n<div class=\"e-ct-outer\">\n<div class=\"entry-content rbct clearfix is-highlight-shares\">\n<p><span dir=\"auto\">Francouzsk\u00e9 \u00fa\u0159ady zlikvidovaly velkou laborato\u0159 na v\u00fdrobu metamfetaminu, kter\u00e1 fungovala v Le Val, mal\u00e9 vesnici v regionu Var, kde \u017eije pouh\u00fdch 4 300 lid\u00ed.<\/span><\/p>\n<p><span dir=\"auto\">M\u00edsto bylo ukryt\u00e9 uvnit\u0159 oby\u010dejn\u00fdch gar\u00e1\u017eov\u00fdch box\u016f a bylo spojeno s mexick\u00fdm kartelem Sinaloa.<\/span><\/p>\n<p><span dir=\"auto\">Podle vy\u0161et\u0159ovatel\u016f citovan\u00fdch serverem\u00a0<\/span><a href=\"https:\/\/www.cnews.fr\/videos\/faits-divers\/2025-11-22\/cest-un-peu-inhabituel-davoir-ca-dans-un-petit-village-un\"><span dir=\"auto\">CNEWS<\/span><\/a><span dir=\"auto\"> dorazilo do Le Val p\u0159ed n\u011bco m\u00e1lo p\u0159es dv\u011bma lety p\u011bt chemik\u016f napojen\u00fdch na kartel, aby zde zalo\u017eili laborato\u0159. P\u0159ed n\u00e1vratem do Mexika na m\u00edst\u011b vy\u0161kolili p\u0159ibli\u017en\u011b 15 lid\u00ed.<\/span><\/p>\n<p><span dir=\"auto\">Kdy\u017e policie provedla razii v prostor\u00e1ch laborato\u0159e, fungovala na pln\u00fd v\u00fdkon. Na m\u00edst\u011b bylo zat\u010deno patn\u00e1ct osob.<\/span><\/p>\n<p><span dir=\"auto\">Starosta J\u00e9r\u00e9my Giuliano francouzsk\u00e9mu rozhlasov\u00e9mu vys\u00edl\u00e1n\u00ed \u0159ekl, \u017ee nebyly \u017e\u00e1dn\u00e9 vn\u011bj\u0161\u00ed zn\u00e1mky \u010dinnosti: \u201eProch\u00e1zel jsem kolem ka\u017ed\u00fd den. Jsou to gar\u00e1\u017eov\u00e9 boxy, jak\u00e9 najdete v n\u011bkolika vesnic\u00edch,\u201c \u0159ekl a dodal, \u017ee za\u0159\u00edzen\u00ed nep\u016fsobilo ru\u0161iv\u011b a bylo z\u00e1m\u011brn\u011b navr\u017eeno tak, aby nep\u0159itahovalo pozornost.<\/span><\/p>\n<p><span dir=\"auto\">Policie odhaduje, \u017ee bylo vyrobeno p\u0159ibli\u017en\u011b 400 kilogram\u016f metamfetaminu. Drogy byly distribuov\u00e1ny lok\u00e1ln\u011b a vyv\u00e1\u017eeny do zahrani\u010d\u00ed, v\u010detn\u011b Nov\u00e9ho Z\u00e9landu. Vy\u0161et\u0159ovatel\u00e9 odhaduj\u00ed zisk na v\u00edce ne\u017e 11 milion\u016f eur.<\/span><\/p>\n<p><span dir=\"auto\">Dotazovan\u00ed obyvatel\u00e9 uvedli, \u017ee laborato\u0159 byla nakonec odhalena pot\u00e9, co unikly informace a soused\u00e9 si v\u0161imli opakovan\u00fdch pohyb\u016f dod\u00e1vek na m\u00edst\u011b a zp\u011bt.<\/span><\/p>\n<p><span dir=\"auto\">Francouz\u0161t\u00ed vy\u0161et\u0159ovatel\u00e9 a\u00a0<\/span><a href=\"https:\/\/ieu-monitoring.com\/editorial\/marseille-16-arrests-in-a-crackdown-on-a-network-with-ties-to-the-sinaloa-cartel\/826110\"><span dir=\"auto\">dokumenty Europolu<\/span><\/a><span dir=\"auto\"> nazna\u010duj\u00ed, \u017ee laborato\u0159 Le Val nen\u00ed ojedin\u011bl\u00fd p\u0159\u00edpad. V jin\u00e9m p\u0159\u00edpad\u011b z Marseille v kv\u011btnu francouz\u0161t\u00ed \u010detn\u00edci a belgick\u00e9 \u00fa\u0159ady s podporou Europolu rozbili zlo\u010dineckou s\u00ed\u0165 zapojen\u00e9 do v\u00fdroby a obchodov\u00e1n\u00ed se syntetick\u00fdmi drogami, kter\u00e1 m\u011bla \u201esiln\u00e9 vazby na mexick\u00fd kartel Sinaloa\u201c.<\/span><\/p>\n<p><span dir=\"auto\">Po zabaven\u00ed 216 kilogram\u016f krystalick\u00e9ho metamfetaminu v \u010dervnu 2024, kter\u00e9 vedlo vy\u0161et\u0159ovatele k rozpadu zlo\u010dineck\u00e9 s\u00edt\u011b, byl zah\u00e1jen ak\u010dn\u00ed den, kter\u00fd zahrnoval Francii i Belgii.<\/span><\/p>\n<p><span dir=\"auto\">Posouzen\u00ed hrozeb francouzsk\u00e9ho \u00da\u0159adu pro boj s narkotiky (Ofast) z roku 2025 dosp\u011blo k z\u00e1v\u011bru, \u017ee vedle francouzsk\u00fdch s\u00edt\u00ed jsou nyn\u00ed aktivn\u00ed i zahrani\u010dn\u00ed kartely. Zpr\u00e1va den\u00edku\u00a0<\/span><a href=\"https:\/\/www.lemonde.fr\/societe\/article\/2025\/08\/03\/narcotrafic-un-rapport-alerte-sur-la-violence-erigee-en-contre-culture-dans-une-france-ou-l-offre-de-drogue-est-desormais-sans-zone-blanche_6626377_3224.html\"><span dir=\"auto\">Le Monde<\/span><\/a><span dir=\"auto\">\u00a0o dokumentu uv\u00e1d\u00ed, \u017ee po zadr\u017een\u00ed n\u011bkolika drogov\u00fdch \u201emul\u016f\u201c v Los Angeles sm\u011b\u0159uj\u00edc\u00edch do Francouzsk\u00e9 Polyn\u00e9sie a zabaven\u00ed kontejneru sm\u011b\u0159uj\u00edc\u00edho do Papeete \u00fa\u0159ady zdokumentovaly \u201ezapojen\u00ed kartelu Sinaloa ve Francii\u201c.<\/span><\/p>\n<p><span dir=\"auto\">Francii popsala jako v\u00fdznamn\u00fd spot\u0159ebitelsk\u00fd trh i tranzitn\u00ed uzel a Sinaloa uv\u00e1d\u00ed mezi n\u011bkolika mezin\u00e1rodn\u00edmi organizacemi p\u016fsob\u00edc\u00edmi na tras\u00e1ch spojen\u00fdch s Franci\u00ed.<\/span><\/p>\n<p><span dir=\"auto\">Francouz\u0161t\u00ed protidrogov\u00ed \u00fa\u0159edn\u00edci varuj\u00ed, \u017ee takov\u00e9 p\u0159\u00edpady ilustruj\u00ed, jak je strukturov\u00e1na p\u0159\u00edtomnost Sinaloy ve Francii: nikoli prost\u0159ednictv\u00edm velk\u00e9 viditeln\u00e9 ozbrojen\u00e9 p\u0159\u00edtomnosti, ale prost\u0159ednictv\u00edm technick\u00fdch expert\u016f vyslan\u00fdch k z\u0159izov\u00e1n\u00ed laborato\u0159\u00ed, spolupr\u00e1ce s m\u00edstn\u00edmi a evropsk\u00fdmi gangy v oblasti logistiky a distribuce a vyu\u017e\u00edv\u00e1n\u00ed francouzsk\u00fdch nebo s Franci\u00ed propojen\u00fdch finan\u010dn\u00edch kan\u00e1l\u016f k pran\u00ed \u0161pinav\u00fdch pen\u011bz a reinvestic\u00edm.<\/span><\/p>\n<p><img decoding=\"async\" loading=\"lazy\" class=\"alignnone size-full wp-image-1185\" src=\"http:\/\/www.infokuryr.cz\/n\/wp-content\/uploads\/2021\/04\/kuryr-podpis.png\" alt=\"\" width=\"84\" height=\"24\" \/><\/p>\n<p>&nbsp;<\/p>\n<\/div>\n<\/div>\n","protected":false},"excerpt":{"rendered":"<p>Francouz\u0161t\u00ed vy\u0161et\u0159ovatel\u00e9 tvrd\u00ed, \u017ee 400kilogramov\u00fd sklad metamfetaminu v Le Val zapad\u00e1 do \u0161ir\u0161\u00edho sch\u00e9matu produkce&#8230;<\/p>\n","protected":false},"author":2,"featured_media":93072,"comment_status":"closed","ping_status":"closed","sticky":false,"template":"","format":"standard","meta":[],"categories":[7],"tags":[289,130,396,86],"_links":{"self":[{"href":"https:\/\/www.infokuryr.cz\/n\/wp-json\/wp\/v2\/posts\/93071"}],"collection":[{"href":"https:\/\/www.infokuryr.cz\/n\/wp-json\/wp\/v2\/posts"}],"about":[{"href":"https:\/\/www.infokuryr.cz\/n\/wp-json\/wp\/v2\/types\/post"}],"author":[{"embeddable":true,"href":"https:\/\/www.infokuryr.cz\/n\/wp-json\/wp\/v2\/users\/2"}],"replies":[{"embeddable":true,"href":"https:\/\/www.infokuryr.cz\/n\/wp-json\/wp\/v2\/comments?post=93071"}],"version-history":[{"count":0,"href":"https:\/\/www.infokuryr.cz\/n\/wp-json\/wp\/v2\/posts\/93071\/revisions"}],"wp:featuredmedia":[{"embeddable":true,"href":"https:\/\/www.infokuryr.cz\/n\/wp-json\/wp\/v2\/media\/93072"}],"wp:attachment":[{"href":"https:\/\/www.infokuryr.cz\/n\/wp-json\/wp\/v2\/media?parent=93071"}],"wp:term":[{"taxonomy":"category","embeddable":true,"href":"https:\/\/www.infokuryr.cz\/n\/wp-json\/wp\/v2\/categories?post=93071"},{"taxonomy":"post_tag","embeddable":true,"href":"https:\/\/www.infokuryr.cz\/n\/wp-json\/wp\/v2\/tags?post=93071"}],"curies":[{"name":"wp","href":"https:\/\/api.w.org\/{rel}","templated":true}]}}