{"id":93049,"date":"2025-11-25T04:44:16","date_gmt":"2025-11-25T03:44:16","guid":{"rendered":"https:\/\/www.infokuryr.cz\/n\/?p=93049"},"modified":"2025-11-25T04:44:16","modified_gmt":"2025-11-25T03:44:16","slug":"soudce-zamitl-obvineni-proti-byvalemu-sefovi-fbi-ktery-byl-obvinen-z-russiagate","status":"publish","type":"post","link":"https:\/\/www.infokuryr.cz\/n\/2025\/11\/25\/soudce-zamitl-obvineni-proti-byvalemu-sefovi-fbi-ktery-byl-obvinen-z-russiagate\/","title":{"rendered":"Soudce zam\u00edtl obvin\u011bn\u00ed proti b\u00fdval\u00e9mu \u0161\u00e9fovi FBI, kter\u00fd byl obvin\u011bn z &#8222;Russiagate&#8220;"},"content":{"rendered":"<div id=\"fb-root\"><\/div>\n<h3>Soud zam\u00edtl ob\u017ealobu proti Jamesi Comeymu, kter\u00e9ho prezident Trump obvinil z \u201ehonu na \u010darod\u011bjnice\u201c<\/h3>\n<p data-start=\"172\" data-end=\"470\"><span dir=\"auto\">Americk\u00fd feder\u00e1ln\u00ed soudce v pond\u011bl\u00ed zam\u00edtl obvin\u011bn\u00ed proti b\u00fdval\u00e9mu \u0159editeli FBI Jamesi Comeymu a gener\u00e1ln\u00ed prokur\u00e1torce st\u00e1tu New York Letitii Jamesov\u00e9 s t\u00edm, \u017ee st\u00e1tn\u00ed z\u00e1stupce dohl\u00ed\u017eej\u00edc\u00ed na ob\u017ealoby byl jmenov\u00e1n nez\u00e1konn\u011b.<\/span><\/p>\n<p data-start=\"692\" data-end=\"1097\"><span dir=\"auto\">Soudkyn\u011b Cameron McGowan Currie ve sv\u00e9m rozhodnut\u00ed napsala, \u017ee jmenov\u00e1n\u00ed b\u00fdval\u00e9 pr\u00e1vni\u010dky prezidenta Donalda Trumpa, Lindsey Halliganov\u00e9, do\u010dasnou prokur\u00e1torkou pro v\u00fdchodn\u00ed okres Virginie je neplatn\u00e9.\u00a0<\/span><em><span dir=\"auto\">\u201eVe\u0161ker\u00e9 kroky vypl\u00fdvaj\u00edc\u00ed z chybn\u00e9ho jmenov\u00e1n\u00ed pan\u00ed Halliganov\u00e9, v\u010detn\u011b zaji\u0161t\u011bn\u00ed a podeps\u00e1n\u00ed ob\u017ealoby pana Comeyho, p\u0159edstavuj\u00ed nez\u00e1konn\u00fd v\u00fdkon v\u00fdkonn\u00e9 moci a mus\u00ed b\u00fdt zru\u0161eny,\u201c<\/span><\/em><span dir=\"auto\">\u00a0napsala.<\/span><\/p>\n<p data-start=\"1099\" data-end=\"1337\"><em><span dir=\"auto\">\u201eJsem vd\u011b\u010dn\u00fd, \u017ee soud ukon\u010dil p\u0159\u00edpad proti mn\u011b, kter\u00fd byl zalo\u017een na zl\u00e9 v\u016fli a nekompetentnosti,\u201c<\/span><\/em><span dir=\"auto\">\u00a0uvedl Comey ve sv\u00e9m prohl\u00e1\u0161en\u00ed. James uvedla, \u017ee je\u00a0<\/span><em><span dir=\"auto\">\u201edne\u0161n\u00edm v\u00edt\u011bzstv\u00edm povzbuzena a vd\u011b\u010dn\u00e1 za modlitby a podporu\u201c.<\/span><\/em><\/p>\n<p data-start=\"1339\" data-end=\"1716\"><span dir=\"auto\">Trump ji\u017e dlouho obvi\u0148uje Comeyho i Jamese z \u00fa\u010dasti na tom, co ozna\u010dil za politicky motivovan\u00fd\u00a0<\/span><em><span dir=\"auto\">\u201ehon na \u010darod\u011bjnice\u201c.<\/span><\/em><span dir=\"auto\">\u00a0Tvrdil, \u017ee Comey st\u00e1l v \u010dele\u00a0<\/span><em><span dir=\"auto\">\u201epodvodu Russiagate\u201c,<\/span><\/em><span dir=\"auto\">\u00a0zat\u00edmco James nespravedliv\u011b st\u00edhal Trump Organization za podvod.\u00a0<\/span><\/p>\n<p data-start=\"1718\" data-end=\"2002\"><span dir=\"auto\">V z\u00e1\u0159\u00ed feder\u00e1ln\u00ed velk\u00e1 porota obvinila Comeyho z nepravdiv\u00fdch prohl\u00e1\u0161en\u00ed b\u011bhem sly\u0161en\u00ed Sen\u00e1tu v roce 2020 o vy\u0161et\u0159ov\u00e1n\u00ed \u00fadajn\u00e9ho rusk\u00e9ho vm\u011b\u0161ov\u00e1n\u00ed do prezidentsk\u00e9 kampan\u011b v roce 2016, kterou Trump vyhr\u00e1l. A\u010dkoli vy\u0161et\u0159ov\u00e1n\u00ed pozd\u011bji neodhalilo \u017e\u00e1dnou tajnou dohodu mezi Trumpem a Moskvou, Comey vy\u0161et\u0159ov\u00e1n\u00ed obhajoval jako\u00a0<\/span><em><span dir=\"auto\">\u201evhodn\u00e9 a nezbytn\u00e9\u201c.<\/span><\/em><\/p>\n<p data-start=\"1718\" data-end=\"2002\"><span dir=\"auto\">V \u0159\u00edjnu feder\u00e1ln\u00ed velk\u00e1 porota obvinila Jamese z hypote\u010dn\u00edho podvodu.<\/span><\/p>\n<p data-start=\"2004\" data-end=\"2287\"><span dir=\"auto\">Podle CNN toto rozhodnut\u00ed umo\u017e\u0148uje vzn\u00e9st v budoucnu stejn\u00e1 obvin\u011bn\u00ed proti Comeymu a Jamesovi. B\u00edl\u00fd d\u016fm po vynesen\u00ed rozsudku uvedl, \u017ee\u00a0<\/span><em><span dir=\"auto\">\u201eskutkov\u00e9 okolnosti ob\u017ealoby proti Comeymu a Jamesovi se nezm\u011bnily a toto nebude kone\u010dn\u00e9 slovo v t\u00e9to v\u011bci\u201c.<\/span><\/em><\/p>\n<p data-start=\"2289\" data-end=\"2511\" data-is-last-node=\"\" data-is-only-node=\"\"><span dir=\"auto\">Mluv\u010d\u00ed B\u00edl\u00e9ho domu Karoline Leavittov\u00e1 novin\u00e1\u0159\u016fm \u0159ekla, \u017ee Halligan\u00a0<\/span><em><span dir=\"auto\">\u201ebyla jmenov\u00e1na leg\u00e1ln\u011b a to je postoj administrativy\u201c.<\/span><\/em><span dir=\"auto\">\u00a0Gener\u00e1ln\u00ed prokur\u00e1torka Pam Bondiov\u00e1 se Halliganov\u00e9 tak\u00e9 zastala a ozna\u010dila ji za\u00a0<\/span><em><span dir=\"auto\">\u201evynikaj\u00edc\u00ed pr\u00e1vni\u010dku\u201c.<\/span><\/em><\/p>\n<p data-start=\"2289\" data-end=\"2511\" data-is-last-node=\"\" data-is-only-node=\"\"><img decoding=\"async\" loading=\"lazy\" class=\"alignnone size-full wp-image-1185\" src=\"http:\/\/www.infokuryr.cz\/n\/wp-content\/uploads\/2021\/04\/kuryr-podpis.png\" alt=\"\" width=\"84\" height=\"24\" \/><\/p>\n<p data-start=\"2289\" data-end=\"2511\" data-is-last-node=\"\" data-is-only-node=\"\">\n","protected":false},"excerpt":{"rendered":"<p>Soud zam\u00edtl ob\u017ealobu proti Jamesi Comeymu, kter\u00e9ho prezident Trump obvinil z \u201ehonu na \u010darod\u011bjnice\u201c Americk\u00fd&#8230;<\/p>\n","protected":false},"author":2,"featured_media":93050,"comment_status":"closed","ping_status":"closed","sticky":false,"template":"","format":"standard","meta":[],"categories":[7],"tags":[160,1226,324,10144],"_links":{"self":[{"href":"https:\/\/www.infokuryr.cz\/n\/wp-json\/wp\/v2\/posts\/93049"}],"collection":[{"href":"https:\/\/www.infokuryr.cz\/n\/wp-json\/wp\/v2\/posts"}],"about":[{"href":"https:\/\/www.infokuryr.cz\/n\/wp-json\/wp\/v2\/types\/post"}],"author":[{"embeddable":true,"href":"https:\/\/www.infokuryr.cz\/n\/wp-json\/wp\/v2\/users\/2"}],"replies":[{"embeddable":true,"href":"https:\/\/www.infokuryr.cz\/n\/wp-json\/wp\/v2\/comments?post=93049"}],"version-history":[{"count":0,"href":"https:\/\/www.infokuryr.cz\/n\/wp-json\/wp\/v2\/posts\/93049\/revisions"}],"wp:featuredmedia":[{"embeddable":true,"href":"https:\/\/www.infokuryr.cz\/n\/wp-json\/wp\/v2\/media\/93050"}],"wp:attachment":[{"href":"https:\/\/www.infokuryr.cz\/n\/wp-json\/wp\/v2\/media?parent=93049"}],"wp:term":[{"taxonomy":"category","embeddable":true,"href":"https:\/\/www.infokuryr.cz\/n\/wp-json\/wp\/v2\/categories?post=93049"},{"taxonomy":"post_tag","embeddable":true,"href":"https:\/\/www.infokuryr.cz\/n\/wp-json\/wp\/v2\/tags?post=93049"}],"curies":[{"name":"wp","href":"https:\/\/api.w.org\/{rel}","templated":true}]}}