{"id":93047,"date":"2025-11-25T04:24:41","date_gmt":"2025-11-25T03:24:41","guid":{"rendered":"https:\/\/www.infokuryr.cz\/n\/?p=93047"},"modified":"2025-11-25T04:24:41","modified_gmt":"2025-11-25T03:24:41","slug":"miroslav-kelnar-vitkovi-s-laskou-na-rozloucenou","status":"publish","type":"post","link":"https:\/\/www.infokuryr.cz\/n\/2025\/11\/25\/miroslav-kelnar-vitkovi-s-laskou-na-rozloucenou\/","title":{"rendered":"Miroslav Kelnar: V\u00edtkovi s l\u00e1skou na rozlou\u010denou"},"content":{"rendered":"<div id=\"fb-root\"><\/div>\n<p align=\"justify\">Dne 19. 11. 2025 jsme uspo\u0159\u00e1dali p\u0159ed Ministerstvem vnitra v Praze demonstraci, kterou jsme cht\u011bli vyj\u00e1d\u0159it na\u0161e rozho\u0159\u010den\u00ed nad t\u00edm, \u017ee mohou v t\u00e9to republice Oganesjan a jeho parta bez jak\u00e9hokoliv postihu \u0161ikanovat a \u00fato\u010dit na n\u011bkter\u00e9 protivl\u00e1dn\u00ed aktivisty a trestn\u011bpr\u00e1vn\u00ed org\u00e1ny k tomu ml\u010d\u00ed.<\/p>\n<p align=\"justify\">Ta demonstrace byla v podstat\u011b tvo\u0159ena jen n\u00e1mi, co jsme v\u00edce ne\u017e dva roky protestovali p\u0159ed \u00da\u0159adem vl\u00e1dy za rezignaci t\u00e9to protin\u00e1rodn\u00ed vl\u00e1dn\u00ed sestavy. K tomuto bodu je nutno dodat, \u017ee <strong><a href=\"https:\/\/narodnidemokracie.cz\/ing-miroslav-kelnar-oganesjanova-parta-opet-na-scene\/\">na\u0161e parta od \u00da\u0159adu vl\u00e1dy byla prakticky prvn\u00ed<\/a>, kterou si vzali tito gaune\u0159i od Oganesjana do sv\u00e9ho hled\u00e1\u010dku<\/strong>. Trvalo pak rok, ne\u017e jsme je ze sebe set\u0159\u00e1sli.<\/p>\n<p align=\"justify\">A to ne, \u017ee by Oganesjanovci zanechali t\u011bchto sv\u00fdch provoka\u010dn\u00edch aktivit, ale, jak se \u0159\u00edk\u00e1, s j\u00eddlem roste chu\u0165 a tato banda p\u0159e\u0161la na v\u011bt\u0161\u00ed ko\u0159ist, ne\u017e jsme byli my. Zkr\u00e1tka za\u010dali otravovat p\u0159\u00edmo politick\u00e9 strany a dal\u0161\u00ed uskupen\u00ed v souvislosti s nadch\u00e1zej\u00edc\u00edmi volbami. Nemohu si odpustit \u0159\u00edci, \u017ee<strong>\u00a0kdy\u017e otravovali jen n\u00e1s u \u00da\u0159adu vl\u00e1dy, \u017ee to bylo v t\u00e9to republice ka\u017ed\u00e9mu v z\u00e1sad\u011b \u00fapln\u011b ukraden\u00e9. A\u017e pak p\u0159i\u0161li na \u0159adu dal\u0161\u00ed, tak se o Oganesjanovc\u00edch teprve za\u010dalo ps\u00e1t.<\/strong>\u00a0Typicky \u010desk\u00e9 \u2013 nehas, co t\u011b nep\u00e1l\u00ed.<\/p>\n<p align=\"justify\">Samoz\u0159ejm\u011b, \u017ee jsme hl\u00e1sili na p\u0159\u00edslu\u0161n\u00e9 policejn\u00ed slu\u017eebny ty r\u016fzn\u00e9 ni\u010ditelsk\u00e9 akce Oganesjanovc\u016f v\u016f\u010di na\u0161emu peti\u010dn\u00edmu stanu u \u00da\u0159adu vl\u00e1dy a nebo dokonce fyzick\u00e9 napad\u00e1n\u00ed na\u0161ich lid\u00ed. Policie sice p\u0159ijela, sepsala z\u00e1pis o ud\u00e1losti a t\u00edm to skon\u010dilo, i kdy\u017e mezi t\u011bmito st\u00ed\u017enostmi byla i fyzick\u00e1 napaden\u00ed. Kdyby tyto \u00fatoky skon\u010dily alespo\u0148 na n\u011bjak\u00e9 t\u00e9 p\u0159estupkov\u00e9 komisi p\u0159\u00edslu\u0161n\u00e9ho M\u011bstsk\u00e9ho \u00fa\u0159adu, ale neskon\u010dily, zmizely v propadli\u0161ti d\u011bjin. A tak se \u010dlov\u011bkovi dere na mysl ot\u00e1zka, <strong>kdo \u010dinnost t\u00e9to bandy kryje, kdo m\u00e1 dokonce tak dlouh\u00e9 prsty, \u017ee dok\u00e1\u017ee ovlivnit i soudy, aby se mohl Oganesjan vysm\u00edvat i \u010desk\u00fdm soud\u016fm?<\/strong><\/p>\n<p align=\"justify\">Nemus\u00ed m\u00edt \u010dlov\u011bk \u017e\u00e1dn\u00e9ho velk\u00e9ho fi\u0161tr\u00f3na, aby pochopil, \u017ee tato skupina m\u00e1 n\u011bjak\u00e9 vysok\u00e9 kryt\u00ed. A kdo by dok\u00e1zal takto kr\u00fdt a dokonce zajistit i kryt\u00ed pod Ministerstvem spravedlnosti? Nen\u00ed t\u0159eba dlouho p\u0159em\u00fd\u0161let, \u017ee tato speci\u00e1ln\u00ed kauza Oganesjan m\u00e1 politickou dimenzi nap\u0159\u00ed\u010d koali\u010dn\u00edmi ministry, ale v tom po\u010d\u00e1tku mus\u00ed b\u00fdt n\u011bkdo, kdo m\u00e1 pod palcem \u010deskou policii, proto\u017ee tam prim\u00e1rn\u011b kon\u010dily ty na\u0161e st\u00ed\u017enosti. <strong>A \u017ee je sou\u010dasn\u00e1 policie politicky ovl\u00e1dan\u00e1, to uk\u00e1zaly t\u0159eba p\u0159\u00edpady\u00a0<a href=\"https:\/\/narodnidemokracie.cz\/ing-miroslav-kelnar-policejni-provokace-ktera-vysla-jen-napul\/\">sund\u00e1v\u00e1n\u00ed ukrajinsk\u00e9 vlajky na N\u00e1rodn\u00edm muzeu v roce 2023<\/a>\u00a0a nebo vy\u0161et\u0159ov\u00e1n\u00ed st\u0159elby u Karlovy university v roce 2024 atd.<\/strong><\/p>\n<p align=\"justify\">Nen\u00ed divu, \u017ee jako prvn\u00ed p\u0159ijde na mysl jako ten m\u00e1g, kter\u00fd dok\u00e1\u017ee kauzu bu\u010f zmizet v klobouku a nebo ji naopak z klobouku vyt\u00e1hnout \u2013 V\u00edtek Raku\u0161an. A kdyby to n\u00e1hodou nebyl p\u0159\u00edmo on, kdo zasahoval do pr\u00e1ce policie na jednotliv\u00fdch m\u00edstn\u00edm policejn\u00edch slu\u017eebn\u00e1ch, tak stejn\u011b plat\u00ed, \u017ee <strong>zodpov\u011bdn\u00fdm \u010dinitelem za policii a za dlouhodob\u00e9 excesy, kter\u00e9 prov\u00e1zely policejn\u00ed pr\u00e1ci po dobu 4 let, \u017ee je zodpov\u011bdn\u00fdm p\u0159ece ten, kdo ji vede<\/strong>.<\/p>\n<p align=\"justify\">My jsme si st\u011b\u017eovali, \u017ee se p\u0159\u00edpady sp\u00e1chan\u00e9 Oganesjanovou klikou zde ne\u0159e\u0161\u00ed. Osobn\u011b jsem odnesl st\u00ed\u017enost na ne\u0159e\u0161en\u00ed p\u0159\u00edpad\u016f spojen\u00fdch s Oganesjanovou partou na centr\u00e1lu policie na Praze 1 do Bartolom\u011bjsk\u00e9 ulice a nechal jsem nejd\u0159\u00edve tento st\u00ed\u017enostn\u00ed dopis podepsat cca 20 lidmi z na\u0161ich \u0159ad, kte\u0159\u00ed byli sv\u011bdky t\u011bchto ud\u00e1lost\u00ed. Odpov\u011b\u010f mi p\u0159i\u0161la, \u017ee se nic z m\u00e9 st\u00ed\u017enosti nepotvrdilo apod., tak\u017ee <strong>op\u011bt hezky zameten\u00e1 kauza pod koberec<\/strong>, p\u0159esn\u011b tak, jak jsem se s touto policejn\u00ed prax\u00ed setkal p\u0159i sv\u00fdch r\u016fzn\u00fdch d\u0159\u00edv\u011bj\u0161\u00edch p\u0159\u00edpadech nahl\u00e1\u0161en\u00fdch na policii.<\/p>\n<p align=\"justify\">I kdy\u017e n\u00e1m bude V\u00edtek bohud\u00edk brzy kon\u010dit, tak p\u0159esto jsme nelenili a toto p\u0159edstaven\u00ed jsme p\u0159ed Ministerstvem vnitra na z\u00e1v\u011br uspo\u0159\u00e1dali, abychom vyk\u0159i\u010deli v\u016f\u010di osazenstvu t\u00e9to budovy, jak\u00e9 byly podivn\u00e9 praktiky za sou\u010dasn\u00e9 vl\u00e1dy a sou\u010dasn\u00e9ho veden\u00ed Ministerstva vnitra a policii. A na konec sv\u00e9ho projevu jsem tak\u00e9 dohl\u00ed\u017eej\u00edc\u00edm policist\u016fm a osazenstvu budovy Ministerstva vnitra pop\u0159\u00e1l lep\u0161\u00ed veden\u00ed Ministerstva i policie, ne\u017e bylo to dosavadn\u00ed, aby se jako b\u011b\u017en\u00ed policist\u00e9 nemuseli styd\u011bt za ten dvoj\u00ed metr, kter\u00fd se tu po dobu 4 let uplat\u0148oval.<\/p>\n<p align=\"justify\"><img decoding=\"async\" loading=\"lazy\" class=\"entered litespeed-loaded aligncenter\" src=\"https:\/\/narodnidemokracie.cz\/wp-content\/uploads\/2025\/11\/101_3561-1.jpg\" alt=\"\" width=\"795\" height=\"596\" data-lazyloaded=\"1\" data-src=\"https:\/\/narodnidemokracie.cz\/wp-content\/uploads\/2025\/11\/101_3561-1.jpg\" data-ll-status=\"loaded\" \/><\/p>\n<p align=\"justify\">J\u00e1 jsem tak\u00e9 p\u0159i sv\u00e9m projevu do megafonu p\u0159ipomenul i ty m\u00e9 kauzy \u2013 korupci ohledn\u011b elektr\u00e1rny Adularya, a nebo p\u0159\u00edpad, kdy jsem byl v listopadu 2023 <a href=\"https:\/\/narodnidemokracie.cz\/ing-miroslav-kelnar-ceska-justice-jako-zakazkove-krejcovstvi\/\">napaden a zran\u011bn v Kauflandu \u00fato\u010dn\u00edkem<\/a>, kde nakonec kv\u016fli manipulac\u00edm vy\u0161et\u0159ovatele na Praze 4 a dozoruj\u00edc\u00edho st\u00e1tn\u00edho z\u00e1stupce jsem byl odsouzen k pokut\u011b 30 tis\u00edc K\u010d a ten \u00fato\u010dn\u00edk jen k 18 tis\u00edc\u016fm K\u010d. Od\u016fvodn\u011bn\u00edm soudce k tomuto podivn\u00e9mu soudn\u00edmu verdiktu bylo, \u017ee j\u00e1, pon\u011bvad\u017e jsem p\u0159ij\u00edmatelem d\u016fchodu, a tak \u017ee m\u00e1m pravideln\u00fd p\u0159\u00edjem, tak\u017ee mohu solit, a ten \u00fato\u010dn\u00edk, \u017ee zkr\u00e1tka nemak\u00e1, tak\u017ee on je soudem h\u00e1jen\u00fd, proto\u017ee se p\u0159i\u017eivuje.<\/p>\n<p align=\"justify\">Uvedl jsem v souvislosti s <a href=\"https:\/\/narodnidemokracie.cz\/ing-miroslav-kelnar-co-se-v-zahranici-vi-a-my-nevime\/\">korup\u010dn\u00ed kauzou Adularya<\/a>, \u017ee i dokonce takov\u00fd dikt\u00e1tor jako Zelda je te\u010f donucen se zab\u00fdvat korupc\u00ed na Ukrajin\u011b, ale zde v \u010desk\u00fdch ban\u00e1nov\u00fdch kraj\u00edch, \u017ee se st\u00e1le jede ve star\u00fdch kolej\u00edch, \u017ee mnou nahl\u00e1\u0161en\u00e1 korupce vedla k tomu, \u017ee jsem byl nakonec popohn\u00e1n k soudu j\u00e1 a tam odsouzen.<\/p>\n<p align=\"justify\">Co zpest\u0159ilo program t\u00e9to na\u0161\u00ed demonstrace, bylo, \u017ee se na tuto na\u0161i akci dostavili i Oganesjanovci i s jej\u00edch patronem Oganesjanem a t\u00edm ta akce z\u00edskala n\u00e1boj, jako ve spr\u00e1vn\u00e9 detektivce. Na\u0161e pod\u011bkov\u00e1n\u00ed pat\u0159\u00ed SPD, jeho\u017e n\u011bkte\u0159\u00ed \u010dlenov\u00e9 p\u0159i\u0161li, vid\u011bli a zaslou\u017een\u011b vynadali P\u0161en\u00e1kovi. Tak kone\u010dn\u011b se n\u00e1s n\u011bkdo v t\u00e9to zemi zastal po t\u011bch dlouh\u00fdch letech ignorance.<\/p>\n<p align=\"justify\">A zde mus\u00edm dodat je\u0161t\u011b jednu v\u011bc, a to, \u017ee jsem na tuto na\u0161i demonstraci pozval dva n\u00e1m sp\u0159\u00e1telen\u00e9 redaktory novin, aby o t\u00e9to akci podali objektivn\u00ed informace v tisku. Nedostavil se ani jeden. Na druh\u00e9 stran\u011b se na tuto na\u0161i akci dostavili dva report\u00e9\u0159i, kter\u00e9 jsem sice nezval, ale alespo\u0148 o t\u00e9to na\u0161i akci napsali dva \u010dl\u00e1nky, tak\u017ee d\u00edky jim se snad tato demonstrace dostala do pov\u011bdom\u00ed ob\u010dan\u016f t\u00e9to zem\u011b.<\/p>\n<p align=\"justify\">\u00a0Zde jsou dva \u010dl\u00e1nky, kter\u00e9 se na\u0161\u00ed demonstrac\u00ed zab\u00fdvaj\u00ed:<\/p>\n<p align=\"justify\"><u><a href=\"https:\/\/www.parlamentnilisty.cz\/arena\/monitor\/Akce-proti-Oganesjanovi-Psenaka-vyzvali-aby-ukazal-zuby-Nechtel-783029\" target=\"_blank\" rel=\"noopener\">Akce proti Oganesjanovi. P\u0161en\u00e1ka vyzvali, aby uk\u00e1zal zuby. Necht\u011bl | ParlamentniListy.cz \u2013 politika ze v\u0161ech stran<\/a><\/u><\/p>\n<p align=\"justify\"><u><a href=\"https:\/\/www.prahain.cz\/zivot-ve-meste\/demonstrace-proti-miku-oganesjanovi-skoncila-pocetnim-fiaskem-25425.html\" target=\"_blank\" rel=\"noopener\">Demonstrace proti Miku Oganesjanovi skon\u010dila po\u010detn\u00edm fiaskem | PrahaIN<\/a><\/u><\/p>\n<p align=\"justify\">Mysl\u00edm, \u017ee mohli ti redakto\u0159i za mnou jako za princip\u00e1lem t\u00e9to akce zaj\u00edt a zeptat se m\u011b, co je \u00fa\u010delem na\u0161eho protestu apod. Vysv\u011btlil bych jim, \u017ee je to akce n\u00e1s \u2013 veter\u00e1n\u016f od \u00da\u0159adu vl\u00e1dy a pak tam nemuseli ps\u00e1t, \u017ee tam bylo policist\u016f v\u00edce ne\u017e n\u00e1s demonstruj\u00edc\u00edch.<\/p>\n<p align=\"justify\">A zde v tomto \u010dl\u00e1nku je pak zm\u00ednka o t\u00e9to na\u0161\u00ed demonstrac\u00ed p\u0159ed Ministerstvem vnitra.<\/p>\n<p align=\"justify\"><u><a href=\"https:\/\/www.parlamentnilisty.cz\/arena\/monitor\/-To-by-bylo-po-Praze-radosti-kdyby-tady-spadl-strop-Predaly-se-ceny-a-lide-se-srotili-kolem-Rajchla-783078\" target=\"_blank\" rel=\"noopener\">\u201eTo by bylo po Praze radosti, kdyby tady spadl strop.\u201c P\u0159edaly se ceny a lid\u00e9 se srotili kolem Rajchla | ParlamentniListy.cz \u2013 politika ze v\u0161ech stran<\/a><\/u><\/p>\n<p align=\"justify\"><em><a href=\"https:\/\/narodnidemokracie.cz\/ing-miroslav-kelnar-vitkovi-s-laskou-na-rozloucenou\/\">Ing. Miroslav Kelnar<\/a>, \u010dlen N\u00e1rodn\u00ed demokracie<\/em><\/p>\n<p align=\"justify\"><img decoding=\"async\" loading=\"lazy\" class=\"alignnone size-full wp-image-87632\" src=\"http:\/\/www.infokuryr.cz\/n\/wp-content\/uploads\/2025\/09\/kelnar.jpg\" alt=\"\" width=\"200\" height=\"259\" \/><\/p>\n<p align=\"justify\">\n","protected":false},"excerpt":{"rendered":"<p>Dne 19. 11. 2025 jsme uspo\u0159\u00e1dali p\u0159ed Ministerstvem vnitra v Praze demonstraci, kterou jsme cht\u011bli&#8230;<\/p>\n","protected":false},"author":2,"featured_media":93048,"comment_status":"closed","ping_status":"closed","sticky":false,"template":"","format":"standard","meta":[],"categories":[6],"tags":[243,1503,9044,1483],"_links":{"self":[{"href":"https:\/\/www.infokuryr.cz\/n\/wp-json\/wp\/v2\/posts\/93047"}],"collection":[{"href":"https:\/\/www.infokuryr.cz\/n\/wp-json\/wp\/v2\/posts"}],"about":[{"href":"https:\/\/www.infokuryr.cz\/n\/wp-json\/wp\/v2\/types\/post"}],"author":[{"embeddable":true,"href":"https:\/\/www.infokuryr.cz\/n\/wp-json\/wp\/v2\/users\/2"}],"replies":[{"embeddable":true,"href":"https:\/\/www.infokuryr.cz\/n\/wp-json\/wp\/v2\/comments?post=93047"}],"version-history":[{"count":0,"href":"https:\/\/www.infokuryr.cz\/n\/wp-json\/wp\/v2\/posts\/93047\/revisions"}],"wp:featuredmedia":[{"embeddable":true,"href":"https:\/\/www.infokuryr.cz\/n\/wp-json\/wp\/v2\/media\/93048"}],"wp:attachment":[{"href":"https:\/\/www.infokuryr.cz\/n\/wp-json\/wp\/v2\/media?parent=93047"}],"wp:term":[{"taxonomy":"category","embeddable":true,"href":"https:\/\/www.infokuryr.cz\/n\/wp-json\/wp\/v2\/categories?post=93047"},{"taxonomy":"post_tag","embeddable":true,"href":"https:\/\/www.infokuryr.cz\/n\/wp-json\/wp\/v2\/tags?post=93047"}],"curies":[{"name":"wp","href":"https:\/\/api.w.org\/{rel}","templated":true}]}}