{"id":92973,"date":"2025-11-24T06:53:02","date_gmt":"2025-11-24T05:53:02","guid":{"rendered":"https:\/\/www.infokuryr.cz\/n\/?p=92973"},"modified":"2025-11-24T07:17:20","modified_gmt":"2025-11-24T06:17:20","slug":"od-miru-na-ukrajine-jsme-vzdaleni-dva-metry-a-ukrajina-bude-muset-ucinit-nektera-tezka-rozhodnuti","status":"publish","type":"post","link":"https:\/\/www.infokuryr.cz\/n\/2025\/11\/24\/od-miru-na-ukrajine-jsme-vzdaleni-dva-metry-a-ukrajina-bude-muset-ucinit-nektera-tezka-rozhodnuti\/","title":{"rendered":"Od m\u00edru na Ukrajin\u011b jsme vzd\u00e1leni dva metry a Ukrajina bude muset u\u010dinit n\u011bkter\u00e1 t\u011b\u017ek\u00e1 rozhodnut\u00ed!"},"content":{"rendered":"<div id=\"fb-root\"><\/div>\n<h4>Od m\u00edru na Ukrajin\u011b jsme vzd\u00e1leni dva metry a Ukrajina bude muset u\u010dinit n\u011bkter\u00e1 t\u011b\u017ek\u00e1 rozhodnut\u00ed! Odch\u00e1zej\u00edc\u00ed Trump\u016fv vyjednava\u010d pro Ukrajinu promluvil! Americk\u00fd viceprezident prohl\u00e1sil, \u017ee m\u00edr na Ukrajin\u011b nevytvo\u0159\u00ed politici, kte\u0159\u00ed \u017eij\u00ed ve sv\u011bt\u011b fantazie, kter\u00e1 se rozch\u00e1z\u00ed s realitou na boji\u0161ti! M\u016fj pl\u00e1n se bude muset Zelensk\u00e9mu l\u00edbit, dodal Trump! A evropsk\u00fd 24-bodov\u00fd protin\u00e1vrh z \u017denevy unikl a je venku!<\/h4>\n<p>Ve \u0161v\u00fdcarsk\u00e9 \u017denev\u011b prob\u00edhal v ned\u011bli v dob\u011b psan\u00ed tohoto \u010dl\u00e1nku summit vyjednava\u010d\u016f USA a Ukrajiny ve v\u011bci p\u0159edlo\u017een\u00e9ho m\u00edrov\u00e9ho n\u00e1vrhu Donalda Trumpa. Jen\u017ee u\u017e p\u0159ed t\u00edmto summitem se v p\u00e1tek a o v\u00edkendu uk\u00e1zalo, \u017ee ve v\u011bci m\u00edrov\u00e9ho uspo\u0159\u00e1d\u00e1n\u00ed na Ukrajin\u011b opravdu nastal posun.<\/p>\n<p>Ten nastal pot\u00e9, co hlavn\u00ed vyjednava\u010d pro Ukrajinu Keith Kellogg jako zn\u00e1m\u00fd podporovatel Ukrajiny, kter\u00fd prosazoval protirusk\u00e9 m\u00edrov\u00e9 n\u00e1vrhy ozn\u00e1mil, \u017ee v lednu odch\u00e1z\u00ed z funkce a s okam\u017eitou platnost\u00ed jeho pozici nahradil nejvy\u0161\u0161\u00ed tajemn\u00edk americk\u00e9 arm\u00e1dy Dan Driscoll, kter\u00e1 je p\u0159\u00edtelem americk\u00e9ho viceprezidenta JD Vance a zast\u00e1v\u00e1 opa\u010dn\u00fd a realistick\u00fd postoj, \u017ee Ukrajina v\u00e1lku prohr\u00e1v\u00e1, a proto mus\u00ed p\u0159ijmout podm\u00ednky nadiktovan\u00e9 v\u00edt\u011bzem, tedy Ruskem, a rovn\u011b\u017e USA.<\/p>\n<p>&nbsp;<\/p>\n<div id=\"rumble_v6zyb04\">\n<div id=\"vid_v6zyb04\" class=\"rumble_v6zyb04-Rumble-cls\" tabindex=\"-1\"><div class='videoWrapper'>\r\n\t            <iframe src='https:\/\/rumble.com\/embed\/pj.v6zyb04\/' frameborder='0' allowfullscreen><\/iframe>\r\n\t        <\/div><\/div>\n<\/div>\n<p>&nbsp;<\/p>\n<p>B\u00fdval\u00fd britsk\u00fd poslanec za Liber\u00e1ln\u00ed demokraty\u00a0Lembit \u00d6pik na s\u00edt\u00ed X napsal, \u017ee\u00a0<strong><em>Zelensk\u00e9mu by m\u011blo b\u00fdt p\u0159ipomenuto, \u017ee kdy\u017e prohr\u00e1v\u00e1te v\u00e1lku, nestanovujete podm\u00ednky m\u00edru, pouze je p\u0159ij\u00edm\u00e1te<\/em>.<\/strong>\u00a0Ano, p\u0159esn\u011b to je to z\u00e1sadn\u00ed j\u00e1dro probl\u00e9mu. A pr\u00e1v\u011b Kellogg vystoupil o v\u00edkendu na americk\u00e9 Fox News a de facto p\u0159iznal svoji por\u00e1\u017eku, kdy\u017e prohl\u00e1sil, \u017ee Ukrajina bude muset p\u0159ijmout n\u011bkter\u00e1 t\u011b\u017ek\u00e1 rozhodnut\u00ed.<\/p>\n<div class=\"twitter-tweet twitter-tweet-rendered\"><iframe id=\"twitter-widget-0\" class=\"\" title=\"X Post\" src=\"https:\/\/platform.twitter.com\/embed\/Tweet.html?dnt=false&amp;embedId=twitter-widget-0&amp;features=eyJ0ZndfdGltZWxpbmVfbGlzdCI6eyJidWNrZXQiOltdLCJ2ZXJzaW9uIjpudWxsfSwidGZ3X2ZvbGxvd2VyX2NvdW50X3N1bnNldCI6eyJidWNrZXQiOnRydWUsInZlcnNpb24iOm51bGx9LCJ0ZndfdHdlZXRfZWRpdF9iYWNrZW5kIjp7ImJ1Y2tldCI6Im9uIiwidmVyc2lvbiI6bnVsbH0sInRmd19yZWZzcmNfc2Vzc2lvbiI6eyJidWNrZXQiOiJvbiIsInZlcnNpb24iOm51bGx9LCJ0ZndfZm9zbnJfc29mdF9pbnRlcnZlbnRpb25zX2VuYWJsZWQiOnsiYnVja2V0Ijoib24iLCJ2ZXJzaW9uIjpudWxsfSwidGZ3X21peGVkX21lZGlhXzE1ODk3Ijp7ImJ1Y2tldCI6InRyZWF0bWVudCIsInZlcnNpb24iOm51bGx9LCJ0ZndfZXhwZXJpbWVudHNfY29va2llX2V4cGlyYXRpb24iOnsiYnVja2V0IjoxMjA5NjAwLCJ2ZXJzaW9uIjpudWxsfSwidGZ3X3Nob3dfYmlyZHdhdGNoX3Bpdm90c19lbmFibGVkIjp7ImJ1Y2tldCI6Im9uIiwidmVyc2lvbiI6bnVsbH0sInRmd19kdXBsaWNhdGVfc2NyaWJlc190b19zZXR0aW5ncyI6eyJidWNrZXQiOiJvbiIsInZlcnNpb24iOm51bGx9LCJ0ZndfdXNlX3Byb2ZpbGVfaW1hZ2Vfc2hhcGVfZW5hYmxlZCI6eyJidWNrZXQiOiJvbiIsInZlcnNpb24iOm51bGx9LCJ0ZndfdmlkZW9faGxzX2R5bmFtaWNfbWFuaWZlc3RzXzE1MDgyIjp7ImJ1Y2tldCI6InRydWVfYml0cmF0ZSIsInZlcnNpb24iOm51bGx9LCJ0ZndfbGVnYWN5X3RpbWVsaW5lX3N1bnNldCI6eyJidWNrZXQiOnRydWUsInZlcnNpb24iOm51bGx9LCJ0ZndfdHdlZXRfZWRpdF9mcm9udGVuZCI6eyJidWNrZXQiOiJvbiIsInZlcnNpb24iOm51bGx9fQ%3D%3D&amp;frame=false&amp;hideCard=false&amp;hideThread=false&amp;id=1991499316012413134&amp;lang=cs&amp;origin=https%3A%2F%2Faeronet.news%2Fod-miru-na-ukrajine-jsme-vzdaleni-dva-metry-a-ukrajina-bude-muset-ucinit-nektera-tezka-rozhodnuti-odchazejici-trumpuv-vyjednavac-pro-ukrajinu-promluvil%2F&amp;sessionId=e344478cc488ad8ac7ad200df83c11951d6bb779&amp;theme=light&amp;widgetsVersion=2615f7e52b7e0%3A1702314776716&amp;width=550px\" frameborder=\"0\" scrolling=\"no\" allowfullscreen=\"allowfullscreen\" data-tweet-id=\"1991499316012413134\" data-mce-fragment=\"1\"><\/iframe><\/div>\n<p>Ale \u017ee jsme od m\u00edru na Ukrajin\u011b, d\u00edky Trumpovu pl\u00e1nu, vzd\u00e1leni ve vojensk\u00e9 terminologii pouh\u00e9 dva metry, \u017ee u\u017e tam skoro jsme. Kelloggovo vystoupen\u00ed bylo z\u00e1sadn\u00edm bodem obratu, proto\u017ee vystoupen\u00ed potvrdilo, \u017ee v Trumpov\u00e9 vl\u00e1d\u011b zv\u00edt\u011bzila ta strana, kter\u00e1 uva\u017euje realisticky a usiluje o okam\u017eit\u00e9 ukon\u010den\u00ed v\u00e1lky na Ukrajin\u011b na \u00fakor Ukrajiny s c\u00edlem z\u00e1chrany americk\u00e9 ekonomiky, proto\u017ee\u00a0<strong>bez Ruska v G8 to prost\u011b nejde!<\/strong>\u00a0Ale o tom a\u017e v z\u00e1v\u011bru tohoto \u010dl\u00e1nku.<\/p>\n<h3>Podle Kellogga je m\u00edr na Ukrajin\u011b vzd\u00e1len jen dva metry, u\u017e tam skoro jsme!<\/h3>\n<p>Washington je \u201e<em>velmi bl\u00edzko<\/em>\u201c k tomu, aby pomohl vyjednat ukon\u010den\u00ed konfliktu na Ukrajin\u011b, \u0159ekl v sobotu v rozhovoru pro Fox News vyslanec americk\u00e9ho prezidenta Donalda Trumpa Keith Kellogg a dodal, \u017ee Trump je odhodl\u00e1n tento konflikt ukon\u010dit. Washington minul\u00fd t\u00fdden p\u0159edlo\u017eil Kyjevu nov\u00fd n\u00e1vrh na ukon\u010den\u00ed konfliktu s Moskvou a vyzval ukrajinsk\u00e9 p\u0159edstavitele, aby na n\u011bj do \u010dtvrtka reagovali.<\/p>\n<p>Navrhovan\u00fd 28bodov\u00fd pl\u00e1n \u00fadajn\u011b obsahuje n\u011bkolik bod\u016f, kter\u00e9 Kyjev a jeho z\u00e1padn\u00ed evrop\u0161t\u00ed podporovatel\u00e9 opakovan\u011b odm\u00edtli, jako nap\u0159\u00edklad vzd\u00e1n\u00ed se ukrajinsk\u00fdch ambic\u00ed vstoupit do NATO, sta\u017een\u00ed z \u010d\u00e1st\u00ed Donbasu, kter\u00e9 jsou st\u00e1le pod kontrolou Kyjeva, a omezen\u00ed velikosti ukrajinsk\u00fdch ozbrojen\u00fdch sil. Podle pozorovatel\u016f je to no\u010dn\u00ed m\u016fra.<\/p>\n<p>USA vyv\u00edjej\u00ed tlak na Zelensk\u00e9ho \u2013 varuj\u00ed, \u017ee pokud Kyjev dohodu nepodep\u00ed\u0161e nyn\u00ed, podm\u00ednky budou pozd\u011bji mnohem hor\u0161\u00ed. \u201e<em>Dokonal\u00e1 dohoda neexistuje, ale je t\u0159eba ji uzav\u0159\u00edt rad\u011bji d\u0159\u00edve ne\u017e pozd\u011bji,<\/em>\u201c \u0159ekl tajemn\u00edk arm\u00e1dy USA Driscoll velvyslanc\u016fm NATO v Kyjev\u011b. Stalo se tak po jeho rozhovorech se Zelensk\u00fdm a telefon\u00e1tu z B\u00edl\u00e9ho domu.\u00a0<strong>Podle den\u00edku The Guardian [<a href=\"https:\/\/href.li\/?https:\/\/www.theguardian.com\/world\/2025\/nov\/22\/ukraine-zelenskyy-peace-deal-us-nato-meeting\" target=\"_blank\" rel=\"nofollow noopener\">1<\/a>] panovala v m\u00edstnosti ponur\u00e1 n\u00e1lada.<\/strong>\u00a0N\u011bkolik evropsk\u00fdch velvyslanc\u016f zpochybnilo jak obsah dohody, tak skute\u010dnost, \u017ee USA vyjedn\u00e1valy s Ruskem, ani\u017e by o tom informovaly sv\u00e9 spojence. \u201eBylo to no\u010dn\u00ed m\u016frou. Zase ten sam\u00fd argument, \u017ee nem\u00e1te \u017e\u00e1dn\u00e9 trumfy,\u201c \u0159ekl den\u00edku zdroj.<\/p>\n<div class=\"twitter-tweet twitter-tweet-rendered\"><iframe id=\"twitter-widget-1\" class=\"\" title=\"X Post\" src=\"https:\/\/platform.twitter.com\/embed\/Tweet.html?dnt=false&amp;embedId=twitter-widget-1&amp;features=eyJ0ZndfdGltZWxpbmVfbGlzdCI6eyJidWNrZXQiOltdLCJ2ZXJzaW9uIjpudWxsfSwidGZ3X2ZvbGxvd2VyX2NvdW50X3N1bnNldCI6eyJidWNrZXQiOnRydWUsInZlcnNpb24iOm51bGx9LCJ0ZndfdHdlZXRfZWRpdF9iYWNrZW5kIjp7ImJ1Y2tldCI6Im9uIiwidmVyc2lvbiI6bnVsbH0sInRmd19yZWZzcmNfc2Vzc2lvbiI6eyJidWNrZXQiOiJvbiIsInZlcnNpb24iOm51bGx9LCJ0ZndfZm9zbnJfc29mdF9pbnRlcnZlbnRpb25zX2VuYWJsZWQiOnsiYnVja2V0Ijoib24iLCJ2ZXJzaW9uIjpudWxsfSwidGZ3X21peGVkX21lZGlhXzE1ODk3Ijp7ImJ1Y2tldCI6InRyZWF0bWVudCIsInZlcnNpb24iOm51bGx9LCJ0ZndfZXhwZXJpbWVudHNfY29va2llX2V4cGlyYXRpb24iOnsiYnVja2V0IjoxMjA5NjAwLCJ2ZXJzaW9uIjpudWxsfSwidGZ3X3Nob3dfYmlyZHdhdGNoX3Bpdm90c19lbmFibGVkIjp7ImJ1Y2tldCI6Im9uIiwidmVyc2lvbiI6bnVsbH0sInRmd19kdXBsaWNhdGVfc2NyaWJlc190b19zZXR0aW5ncyI6eyJidWNrZXQiOiJvbiIsInZlcnNpb24iOm51bGx9LCJ0ZndfdXNlX3Byb2ZpbGVfaW1hZ2Vfc2hhcGVfZW5hYmxlZCI6eyJidWNrZXQiOiJvbiIsInZlcnNpb24iOm51bGx9LCJ0ZndfdmlkZW9faGxzX2R5bmFtaWNfbWFuaWZlc3RzXzE1MDgyIjp7ImJ1Y2tldCI6InRydWVfYml0cmF0ZSIsInZlcnNpb24iOm51bGx9LCJ0ZndfbGVnYWN5X3RpbWVsaW5lX3N1bnNldCI6eyJidWNrZXQiOnRydWUsInZlcnNpb24iOm51bGx9LCJ0ZndfdHdlZXRfZWRpdF9mcm9udGVuZCI6eyJidWNrZXQiOiJvbiIsInZlcnNpb24iOm51bGx9fQ%3D%3D&amp;frame=false&amp;hideCard=false&amp;hideThread=false&amp;id=1992203981272006730&amp;lang=cs&amp;origin=https%3A%2F%2Faeronet.news%2Fod-miru-na-ukrajine-jsme-vzdaleni-dva-metry-a-ukrajina-bude-muset-ucinit-nektera-tezka-rozhodnuti-odchazejici-trumpuv-vyjednavac-pro-ukrajinu-promluvil%2F&amp;sessionId=e344478cc488ad8ac7ad200df83c11951d6bb779&amp;theme=light&amp;widgetsVersion=2615f7e52b7e0%3A1702314776716&amp;width=550px\" frameborder=\"0\" scrolling=\"no\" allowfullscreen=\"allowfullscreen\" data-tweet-id=\"1992203981272006730\" data-mce-fragment=\"1\"><\/iframe><\/div>\n<p>Jedn\u00e1n\u00ed USA o navrhovan\u00e9m m\u00edrov\u00e9m pl\u00e1nu za\u010dala v ned\u011bli v \u017denev\u011b za \u00fa\u010dasti ukrajinsk\u00fdch a z\u00e1padoevropsk\u00fdch p\u0159edstavitel\u016f. \u00da\u010dast rusk\u00e9 delegace se neo\u010dek\u00e1v\u00e1, ale podle agentury Reuters by se konzultace s americk\u00fdmi prot\u011bj\u0161ky m\u011bly uskute\u010dnit \u201e<em>velmi brzy<\/em>\u201c.<\/p>\n<p><strong>\u201e<em>V arm\u00e1d\u011b v\u017edy \u0159\u00edk\u00e1me, \u017ee posledn\u00edch 10 metr\u016f k c\u00edli je v\u017edy nejt\u011b\u017e\u0161\u00edch. Jsme na posledn\u00edch dvou metrech, u\u017e jsme skoro tam,<\/em>\u201c \u0159ekl vyslanec.<\/strong>\u00a0Ve \u010dtvrtek ukrajinsk\u00e1 mise p\u0159i OSN odm\u00edtla n\u011bkolik kl\u00ed\u010dov\u00fdch bod\u016f, kter\u00e9 byly \u00fadajn\u011b sou\u010d\u00e1st\u00ed pl\u00e1nu. Z\u00e1stupkyn\u011b st\u00e1l\u00e9ho z\u00e1stupce Kristina Gayovishinov\u00e1 uvedla, \u017ee Kyjev \u201enikdy neuzn\u00e1\u201c \u017e\u00e1dn\u00e9 b\u00fdval\u00e9 ukrajinsk\u00e9 \u00fazem\u00ed jako sou\u010d\u00e1st Ruska.<\/p>\n<h3>Podle JD Vance vvrop\u0161t\u00ed politici pr\u00fd \u017eij\u00ed ve sv\u011bt\u011b fantazie, kter\u00e1 se rozch\u00e1z\u00ed s realitou na boji\u0161ti<\/h3>\n<p>Kellogg popsal ve\u0159ejn\u00e9 stanovisko Ukrajiny, v\u010detn\u011b jej\u00edho odm\u00edtnut\u00ed uznat \u00fazemn\u00ed ztr\u00e1ty, jako \u201e<em>p\u00f3zov\u00e1n\u00ed<\/em>\u201c. \u201e<em>Ch\u00e1pu, co \u0159\u00edk\u00e1,<\/em>\u201c \u0159ekl o Gayovishinov\u00e9, \u201e<em>ale je to sou\u010d\u00e1st jejich postoje a oni mus\u00ed u\u010dinit moudr\u00e9 rozhodnut\u00ed.<\/em>\u201c Rusk\u00fd prezident Vladimir Putin uvedl, \u017ee pl\u00e1n USA je revidovanou verz\u00ed n\u00e1vrhu vypracovan\u00e9ho po jeho setk\u00e1n\u00ed s prezidentem Trumpem na Alja\u0161ce.<\/p>\n<p>Dodal, \u017ee Moskva text obdr\u017eela, ale dosud jej \u201epodrobn\u011b\u201c neprojednala. USA p\u0159edlo\u017eily tento pl\u00e1n v dob\u011b, kdy legitimita Zelensk\u00e9ho doma byla v\u00fdrazn\u011b oslabena korup\u010dn\u00edm skand\u00e1lem, do kter\u00e9ho byli zapleteni \u010dlenov\u00e9 jeho nejbli\u017e\u0161\u00edho okol\u00ed, zat\u00edmco ukrajinsk\u00e9 s\u00edly na front\u011b \u010delily s\u00e9rii ne\u00fasp\u011bch\u016f. Prezident Trump v sobotu prohl\u00e1sil, \u017ee Zelenskyj m\u016f\u017ee \u201e<em>pokra\u010dovat v boji ze v\u0161ech sil<\/em>\u201c, pokud odm\u00edtne navrhovan\u00fd m\u00edrov\u00fd pl\u00e1n na urovn\u00e1n\u00ed konfliktu.<\/p>\n<p>&nbsp;<\/p>\n<div id=\"rumble_v6zyccg\">\n<div id=\"vid_v6zyccg\" class=\"rumble_v6zyccg-Rumble-cls\" tabindex=\"-1\"><div class='videoWrapper'>\r\n\t            <iframe src='https:\/\/rumble.com\/embed\/pj.v6zyccg\/' frameborder='0' allowfullscreen><\/iframe>\r\n\t        <\/div><\/div>\n<\/div>\n<p>&nbsp;<\/p>\n<p>\u00dapln\u011b stejn\u011b se k tomu vyj\u00e1d\u0159il americk\u00fd viceprezident. Americk\u00fd viceprezident J.D. Vance obhajoval pl\u00e1n Washingtonu na urovn\u00e1n\u00ed konfliktu na Ukrajin\u011b s t\u00edm, \u017ee jeho odp\u016frci se m\u00fdl\u00ed, kdy\u017e si mysl\u00ed, \u017ee zv\u00fd\u0161en\u00ed tlaku na Rusko by mohlo zm\u011bnit situaci na boji\u0161ti. V p\u00e1tek b\u00fdval\u00fd v\u016fdce republik\u00e1n\u016f v Sen\u00e1tu Mitch McConnell prohl\u00e1sil na X, \u017ee n\u00e1vrh, kter\u00fd administrativa americk\u00e9ho prezidenta Donalda Trumpa p\u0159edlo\u017eila Moskv\u011b a Kyjevu na za\u010d\u00e1tku tohoto t\u00fddne, je \u201e<em>kapitulac\u00ed<\/em>\u201c a \u201e<em>katastrofou<\/em>\u201c pro americk\u00e9 z\u00e1jmy.<\/p>\n<p>Sen\u00e1torka Jeanne Shaheenov\u00e1, nejv\u00fd\u0161e postaven\u00e1 demokratka v sen\u00e1tn\u00edm v\u00fdboru pro zahrani\u010dn\u00ed vztahy, \u0159ekla CNN, \u017ee \u201e<em><strong>jde o pl\u00e1n rusk\u00e9ho prezidenta Vladimira Putina pro Ukrajinu<\/strong><\/em>\u201c, a trvala na tom, \u017ee B\u00edl\u00fd d\u016fm by m\u011bl m\u00edsto toho zintenzivnit sekund\u00e1rn\u00ed sankce proti obchodn\u00edm partner\u016fm Ruska a dod\u00e1vat Ukrajin\u011b zbran\u011b dlouh\u00e9ho doletu.<\/p>\n<h3>Zelensk\u00e9mu se m\u016fj m\u00edrov\u00fd n\u00e1vrh bude muset l\u00edbit!<\/h3>\n<p>Vance v sobotu napsal v p\u0159\u00edsp\u011bvku na X, \u017ee \u201e<em>ka\u017ed\u00e1 kritika m\u00edrov\u00e9ho r\u00e1mce, na kter\u00e9m administrativa pracuje, bu\u010f tento r\u00e1mec \u0161patn\u011b ch\u00e1pe, nebo zkresluje n\u011bkter\u00e9 d\u016fle\u017eit\u00e9 skute\u010dnosti na boji\u0161ti<\/em>.\u201c \u201e<em>Existuje p\u0159edstava, \u017ee pokud d\u00e1me v\u00edce pen\u011bz, v\u00edce zbran\u00ed nebo v\u00edce sankc\u00ed, v\u00edt\u011bzstv\u00ed je na dosah<\/em>,\u201c napsal.<\/p>\n<p>Podle viceprezidenta by m\u00edr mezi Moskvou a Kyjevem mohli dos\u00e1hnout \u201e<em>chyt\u0159\u00ed lid\u00e9 \u017eij\u00edc\u00ed v re\u00e1ln\u00e9m sv\u011bt\u011b<\/em>\u201c, ale ne \u201e<em>ne\u00fasp\u011b\u0161n\u00ed diplomat\u00e9 nebo politici \u017eij\u00edc\u00ed ve sv\u011bt\u011b fantazie<\/em>\u201c. A ji\u017e v p\u00e1tek se stejn\u011b ost\u0159e vyj\u00e1d\u0159il i Donald Trump. Ukrajinsk\u00fd prezident Volodymyr Zelenskyj bude muset souhlasit s m\u00edrov\u00fdm pl\u00e1nem navr\u017een\u00fdm Washingtonem, jinak bude jeho zem\u011b muset pokra\u010dovat v boji proti Rusku i b\u011bhem \u201e<em>chladn\u00e9 zimy<\/em>\u201c, prohl\u00e1sil americk\u00fd prezident Donald Trump.<\/p>\n<p>&nbsp;<\/p>\n<div id=\"rumble_v6zyrsm\">\n<div id=\"vid_v6zyrsm\" class=\"rumble_v6zyrsm-Rumble-cls\" tabindex=\"-1\">\n<div><div class='videoWrapper'>\r\n\t            <iframe src='https:\/\/rumble.com\/embed\/pj.v6zyrsm\/' frameborder='0' allowfullscreen><\/iframe>\r\n\t        <\/div><\/div>\n<\/div>\n<\/div>\n<p>&nbsp;<\/p>\n<p>Zelensky v p\u00e1tek prohl\u00e1sil, \u017ee Ukrajina \u010del\u00ed \u201e<em>jednomu z nejt\u011b\u017e\u0161\u00edch moment\u016f v na\u0161\u00ed historii<\/em>\u201c, kdy je nucena vybrat si mezi \u201e<em>28 obt\u00ed\u017en\u00fdmi body<\/em>\u201c v americk\u00e9m n\u00e1vrhu, nebo riskovat ztr\u00e1tu sv\u00e9ho kl\u00ed\u010dov\u00e9ho podporovatele, USA. Podle Financial Times vydal Washington Kyjevu ultim\u00e1tum, aby do \u010dtvrtka p\u0159ijal tento pl\u00e1n.<\/p>\n<p>Kdy\u017e se ho novin\u00e1\u0159i pozd\u011bji toho dne zeptali na postoj ukrajinsk\u00e9ho l\u00eddra, Trump se zeptal: \u201e<em>Mysl\u00edte t\u00edm, \u017ee se mu to nel\u00edb\u00ed?<\/em>\u201c\u00a0<strong>\u201e<em>Bude se mu to muset l\u00edbit, a pokud se mu to nebude l\u00edbit, pak by m\u011bli prost\u011b pokra\u010dovat v boji, \u0159ekl bych<\/em>,\u201c uvedl.<\/strong>\u00a0Agentura Reuters d\u0159\u00edve informovala, \u017ee Washington pohrozil Ukrajin\u011b od\u0159\u00edznut\u00edm zpravodajsk\u00e9 a vojensk\u00e9 pomoci, pokud odm\u00edtne jeho n\u00e1vrh.<\/p>\n<h3>Korup\u010dn\u00ed skand\u00e1l v Kyjev\u011b definitivn\u011b poh\u0159bil podporu B\u00edl\u00e9ho domu pro podporu ukrajinsk\u00e9 v\u00e1lky<\/h3>\n<p>\u201e<em>No, v ur\u010dit\u00e9m okam\u017eiku bude Zelensk\u00fd muset n\u011bco p\u0159ijmout,<\/em>\u201c trval na sv\u00e9m americk\u00fd prezident. Trump vysv\u011btlil, \u017ee Ukrajina \u010del\u00ed \u201e<em>chladn\u00e9 zim\u011b\u2026 ale mnoho velk\u00fdch energetick\u00fdch za\u0159\u00edzen\u00ed bylo, m\u00edrn\u011b \u0159e\u010deno, napadeno<\/em>.\u201c \u201e<em>Pamatujete si, \u017ee jsem ned\u00e1vno v Ov\u00e1ln\u00e9 pracovn\u011b \u0159ekl: \u201aNem\u00e1te trumfy\u2018<\/em>,\u201c vzpomn\u011bl si. Americk\u00fd prezident m\u011bl na mysli sv\u00e9 \u00fanorov\u00e9 setk\u00e1n\u00ed se Zelensk\u00fdm, kter\u00e9ho se z\u00fa\u010dastnil tak\u00e9 viceprezident J.D. Vance a kter\u00e9 se p\u0159ed kamerami vyost\u0159ilo. V\u00fdsledkem bylo zkr\u00e1cen\u00ed n\u00e1v\u0161t\u011bvy ukrajinsk\u00e9ho l\u00eddra, p\u0159i\u010dem\u017e Trump a Vance ho obvinili z nevd\u011bku za americkou pomoc a z toho, \u017ee nechce m\u00edr.<\/p>\n<div class=\"twitter-tweet twitter-tweet-rendered\"><iframe id=\"twitter-widget-2\" class=\"\" title=\"X Post\" src=\"https:\/\/platform.twitter.com\/embed\/Tweet.html?dnt=false&amp;embedId=twitter-widget-2&amp;features=eyJ0ZndfdGltZWxpbmVfbGlzdCI6eyJidWNrZXQiOltdLCJ2ZXJzaW9uIjpudWxsfSwidGZ3X2ZvbGxvd2VyX2NvdW50X3N1bnNldCI6eyJidWNrZXQiOnRydWUsInZlcnNpb24iOm51bGx9LCJ0ZndfdHdlZXRfZWRpdF9iYWNrZW5kIjp7ImJ1Y2tldCI6Im9uIiwidmVyc2lvbiI6bnVsbH0sInRmd19yZWZzcmNfc2Vzc2lvbiI6eyJidWNrZXQiOiJvbiIsInZlcnNpb24iOm51bGx9LCJ0ZndfZm9zbnJfc29mdF9pbnRlcnZlbnRpb25zX2VuYWJsZWQiOnsiYnVja2V0Ijoib24iLCJ2ZXJzaW9uIjpudWxsfSwidGZ3X21peGVkX21lZGlhXzE1ODk3Ijp7ImJ1Y2tldCI6InRyZWF0bWVudCIsInZlcnNpb24iOm51bGx9LCJ0ZndfZXhwZXJpbWVudHNfY29va2llX2V4cGlyYXRpb24iOnsiYnVja2V0IjoxMjA5NjAwLCJ2ZXJzaW9uIjpudWxsfSwidGZ3X3Nob3dfYmlyZHdhdGNoX3Bpdm90c19lbmFibGVkIjp7ImJ1Y2tldCI6Im9uIiwidmVyc2lvbiI6bnVsbH0sInRmd19kdXBsaWNhdGVfc2NyaWJlc190b19zZXR0aW5ncyI6eyJidWNrZXQiOiJvbiIsInZlcnNpb24iOm51bGx9LCJ0ZndfdXNlX3Byb2ZpbGVfaW1hZ2Vfc2hhcGVfZW5hYmxlZCI6eyJidWNrZXQiOiJvbiIsInZlcnNpb24iOm51bGx9LCJ0ZndfdmlkZW9faGxzX2R5bmFtaWNfbWFuaWZlc3RzXzE1MDgyIjp7ImJ1Y2tldCI6InRydWVfYml0cmF0ZSIsInZlcnNpb24iOm51bGx9LCJ0ZndfbGVnYWN5X3RpbWVsaW5lX3N1bnNldCI6eyJidWNrZXQiOnRydWUsInZlcnNpb24iOm51bGx9LCJ0ZndfdHdlZXRfZWRpdF9mcm9udGVuZCI6eyJidWNrZXQiOiJvbiIsInZlcnNpb24iOm51bGx9fQ%3D%3D&amp;frame=false&amp;hideCard=false&amp;hideThread=false&amp;id=1992071477382811790&amp;lang=cs&amp;origin=https%3A%2F%2Faeronet.news%2Fod-miru-na-ukrajine-jsme-vzdaleni-dva-metry-a-ukrajina-bude-muset-ucinit-nektera-tezka-rozhodnuti-odchazejici-trumpuv-vyjednavac-pro-ukrajinu-promluvil%2F&amp;sessionId=e344478cc488ad8ac7ad200df83c11951d6bb779&amp;theme=light&amp;widgetsVersion=2615f7e52b7e0%3A1702314776716&amp;width=550px\" frameborder=\"0\" scrolling=\"no\" allowfullscreen=\"allowfullscreen\" data-tweet-id=\"1992071477382811790\" data-mce-fragment=\"1\"><\/iframe><\/div>\n<p>Tlak USA na Ukrajinu, aby souhlasila s jejich pl\u00e1nem, p\u0159ich\u00e1z\u00ed uprost\u0159ed korup\u010dn\u00edho skand\u00e1lu v Kyjev\u011b, kter\u00fd podle analytik\u016f v\u00fdrazn\u011b oslabil politickou pozici Zelensk\u00e9ho. Prost\u011b te\u010f je situace takov\u00e1, \u017ee Keith Kellogg, kter\u00fd od Zelensk\u00e9ho ned\u00e1vno obdr\u017eel nejvy\u0161\u0161\u00ed ukrajinsk\u00e9 vyznamen\u00e1n\u00ed, odch\u00e1z\u00ed v lednu z funkce vyjednava\u010de a m\u00edsto n\u011bho p\u0159ich\u00e1z\u00ed tajemn\u00edk americk\u00e9 arm\u00e1dy. Nen\u00ed divu, \u017ee evrop\u0161t\u00ed spojenci Ukrajiny narychlo p\u0159ipravili pro jedn\u00e1n\u00ed v \u017denev\u011b nov\u00fd pl\u00e1n, de facto kontra-n\u00e1vrh proti Trumpovu pl\u00e1nu, kter\u00fd v ned\u011bli ve\u010der unikl. Tady ho m\u00e1te:<\/p>\n<h3>24-bodov\u00fd evropsk\u00fd protin\u00e1vrh v pln\u00e9m zn\u011bn\u00ed<\/h3>\n<div>\n<p><strong>1.<\/strong>\u00a0Ukon\u010den\u00ed v\u00e1lky a p\u0159ijet\u00ed opat\u0159en\u00ed, kter\u00e1 zajist\u00ed, aby se konflikt neopakoval, s c\u00edlem vytvo\u0159it trval\u00fd z\u00e1klad pro dlouhodob\u00fd m\u00edr a bezpe\u010dnost.<\/p>\n<p><strong>2.<\/strong>\u00a0Ob\u011b strany konfliktu se zavazuj\u00ed k pln\u00e9mu, bezpodm\u00edne\u010dn\u00e9mu p\u0159\u00edm\u011b\u0159\u00ed ve vzduchu, na sou\u0161i i na mo\u0159i.<\/p>\n<p><strong>3.<\/strong>\u00a0Ob\u011b strany neprodlen\u011b zah\u00e1j\u00ed jedn\u00e1n\u00ed o technick\u00e9m proveden\u00ed monitorov\u00e1n\u00ed p\u0159\u00edm\u011b\u0159\u00ed za \u00fa\u010dasti USA a evropsk\u00fdch zem\u00ed.<\/p>\n<p><strong>4.<\/strong>\u00a0Bude zavedeno mezin\u00e1rodn\u00ed monitorov\u00e1n\u00ed p\u0159\u00edm\u011b\u0159\u00ed veden\u00e9 USA a partnery Ukrajiny. Monitorov\u00e1n\u00ed bude p\u0159ev\u00e1\u017en\u011b d\u00e1lkov\u00e9, vyu\u017e\u00edvaj\u00edc\u00ed satelity, drony a dal\u0161\u00ed technologie, dopln\u011bn\u00e9 flexibiln\u00ed pozemn\u00ed slo\u017ekou pro prov\u011b\u0159ov\u00e1n\u00ed \u00fadajn\u00e9ho poru\u0161ov\u00e1n\u00ed p\u0159\u00edm\u011b\u0159\u00ed.<\/p>\n<p><strong>5.<\/strong>\u00a0Bude vytvo\u0159en mechanismus pro pod\u00e1v\u00e1n\u00ed hl\u00e1\u0161en\u00ed o poru\u0161en\u00ed p\u0159\u00edm\u011b\u0159\u00ed, jejich vy\u0161et\u0159ov\u00e1n\u00ed a projedn\u00e1v\u00e1n\u00ed n\u00e1pravn\u00fdch opat\u0159en\u00ed.<\/p>\n<p><strong>6.<\/strong>\u00a0Rusko bezpodm\u00edne\u010dn\u011b vr\u00e1t\u00ed v\u0161echny deportovan\u00e9 a nez\u00e1konn\u011b p\u0159em\u00edst\u011bn\u00e9 ukrajinsk\u00e9 d\u011bti. Proces bude podpo\u0159en mezin\u00e1rodn\u00edmi partnery.<\/p>\n<p><strong>7.<\/strong>\u00a0Strany konfliktu si vym\u011bn\u00ed v\u0161echny v\u00e1le\u010dn\u00e9 zajatce (z\u00e1sada \u201ev\u0161ichni za v\u0161echny\u201c) a Rusko propust\u00ed v\u0161echny civiln\u00ed zadr\u017eovan\u00e9 osoby.<\/p>\n<p><strong>8.<\/strong>\u00a0Po zaji\u0161t\u011bn\u00ed udr\u017eitelnosti p\u0159\u00edm\u011b\u0159\u00ed budou p\u0159ijata humanit\u00e1rn\u00ed opat\u0159en\u00ed, v\u010detn\u011b umo\u017en\u011bn\u00ed rodinn\u00fdch n\u00e1v\u0161t\u011bv p\u0159es linii dotyku.<\/p>\n<p><strong>9.<\/strong>\u00a0Suverenita Ukrajiny je respektov\u00e1na a znovu potvrzena; Ukrajina nen\u00ed nucena k neutralit\u011b.<\/p>\n<p><strong>10.<\/strong>\u00a0Ukrajina obdr\u017e\u00ed siln\u00e9 pr\u00e1vn\u011b z\u00e1vazn\u00e9 bezpe\u010dnostn\u00ed z\u00e1ruky, v\u010detn\u011b z\u00e1ruk podobn\u00fdch \u010dl\u00e1nku 5 od USA, aby se p\u0159ede\u0161lo budouc\u00ed agresi.<\/p>\n<p><strong>11.<\/strong>\u00a0Na ukrajinsk\u00e9 ozbrojen\u00e9 s\u00edly ani obrann\u00fd pr\u016fmysl, v\u010detn\u011b mezin\u00e1rodn\u00ed spolupr\u00e1ce, nebudou uvalena \u017e\u00e1dn\u00e1 omezen\u00ed.<\/p>\n<p><strong>12.<\/strong>\u00a0Garan\u010dn\u00ed st\u00e1ty budou tvo\u0159it ad hoc skupinu evropsk\u00fdch a ochotn\u00fdch neevropsk\u00fdch zem\u00ed. Ukrajina m\u016f\u017ee rozhodnout o p\u0159\u00edtomnosti a \u010dinnosti spojeneck\u00fdch sil na sv\u00e9m \u00fazem\u00ed.<\/p>\n<p><strong>13.<\/strong>\u00a0\u010clenstv\u00ed Ukrajiny v NATO bude z\u00e1viset na konsenzu uvnit\u0159 Aliance.<\/p>\n<p><strong>14.<\/strong>\u00a0Ukrajina se stane \u010dlenem Evropsk\u00e9 unie.<\/p>\n<p><strong>15.<\/strong>\u00a0Ukrajina je p\u0159ipravena z\u016fstat nejadern\u00fdm st\u00e1tem podle Smlouvy o ne\u0161\u00ed\u0159en\u00ed jadern\u00fdch zbran\u00ed (NPT).<\/p>\n<p><strong>16.<\/strong>\u00a0\u00dazemn\u00ed ot\u00e1zky budou \u0159e\u0161eny po dosa\u017een\u00ed \u00fapln\u00e9ho a bezpodm\u00edne\u010dn\u00e9ho p\u0159\u00edm\u011b\u0159\u00ed.<\/p>\n<p><strong>17.<\/strong>\u00a0Teritori\u00e1ln\u00ed jedn\u00e1n\u00ed budou vych\u00e1zet z aktu\u00e1ln\u00ed linie kontroly.<\/p>\n<p><strong>18.<\/strong>\u00a0Po dohod\u011b o \u00fazemn\u00edch ot\u00e1zk\u00e1ch se Rusko i Ukrajina zavazuj\u00ed nem\u011bnit tyto hranice silou.<\/p>\n<p><strong>19.<\/strong>\u00a0Ukrajina znovu z\u00edsk\u00e1 kontrolu nad Z\u00e1poro\u017eskou jadernou elektr\u00e1rnou (za \u00fa\u010dasti USA) a nad Kachovskou p\u0159ehradou; vznikne mechanismus pro p\u0159ed\u00e1n\u00ed kontroly.<\/p>\n<p><strong>20.<\/strong>\u00a0Ukrajina bude m\u00edt zaji\u0161t\u011bn\u00fd ni\u010d\u00edm neomezen\u00fd pr\u016fjezd po \u0159ece Dn\u011bpr a kontrolu nad oblast\u00ed Kinburn Split.<\/p>\n<p><strong>21.<\/strong>\u00a0Ukrajina a jej\u00ed partne\u0159i budou realizovat ekonomickou spolupr\u00e1ci bez omezen\u00ed.<\/p>\n<p><strong>22.<\/strong>\u00a0Ukrajina bude pln\u011b obnovena a finan\u010dn\u011b od\u0161kodn\u011bna \u2013 t\u00e9\u017e prost\u0159ednictv\u00edm rusk\u00fdch st\u00e1tn\u00edch aktiv, kter\u00e1 z\u016fstanou zmrazena, dokud Rusko neod\u0161kodn\u00ed zp\u016fsoben\u00e9 \u0161kody.<\/p>\n<p><strong>23.<\/strong>\u00a0Sankce uvalen\u00e9 na Rusko od roku 2014 mohou b\u00fdt postupn\u011b a \u010d\u00e1ste\u010dn\u011b uvoln\u011bny po dosa\u017een\u00ed udr\u017eiteln\u00e9ho m\u00edru, s mo\u017enost\u00ed jejich okam\u017eit\u00e9ho obnoven\u00ed p\u0159i poru\u0161en\u00ed m\u00edrov\u00e9 dohody.<\/p>\n<p><strong>24.<\/strong>\u00a0Budou zah\u00e1jena samostatn\u00e1 jedn\u00e1n\u00ed o evropsk\u00e9 bezpe\u010dnostn\u00ed architektu\u0159e za \u00fa\u010dasti v\u0161ech \u010dlen\u016f OBSE.<\/p>\n<\/div>\n<h3>Ukrajinci pr\u00fd stoj\u00ed za \u00fanikem a \u0161\u00ed\u0159en\u00edm negativn\u00edch informac\u00ed o Trumpov\u011b pl\u00e1nu<\/h3>\n<p>Americk\u00e1 delegace v \u017denev\u011b obvinila Ukrajince z \u201e<em>\u00faniku negativn\u00edch informac\u00ed o pl\u00e1nu do americk\u00e9ho tisku<\/em>\u201c, napsal report\u00e9r Axios Barak Ravid s odvol\u00e1n\u00edm na zdroje po skon\u010den\u00ed jedn\u00e1n\u00ed v \u017denev\u011b. \u201e<em>Ukrajinci souhlasili, \u017ee jeden z jejich vyjednava\u010d\u016f vyd\u00e1 pozitivn\u00ed prohl\u00e1\u0161en\u00ed, aby se situace uklidnila,<\/em>\u201c dodal.<\/p>\n<p>Zelensk\u00fd zopakoval svou v\u00fdzvu k \u201e<em>d\u016fstojn\u00e9mu<\/em>\u201c m\u00edru, kdy\u017e delegace USA a Ukrajiny uzav\u0159ely jedn\u00e1n\u00ed v \u017denev\u011b. Ukrajinsk\u00fd v\u016fdce tak\u00e9 \u0159ekl, \u017ee je vd\u011b\u010dn\u00fd prezidentu Donaldu Trumpovi a evropsk\u00fdm v\u016fdc\u016fm za projedn\u00e1n\u00ed m\u00edrov\u00e9 dohody navr\u017een\u00e9 USA, jen n\u011bkolik hodin pot\u00e9, co Trump kritizoval Kyjev za nevd\u011b\u010dnost za jeho \u00fasil\u00ed.<\/p>\n<div class=\"twitter-tweet twitter-tweet-rendered\"><iframe id=\"twitter-widget-3\" class=\"\" title=\"X Post\" src=\"https:\/\/platform.twitter.com\/embed\/Tweet.html?dnt=false&amp;embedId=twitter-widget-3&amp;features=eyJ0ZndfdGltZWxpbmVfbGlzdCI6eyJidWNrZXQiOltdLCJ2ZXJzaW9uIjpudWxsfSwidGZ3X2ZvbGxvd2VyX2NvdW50X3N1bnNldCI6eyJidWNrZXQiOnRydWUsInZlcnNpb24iOm51bGx9LCJ0ZndfdHdlZXRfZWRpdF9iYWNrZW5kIjp7ImJ1Y2tldCI6Im9uIiwidmVyc2lvbiI6bnVsbH0sInRmd19yZWZzcmNfc2Vzc2lvbiI6eyJidWNrZXQiOiJvbiIsInZlcnNpb24iOm51bGx9LCJ0ZndfZm9zbnJfc29mdF9pbnRlcnZlbnRpb25zX2VuYWJsZWQiOnsiYnVja2V0Ijoib24iLCJ2ZXJzaW9uIjpudWxsfSwidGZ3X21peGVkX21lZGlhXzE1ODk3Ijp7ImJ1Y2tldCI6InRyZWF0bWVudCIsInZlcnNpb24iOm51bGx9LCJ0ZndfZXhwZXJpbWVudHNfY29va2llX2V4cGlyYXRpb24iOnsiYnVja2V0IjoxMjA5NjAwLCJ2ZXJzaW9uIjpudWxsfSwidGZ3X3Nob3dfYmlyZHdhdGNoX3Bpdm90c19lbmFibGVkIjp7ImJ1Y2tldCI6Im9uIiwidmVyc2lvbiI6bnVsbH0sInRmd19kdXBsaWNhdGVfc2NyaWJlc190b19zZXR0aW5ncyI6eyJidWNrZXQiOiJvbiIsInZlcnNpb24iOm51bGx9LCJ0ZndfdXNlX3Byb2ZpbGVfaW1hZ2Vfc2hhcGVfZW5hYmxlZCI6eyJidWNrZXQiOiJvbiIsInZlcnNpb24iOm51bGx9LCJ0ZndfdmlkZW9faGxzX2R5bmFtaWNfbWFuaWZlc3RzXzE1MDgyIjp7ImJ1Y2tldCI6InRydWVfYml0cmF0ZSIsInZlcnNpb24iOm51bGx9LCJ0ZndfbGVnYWN5X3RpbWVsaW5lX3N1bnNldCI6eyJidWNrZXQiOnRydWUsInZlcnNpb24iOm51bGx9LCJ0ZndfdHdlZXRfZWRpdF9mcm9udGVuZCI6eyJidWNrZXQiOiJvbiIsInZlcnNpb24iOm51bGx9fQ%3D%3D&amp;frame=false&amp;hideCard=false&amp;hideThread=false&amp;id=1992682396664156648&amp;lang=cs&amp;origin=https%3A%2F%2Faeronet.news%2Fod-miru-na-ukrajine-jsme-vzdaleni-dva-metry-a-ukrajina-bude-muset-ucinit-nektera-tezka-rozhodnuti-odchazejici-trumpuv-vyjednavac-pro-ukrajinu-promluvil%2F&amp;sessionId=e344478cc488ad8ac7ad200df83c11951d6bb779&amp;theme=light&amp;widgetsVersion=2615f7e52b7e0%3A1702314776716&amp;width=550px\" frameborder=\"0\" scrolling=\"no\" allowfullscreen=\"allowfullscreen\" data-tweet-id=\"1992682396664156648\" data-mce-fragment=\"1\"><\/iframe><\/div>\n<p>Rubio na z\u00e1v\u011br jedn\u00e1n\u00ed v \u017denev\u011b uvedl, \u017ee sch\u016fzka s Ukrajinou byla \u201e<em>pravd\u011bpodobn\u011b tou nejlep\u0161\u00ed<\/em>\u201c dosud, a dodal, \u017ee p\u0159i jedn\u00e1n\u00edch o n\u00e1vrhu americk\u00e9ho pl\u00e1nu na ukon\u010den\u00ed konfliktu bylo dosa\u017eeno v\u00fdznamn\u00e9ho pokroku. Americk\u00e9 zdroje sd\u011blily serveru Politico, \u017ee ned\u011bln\u00ed jedn\u00e1n\u00ed s Ukrajinou v \u017denev\u011b byla \u201e<em>plodn\u00e1 a v n\u011bkter\u00fdch oblastech dokonce rozhoduj\u00edc\u00ed<\/em>\u201c, proto\u017ee se diskutovalo o n\u00e1vrhu prezidenta Donalda Trumpa ukon\u010dit v\u00e1lku s Ruskem.<\/p>\n<p><strong>Podle unikl\u00fdch zpr\u00e1v\u00a0Evropa souhlas\u00ed s n\u00e1vratem Ruska do skupiny G8\u00a0a rovn\u011b\u017e s omezen\u00edm velikosti ukrajinsk\u00e9 arm\u00e1dy.<\/strong>\u00a0Zat\u00edm jsou to prvn\u00ed st\u0159\u00edpky z \u017denevy, ale vypad\u00e1 to, \u017ee euronacist\u00e9 kone\u010dn\u011b nemaj\u00ed posledn\u00ed slovo, jako tomu bylo p\u0159\u00ed m\u00edrov\u00fdch rozhovorech a\u017e dosud. A d\u016fvod? Nen\u00ed vylou\u010deno, \u017ee Lond\u00fdnsk\u00e9 kancel\u00e1\u0159e ovl\u00e1daj\u00edc\u00ed euronacisty dos\u00e1hly n\u011bjak\u00e9 dohody s Moskevsk\u00fdmi kancel\u00e1\u0159emi. Na to si budeme muset po\u010dkat, ale ten Trump\u016fv 28-bodov\u00fd pl\u00e1n tam lecos nazna\u010duje, p\u0159edev\u0161\u00edm ve vztahu ke zdroj\u016fm v Arktid\u011b.<\/p>\n<h3>Podle Rubia byla sch\u016fzka s Ukrajinci v \u017denev\u011b pravd\u011bpodobn\u011b tou dosud nejlep\u0161\u00ed. Po korup\u010dn\u00edm skand\u00e1lu mus\u00ed ml\u010det a \u0161oupat nohama<\/h3>\n<p>\u201e<em>V pr\u016fb\u011bhu dne se ukrajinsk\u00e1 a americk\u00e1 delegace se\u0161ly, aby podrobn\u011b projednaly m\u00edrovou dohodu<\/em>,\u201c uvedl americk\u00fd p\u0159edstavitel. \u201e<em>Mezi ob\u011bma delegacemi se kon\u00e1 form\u00e1ln\u00ed sch\u016fzka, na kter\u00e9 budou dola\u010fovat podrobnosti dohody<\/em>.\u201c \u201e<em>Mysl\u00edm si, \u017ee z toho plyne, \u017ee se jedn\u00e1 o velmi, velmi v\u00fdznamn\u00e9, \u0159ekl bych, pravd\u011bpodobn\u011b nejlep\u0161\u00ed setk\u00e1n\u00ed a den, jak\u00fd jsme dosud v cel\u00e9m tomto procesu za\u017eili, od doby, kdy jsme v lednu nastoupili do \u00fa\u0159adu<\/em>,\u201c \u0159ekl Rubio novin\u00e1\u0159\u016fm.<\/p>\n<p><strong>Nen\u00ed zat\u00edm jasn\u00e9, jestli ukrajinsk\u00e1 strana \u201c<em>u\u017e dostala rozum<\/em>\u201d a pochopila, \u017ee mus\u00ed Trump\u016fv pl\u00e1n p\u0159ijmout, proto\u017ee je jedin\u00fd, na kter\u00fd p\u0159istoup\u00ed Rusov\u00e9 a v podstat\u011b i USA.<\/strong>\u00a0Anebo se jedn\u00e1 jen o zdr\u017eovac\u00ed taktiku Kyjeva zalo\u017eenou na principu, \u017ee odk\u00fdveme v \u017denev\u011b v\u0161echno, proto\u017ee to nic nestoj\u00ed a k ni\u010demu n\u00e1s to nezavazuje, dokud nedojde na podpisy smluv.<\/p>\n<p>Osobn\u011b se p\u0159ikl\u00e1n\u00edm sp\u00ed\u0161 k t\u00e9 druh\u00e9 mo\u017enosti. Ale jednozna\u010dn\u011b to bude pokrok. Evropsk\u00fd protin\u00e1vrh je v\u00fdk\u0159ik do tmy, je to slepenec stokr\u00e1t ji\u017e opakovan\u00e9ho a stokr\u00e1t Kremlem odm\u00edtan\u00e9ho, p\u0159es to vlak nepojede. Je to Ukrajina, kter\u00e1 prohr\u00e1la tuto v\u00e1lku, ale jak u\u017e \u0159ekl v\u00fd\u0161e zm\u00edn\u011bn\u00fd britsk\u00fd ex-poslanec, kdy\u017e prohr\u00e1v\u00e1te v\u00e1lku, neur\u010dujete podm\u00ednky m\u00edrov\u00e9 smlouvy, prost\u011b je jen akceptujete. Ot\u00e1zkou je, jak dlouho to bude trvat euronacist\u016fm, ne\u017e tuto realitu v\u00e1lek pochop\u00ed.<\/p>\n<div class=\"twitter-tweet twitter-tweet-rendered\"><iframe id=\"twitter-widget-4\" class=\"\" title=\"X Post\" src=\"https:\/\/platform.twitter.com\/embed\/Tweet.html?dnt=false&amp;embedId=twitter-widget-4&amp;features=eyJ0ZndfdGltZWxpbmVfbGlzdCI6eyJidWNrZXQiOltdLCJ2ZXJzaW9uIjpudWxsfSwidGZ3X2ZvbGxvd2VyX2NvdW50X3N1bnNldCI6eyJidWNrZXQiOnRydWUsInZlcnNpb24iOm51bGx9LCJ0ZndfdHdlZXRfZWRpdF9iYWNrZW5kIjp7ImJ1Y2tldCI6Im9uIiwidmVyc2lvbiI6bnVsbH0sInRmd19yZWZzcmNfc2Vzc2lvbiI6eyJidWNrZXQiOiJvbiIsInZlcnNpb24iOm51bGx9LCJ0ZndfZm9zbnJfc29mdF9pbnRlcnZlbnRpb25zX2VuYWJsZWQiOnsiYnVja2V0Ijoib24iLCJ2ZXJzaW9uIjpudWxsfSwidGZ3X21peGVkX21lZGlhXzE1ODk3Ijp7ImJ1Y2tldCI6InRyZWF0bWVudCIsInZlcnNpb24iOm51bGx9LCJ0ZndfZXhwZXJpbWVudHNfY29va2llX2V4cGlyYXRpb24iOnsiYnVja2V0IjoxMjA5NjAwLCJ2ZXJzaW9uIjpudWxsfSwidGZ3X3Nob3dfYmlyZHdhdGNoX3Bpdm90c19lbmFibGVkIjp7ImJ1Y2tldCI6Im9uIiwidmVyc2lvbiI6bnVsbH0sInRmd19kdXBsaWNhdGVfc2NyaWJlc190b19zZXR0aW5ncyI6eyJidWNrZXQiOiJvbiIsInZlcnNpb24iOm51bGx9LCJ0ZndfdXNlX3Byb2ZpbGVfaW1hZ2Vfc2hhcGVfZW5hYmxlZCI6eyJidWNrZXQiOiJvbiIsInZlcnNpb24iOm51bGx9LCJ0ZndfdmlkZW9faGxzX2R5bmFtaWNfbWFuaWZlc3RzXzE1MDgyIjp7ImJ1Y2tldCI6InRydWVfYml0cmF0ZSIsInZlcnNpb24iOm51bGx9LCJ0ZndfbGVnYWN5X3RpbWVsaW5lX3N1bnNldCI6eyJidWNrZXQiOnRydWUsInZlcnNpb24iOm51bGx9LCJ0ZndfdHdlZXRfZWRpdF9mcm9udGVuZCI6eyJidWNrZXQiOiJvbiIsInZlcnNpb24iOm51bGx9fQ%3D%3D&amp;frame=false&amp;hideCard=false&amp;hideThread=false&amp;id=1992669802390007936&amp;lang=cs&amp;origin=https%3A%2F%2Faeronet.news%2Fod-miru-na-ukrajine-jsme-vzdaleni-dva-metry-a-ukrajina-bude-muset-ucinit-nektera-tezka-rozhodnuti-odchazejici-trumpuv-vyjednavac-pro-ukrajinu-promluvil%2F&amp;sessionId=e344478cc488ad8ac7ad200df83c11951d6bb779&amp;theme=light&amp;widgetsVersion=2615f7e52b7e0%3A1702314776716&amp;width=550px\" frameborder=\"0\" scrolling=\"no\" allowfullscreen=\"allowfullscreen\" data-tweet-id=\"1992669802390007936\" data-mce-fragment=\"1\"><\/iframe><\/div>\n<p><a href=\"https:\/\/aeronet.news\/od-miru-na-ukrajine-jsme-vzdaleni-dva-metry-a-ukrajina-bude-muset-ucinit-nektera-tezka-rozhodnuti-odchazejici-trumpuv-vyjednavac-pro-ukrajinu-promluvil\/\">-VK-<\/a><\/p>\n<p>&nbsp;<\/p>\n","protected":false},"excerpt":{"rendered":"<p>Od m\u00edru na Ukrajin\u011b jsme vzd\u00e1leni dva metry a Ukrajina bude muset u\u010dinit n\u011bkter\u00e1 t\u011b\u017ek\u00e1&#8230;<\/p>\n","protected":false},"author":2,"featured_media":92974,"comment_status":"closed","ping_status":"closed","sticky":false,"template":"","format":"standard","meta":[],"categories":[6],"tags":[1042,4030,452,26],"_links":{"self":[{"href":"https:\/\/www.infokuryr.cz\/n\/wp-json\/wp\/v2\/posts\/92973"}],"collection":[{"href":"https:\/\/www.infokuryr.cz\/n\/wp-json\/wp\/v2\/posts"}],"about":[{"href":"https:\/\/www.infokuryr.cz\/n\/wp-json\/wp\/v2\/types\/post"}],"author":[{"embeddable":true,"href":"https:\/\/www.infokuryr.cz\/n\/wp-json\/wp\/v2\/users\/2"}],"replies":[{"embeddable":true,"href":"https:\/\/www.infokuryr.cz\/n\/wp-json\/wp\/v2\/comments?post=92973"}],"version-history":[{"count":0,"href":"https:\/\/www.infokuryr.cz\/n\/wp-json\/wp\/v2\/posts\/92973\/revisions"}],"wp:featuredmedia":[{"embeddable":true,"href":"https:\/\/www.infokuryr.cz\/n\/wp-json\/wp\/v2\/media\/92974"}],"wp:attachment":[{"href":"https:\/\/www.infokuryr.cz\/n\/wp-json\/wp\/v2\/media?parent=92973"}],"wp:term":[{"taxonomy":"category","embeddable":true,"href":"https:\/\/www.infokuryr.cz\/n\/wp-json\/wp\/v2\/categories?post=92973"},{"taxonomy":"post_tag","embeddable":true,"href":"https:\/\/www.infokuryr.cz\/n\/wp-json\/wp\/v2\/tags?post=92973"}],"curies":[{"name":"wp","href":"https:\/\/api.w.org\/{rel}","templated":true}]}}