{"id":92954,"date":"2025-11-24T06:04:38","date_gmt":"2025-11-24T05:04:38","guid":{"rendered":"https:\/\/www.infokuryr.cz\/n\/?p=92954"},"modified":"2025-11-24T06:04:38","modified_gmt":"2025-11-24T05:04:38","slug":"usa-a-rusko-budou-jednat-o-trumpove-mirovem-planu-pro-ukrajinu","status":"publish","type":"post","link":"https:\/\/www.infokuryr.cz\/n\/2025\/11\/24\/usa-a-rusko-budou-jednat-o-trumpove-mirovem-planu-pro-ukrajinu\/","title":{"rendered":"USA a Rusko budou jednat o Trumpov\u011b m\u00edrov\u00e9m pl\u00e1nu pro Ukrajinu"},"content":{"rendered":"<div id=\"fb-root\"><\/div>\n<h3>N\u00e1vrh by mohl \u201etvo\u0159it z\u00e1klad\u201c pro kone\u010dn\u00e9 diplomatick\u00e9 urovn\u00e1n\u00ed, uvedl prezident Vladimir Putin.<\/h3>\n<p><span dir=\"auto\">USA a Rusko se p\u0159ipravuj\u00ed na diskusi o washingtonsk\u00e9m n\u00e1vrhu m\u00edrov\u00e9ho pl\u00e1nu pro ukrajinsk\u00fd konflikt, informoval v ned\u011bli den\u00edk New York Times s odvol\u00e1n\u00edm na anonymn\u00edho \u00fa\u0159edn\u00edka.<\/span><\/p>\n<p><span dir=\"auto\">Washington minul\u00fd t\u00fdden p\u0159edlo\u017eil Kyjevu n\u00e1vrh a dal Ukrajin\u011b \u010das do \u010dtvrtka na jeho p\u0159ijet\u00ed. Rusko n\u00e1vrh obdr\u017eelo, ale s USA jej dosud podrobn\u011b neprojednalo, uvedl prezident Vladimir Putin.<\/span><\/p>\n<p><span dir=\"auto\">Kyjevsk\u00e1 delegace se v ned\u011bli setkala v \u017denev\u011b k jedn\u00e1n\u00ed s kl\u00ed\u010dov\u00fdmi evropsk\u00fdmi podporovateli NATO a na pozd\u011bj\u0161\u00ed den je pl\u00e1nov\u00e1no setk\u00e1n\u00ed americk\u00e9ho t\u00fdmu, potvrdil to hlavn\u00ed poradce Vladimira Zelensk\u00e9ho Andrej Jermak.<\/span><\/p>\n<p><span dir=\"auto\">Podle listu Times citovan\u00e9ho americk\u00e9ho \u00fa\u0159edn\u00edka\u00a0jsou pl\u00e1ny na samostatn\u00e1 jedn\u00e1n\u00ed s Ruskem ohledn\u011b m\u00edrov\u00e9ho pl\u00e1nu\u00a0<\/span><em><span dir=\"auto\">\u201ev pln\u00e9m proudu\u201c .<\/span><\/em><\/p>\n<p><span dir=\"auto\">Pokud Zelenskyj po ned\u011bln\u00edch jedn\u00e1n\u00edch n\u00e1vrh p\u0159ijme, mohl by pak americk\u00fd zvl\u00e1\u0161tn\u00ed vyslanec Steve Witkoff p\u0159edn\u00e9st m\u00edrov\u00fd pl\u00e1n rusk\u00e9mu prezidentovi Vladimiru Putinovi, napsal sloupka\u0159 NYT David Ignatius s odvol\u00e1n\u00edm na anonymn\u00ed \u00fa\u0159edn\u00edky.<\/span><\/p>\n<p><span dir=\"auto\">Kreml potvrdil, \u017ee je v kontaktu s Washingtonem a je p\u0159ipraven Witkoffa kdykoli p\u0159ijmout.<\/span><\/p>\n<p><span dir=\"auto\">Moskva neobdr\u017eela \u017e\u00e1dn\u00e9 nov\u00e9 \u00fapravy ani aktualizace americk\u00e9ho m\u00edrov\u00e9ho pl\u00e1nu, uvedl v p\u00e1tek mluv\u010d\u00ed Kremlu Dmitrij Peskov.<\/span><\/p>\n<p><span dir=\"auto\">Pot\u00e9, co se z\u00e1padoevrop\u0161t\u00ed spojenci Ukrajiny ve\u0159ejn\u011b vyhl\u00e1sili\u00a0<\/span><a href=\"https:\/\/www.rt.com\/news\/628244-eu-defy-trump-ukraine-peace\/\"><span dir=\"auto\">proti<\/span><\/a><span dir=\"auto\">\u00a0sou\u010dasn\u00e9mu n\u00e1vrhu, Kreml zd\u016fraznil, \u017ee se v t\u00e9to v\u011bci\u00a0nebude zab\u00fdvat\u00a0<\/span><em><span dir=\"auto\">\u201emegafonovou diplomaci\u00ed\u201c .<\/span><\/em><\/p>\n<p><span dir=\"auto\">A\u010dkoli pl\u00e1n nebyl zve\u0159ejn\u011bn, n\u011bkolik m\u00e9di\u00ed uvedlo, \u017ee obsahuje ustanoven\u00ed, kter\u00e1 Kyjev a jeho evrop\u0161t\u00ed sponzo\u0159i d\u0159\u00edve odm\u00edtli, jako nap\u0159\u00edklad ustanoven\u00ed o tom, \u017ee se Ukrajina vzd\u00e1 sv\u00e9 ambice vstoupit do NATO a zmen\u0161\u00ed svou arm\u00e1du.<\/span><\/p>\n<p><span dir=\"auto\">Podle Peskova by rusk\u00fd pokrok na boji\u0161ti m\u011bl\u00a0<\/span><em><span dir=\"auto\">\u201evyvinout tlak na Zelensk\u00e9ho a jeho re\u017eim, aby dos\u00e1hli m\u00edrov\u00e9ho \u0159e\u0161en\u00ed\u201c.<\/span><\/em><\/p>\n<p><em><span dir=\"auto\">\u201ePro n\u011b je pokra\u010dov\u00e1n\u00ed nesmysln\u00e9 a nebezpe\u010dn\u00e9,\u201c<\/span><\/em><span dir=\"auto\">\u00a0\u0159ekl v p\u00e1tek mluv\u010d\u00ed Kremlu.<\/span><\/p>\n<p><span dir=\"auto\">V dob\u011b psan\u00ed tohoto \u010dl\u00e1nku se ani Moskva, ani Washington ofici\u00e1ln\u011b nevyj\u00e1d\u0159ily k pl\u00e1n\u016fm na veden\u00ed rozhovor\u016f o Trumpov\u011b m\u00edrov\u00e9m pl\u00e1nu.<\/span><\/p>\n<p><img decoding=\"async\" loading=\"lazy\" class=\"alignnone size-full wp-image-1185\" src=\"http:\/\/www.infokuryr.cz\/n\/wp-content\/uploads\/2021\/04\/kuryr-podpis.png\" alt=\"\" width=\"84\" height=\"24\" \/><\/p>\n<p>&nbsp;<\/p>\n","protected":false},"excerpt":{"rendered":"<p>N\u00e1vrh by mohl \u201etvo\u0159it z\u00e1klad\u201c pro kone\u010dn\u00e9 diplomatick\u00e9 urovn\u00e1n\u00ed, uvedl prezident Vladimir Putin. USA a&#8230;<\/p>\n","protected":false},"author":2,"featured_media":92955,"comment_status":"closed","ping_status":"closed","sticky":false,"template":"","format":"standard","meta":[],"categories":[7],"tags":[22,26,37],"_links":{"self":[{"href":"https:\/\/www.infokuryr.cz\/n\/wp-json\/wp\/v2\/posts\/92954"}],"collection":[{"href":"https:\/\/www.infokuryr.cz\/n\/wp-json\/wp\/v2\/posts"}],"about":[{"href":"https:\/\/www.infokuryr.cz\/n\/wp-json\/wp\/v2\/types\/post"}],"author":[{"embeddable":true,"href":"https:\/\/www.infokuryr.cz\/n\/wp-json\/wp\/v2\/users\/2"}],"replies":[{"embeddable":true,"href":"https:\/\/www.infokuryr.cz\/n\/wp-json\/wp\/v2\/comments?post=92954"}],"version-history":[{"count":0,"href":"https:\/\/www.infokuryr.cz\/n\/wp-json\/wp\/v2\/posts\/92954\/revisions"}],"wp:featuredmedia":[{"embeddable":true,"href":"https:\/\/www.infokuryr.cz\/n\/wp-json\/wp\/v2\/media\/92955"}],"wp:attachment":[{"href":"https:\/\/www.infokuryr.cz\/n\/wp-json\/wp\/v2\/media?parent=92954"}],"wp:term":[{"taxonomy":"category","embeddable":true,"href":"https:\/\/www.infokuryr.cz\/n\/wp-json\/wp\/v2\/categories?post=92954"},{"taxonomy":"post_tag","embeddable":true,"href":"https:\/\/www.infokuryr.cz\/n\/wp-json\/wp\/v2\/tags?post=92954"}],"curies":[{"name":"wp","href":"https:\/\/api.w.org\/{rel}","templated":true}]}}