{"id":92952,"date":"2025-11-24T06:02:44","date_gmt":"2025-11-24T05:02:44","guid":{"rendered":"https:\/\/www.infokuryr.cz\/n\/?p=92952"},"modified":"2025-11-24T06:02:44","modified_gmt":"2025-11-24T05:02:44","slug":"eu-odmita-trumpovu-mirovou-dohodu-s-ukrajinou","status":"publish","type":"post","link":"https:\/\/www.infokuryr.cz\/n\/2025\/11\/24\/eu-odmita-trumpovu-mirovou-dohodu-s-ukrajinou\/","title":{"rendered":"EU odm\u00edt\u00e1 Trumpovu m\u00edrovou dohodu s Ukrajinou"},"content":{"rendered":"<div id=\"fb-root\"><\/div>\n<h3>Brusel p\u0159edlo\u017eil vlastn\u00ed podm\u00ednky pro ukon\u010den\u00ed nep\u0159\u00e1telsk\u00fdch akc\u00ed<\/h3>\n<p><span dir=\"auto\">EU \u00fadajn\u011b odm\u00edtla m\u00edrovou dohodu pro Ukrajinu, kterou vypracoval B\u00edl\u00fd d\u016fm, a p\u0159edlo\u017eila vlastn\u00ed soubor podm\u00ednek pro p\u0159\u00edpadnou dohodu.<\/span><\/p>\n<p><span dir=\"auto\">P\u0159edsedkyn\u011b Evropsk\u00e9 komise Ursula von der Leyenov\u00e1 to ozn\u00e1mila v ned\u011bli, kdy\u017e ameri\u010dt\u00ed p\u0159edstavitel\u00e9 diskutovali o n\u00e1vrhu Washingtonu se z\u00e1stupci EU a Ukrajiny v \u017denev\u011b ve \u0160v\u00fdcarsku.<\/span><\/p>\n<p><span dir=\"auto\">USA p\u0159edlo\u017eily sv\u016fj pl\u00e1n Moskv\u011b i Kyjevu za\u010d\u00e1tkem tohoto t\u00fddne. Obsah dokumentu nebyl ofici\u00e1ln\u011b zve\u0159ejn\u011bn.<\/span><\/p>\n<p><span dir=\"auto\">M\u00e9dia tvrd\u00ed, \u017ee mimo jin\u00e9 vyz\u00fdv\u00e1 Kyjev ke sta\u017een\u00ed vojsk z \u010d\u00e1sti rusk\u00e9ho Donbasu, kterou st\u00e1le kontroluje, ke zmen\u0161en\u00ed arm\u00e1dy a odlo\u017een\u00ed aspirac\u00ed na vstup do NATO v\u00fdm\u011bnou za z\u00e1padn\u00ed bezpe\u010dnostn\u00ed z\u00e1ruky.<\/span><\/p>\n<p><span dir=\"auto\">V prohl\u00e1\u0161en\u00ed zve\u0159ejn\u011bn\u00e9m na X von der Leyen v\u0161echny tyto podm\u00ednky v\u00fdslovn\u011b odm\u00edtla.\u00a0<\/span><em><span dir=\"auto\">\u201eDohodli jsme se na hlavn\u00edch prvc\u00edch nezbytn\u00fdch pro spravedliv\u00fd a trval\u00fd m\u00edr a suverenitu Ukrajiny,\u201c<\/span><\/em><span dir=\"auto\">\u00a0uvedla a dodala, \u017ee hranice Ukrajiny nelze zm\u011bnit\u00a0<\/span><em><span dir=\"auto\">\u201esilou\u201c<\/span><\/em><span dir=\"auto\">\u00a0a \u017ee na kyjevskou arm\u00e1du nelze kl\u00e1st \u017e\u00e1dn\u00e1 omezen\u00ed.<\/span><\/p>\n<p><span dir=\"auto\">P\u0159edseda Evropsk\u00e9 komise tak\u00e9 po\u017eadoval, aby EU hr\u00e1la \u00fast\u0159edn\u00ed roli\u00a0<\/span><em><span dir=\"auto\">\u201ep\u0159i zaji\u0161\u0165ov\u00e1n\u00ed m\u00edru pro Ukrajinu\u201c<\/span><\/em><span dir=\"auto\">\u00a0a aby se Kyjev mohl k n\u00ed p\u0159ipojit.<\/span><\/p>\n<p><span dir=\"auto\">V sobotu agentura Bloomberg informovala, \u017ee se EU sna\u017e\u00ed v podstat\u011b p\u0159epsat americk\u00fd pl\u00e1n t\u00edm, \u017ee jeho hlavn\u00ed zm\u011bny maskuje jako\u00a0<\/span><em><span dir=\"auto\">\u201ekonstruktivn\u00ed aktualizace\u201c.<\/span><\/em><span dir=\"auto\">\u00a0Blok se \u00fadajn\u011b tak\u00e9 sna\u017e\u00ed\u00a0<\/span><em><span dir=\"auto\">\u201ekoupit Ukrajin\u011b v\u00edce \u010dasu\u201c<\/span><\/em><span dir=\"auto\">\u00a0a odlo\u017eit americk\u00fd term\u00edn.<\/span><\/p>\n<p><span dir=\"auto\">Trump d\u0159\u00edve uvedl, \u017ee Kyjev mus\u00ed n\u00e1vrh p\u0159ijmout do \u010dtvrtka 27. listopadu. Vladimir Zelenskyj v p\u00e1tek prohl\u00e1sil, \u017ee Ukrajina \u010del\u00ed volb\u011b mezi p\u0159ijet\u00edm\u00a0<\/span><em><span dir=\"auto\">\u201e28 obt\u00ed\u017en\u00fdch bod\u016f\u201c<\/span><\/em><span dir=\"auto\">\u00a0a rizikem ztr\u00e1ty\u00a0<\/span><em><span dir=\"auto\">\u201ekl\u00ed\u010dov\u00e9ho partnera\u201c<\/span><\/em><span dir=\"auto\">\u00a0a p\u0159e\u017eit\u00edm\u00a0<\/span><em><span dir=\"auto\">\u201etvrd\u00e9 zimy\u201c.<\/span><\/em><\/p>\n<p><span dir=\"auto\">Rusk\u00fd prezident Vladimir Putin potvrdil, \u017ee Moskva americk\u00fd pl\u00e1n obdr\u017eela, a dodal, \u017ee by mohl slou\u017eit jako\u00a0<\/span><em><span dir=\"auto\">\u201ez\u00e1klad kone\u010dn\u00e9ho m\u00edrov\u00e9ho urovn\u00e1n\u00ed\u201c,<\/span><\/em><span dir=\"auto\">\u00a0ale \u017ee dosud nebyl\u00a0<\/span><em><span dir=\"auto\">\u201epodrobn\u011b projedn\u00e1n\u201c.<\/span><\/em><\/p>\n<p><img decoding=\"async\" loading=\"lazy\" class=\"alignnone size-full wp-image-1185\" src=\"http:\/\/www.infokuryr.cz\/n\/wp-content\/uploads\/2021\/04\/kuryr-podpis.png\" alt=\"\" width=\"84\" height=\"24\" \/><\/p>\n<p>&nbsp;<\/p>\n","protected":false},"excerpt":{"rendered":"<p>Brusel p\u0159edlo\u017eil vlastn\u00ed podm\u00ednky pro ukon\u010den\u00ed nep\u0159\u00e1telsk\u00fdch akc\u00ed EU \u00fadajn\u011b odm\u00edtla m\u00edrovou dohodu pro Ukrajinu,&#8230;<\/p>\n","protected":false},"author":2,"featured_media":92953,"comment_status":"closed","ping_status":"closed","sticky":false,"template":"","format":"standard","meta":[],"categories":[7],"tags":[41,4030,6646,26],"_links":{"self":[{"href":"https:\/\/www.infokuryr.cz\/n\/wp-json\/wp\/v2\/posts\/92952"}],"collection":[{"href":"https:\/\/www.infokuryr.cz\/n\/wp-json\/wp\/v2\/posts"}],"about":[{"href":"https:\/\/www.infokuryr.cz\/n\/wp-json\/wp\/v2\/types\/post"}],"author":[{"embeddable":true,"href":"https:\/\/www.infokuryr.cz\/n\/wp-json\/wp\/v2\/users\/2"}],"replies":[{"embeddable":true,"href":"https:\/\/www.infokuryr.cz\/n\/wp-json\/wp\/v2\/comments?post=92952"}],"version-history":[{"count":0,"href":"https:\/\/www.infokuryr.cz\/n\/wp-json\/wp\/v2\/posts\/92952\/revisions"}],"wp:featuredmedia":[{"embeddable":true,"href":"https:\/\/www.infokuryr.cz\/n\/wp-json\/wp\/v2\/media\/92953"}],"wp:attachment":[{"href":"https:\/\/www.infokuryr.cz\/n\/wp-json\/wp\/v2\/media?parent=92952"}],"wp:term":[{"taxonomy":"category","embeddable":true,"href":"https:\/\/www.infokuryr.cz\/n\/wp-json\/wp\/v2\/categories?post=92952"},{"taxonomy":"post_tag","embeddable":true,"href":"https:\/\/www.infokuryr.cz\/n\/wp-json\/wp\/v2\/tags?post=92952"}],"curies":[{"name":"wp","href":"https:\/\/api.w.org\/{rel}","templated":true}]}}