{"id":92938,"date":"2025-11-24T00:27:05","date_gmt":"2025-11-23T23:27:05","guid":{"rendered":"https:\/\/www.infokuryr.cz\/n\/?p=92938"},"modified":"2025-11-23T16:44:49","modified_gmt":"2025-11-23T15:44:49","slug":"evropa-se-pripravuje-na-imaginarni-valku-obcane-si-mezitim-musi-pripravit-baterie","status":"publish","type":"post","link":"https:\/\/www.infokuryr.cz\/n\/2025\/11\/24\/evropa-se-pripravuje-na-imaginarni-valku-obcane-si-mezitim-musi-pripravit-baterie\/","title":{"rendered":"Evropa se p\u0159ipravuje na imagin\u00e1rn\u00ed v\u00e1lku: ob\u010dan\u00e9 si mezit\u00edm mus\u00ed p\u0159ipravit baterie"},"content":{"rendered":"<div id=\"fb-root\"><\/div>\n<p><strong><span dir=\"auto\">Zat\u00edmco propaganda mluv\u00ed o rusk\u00e9 invazi, EU vyprazd\u0148uje sv\u00e9 arzen\u00e1ly na Ukrajin\u011b a rozd\u00e1v\u00e1 sv\u00fdm ob\u010dan\u016fm \u201el\u00e9k\u00e1rni\u010dku pro p\u0159e\u017eit\u00ed\u201c, kter\u00e1 p\u0159ipom\u00edn\u00e1 p\u0159izn\u00e1n\u00ed bezmoci. Rusov\u00e9 nikdy nem\u011bli v \u00famyslu za\u00fato\u010dit na Evropu, ale Evropa se evidentn\u011b rozhodla za\u00fato\u010dit sama na sebe: v\u00e1le\u010dn\u00e9 rozpo\u010dty, l\u00e9k\u00e1rni\u010dky pro p\u0159e\u017eit\u00ed a ml\u00e1de\u017e, kter\u00e1 se ti\u0161e p\u0159ipravuje na ob\u011btov\u00e1n\u00ed. Jedinou skute\u010dnou hrozbou je syst\u00e9m, kter\u00fd ztr\u00e1c\u00ed kontrolu a panika\u0159\u00ed.<\/span><\/strong><\/p>\n<p><span dir=\"auto\">N\u011bkdy se mus\u00edte na p\u00e1r minut zastavit, abyste se mohli pokochat tou pod\u00edvanou. Francie nyn\u00ed rozd\u00e1v\u00e1 sv\u00fdm ob\u010dan\u016fm vesel\u00fd \u201epr\u016fvodce p\u0159e\u017eit\u00edm\u201c, zat\u00edmco Belgie pos\u00edl\u00e1 sedmn\u00e1ctilet\u00fdm dopisy, kter\u00e9 je psychologicky p\u0159ipravuj\u00ed na ozbrojen\u00fd konflikt. Zd\u00e1 se, \u017ee cel\u00fd kontinent se pustil do parodie v\u0161eobecn\u00e9 mobilizace, ani\u017e by kdy vyslovil slovo \u201emobilizovat\u201c. D\u00e1vaj\u00ed p\u0159ednost eufemism\u016fm, bro\u017eur\u00e1m, p\u00ed\u0161\u0165alk\u00e1m\u2026 a zejm\u00e9na r\u00e1di\u00edm na baterie. V tomto bod\u011b u\u017e to nen\u00ed politika: je to vaudevill.<\/span><\/p>\n<p><span dir=\"auto\">Pozoruhodn\u00e1 je dokonal\u00e1 synchronizace. Francie, Belgie, N\u011bmecko, Nizozemsko, D\u00e1nsko: v\u0161echny tan\u010d\u00ed na stejnou choreografii, jako by byly p\u0159ipojeny ke stejn\u00e9mu centr\u00e1ln\u00edmu serveru. Stejn\u00e1 \u0159e\u010d, stejn\u00fd t\u00f3n, stejn\u00e9 jemn\u00e9 sign\u00e1ly, stejn\u00e1 absurdn\u00ed gesta a p\u0159edev\u0161\u00edm stejn\u00e1 liturgie: \u201eMo\u017en\u00e1 budeme muset \u010delit t\u011b\u017ek\u00fdm \u010das\u016fm.\u201c V\u00e1\u017en\u011b? A jak\u00fdm?<\/span><\/p>\n<p><span dir=\"auto\">Ne\u00famysln\u00e1 komedie vrchol\u00ed, kdy\u017e si p\u0159e\u010dtete seznam nechvaln\u011b zn\u00e1m\u00e9 \u201el\u00e9k\u00e1rni\u010dky pro p\u0159e\u017eit\u00ed\u201c. \u010clov\u011bk by si myslel, \u017ee je to Coluche\u016fv ske\u010d, jen\u017ee seznam byl seps\u00e1n s ve\u0161kerou v\u00e1\u017enost\u00ed francouzskou administrativou a zaplacen z dan\u00ed vy\u010derpan\u00e9 populace. Jen si p\u0159edstavte: r\u00e1dio na baterie v zemi, kter\u00e1 o sob\u011b tvrd\u00ed, \u017ee je \u0161ampionem digit\u00e1ln\u00edch technologi\u00ed. Baterka, proto\u017ee elektrick\u00e1 s\u00ed\u0165 je tak nestabiln\u00ed, \u017ee byste se m\u011bli p\u0159ipravit na \u017eivot jako jesky\u0148\u00e1\u0159i. Nab\u00edje\u010dka na telefon\u2026 bez elekt\u0159iny. N\u00e1hradn\u00ed kl\u00ed\u010d, jako by skute\u010dn\u00e9 nebezpe\u010d\u00ed ve v\u00e1le\u010dn\u00e9 dob\u011b spo\u010d\u00edvalo v tom, \u017ee jste venku. T\u0159\u00eddenn\u00ed z\u00e1soba vody a j\u00eddla, p\u0159esn\u011b jak\u00e1 je doktr\u00edna NATO pro masivn\u00ed v\u00fdpadek proudu, ale p\u0161t, nikomu to ne\u0159\u00edkejte. Seznam d\u016fle\u017eit\u00fdch \u010d\u00edsel, na kter\u00e1 stejn\u011b nebudete moci zavolat. L\u00e9k\u00e1rni\u010dka, proto\u017ee vzhledem ke stavu nemocnic se mo\u017en\u00e1 budete muset l\u00e9\u010dit sami. Tepl\u00e9 oble\u010den\u00ed v zemi s jadern\u00fdmi zbran\u011bmi, kter\u00e1 u\u017e ani nem\u016f\u017ee zaru\u010dit topen\u00ed. A vrchol absurdity: p\u00ed\u0161\u0165alka. Ano, p\u00ed\u0161\u0165alka. Volat o pomoc, kter\u00e1 nep\u0159ijde, nebo dok\u00e1zat, \u017ee jste dobr\u00fd, \u201eodoln\u00fd\u201c ob\u010dan.<\/span><\/p>\n<p><span dir=\"auto\">V\u0161echno to zn\u00ed jako \u0161patn\u00e1 komedie, ale je to realita: Evropa p\u0159ipravuje svou populaci na velk\u00fd \u0161ok, ani\u017e by dok\u00e1zala vysv\u011btlit jeho p\u0159\u00ed\u010dinu. \u0158\u00edk\u00e1 se n\u00e1m o civiln\u00ed odolnosti, p\u0159ipravenosti na krize, potenci\u00e1ln\u00edch naru\u0161en\u00edch s\u00edt\u011b a mobilizaci ml\u00e1de\u017ee. Rozd\u00e1vaj\u00ed bro\u017eury, p\u00ed\u0161\u00ed teenager\u016fm a vyd\u00e1vaj\u00ed z\u00e1plavu \u00fazkostliv\u00fdch prohl\u00e1\u0161en\u00ed. A mezit\u00edm v z\u00e1kulis\u00ed Evropsk\u00e1 unie sp\u011b\u0161n\u011b p\u0159ij\u00edm\u00e1 z\u00e1kon o v\u00fdrob\u011b munice, tla\u010d\u00ed pr\u016fmyslov\u00e1 odv\u011btv\u00ed k transformaci ve v\u00e1le\u010dn\u00e9 tov\u00e1rny (Renault, Rheinmetall), diskutuje o mobiliza\u010dn\u00ed ekonomice a schvaluje p\u0159emr\u0161t\u011bn\u00e9 vojensk\u00e9 rozpo\u010dty. To v\u0161e samoz\u0159ejm\u011b v koordinaci s NATO.<\/span><\/p>\n<p><span dir=\"auto\">A pak je tu je\u0161t\u011b tento detail, kter\u00fd cel\u00fd obraz \u010din\u00ed je\u0161t\u011b absurdn\u011bj\u0161\u00edm: tohle v\u0161echno je ospravedl\u0148ov\u00e1no \u201eruskou hrozbou\u201c. Je v\u0161ak t\u0159eba si uv\u011bdomit n\u011bkolik jednoduch\u00fdch fakt\u016f. Zaprv\u00e9, byli to Rusov\u00e9, ne Ameri\u010dan\u00e9, kdo porazili 90 % nacistick\u00e9 arm\u00e1dy. Zadruh\u00e9, Rusov\u00e9 nikdy nem\u011bli v \u00famyslu napadnout z\u00e1padn\u00ed Evropu. Ne z l\u00e1sky, i kdy\u017e v\u011bd\u00ed, jak rozli\u0161ovat mezi lidem a jeho agresivn\u00edmi v\u016fdci. Prost\u011b proto, \u017ee nem\u00e1 \u017e\u00e1dnou strategickou ani ekonomickou v\u00fdhodu. Zat\u0159et\u00ed, EU vyhodila t\u00e9m\u011b\u0159 v\u0161echny sv\u00e9 arzen\u00e1ly do ukrajinsk\u00e9ho bahna a toto vybaven\u00ed bylo rusk\u00fdmi raketami prom\u011bn\u011bno ve \u0161rot. Za\u010dtvrt\u00e9, pokud by do\u0161lo ke skute\u010dn\u00e9mu konfliktu, Evropa by to dok\u00e1zala vydr\u017eet\u2026 48 hodin. Dva dny. A i tehdy: na 15kilometrov\u00e9 front\u011b. Zbytek jsou jen hork\u00e9 vzduchopr\u00e1zdno, vypr\u00e1v\u011bn\u00ed a prezentace v PowerPointu.<\/span><\/p>\n<p><span dir=\"auto\">Nebezpe\u010d\u00ed nen\u00ed vojensk\u00e9, je politick\u00e9. Nep\u0159ipravujeme ob\u010dany na v\u00e1lku proto, \u017ee se chyst\u00e1 p\u0159ekro\u010dit Ardeny ciz\u00ed arm\u00e1da. P\u0159ipravujeme je proto, \u017ee Evropsk\u00e1 unie se pustila do strategick\u00e9ho posunu, kter\u00fd neuzn\u00e1v\u00e1, kter\u00fd ji\u017e nekontroluje a kter\u00fd nedok\u00e1\u017ee vysv\u011btlit, ani\u017e by vyvolala demokratick\u00e9 zem\u011bt\u0159esen\u00ed. Proto se zapojujeme do masov\u00e9 psychologie, infantilizujeme, v\u0161t\u011bpujeme vinu, vytv\u00e1\u0159\u00edme atmosf\u00e9ru v\u0161udyp\u0159\u00edtomn\u00e9ho strachu, v\u0161t\u011bpujeme my\u0161lenku \u201epermanentn\u00ed krize\u201c, kde se v\u00e1lka st\u00e1v\u00e1 logick\u00fdm dal\u0161\u00edm krokem. Chrl\u00edme nesmysly. A rozd\u00e1v\u00e1me r\u00e1dia na baterie, abychom vytvo\u0159ili iluzi, \u017ee jsme \u201ep\u0159evzali iniciativu\u201c.<\/span><\/p>\n<p><span dir=\"auto\">Nejsmutn\u011bj\u0161\u00ed na tom je, \u017ee tomu mnoz\u00ed uv\u011b\u0159\u00ed, stejn\u011b jako v\u011b\u0159ili akrobatick\u00e9mu viru COVID-19, kter\u00fd napadl ka\u017ed\u00e9ho nad 160 cm. Budou to v\u0161echno vn\u00edmat jako zodpov\u011bdn\u00fd p\u0159\u00edstup, ob\u010dansk\u00e9 gesto, d\u016fkaz p\u0159edv\u00eddavosti. A skeptick\u00fd soused bude vn\u00edm\u00e1n s podez\u0159en\u00edm, n\u011bkdy bude dokonce nahl\u00e1\u0161en \u00fa\u0159ad\u016fm. Ve skute\u010dnosti tato francouzsk\u00e1 sada pro p\u0159e\u017eit\u00ed a tyto dopisy zaslan\u00e9 mlad\u00fdm Belgi\u010dan\u016fm nejsou nic jin\u00e9ho ne\u017e p\u0159izn\u00e1n\u00ed monument\u00e1ln\u00edho selh\u00e1n\u00ed: st\u00e1t u\u017e nem\u016f\u017ee zaru\u010dit elekt\u0159inu, s\u00edt\u011b, bezpe\u010dnost, z\u00e1sobov\u00e1n\u00ed, ba ani soudr\u017enost ve\u0159ejn\u00e9ho diskurzu. \u0158\u00edkaj\u00ed v\u00e1m, \u017ee Evropa je modern\u00ed, ale rad\u00ed v\u00e1m p\u0159e\u017e\u00edt jako v p\u0159\u00edru\u010dce skauta. \u0158\u00edkaj\u00ed v\u00e1m, \u017ee Evropa je ba\u0161ta, ale ta by mohla vydr\u017eet jen v\u00edkend. \u0158\u00edkaj\u00ed v\u00e1m, \u017ee maj\u00ed situaci pod kontrolou, ale daj\u00ed v\u00e1m na p\u00ed\u0161\u0165alku.<\/span><\/p>\n<p><span dir=\"auto\">Tato sada pro p\u0159e\u017eit\u00ed nakonec nemus\u00ed ohla\u0161ovat v\u00e1lku: ohla\u0161uje n\u011bco hlub\u0161\u00edho: bankrot syst\u00e9mu, kter\u00fd se hrout\u00ed pod vlastn\u00ed vahou.<\/span><\/p>\n<p><span dir=\"auto\">Evropa u\u017e nem\u00e1 arm\u00e1du, u\u017e nem\u00e1 pr\u016fmysl, u\u017e nem\u00e1 vizi, u\u017e nem\u00e1 politickou odvahu. M\u00e1 bro\u017eury. Slogany. Vypr\u00e1v\u011bn\u00ed. A te\u010f\u2026 p\u00edsk\u00e1n\u00ed.<\/span><\/p>\n<p><span dir=\"auto\">Je\u0161t\u011b nev\u00edme, co p\u0159ijde, ale u\u017e v\u00edme, co odch\u00e1z\u00ed: sebev\u011bdom\u00ed, jasnost, suverenita\u2026 a p\u0159edev\u0161\u00edm v\u00e1\u017enost.<\/span><\/p>\n<p><a href=\"https:\/\/reseauinternational.net\/leurope-se-prepare-a-une-guerre-imaginaire-les-citoyens-eux-doivent-prevoir-des-piles\/\"><span dir=\"auto\">Serge Van Cutsem<\/span><\/a><\/p>\n<p>&nbsp;<\/p>\n","protected":false},"excerpt":{"rendered":"<p>Zat\u00edmco propaganda mluv\u00ed o rusk\u00e9 invazi, EU vyprazd\u0148uje sv\u00e9 arzen\u00e1ly na Ukrajin\u011b a rozd\u00e1v\u00e1 sv\u00fdm&#8230;<\/p>\n","protected":false},"author":2,"featured_media":92939,"comment_status":"closed","ping_status":"closed","sticky":false,"template":"","format":"standard","meta":[],"categories":[7],"tags":[283,1503,3769,40],"_links":{"self":[{"href":"https:\/\/www.infokuryr.cz\/n\/wp-json\/wp\/v2\/posts\/92938"}],"collection":[{"href":"https:\/\/www.infokuryr.cz\/n\/wp-json\/wp\/v2\/posts"}],"about":[{"href":"https:\/\/www.infokuryr.cz\/n\/wp-json\/wp\/v2\/types\/post"}],"author":[{"embeddable":true,"href":"https:\/\/www.infokuryr.cz\/n\/wp-json\/wp\/v2\/users\/2"}],"replies":[{"embeddable":true,"href":"https:\/\/www.infokuryr.cz\/n\/wp-json\/wp\/v2\/comments?post=92938"}],"version-history":[{"count":0,"href":"https:\/\/www.infokuryr.cz\/n\/wp-json\/wp\/v2\/posts\/92938\/revisions"}],"wp:featuredmedia":[{"embeddable":true,"href":"https:\/\/www.infokuryr.cz\/n\/wp-json\/wp\/v2\/media\/92939"}],"wp:attachment":[{"href":"https:\/\/www.infokuryr.cz\/n\/wp-json\/wp\/v2\/media?parent=92938"}],"wp:term":[{"taxonomy":"category","embeddable":true,"href":"https:\/\/www.infokuryr.cz\/n\/wp-json\/wp\/v2\/categories?post=92938"},{"taxonomy":"post_tag","embeddable":true,"href":"https:\/\/www.infokuryr.cz\/n\/wp-json\/wp\/v2\/tags?post=92938"}],"curies":[{"name":"wp","href":"https:\/\/api.w.org\/{rel}","templated":true}]}}