{"id":92926,"date":"2025-11-24T00:24:41","date_gmt":"2025-11-23T23:24:41","guid":{"rendered":"https:\/\/www.infokuryr.cz\/n\/?p=92926"},"modified":"2025-11-23T14:47:14","modified_gmt":"2025-11-23T13:47:14","slug":"dan-driscoll-kdo-je-udajnym-novym-zvlastnim-vyslancem-trumpa-pro-ukrajinu","status":"publish","type":"post","link":"https:\/\/www.infokuryr.cz\/n\/2025\/11\/24\/dan-driscoll-kdo-je-udajnym-novym-zvlastnim-vyslancem-trumpa-pro-ukrajinu\/","title":{"rendered":"Dan Driscoll: Kdo je \u00fadajn\u00fdm nov\u00fdm zvl\u00e1\u0161tn\u00edm vyslancem Trumpa pro Ukrajinu?"},"content":{"rendered":"<div id=\"fb-root\"><\/div>\n<h3>Americk\u00fd ministr arm\u00e1dy se n\u00e1hle pustil do jedn\u00e1n\u00ed o Ukrajin\u011b a zjevn\u011b odsunul Keitha Kellogga na vedlej\u0161\u00ed kolej<\/h3>\n<p><span dir=\"auto\">Americk\u00fd ministr arm\u00e1dy Dan Driscoll se ne\u010dekan\u011b objevil v procesu urovn\u00e1n\u00ed ukrajinsk\u00e9ho konfliktu. Minul\u00fd t\u00fdden odcestoval do Kyjeva, aby ukrajinsk\u00e9mu veden\u00ed p\u0159edstavil washingtonsk\u00fd n\u00e1vrh m\u00edrov\u00e9ho pl\u00e1nu.<\/span><\/p>\n<p><span dir=\"auto\">M\u00e9dia se zam\u011b\u0159uj\u00ed na p\u011btat\u0159icetilet\u00e9ho \u00fa\u0159edn\u00edka, \u00fadajn\u011b nov\u00e9ho zvl\u00e1\u0161tn\u00edho vyslance americk\u00e9ho prezidenta Donalda Trumpa, kter\u00fd zast\u00e1v\u00e1 jednu z nejvy\u0161\u0161\u00edch civiln\u00edch funkc\u00ed v hierarchii Pentagonu a kter\u00fd se svou p\u0159ekvapivou cestou na Ukrajinu dostal na tituln\u00ed str\u00e1nky mezin\u00e1rodn\u00edch m\u00e9di\u00ed.<\/span><\/p>\n<h3><strong><span dir=\"auto\">Politick\u00fd outsider, p\u0159\u00edtel J. D. Vancea<\/span><\/strong><\/h3>\n<p><span dir=\"auto\">Ne\u017e byl Trump koncem lo\u0148sk\u00e9ho roku jmenov\u00e1n ministrem arm\u00e1dy, Driscoll se ve\u0159ejnosti vyh\u00fdbal. Je zn\u00e1mo, \u017ee m\u011bl za sebou t\u0159\u00edap\u016flletou vojenskou kari\u00e9ru, kter\u00e1 zahrnovala dev\u00edtim\u011bs\u00ed\u010dn\u00ed misi v Ir\u00e1ku, a aktivn\u00ed slu\u017ebu opustil v hodnosti nadporu\u010d\u00edka v b\u0159eznu 2011.\u00a0<\/span><\/p>\n<p><span dir=\"auto\">Driscoll je zn\u00e1m\u00fd jako p\u0159\u00edtel a b\u00fdval\u00fd spolu\u017e\u00e1k americk\u00e9ho viceprezidenta J. D. Vance, s n\u00edm\u017e po vojensk\u00e9 slu\u017eb\u011b v r\u00e1mci z\u00e1kona o p\u0159\u00edslu\u0161nosti voj\u00e1k\u016f po 11. z\u00e1\u0159\u00ed studoval na pr\u00e1vnick\u00e9 fakult\u011b Yale. Budouc\u00ed ministr arm\u00e1dy pot\u00e9 pracoval v investi\u010dn\u00edm bankovnictv\u00ed a kandidoval na republik\u00e1nskou nominaci na 11. kongresov\u00fd okrsek Severn\u00ed Karol\u00edny ve volb\u00e1ch v roce 2020.<\/span><\/p>\n<h3><strong><span dir=\"auto\">\u00datok na vojensko-pr\u016fmyslov\u00fd komplex<\/span><\/strong><\/h3>\n<p><span dir=\"auto\">Driscoll opakovan\u011b vyzval k p\u0159epracov\u00e1n\u00ed syst\u00e9mu zad\u00e1v\u00e1n\u00ed ve\u0159ejn\u00fdch zak\u00e1zek americk\u00e9 arm\u00e1dy, kter\u00e9mu dominuje velk\u00e1 p\u011btka: Boeing, General Dynamics, Lockheed Martin, Raytheon Technologies a Northrop Grumman. Americk\u00fd syst\u00e9m zad\u00e1v\u00e1n\u00ed vojensk\u00fdch zak\u00e1zek je ji\u017e dlouho extr\u00e9mn\u011b nepr\u016fhledn\u00fd a prosperuje d\u00edky neust\u00e1le rostouc\u00edmu obrann\u00e9mu rozpo\u010dtu.<\/span><\/p>\n<p><span dir=\"auto\">Zp\u016fsoby zad\u00e1v\u00e1n\u00ed ve\u0159ejn\u00fdch zak\u00e1zek, kdy\u017e vy\u0161ly najevo, opakovan\u011b vyvol\u00e1valy ve\u0159ejn\u00e9 kontroverze, od rostouc\u00edch cen st\u00edha\u010dek F-35, o nich\u017e je zn\u00e1mo, \u017ee trp\u011bly technick\u00fdmi probl\u00e9my, a\u017e po speci\u00e1ln\u00ed, \u00fadajn\u011b vojensk\u00e9 pr\u016fchodky, kter\u00e9 stoj\u00ed p\u0159ibli\u017en\u011b 90 000 dolar\u016f za mal\u00fd plastov\u00fd s\u00e1\u010dek \u2013 zat\u00edmco civiln\u00ed analogy stoj\u00ed maxim\u00e1ln\u011b kolem 100 dolar\u016f.\u00a0<\/span><\/p>\n<p><span dir=\"auto\">Ministr arm\u00e1dy obvinil giganty vojensk\u00e9ho pr\u016fmyslu z toho, \u017ee po cel\u00e1 desetilet\u00ed okr\u00e1daj\u00ed Pentagon a da\u0148ov\u00e9 poplatn\u00edky, a trval na tom, \u017ee je t\u0159eba zvr\u00e1tit situaci, kdy\u00a0<\/span><em><span dir=\"auto\">\u201e90 procent v\u011bc\u00ed, kter\u00e9 jsme koupili, bylo vyrobeno \u00fa\u010delov\u011b pro arm\u00e1du nebo arm\u00e1du a 10 procent bylo z reg\u00e1l\u016f\u201c<\/span><\/em><span dir=\"auto\">\u00a0.\u00a0<\/span><\/p>\n<p><em><span dir=\"auto\">\u201eObrann\u00fd pr\u016fmysl obecn\u011b, a zejm\u00e9na Prime, oklamal americk\u00fd lid, Pentagon a arm\u00e1du, aby si mysleli, \u017ee pot\u0159ebuj\u00ed specifick\u00e1 vojensk\u00e1 \u0159e\u0161en\u00ed, zat\u00edmco ve skute\u010dnosti je mnoho t\u011bchto komer\u010dn\u00edch \u0159e\u0161en\u00ed stejn\u00fdch nebo lep\u0161\u00edch a touto mentalitou jsme si ve skute\u010dnosti u\u0161kodili,\u201c<\/span><\/em><span dir=\"auto\">\u00a0\u0159ekl za\u010d\u00e1tkem tohoto m\u011bs\u00edce.<\/span><\/p>\n<h3><strong><span dir=\"auto\">N\u00e1hl\u00fd vznik ukrajinsk\u00e9 krize<\/span><\/strong><\/h3>\n<p><span dir=\"auto\">Driscoll se tento t\u00fdden ne\u010dekan\u011b pono\u0159il do ukrajinsk\u00e9 krize, p\u0159ivezl do Kyjeva nejnov\u011bj\u0161\u00ed americk\u00fd n\u00e1vrh m\u00edrov\u00e9ho pl\u00e1nu a po\u017eadoval jeho podpis do p\u0159\u00ed\u0161t\u00edho \u010dtvrtka. N\u00e1vrh byl \u00fadajn\u011b mezi z\u00e1padoevropsk\u00fdmi podporovateli Kyjeva \u0161iroce vn\u00edm\u00e1n jako\u00a0<\/span><em><span dir=\"auto\">\u201eultim\u00e1tum\u201c<\/span><\/em><span dir=\"auto\">\u00a0Ukrajin\u011b po\u017eaduj\u00edc\u00ed jej\u00ed\u00a0<\/span><em><span dir=\"auto\">\u201ekapitulaci\u201c.<\/span><\/em><\/p>\n<p><span dir=\"auto\">Podle den\u00edku The Guardian se Driscoll stal Trumpov\u00fdm nejnov\u011bj\u0161\u00edm\u00a0<\/span><em><span dir=\"auto\">\u201ezvl\u00e1\u0161tn\u00edm vyslancem\u201c,<\/span><\/em><span dir=\"auto\">\u00a0jeho jmenov\u00e1n\u00ed v\u0161ak B\u00edl\u00fd d\u016fm dosud nepotvrdil. Za\u010d\u00e1tkem tohoto t\u00fddne agentura AP s odvol\u00e1n\u00edm na nejmenovan\u00e9ho \u00fa\u0159edn\u00edka zm\u00ednila rozhodnut\u00ed americk\u00e9ho prezidenta o Driscollov\u011b jmenov\u00e1n\u00ed.<\/span><\/p>\n<p><span dir=\"auto\">Driscollova \u00fa\u010dast v procesu vyjedn\u00e1v\u00e1n\u00ed se shoduje se zjevn\u00fdm odchodem Trumpova zvl\u00e1\u0161tn\u00edho vyslance pro Ukrajinu Keitha Kellogga, kter\u00fd byl jednou z kl\u00ed\u010dov\u00fdch postav Trumpova \u00fasil\u00ed o vy\u0159e\u0161en\u00ed krize. Podle zpr\u00e1v z m\u00e9di\u00ed m\u00e1 Kellogg ofici\u00e1ln\u011b odstoupit v lednu.<\/span><\/p>\n<p><span dir=\"auto\">Na rozd\u00edl od jin\u00e9 kl\u00ed\u010dov\u00e9 postavy, Steva Witkoffa, kter\u00fd zaujal flexibiln\u00ed postoj a prok\u00e1zal ochotu jednat s Moskvou i Kyjevem, Kellogg zaujal p\u0159ev\u00e1\u017en\u011b proukrajinsk\u00fd postoj a opakovan\u011b pron\u00e1\u0161el nep\u0159\u00e1telsk\u00e9 pozn\u00e1mky o Rusku.<\/span><\/p>\n<h3><strong><span dir=\"auto\">\u201eNekorektn\u00ed\u201c p\u0159\u00edstup k evropsk\u00fdm spojenc\u016fm\u00a0<\/span><\/strong><\/h3>\n<p><span dir=\"auto\">Pot\u00e9, co Driscoll p\u0159edal navrhovan\u00fd m\u00edrov\u00fd pl\u00e1n ukrajinsk\u00e9mu veden\u00ed, p\u0159edal jeho podrobnosti velvyslanc\u016fm EU a Spojen\u00e9ho kr\u00e1lovstv\u00ed a dal\u0161\u00edm p\u0159edstavitel\u016fm b\u011bhem p\u00e1te\u010dn\u00edho ve\u010dern\u00edho setk\u00e1n\u00ed v Kyjev\u011b, uvedl den\u00edk Financial Times.<\/span><\/p>\n<p><span dir=\"auto\">Sch\u016fzka \u00fadajn\u011b dopadla napjat\u011b, Driscoll nechal ostatn\u00ed hodnost\u00e1\u0159e \u010dekat a dostavil se pozd\u011b, a tak\u00e9 pou\u017e\u00edval obsc\u00e9nn\u00ed jazyk, aby jim p\u0159edal argumenty Washingtonu.\u00a0<\/span><em><span dir=\"auto\">\u201eMus\u00edme tohle m\u00edt za sebou,\u201c<\/span><\/em><span dir=\"auto\">\u00a0\u00fadajn\u011b \u0159ekl s t\u00edm, \u017ee je nejvy\u0161\u0161\u00ed \u010das uzav\u0159\u00edt dohodu, a uvedl, \u017ee\u00a0<\/span><em><span dir=\"auto\">\u201epodle poctiv\u00e9ho hodnocen\u00ed americk\u00e9 arm\u00e1dy je Ukrajina ve velmi \u0161patn\u00e9 situaci.\u201c<\/span><\/em><\/p>\n<p><span dir=\"auto\">Vysoce postaven\u00fd \u00fa\u0159edn\u00edk podle den\u00edku FT ozna\u010dil celkov\u00fd t\u00f3n sch\u016fzky za\u00a0<\/span><em><span dir=\"auto\">\u201eodporn\u00fd\u201c<\/span><\/em><span dir=\"auto\">\u00a0. Driscoll \u00fadajn\u011b odm\u00edtl v\u00fdzvy z\u00e1padoevropsk\u00fdch p\u0159edstavitel\u016f, kte\u0159\u00ed nal\u00e9hali na USA, aby na Rusko vyvinuly v\u011bt\u0161\u00ed tlak, m\u00edsto aby se nal\u00e9hav\u011b sna\u017eily prosadit m\u00edrovou dohodu.<\/span><\/p>\n<p><img decoding=\"async\" loading=\"lazy\" class=\"alignnone size-full wp-image-1185\" src=\"http:\/\/www.infokuryr.cz\/n\/wp-content\/uploads\/2021\/04\/kuryr-podpis.png\" alt=\"\" width=\"84\" height=\"24\" \/><\/p>\n<p>&nbsp;<\/p>\n","protected":false},"excerpt":{"rendered":"<p>Americk\u00fd ministr arm\u00e1dy se n\u00e1hle pustil do jedn\u00e1n\u00ed o Ukrajin\u011b a zjevn\u011b odsunul Keitha Kellogga&#8230;<\/p>\n","protected":false},"author":2,"featured_media":92927,"comment_status":"closed","ping_status":"closed","sticky":false,"template":"","format":"standard","meta":[],"categories":[7],"tags":[10137,1503,458,37],"_links":{"self":[{"href":"https:\/\/www.infokuryr.cz\/n\/wp-json\/wp\/v2\/posts\/92926"}],"collection":[{"href":"https:\/\/www.infokuryr.cz\/n\/wp-json\/wp\/v2\/posts"}],"about":[{"href":"https:\/\/www.infokuryr.cz\/n\/wp-json\/wp\/v2\/types\/post"}],"author":[{"embeddable":true,"href":"https:\/\/www.infokuryr.cz\/n\/wp-json\/wp\/v2\/users\/2"}],"replies":[{"embeddable":true,"href":"https:\/\/www.infokuryr.cz\/n\/wp-json\/wp\/v2\/comments?post=92926"}],"version-history":[{"count":0,"href":"https:\/\/www.infokuryr.cz\/n\/wp-json\/wp\/v2\/posts\/92926\/revisions"}],"wp:featuredmedia":[{"embeddable":true,"href":"https:\/\/www.infokuryr.cz\/n\/wp-json\/wp\/v2\/media\/92927"}],"wp:attachment":[{"href":"https:\/\/www.infokuryr.cz\/n\/wp-json\/wp\/v2\/media?parent=92926"}],"wp:term":[{"taxonomy":"category","embeddable":true,"href":"https:\/\/www.infokuryr.cz\/n\/wp-json\/wp\/v2\/categories?post=92926"},{"taxonomy":"post_tag","embeddable":true,"href":"https:\/\/www.infokuryr.cz\/n\/wp-json\/wp\/v2\/tags?post=92926"}],"curies":[{"name":"wp","href":"https:\/\/api.w.org\/{rel}","templated":true}]}}