{"id":92909,"date":"2025-11-24T00:15:44","date_gmt":"2025-11-23T23:15:44","guid":{"rendered":"https:\/\/www.infokuryr.cz\/n\/?p=92909"},"modified":"2025-11-23T15:05:51","modified_gmt":"2025-11-23T14:05:51","slug":"nizozemsko-otec-z-nizozemska-celi-soudu-za-udajne-znasilneni-dcery-a-porizovani-nahych-fotografii","status":"publish","type":"post","link":"https:\/\/www.infokuryr.cz\/n\/2025\/11\/24\/nizozemsko-otec-z-nizozemska-celi-soudu-za-udajne-znasilneni-dcery-a-porizovani-nahych-fotografii\/","title":{"rendered":"Nizozemsko: Otec z Nizozemska \u010del\u00ed soudu za \u00fadajn\u00e9 zn\u00e1siln\u011bn\u00ed dcery a po\u0159izov\u00e1n\u00ed nah\u00fdch fotografi\u00ed"},"content":{"rendered":"<div id=\"fb-root\"><\/div>\n<h3 class=\"s-tagline fw-tagline\"><span dir=\"auto\">Nizozemsk\u00fd otec se k obvin\u011bn\u00ed ze zn\u00e1siln\u011bn\u00ed nep\u0159iznal<\/span><\/h3>\n<p><span dir=\"auto\">Nizozemsk\u00fd otec z ji\u017en\u00edho Limburgu, kter\u00fd m\u011bl se sv\u00fdm b\u00fdval\u00fdm man\u017eelem nezletilou dceru prost\u0159ednictv\u00edm n\u00e1hradn\u00edho mate\u0159stv\u00ed, je v sou\u010dasn\u00e9 dob\u011b souzen. Nyn\u00ed mu hroz\u00ed a\u017e \u010dty\u0159let\u00fd trest odn\u011bt\u00ed svobody za \u00fadajn\u00e9 zneu\u017e\u00edv\u00e1n\u00ed dcery ve van\u011b p\u0159i dvou p\u0159\u00edle\u017eitostech.<\/span><\/p>\n<p><span dir=\"auto\">\u010cty\u0159icetilet\u00fd mu\u017e p\u0159ipustil, \u017ee \u201ebyly p\u0159ekro\u010deny hranice\u201c, ale trval na tom, \u017ee \u201eto nikdy neud\u011blal se zl\u00fdm \u00famyslem\u201c. Podle n\u011bj k \u010dinu do\u0161lo sp\u00ed\u0161e n\u00e1hodou a iniciativa vze\u0161la od samotn\u00e9ho d\u00edt\u011bte.<\/span><\/p>\n<p><span dir=\"auto\">U soudu prohl\u00e1sil: \u201eKdy\u017e se poprv\u00e9 dotkla m\u00fdch genit\u00e1li\u00ed \u00fasty, m\u011bl jsem s n\u00ed v\u00edc mluvit, aby se to u\u017e neopakovalo.\u201c<\/span><\/p>\n<p><a href=\"https:\/\/www.telegraaf.nl\/binnenland\/vier-jaar-cel-geeist-voor-vader-na-maken-van-naaktfotos-en-verkrachten-van-dochtertje-dat-hij-kreeg-via-draagmoederschap\/104907727.html\"><span dir=\"auto\">Podle zpr\u00e1vy nizozemsk\u00fdch novin De Telegraaf<\/span><\/a><span dir=\"auto\">\u00a0tongerensk\u00fd st\u00e1tn\u00ed z\u00e1stupce tak\u00e9 tvrd\u00ed, \u017ee mu\u017e po\u0159\u00eddil p\u0159es 200 nah\u00fdch fotografi\u00ed d\u00edvky a jej\u00edch p\u0159\u00e1tel, kte\u0159\u00ed ji nav\u0161t\u00edvili\u00a0.<\/span><\/p>\n<p><span dir=\"auto\">Mu\u017e se ve \u010dtvrtek r\u00e1no dostavil p\u0159ed trestn\u00ed soud v Tongerenu a byl obvin\u011bn z voyeurismu, v\u00fdroby a distribuce d\u011btsk\u00e9 pornografie, zn\u00e1siln\u011bn\u00ed sv\u00e9 dcery a \u00fatoku na mor\u00e1ln\u00ed integritu d\u00edvky.<\/span><\/p>\n<p><span dir=\"auto\">Mu\u017e\u016fv pr\u00e1vn\u00edk, mistr Ysbert Drees, po\u017eaduje zpro\u0161t\u011bn\u00ed ob\u017ealoby ve v\u0161ech bodech ob\u017ealoby, krom\u011b po\u0159\u00edzen\u00fdch fotografi\u00ed. Podle Dreese ostatn\u00ed d\u011bti v\u011bd\u011bly, \u017ee jsou fotografov\u00e1ny, a dokonce mu\u017ei daly svolen\u00ed k jejich po\u0159\u00edzen\u00ed. Podle n\u011bj teprve ned\u00e1vno vy\u0161el z\u00e1kon, kter\u00fd stanov\u00ed, \u017ee ob\u011bti mus\u00ed d\u00e1t souhlas k po\u0159izov\u00e1n\u00ed voyersk\u00fdch fotografi\u00ed, a \u017ee v dob\u011b t\u00e9to ud\u00e1losti tento z\u00e1kon je\u0161t\u011b neplatil.<\/span><\/p>\n<p><span dir=\"auto\">\u201ePouh\u00e9 po\u0159izov\u00e1n\u00ed fotografi\u00ed nen\u00ed trestn\u00e9. Z\u00e1konod\u00e1rce nestanovil, \u017ee v p\u0159\u00edpad\u011b skutkov\u00e9ho stavu voyeurismu nem\u016f\u017ee nezletil\u00e1 osoba d\u00e1t souhlas. Stalo se to i v rodinn\u00e9m kontextu.\u201c Podle n\u011bj nav\u00edc jeho klient nepo\u0159izoval fotografie pro sexu\u00e1ln\u00ed \u00fa\u010dely ani v sexu\u00e1ln\u00edm kontextu.<\/span><\/p>\n<p><span dir=\"auto\">Pokud jde o zn\u00e1siln\u011bn\u00ed dcery ve van\u011b, mu\u017e se rovn\u011b\u017e nep\u0159izn\u00e1v\u00e1 k vin\u011b. \u201eByla to penetrace, ale u trestn\u00e9ho \u010dinu zn\u00e1siln\u011bn\u00ed je pot\u0159eba z\u00e1st\u011brka. To se v tomto p\u0159\u00edpad\u011b zd\u00e1 b\u00fdt daleko od pravdy. Stalo se to n\u00e1hodou.\u201c<\/span><\/p>\n<p><span dir=\"auto\">\u00dadajn\u00e9 zneu\u017e\u00edv\u00e1n\u00ed vy\u0161lo najevo pot\u00e9, co se homosexu\u00e1ln\u00ed p\u00e1r roze\u0161el a otec za\u010dal nov\u00fd vztah se \u017eenou. Nakonec se 16. srpna 2023 obr\u00e1tila na policii pot\u00e9, co se jej\u00ed snacha zm\u00ednila, \u017ee v minulosti s otcem vykon\u00e1vala sexu\u00e1ln\u00ed praktiky.<\/span><\/p>\n<p><span dir=\"auto\">D\u00edvka vypov\u011bd\u011bla, \u017ee si vzala otcovy genit\u00e1lie do \u00fast, kdy\u017e se spole\u010dn\u011b koupali. \u00dadajn\u011b se to stalo jednou, kdy\u017e j\u00ed byly t\u0159i roky, a podruh\u00e9, kdy\u017e j\u00ed bylo \u0161est let.<\/span><\/p>\n<p><span dir=\"auto\">Kdy\u017e se mu\u017eova nov\u00e1 partnerka rozhodla od n\u011bj odej\u00edt po obvin\u011bn\u00ed ze zneu\u017e\u00edv\u00e1n\u00ed, objevila sb\u00edrku fotoalb. Alba obsahovala \u201enah\u00e9 fotografie d\u00edvky a n\u011bkolika p\u0159\u00e1tel, kte\u0159\u00ed si s mu\u017eem p\u0159i\u0161li hr\u00e1t a z\u016fstat s n\u00edm\u201c. Vy\u0161et\u0159ov\u00e1n\u00ed uk\u00e1zalo, \u017ee mu\u017e po\u0159\u00eddil \u201ev\u00edce ne\u017e 200 sn\u00edmk\u016f d\u011bt\u00ed ve van\u011b nebo kdy\u017e \u0161ly na toaletu\u201c.<\/span><\/p>\n<p><span dir=\"auto\">Bylo tak\u00e9 uvedeno, \u017ee jedno z d\u011bt\u00ed \u00fadajn\u011b \u201espalo v mu\u017eov\u011b posteli b\u011bhem p\u0159esp\u00e1v\u00e1n\u00ed\u201c.<\/span><\/p>\n<p><span dir=\"auto\">Tongerensk\u00fd st\u00e1tn\u00ed z\u00e1stupce argumentoval, \u017ee \u201ev\u0161echna fakta byla prok\u00e1z\u00e1na\u201c, a po\u017eadoval trest odn\u011bt\u00ed svobody v rozsahu \u010dty\u0159 let, \u010d\u00e1ste\u010dn\u011b podm\u00edn\u011bn\u00fd, aby se mu\u017e mohl podrobit l\u00e9\u010db\u011b. Dodal: \u201eNemysl\u00edm si, \u017ee existuje n\u011bjak\u00fd d\u016fkaz o vin\u011b.\u201c<\/span><\/p>\n<p><span dir=\"auto\">Druh\u00fd otec ob\u011bti, mu\u017e\u016fv b\u00fdval\u00fd man\u017eel, po\u017eaduje od\u0161kodn\u011bn\u00ed 5 000 eur. Jeho pr\u00e1vn\u00edk Tom Van Overbeke u soudu p\u0159e\u010detl dojemn\u00fd dopis, v n\u011bm\u017e uv\u00e1d\u00ed: \u201eM\u016fj nejlep\u0161\u00ed p\u0159\u00edtel n\u00e1m dal ten nejkr\u00e1sn\u011bj\u0161\u00ed d\u00e1rek a vy jste ho zneu\u017eili nechutn\u00fdm zp\u016fsobem.\u201c<\/span><\/p>\n<p><span dir=\"auto\">Samotn\u00e1 n\u00e1hradn\u00ed matka po\u017eaduje tak\u00e9 3 500 eur a uv\u00e1d\u00ed: \u201eTohle v\u0161echno mi zanechalo obrovskou r\u00e1nu, kter\u00e1 se nikdy nezahoj\u00ed. C\u00edtila jsem se tak\u00e9 nesm\u00edrn\u011b provinile, proto\u017ee jsem m\u011bla pocit, \u017ee jsem za to, co se j\u00ed stalo, \u010d\u00e1ste\u010dn\u011b zodpov\u011bdn\u00e1, proto\u017ee jsem ji porodila. Jsem tak na\u0161tvan\u00e1 a stra\u0161n\u011b smutn\u00e1.\u201c<\/span><\/p>\n<p><span dir=\"auto\">Christophe Daerden, opatrovn\u00edk dcery ad hoc, po\u017eaduje pro d\u00edvku od\u0161kodn\u00e9 ve v\u00fd\u0161i 10 000 eur. Rodi\u010de dal\u0161\u00edch ob\u011bt\u00ed identifikovan\u00fdch na nah\u00fdch sn\u00edmc\u00edch a b\u00fdval\u00e1 p\u0159\u00edtelkyn\u011b, kter\u00e1 se o t\u011bchto skute\u010dnostech dozv\u011bd\u011bla, po\u017eaduj\u00ed od\u0161kodn\u00e9 ve v\u00fd\u0161i 1 500 a\u017e 3 500 eur.<\/span><\/p>\n<p><span dir=\"auto\">Rozsudek v p\u0159\u00edpadu bude vynesen 11. prosince.<\/span><\/p>\n<p><img decoding=\"async\" loading=\"lazy\" class=\"alignnone size-full wp-image-1185\" src=\"http:\/\/www.infokuryr.cz\/n\/wp-content\/uploads\/2021\/04\/kuryr-podpis.png\" alt=\"\" width=\"84\" height=\"24\" \/><\/p>\n<p>&nbsp;<\/p>\n","protected":false},"excerpt":{"rendered":"<p>Nizozemsk\u00fd otec se k obvin\u011bn\u00ed ze zn\u00e1siln\u011bn\u00ed nep\u0159iznal Nizozemsk\u00fd otec z ji\u017en\u00edho Limburgu, kter\u00fd m\u011bl&#8230;<\/p>\n","protected":false},"author":2,"featured_media":92910,"comment_status":"closed","ping_status":"closed","sticky":false,"template":"","format":"standard","meta":[],"categories":[7],"tags":[781,4914,324],"_links":{"self":[{"href":"https:\/\/www.infokuryr.cz\/n\/wp-json\/wp\/v2\/posts\/92909"}],"collection":[{"href":"https:\/\/www.infokuryr.cz\/n\/wp-json\/wp\/v2\/posts"}],"about":[{"href":"https:\/\/www.infokuryr.cz\/n\/wp-json\/wp\/v2\/types\/post"}],"author":[{"embeddable":true,"href":"https:\/\/www.infokuryr.cz\/n\/wp-json\/wp\/v2\/users\/2"}],"replies":[{"embeddable":true,"href":"https:\/\/www.infokuryr.cz\/n\/wp-json\/wp\/v2\/comments?post=92909"}],"version-history":[{"count":0,"href":"https:\/\/www.infokuryr.cz\/n\/wp-json\/wp\/v2\/posts\/92909\/revisions"}],"wp:featuredmedia":[{"embeddable":true,"href":"https:\/\/www.infokuryr.cz\/n\/wp-json\/wp\/v2\/media\/92910"}],"wp:attachment":[{"href":"https:\/\/www.infokuryr.cz\/n\/wp-json\/wp\/v2\/media?parent=92909"}],"wp:term":[{"taxonomy":"category","embeddable":true,"href":"https:\/\/www.infokuryr.cz\/n\/wp-json\/wp\/v2\/categories?post=92909"},{"taxonomy":"post_tag","embeddable":true,"href":"https:\/\/www.infokuryr.cz\/n\/wp-json\/wp\/v2\/tags?post=92909"}],"curies":[{"name":"wp","href":"https:\/\/api.w.org\/{rel}","templated":true}]}}