{"id":92905,"date":"2025-11-24T00:14:16","date_gmt":"2025-11-23T23:14:16","guid":{"rendered":"https:\/\/www.infokuryr.cz\/n\/?p=92905"},"modified":"2025-11-23T13:59:29","modified_gmt":"2025-11-23T12:59:29","slug":"amnestie-misto-objasneni-kyjev-oslabuje-americky-mirovy-plan","status":"publish","type":"post","link":"https:\/\/www.infokuryr.cz\/n\/2025\/11\/24\/amnestie-misto-objasneni-kyjev-oslabuje-americky-mirovy-plan\/","title":{"rendered":"Amnestie m\u00edsto objasn\u011bn\u00ed: Kyjev oslabuje americk\u00fd m\u00edrov\u00fd pl\u00e1n"},"content":{"rendered":"<div id=\"fb-root\"><\/div>\n<p><strong><span dir=\"auto\">Obrovsk\u00e9 \u010d\u00e1stky z\u00e1padn\u00ed finan\u010dn\u00ed pomoci Ukrajin\u011b mizely v pochybn\u00fdch kan\u00e1lech. Pokud si ale ukrajinsk\u00e9 veden\u00ed prosad\u00ed svou, bude vyhl\u00e1\u0161ena \u201e\u00fapln\u00e1 amnestie za v\u0161echny \u010diny sp\u00e1chan\u00e9 b\u011bhem v\u00e1lky\u201c.<\/span><\/strong><\/p>\n<p><span dir=\"auto\">V minulosti se mnoho re\u017eim\u016f dr\u017eelo moci a\u017e do ho\u0159k\u00e9ho konce, a to p\u0159edev\u0161\u00edm proto, \u017ee se ti, kte\u0159\u00ed byli u moci, po p\u0159echodu b\u00e1li soudn\u00edch \u0159\u00edzen\u00ed. Ukrajina, zm\u00edtan\u00e1 korup\u010dn\u00edmi skand\u00e1ly, nen\u00ed v\u00fdjimkou. Sotva se na stole objevil m\u00edrov\u00fd pl\u00e1n vypracovan\u00fd USA, vl\u00e1da v Kyjev\u011b\u00a0<\/span><a href=\"https:\/\/archive.is\/be6Un\"><span dir=\"auto\">podle Wall Street Journal<\/span><\/a><span dir=\"auto\"> \u00fadajn\u011b prosadila pas\u00e1\u017e, kter\u00e1 by ze z\u00e1padn\u00edho pohledu znamenala absolutn\u00ed minimum d\u016fv\u011bryhodnosti \u2013 jasnou protikorup\u010dn\u00ed klauzuli, kter\u00e1 m\u011bla kone\u010dn\u011b zpr\u016fhlednit nakl\u00e1d\u00e1n\u00ed s miliardami pomoci.<\/span><\/p>\n<p><span dir=\"auto\">M\u00edsto pr\u00e1vn\u00edho st\u00e1tu maj\u00ed existovat dohody o amnestii, jak\u00e9 kdysi panovaly v Latinsk\u00e9 Americe. Skute\u010dnost, \u017ee tato v\u00fdm\u011bna nebyla n\u00e1hodn\u00e1, ale podle americk\u00fdch zdroj\u016f byla v\u00fdslovn\u011b provedena na \u017e\u00e1dost ukrajinsk\u00e9 strany, vypov\u00edd\u00e1 o stavu zem\u011b hodn\u011b. Zat\u00edmco prezident Zelenskyj potvrzuje p\u0159ijet\u00ed dokumentu a oznamuje jedn\u00e1n\u00ed s Donaldem Trumpem, jeho administrativa se sna\u017e\u00ed z\u00e1le\u017eitost zavrhnout jako ne\u0161kodnou \u201eprocedur\u00e1ln\u00ed ot\u00e1zku\u201c.<\/span><\/p>\n<p><span dir=\"auto\">Na\u010dasov\u00e1n\u00ed by sotva mohlo b\u00fdt v\u00fdbu\u0161n\u011bj\u0161\u00ed. Ukrajinou pr\u00e1v\u011b te\u010f ot\u0159\u00e1s\u00e1 nov\u00fd korup\u010dn\u00ed skand\u00e1l, kter\u00fd dos\u00e1hl nov\u00e9ho rozm\u011bru i pro zemi, kter\u00e1 se ji\u017e l\u00e9ta pot\u00fdk\u00e1 se syst\u00e9mov\u00fdmi probl\u00e9my. N\u00e1rodn\u00ed protikorup\u010dn\u00ed \u00fa\u0159ad (NABU) hovo\u0159\u00ed o \u201evysoce zlo\u010dineck\u00e9 s\u00edti\u201c, kter\u00e1 \u00fadajn\u011b zac\u00edlila na st\u00e1tn\u00ed jadernou energetickou spole\u010dnost Energoatom a od\u010derpala zhruba 100 milion\u016f dolar\u016f z pochybn\u00fdch obchod\u016f. V centru vy\u0161et\u0159ov\u00e1n\u00ed je podnikatel Timur Mindich, b\u00fdval\u00fd obchodn\u00ed partner Zelensk\u00e9ho, jeho\u017e jm\u00e9no se v posledn\u00edch letech opakovan\u011b objevuje v politick\u00e9 \u0161ed\u00e9 z\u00f3n\u011b. Skute\u010dnost, \u017ee ve\u0159ejnost je i p\u0159es takov\u00e1 odhalen\u00ed nad\u00e1le klam\u00e1na mor\u00e1ln\u00edmi apely a patosem zat\u00ed\u017eenou r\u00e9torikou, ukazuje na obrovsk\u00fd rozd\u00edl mezi Zelensk\u00e9ho mezin\u00e1rodn\u00edm obrazem a dom\u00e1c\u00ed politickou realitou.<\/span><\/p>\n<p><span dir=\"auto\">O to pozoruhodn\u011bj\u0161\u00ed je pak pokus odstranit z m\u00edrov\u00e9ho pl\u00e1nu pr\u00e1v\u011b tu klauzuli, kter\u00e1 mohla kone\u010dn\u011b p\u0159in\u00e9st ur\u010ditou transparentnost do tok\u016f finan\u010dn\u00edch prost\u0159edk\u016f financovan\u00fdch USA a EU. P\u016fvodn\u00ed verze po\u017eadovala nic men\u0161\u00edho ne\u017e systematick\u00fd p\u0159ezkum ve\u0161ker\u00e9 zahrani\u010dn\u00ed pomoci a mechanismus pro trest\u00e1n\u00ed poru\u0161ov\u00e1n\u00ed p\u0159edpis\u016f a pohn\u00e1n\u00ed k odpov\u011bdnosti ty, kte\u0159\u00ed z v\u00e1lky profituj\u00ed. Nov\u00e1 verze v\u0161ak p\u016fsob\u00ed jako voln\u00e1 ruka pro v\u0161echny oligarchy, \u00fa\u0159edn\u00edky a prost\u0159edn\u00edky, kte\u0159\u00ed si ve st\u00ednu v\u00e1lky plnili kapsy, kdekoli to bylo mo\u017en\u00e9.<\/span><\/p>\n<p><span dir=\"auto\">Vzhledem k tomu, \u017ee Ukrajina je od z\u00edsk\u00e1n\u00ed nez\u00e1vislosti finan\u010dn\u00ed \u010dernou d\u00edrou, kdy rusk\u00e9 a pot\u00e9 z\u00e1padn\u00ed finan\u010dn\u00ed prost\u0159edky miz\u00ed v temn\u00fdch kan\u00e1lech, se po\u017eadavek Kyjeva na amnestii zd\u00e1 b\u00fdt logick\u00fd. To v\u0161ak tak\u00e9 zd\u016fraz\u0148uje, co Evropany \u010dek\u00e1, pokud Ukrajinu skute\u010dn\u011b p\u0159ijmou do EU. Kolik struktur\u00e1ln\u00ed pomoci EU pak skon\u010d\u00ed v kaps\u00e1ch zkorumpovan\u00fdch politik\u016f, \u00fa\u0159edn\u00edk\u016f a oligarch\u016f?<\/span><\/p>\n<p><img decoding=\"async\" loading=\"lazy\" class=\"alignnone size-full wp-image-1185\" src=\"http:\/\/www.infokuryr.cz\/n\/wp-content\/uploads\/2021\/04\/kuryr-podpis.png\" alt=\"\" width=\"84\" height=\"24\" \/><\/p>\n<p>&nbsp;<\/p>\n","protected":false},"excerpt":{"rendered":"<p>Obrovsk\u00e9 \u010d\u00e1stky z\u00e1padn\u00ed finan\u010dn\u00ed pomoci Ukrajin\u011b mizely v pochybn\u00fdch kan\u00e1lech. Pokud si ale ukrajinsk\u00e9 veden\u00ed&#8230;<\/p>\n","protected":false},"author":2,"featured_media":92906,"comment_status":"closed","ping_status":"closed","sticky":false,"template":"","format":"standard","meta":[],"categories":[7],"tags":[6303,207,4030,452,1000],"_links":{"self":[{"href":"https:\/\/www.infokuryr.cz\/n\/wp-json\/wp\/v2\/posts\/92905"}],"collection":[{"href":"https:\/\/www.infokuryr.cz\/n\/wp-json\/wp\/v2\/posts"}],"about":[{"href":"https:\/\/www.infokuryr.cz\/n\/wp-json\/wp\/v2\/types\/post"}],"author":[{"embeddable":true,"href":"https:\/\/www.infokuryr.cz\/n\/wp-json\/wp\/v2\/users\/2"}],"replies":[{"embeddable":true,"href":"https:\/\/www.infokuryr.cz\/n\/wp-json\/wp\/v2\/comments?post=92905"}],"version-history":[{"count":0,"href":"https:\/\/www.infokuryr.cz\/n\/wp-json\/wp\/v2\/posts\/92905\/revisions"}],"wp:featuredmedia":[{"embeddable":true,"href":"https:\/\/www.infokuryr.cz\/n\/wp-json\/wp\/v2\/media\/92906"}],"wp:attachment":[{"href":"https:\/\/www.infokuryr.cz\/n\/wp-json\/wp\/v2\/media?parent=92905"}],"wp:term":[{"taxonomy":"category","embeddable":true,"href":"https:\/\/www.infokuryr.cz\/n\/wp-json\/wp\/v2\/categories?post=92905"},{"taxonomy":"post_tag","embeddable":true,"href":"https:\/\/www.infokuryr.cz\/n\/wp-json\/wp\/v2\/tags?post=92905"}],"curies":[{"name":"wp","href":"https:\/\/api.w.org\/{rel}","templated":true}]}}