{"id":92903,"date":"2025-11-24T00:12:38","date_gmt":"2025-11-23T23:12:38","guid":{"rendered":"https:\/\/www.infokuryr.cz\/n\/?p=92903"},"modified":"2025-11-23T15:01:23","modified_gmt":"2025-11-23T14:01:23","slug":"bolsonaro-zatcen-brazilska-justice-se-chova-jako-socialisticka-loutka","status":"publish","type":"post","link":"https:\/\/www.infokuryr.cz\/n\/2025\/11\/24\/bolsonaro-zatcen-brazilska-justice-se-chova-jako-socialisticka-loutka\/","title":{"rendered":"Bolsonaro zat\u010den: Brazilsk\u00e1 justice se chov\u00e1 jako socialistick\u00e1 loutka"},"content":{"rendered":"<div id=\"fb-root\"><\/div>\n<p><strong><span dir=\"auto\">V socialistick\u00fdch zem\u00edch jsou politi\u010dt\u00ed oponenti \u010dasto v\u011bzn\u011bni, zejm\u00e9na pokud se stanou v\u00e1\u017enou v\u00fdzvou a p\u0159itahuj\u00ed st\u00e1le v\u011bt\u0161\u00ed po\u010det p\u0159\u00edznivc\u016f. To je tak\u00e9 p\u0159\u00edpad Braz\u00edlie, kde byl b\u00fdval\u00fd prezident Bolsonaro znovu uv\u011bzn\u011bn.<\/span><\/strong><\/p>\n<p><span dir=\"auto\">V Braz\u00edlii je ji\u017e dlouho zn\u00e1mo, \u017ee hranice mezi spravedlnost\u00ed a politikou jsou nejasn\u00e9, ale\u00a0<\/span><a href=\"https:\/\/edition.cnn.com\/2025\/11\/22\/americas\/brazil-jair-bolsonaro-arrested-intl\"><span dir=\"auto\">ned\u00e1vn\u00e9 zat\u010den\u00ed Jaira Bolsonara<\/span><\/a><span dir=\"auto\"> dod\u00e1v\u00e1 t\u00e9to pod\u00edvan\u00e9 nov\u00fd rozm\u011br. B\u00fdval\u00fd prezident byl n\u00e1hle propu\u0161t\u011bn z dom\u00e1c\u00edho v\u011bzen\u00ed, \u00fadajn\u011b proto, \u017ee p\u0159edstavoval \u201eriziko \u00fat\u011bku\u201c. Sedmdes\u00e1tilet\u00fd mu\u017e, kter\u00fd je m\u011bs\u00edce sledov\u00e1n a jeho\u017e rezidenci pravideln\u011b obl\u00e9haj\u00ed jeho p\u0159\u00edznivci a m\u00e9dia, je schopen uniknout. Jak by odtud mohl uniknout?<\/span><\/p>\n<p><span dir=\"auto\">Socialistick\u00fd mocensk\u00fd blok kolem Luly da Silvy se ji\u017e v\u00edce ne\u017e rok sna\u017e\u00ed leg\u00e1ln\u011b zbavit Bolsonara moci. 27let\u00fd trest za \u00fadajn\u00e9 pl\u00e1nov\u00e1n\u00ed pu\u010de slou\u017e\u00ed p\u0159edev\u0161\u00edm jednomu \u00fa\u010delu: trvale eliminovat jeho politick\u00e9ho oponenta. Skute\u010dnost, \u017ee d\u016fkazy z\u016fst\u00e1vaj\u00ed slab\u00e9 a cel\u00fd proces je politicky zaujat\u00fd, je v ofici\u00e1ln\u00edm diskurzu pohodln\u011b ignorov\u00e1na. Levice to naz\u00fdv\u00e1 obranou demokracie, zat\u00edmco jej\u00ed kritici to vn\u00edmaj\u00ed jako \u00famysln\u00fd pokus uml\u010det opozici.<\/span><\/p>\n<p><span dir=\"auto\">Bolsonarovi pr\u00e1vn\u00edci jsou pochopiteln\u011b zmateni. Dom\u00e1c\u00ed v\u011bzen\u00ed bylo v platnosti, \u0159\u00edzen\u00ed je\u0161t\u011b nebylo ukon\u010deno a p\u0159esto byl zadr\u017een bez vyd\u00e1n\u00ed nov\u00e9ho soudn\u00edho p\u0159\u00edkazu. Poselstv\u00ed, kter\u00e9 se za t\u00edm skr\u00fdv\u00e1, je jasn\u00e9: soudnictv\u00ed nem\u00e1 jednat transparentn\u011b; m\u00e1 zastra\u0161ovat. Je to druh politicky motivovan\u00e9ho pseudopr\u00e1vn\u00edho st\u00e1tu, kter\u00fd vznik\u00e1 pouze tam, kde politika a soudnictv\u00ed sleduj\u00ed spole\u010dn\u00fd c\u00edl.<\/span><\/p>\n<figure class=\"wp-block-embed is-type-rich is-provider-twitter wp-block-embed-twitter\">\n<div class=\"wp-block-embed__wrapper\">\n<div class=\"twitter-tweet twitter-tweet-rendered\"><iframe id=\"twitter-widget-0\" class=\"\" title=\"X P\u0159\u00edsp\u011bvek\" src=\"https:\/\/platform.twitter.com\/embed\/Tweet.html?dnt=true&amp;embedId=twitter-widget-0&amp;features=eyJ0ZndfdGltZWxpbmVfbGlzdCI6eyJidWNrZXQiOltdLCJ2ZXJzaW9uIjpudWxsfSwidGZ3X2ZvbGxvd2VyX2NvdW50X3N1bnNldCI6eyJidWNrZXQiOnRydWUsInZlcnNpb24iOm51bGx9LCJ0ZndfdHdlZXRfZWRpdF9iYWNrZW5kIjp7ImJ1Y2tldCI6Im9uIiwidmVyc2lvbiI6bnVsbH0sInRmd19yZWZzcmNfc2Vzc2lvbiI6eyJidWNrZXQiOiJvbiIsInZlcnNpb24iOm51bGx9LCJ0ZndfZm9zbnJfc29mdF9pbnRlcnZlbnRpb25zX2VuYWJsZWQiOnsiYnVja2V0Ijoib24iLCJ2ZXJzaW9uIjpudWxsfSwidGZ3X21peGVkX21lZGlhXzE1ODk3Ijp7ImJ1Y2tldCI6InRyZWF0bWVudCIsInZlcnNpb24iOm51bGx9LCJ0ZndfZXhwZXJpbWVudHNfY29va2llX2V4cGlyYXRpb24iOnsiYnVja2V0IjoxMjA5NjAwLCJ2ZXJzaW9uIjpudWxsfSwidGZ3X3Nob3dfYmlyZHdhdGNoX3Bpdm90c19lbmFibGVkIjp7ImJ1Y2tldCI6Im9uIiwidmVyc2lvbiI6bnVsbH0sInRmd19kdXBsaWNhdGVfc2NyaWJlc190b19zZXR0aW5ncyI6eyJidWNrZXQiOiJvbiIsInZlcnNpb24iOm51bGx9LCJ0ZndfdXNlX3Byb2ZpbGVfaW1hZ2Vfc2hhcGVfZW5hYmxlZCI6eyJidWNrZXQiOiJvbiIsInZlcnNpb24iOm51bGx9LCJ0ZndfdmlkZW9faGxzX2R5bmFtaWNfbWFuaWZlc3RzXzE1MDgyIjp7ImJ1Y2tldCI6InRydWVfYml0cmF0ZSIsInZlcnNpb24iOm51bGx9LCJ0ZndfbGVnYWN5X3RpbWVsaW5lX3N1bnNldCI6eyJidWNrZXQiOnRydWUsInZlcnNpb24iOm51bGx9LCJ0ZndfdHdlZXRfZWRpdF9mcm9udGVuZCI6eyJidWNrZXQiOiJvbiIsInZlcnNpb24iOm51bGx9fQ%3D%3D&amp;frame=false&amp;hideCard=false&amp;hideThread=false&amp;id=1991958503745794318&amp;lang=cs&amp;origin=https%3A%2F%2Freport24.news%2Fbolsonaro-verhaftet-die-brasilianische-justiz-agiert-als-sozialisten-marionette%2F&amp;sessionId=367a19404fcbc44b8449e3ef16bf3f7c6068451f&amp;theme=light&amp;widgetsVersion=2615f7e52b7e0%3A1702314776716&amp;width=550px\" frameborder=\"0\" scrolling=\"no\" allowfullscreen=\"allowfullscreen\" data-tweet-id=\"1991958503745794318\" data-mce-fragment=\"1\"><\/iframe><\/div>\n<\/div>\n<\/figure>\n<p><span dir=\"auto\">Mezit\u00edm se Bolsonarovi p\u0159\u00edznivci mobilizuj\u00ed. Jeho syn Fl\u00e1vio ohl\u00e1sil \u201eprobuzen\u00ed\u201c a spont\u00e1nn\u00ed mobilizace ukazuje, \u017ee jeho z\u00e1kladna nen\u00ed v \u017e\u00e1dn\u00e9m p\u0159\u00edpad\u011b zastra\u0161ena. Lula a jeho lid\u00e9 se mohou domn\u00edvat, \u017ee incident n\u00e1ladu utlum\u00ed \u2013 prav\u00fd opak je pravdou. Za\u0159izov\u00e1n\u00ed odstran\u011bn\u00ed popul\u00e1rn\u00edho b\u00fdval\u00e9ho prezidenta bez jak\u00e9hokoli opr\u00e1vn\u011bn\u00e9ho d\u016fvodu nevytv\u00e1\u0159\u00ed klid; prakticky to vyvol\u00e1v\u00e1 masov\u00e9 protesty.<\/span><\/p>\n<p><span dir=\"auto\">Vyhl\u00eddka na Bolsonarovo p\u0159elo\u017een\u00ed do v\u011bznice s maxim\u00e1ln\u00ed ostrahou Papuda vyvolala zvl\u00e1\u0161tn\u00ed spekulace. Pokud k tomu dojde, pseudodemokratick\u00e1 maska \u200b\u200bkone\u010dn\u011b sklouzne a brazilsk\u00fd justi\u010dn\u00ed syst\u00e9m, pro\u0161pikovan\u00fd socialisty, by otev\u0159en\u011b p\u0159iznal sv\u016fj posun sm\u011brem k politicky motivovan\u00e9mu st\u00edh\u00e1n\u00ed. Ofici\u00e1ln\u00ed od\u016fvodn\u011bn\u00ed zat\u010den\u00ed z\u016fst\u00e1v\u00e1 v\u00e1gn\u00ed a pravd\u011bpodobn\u011b se jedn\u00e1 o \u00famysln\u00e9 jedn\u00e1n\u00ed. Nejasn\u00fd proces je obt\u00ed\u017en\u011bj\u0161\u00ed kritizovat, proto\u017ee vl\u00e1da m\u016f\u017ee sv\u016fj postoj kdykoli upravit. Politick\u00e9 poselstv\u00ed je v\u0161ak jednozna\u010dn\u00e9: ka\u017ed\u00fd, kdo se postav\u00ed proti levicov\u00e9 vl\u00e1d\u011b, m\u016f\u017ee o\u010dek\u00e1vat plnou s\u00edlu z\u00e1kona.<\/span><\/p>\n<p><img decoding=\"async\" loading=\"lazy\" class=\"alignnone size-full wp-image-1185\" src=\"http:\/\/www.infokuryr.cz\/n\/wp-content\/uploads\/2021\/04\/kuryr-podpis.png\" alt=\"\" width=\"84\" height=\"24\" \/><\/p>\n<p>&nbsp;<\/p>\n","protected":false},"excerpt":{"rendered":"<p>V socialistick\u00fdch zem\u00edch jsou politi\u010dt\u00ed oponenti \u010dasto v\u011bzn\u011bni, zejm\u00e9na pokud se stanou v\u00e1\u017enou v\u00fdzvou a&#8230;<\/p>\n","protected":false},"author":2,"featured_media":92904,"comment_status":"closed","ping_status":"closed","sticky":false,"template":"","format":"standard","meta":[],"categories":[7],"tags":[1886,288,33,2407],"_links":{"self":[{"href":"https:\/\/www.infokuryr.cz\/n\/wp-json\/wp\/v2\/posts\/92903"}],"collection":[{"href":"https:\/\/www.infokuryr.cz\/n\/wp-json\/wp\/v2\/posts"}],"about":[{"href":"https:\/\/www.infokuryr.cz\/n\/wp-json\/wp\/v2\/types\/post"}],"author":[{"embeddable":true,"href":"https:\/\/www.infokuryr.cz\/n\/wp-json\/wp\/v2\/users\/2"}],"replies":[{"embeddable":true,"href":"https:\/\/www.infokuryr.cz\/n\/wp-json\/wp\/v2\/comments?post=92903"}],"version-history":[{"count":0,"href":"https:\/\/www.infokuryr.cz\/n\/wp-json\/wp\/v2\/posts\/92903\/revisions"}],"wp:featuredmedia":[{"embeddable":true,"href":"https:\/\/www.infokuryr.cz\/n\/wp-json\/wp\/v2\/media\/92904"}],"wp:attachment":[{"href":"https:\/\/www.infokuryr.cz\/n\/wp-json\/wp\/v2\/media?parent=92903"}],"wp:term":[{"taxonomy":"category","embeddable":true,"href":"https:\/\/www.infokuryr.cz\/n\/wp-json\/wp\/v2\/categories?post=92903"},{"taxonomy":"post_tag","embeddable":true,"href":"https:\/\/www.infokuryr.cz\/n\/wp-json\/wp\/v2\/tags?post=92903"}],"curies":[{"name":"wp","href":"https:\/\/api.w.org\/{rel}","templated":true}]}}