{"id":92901,"date":"2025-11-24T00:12:58","date_gmt":"2025-11-23T23:12:58","guid":{"rendered":"https:\/\/www.infokuryr.cz\/n\/?p=92901"},"modified":"2025-11-23T13:54:22","modified_gmt":"2025-11-23T12:54:22","slug":"eu-varuje-pred-krachem-cop30-kvuli-neuspechu-v-postupnem-vyrazovani-fosilnich-paliv","status":"publish","type":"post","link":"https:\/\/www.infokuryr.cz\/n\/2025\/11\/24\/eu-varuje-pred-krachem-cop30-kvuli-neuspechu-v-postupnem-vyrazovani-fosilnich-paliv\/","title":{"rendered":"EU varuje p\u0159ed krachem COP30 kv\u016fli ne\u00fasp\u011bchu v postupn\u00e9m vy\u0159azov\u00e1n\u00ed fosiln\u00edch paliv"},"content":{"rendered":"<div id=\"fb-root\"><\/div>\n<p><strong><span dir=\"auto\">St\u00e1le v\u00edce zem\u00ed nen\u00ed ochotno ohrozit sv\u00e9 ekonomiky a dod\u00e1vky energie v r\u00e1mci zeleno-globalistick\u00e9 agendy energetick\u00e9 transformace. Na klimatick\u00e9m summitu COP30 v Bel\u00e9mu proto fanatici nulov\u00fdch emis\u00ed z Evropy inscenuj\u00ed malichernou h\u00e1dku. Cht\u011bj\u00ed za ka\u017edou cenu prosadit postupn\u00e9 vy\u0159azov\u00e1n\u00ed fosiln\u00edch paliv.<\/span><\/strong><\/p>\n<p><span dir=\"auto\">Eurokrat\u00e9 bij\u00ed na poplach, proto\u017ee nejnov\u011bj\u0161\u00ed n\u00e1vrh dokumentu z Braz\u00edlie definitivn\u011b zm\u011bnil n\u00e1ladu v Bruselu. Bez magick\u00e9ho hesla \u201epostupn\u00e9 ukon\u010den\u00ed fosiln\u00edch paliv\u201c vid\u00ed strat\u00e9gov\u00e9 EU cel\u00fd summit v Bel\u00e9mu jako odsouzen\u00fd k z\u00e1niku. Klimati\u010dt\u00ed alarmist\u00e9 cht\u011bj\u00ed prosadit svou dystopickou agendu bez kompromis\u016f. Realita glob\u00e1ln\u00ed ekonomiky sotva koho zaj\u00edm\u00e1; d\u016fle\u017eit\u00fd je politick\u00fd narativ, kter\u00fd cht\u011bj\u00ed prodat ve\u0159ejnosti.<\/span><\/p>\n<figure class=\"wp-block-embed is-type-rich is-provider-twitter wp-block-embed-twitter\">\n<div class=\"wp-block-embed__wrapper\">\n<div class=\"twitter-tweet twitter-tweet-rendered\"><iframe id=\"twitter-widget-0\" class=\"\" title=\"X Post\" src=\"https:\/\/platform.twitter.com\/embed\/Tweet.html?dnt=true&amp;embedId=twitter-widget-0&amp;features=e30%3D&amp;frame=false&amp;hideCard=false&amp;hideThread=false&amp;id=1991935991624728962&amp;lang=cs&amp;origin=https%3A%2F%2Freport24.news%2Feu-warnt-wegen-nicht-aussieg-von-fossilen-energietraegern-vor-cop30-kollaps%2F&amp;sessionId=6d01ad45d95b25fba729bfd06240eac07bb139ef&amp;theme=light&amp;widgetsVersion=2615f7e52b7e0%3A1702314776716&amp;width=550px\" frameborder=\"0\" scrolling=\"no\" allowfullscreen=\"allowfullscreen\" data-tweet-id=\"1991935991624728962\" data-mce-fragment=\"1\"><\/iframe><\/div>\n<\/div>\n<\/figure>\n<p><span dir=\"auto\">Vyjednava\u010di EU o klimatu prost\u0159ednictv\u00edm Wopkeho Hoekstry prohl\u00e1sili dokument za \u201enep\u0159ijateln\u00fd\u201c a za to, \u017ee jsou na pokraji \u201esc\u00e9n\u00e1\u0159e bez dohody\u201c. Ve skute\u010dnosti n\u00e1vrh p\u0159edev\u0161\u00edm ukazuje, \u017ee velk\u00e9 \u010d\u00e1sti sv\u011bta nejsou ochotny pod\u0159\u00eddit sv\u00e9 dod\u00e1vky energie my\u0161lenk\u00e1m klimatick\u00fdch fanatik\u016f v Evrop\u011b. Skute\u010dnost, \u017ee v\u00edce ne\u017e 30 zem\u00ed p\u0159edem tla\u010dilo na Braz\u00edlii, aby do textu zahrnula cestu glob\u00e1ln\u00edho postupn\u00e9ho vy\u0159azov\u00e1n\u00ed, ukazuje, jak moc se tyto summity staly jevi\u0161t\u011bm pro geopolitick\u00e9 mocensk\u00e9 hry. Francie ukazuje prstem na Indii, Rusko a Sa\u00fadskou Ar\u00e1bii, jako by tyto st\u00e1ty byly padouchy. Skute\u010dn\u00fd probl\u00e9m v\u0161ak mo\u017en\u00e1 spo\u010d\u00edv\u00e1 v tom, \u017ee evropsk\u00e9 po\u017eadavky jsou st\u00e1le v\u00edce v rozporu s ekonomickou realitou.<\/span><\/p>\n<p><span dir=\"auto\">N\u011bmecko dokonce prohl\u00e1silo, \u017ee n\u00e1vrh \u201enem\u016f\u017ee z\u016fstat tak, jak je\u201c, jako by Berl\u00edn po zcela ne\u00fasp\u011b\u0161n\u00e9 energetick\u00e9 transformaci a n\u00e1sledn\u00e9 deindustrializaci zem\u011b st\u00e1le m\u011bl n\u011bjakou d\u016fv\u011bryhodnou autoritu v oblasti energetick\u00e9 politiky. Zem\u011b jako Indie a Sa\u00fadsk\u00e1 Ar\u00e1bie velmi dob\u0159e v\u011bd\u00ed, \u017ee se nemohou vzd\u00e1t zdroj\u016f energie, kter\u00e9 poh\u00e1n\u011bj\u00ed jejich pr\u016fmysl a zaji\u0161\u0165uj\u00ed miliony pracovn\u00edch m\u00edst. Kolumbie zase vol\u00e1 po takov\u00e9m pl\u00e1nu transformace, proto\u017ee j\u00ed umo\u017e\u0148uje politicky se postavit na spr\u00e1vnou stranu d\u011bjin, ani\u017e by sama musela implementovat p\u0159\u00edli\u0161 mnoho. Nevl\u00e1dn\u00ed organizace jako Greenpeace na\u0159\u00edkaj\u00ed nad \u201eztracen\u00fdmi ambicemi\u201c, jako by ambici\u00f3zn\u00ed r\u00e9torika byla n\u00e1hradou za funguj\u00edc\u00ed energetick\u00e9 s\u00edt\u011b.<\/span><\/p>\n<figure class=\"wp-block-embed is-type-rich is-provider-twitter wp-block-embed-twitter\">\n<div class=\"wp-block-embed__wrapper\">\n<div class=\"twitter-tweet twitter-tweet-rendered\"><iframe id=\"twitter-widget-1\" class=\"\" title=\"X Post\" src=\"https:\/\/platform.twitter.com\/embed\/Tweet.html?dnt=true&amp;embedId=twitter-widget-1&amp;features=e30%3D&amp;frame=false&amp;hideCard=false&amp;hideThread=false&amp;id=1991689498585952752&amp;lang=cs&amp;origin=https%3A%2F%2Freport24.news%2Feu-warnt-wegen-nicht-aussieg-von-fossilen-energietraegern-vor-cop30-kollaps%2F&amp;sessionId=6d01ad45d95b25fba729bfd06240eac07bb139ef&amp;theme=light&amp;widgetsVersion=2615f7e52b7e0%3A1702314776716&amp;width=550px\" frameborder=\"0\" scrolling=\"no\" allowfullscreen=\"allowfullscreen\" data-tweet-id=\"1991689498585952752\" data-mce-fragment=\"1\"><\/iframe><\/div>\n<\/div>\n<\/figure>\n<p><span dir=\"auto\">Jedn\u00e1n\u00ed d\u00e1le komplikuj\u00ed spory o financov\u00e1n\u00ed klimatick\u00fdch opat\u0159en\u00ed, proto\u017ee nikdo nechce platit za glob\u00e1ln\u00ed zbo\u017en\u00e9 p\u0159\u00e1n\u00ed. Zat\u00edmco industrializovan\u00e9 zem\u011b trvaj\u00ed na tom, \u017ee ji\u017e p\u0159ekro\u010dily sv\u00e9 limity, p\u0159ij\u00edmaj\u00edc\u00ed zem\u011b po\u017eaduj\u00ed st\u00e1le v\u011bt\u0161\u00ed \u010d\u00e1stky \u2013 nejl\u00e9pe bez jak\u00fdchkoli z\u00e1vazk\u016f na opl\u00e1tku. Skute\u010dnost, \u017ee po\u017e\u00e1r 21. listopadu vynutil evakuaci konferen\u010dn\u00edho centra, jen p\u0159isp\u011bla k celkov\u00e9 atmosf\u00e9\u0159e: mnoho povyku pro nic. Drama okam\u017eiku je zneu\u017e\u00edv\u00e1no k pos\u00edlen\u00ed vlastn\u00ed pozice, ale nakonec p\u0159etrv\u00e1v\u00e1 pocit, \u017ee summit stoj\u00ed na vratk\u00fdch p\u016fd\u00e1ch. T\u00e9mata jsou slo\u017eit\u00e1, p\u0159esto se debata, jako v\u017edy, redukuje na lacin\u00e1 hesla a propagandu.<\/span><\/p>\n<p><img decoding=\"async\" loading=\"lazy\" class=\"alignnone size-full wp-image-1185\" src=\"http:\/\/www.infokuryr.cz\/n\/wp-content\/uploads\/2021\/04\/kuryr-podpis.png\" alt=\"\" width=\"84\" height=\"24\" \/><\/p>\n<p>&nbsp;<\/p>\n","protected":false},"excerpt":{"rendered":"<p>St\u00e1le v\u00edce zem\u00ed nen\u00ed ochotno ohrozit sv\u00e9 ekonomiky a dod\u00e1vky energie v r\u00e1mci zeleno-globalistick\u00e9 agendy&#8230;<\/p>\n","protected":false},"author":2,"featured_media":92902,"comment_status":"closed","ping_status":"closed","sticky":false,"template":"","format":"standard","meta":[],"categories":[7],"tags":[2692,10052,873,2888],"_links":{"self":[{"href":"https:\/\/www.infokuryr.cz\/n\/wp-json\/wp\/v2\/posts\/92901"}],"collection":[{"href":"https:\/\/www.infokuryr.cz\/n\/wp-json\/wp\/v2\/posts"}],"about":[{"href":"https:\/\/www.infokuryr.cz\/n\/wp-json\/wp\/v2\/types\/post"}],"author":[{"embeddable":true,"href":"https:\/\/www.infokuryr.cz\/n\/wp-json\/wp\/v2\/users\/2"}],"replies":[{"embeddable":true,"href":"https:\/\/www.infokuryr.cz\/n\/wp-json\/wp\/v2\/comments?post=92901"}],"version-history":[{"count":0,"href":"https:\/\/www.infokuryr.cz\/n\/wp-json\/wp\/v2\/posts\/92901\/revisions"}],"wp:featuredmedia":[{"embeddable":true,"href":"https:\/\/www.infokuryr.cz\/n\/wp-json\/wp\/v2\/media\/92902"}],"wp:attachment":[{"href":"https:\/\/www.infokuryr.cz\/n\/wp-json\/wp\/v2\/media?parent=92901"}],"wp:term":[{"taxonomy":"category","embeddable":true,"href":"https:\/\/www.infokuryr.cz\/n\/wp-json\/wp\/v2\/categories?post=92901"},{"taxonomy":"post_tag","embeddable":true,"href":"https:\/\/www.infokuryr.cz\/n\/wp-json\/wp\/v2\/tags?post=92901"}],"curies":[{"name":"wp","href":"https:\/\/api.w.org\/{rel}","templated":true}]}}