{"id":92899,"date":"2025-11-24T00:11:25","date_gmt":"2025-11-23T23:11:25","guid":{"rendered":"https:\/\/www.infokuryr.cz\/n\/?p=92899"},"modified":"2025-11-23T13:50:20","modified_gmt":"2025-11-23T12:50:20","slug":"thomas-roper-co-trumpuv-mirovy-plan-pro-ukrajinu-skutecne-znamena","status":"publish","type":"post","link":"https:\/\/www.infokuryr.cz\/n\/2025\/11\/24\/thomas-roper-co-trumpuv-mirovy-plan-pro-ukrajinu-skutecne-znamena\/","title":{"rendered":"Thomas R\u00f6per: Co Trump\u016fv m\u00edrov\u00fd pl\u00e1n pro Ukrajinu skute\u010dn\u011b znamen\u00e1"},"content":{"rendered":"<div id=\"fb-root\"><\/div>\n<p><strong><span dir=\"auto\">Trump\u016fv m\u00edrov\u00fd pl\u00e1n pro Ukrajinu se od \u010dtvrtka st\u00e1v\u00e1 hlavn\u00edm t\u00e9matem novin. Zat\u00edmco evropsk\u00e1 m\u00e9dia a politici jsou zd\u011b\u0161eni, neexistuj\u00ed \u017e\u00e1dn\u00e9 zpr\u00e1vy o tom, co pl\u00e1n skute\u010dn\u011b znamen\u00e1 a pro\u010d by USA v p\u0159\u00edpad\u011b jeho realizace op\u011bt zv\u00edt\u011bzily.<\/span><\/strong><\/p>\n<p><a href=\"https:\/\/anti-spiegel.ru\/2025\/die-28-punkte-von-trumps-ukraine-plan-im-wortlaut\/\"><span dir=\"auto\">Ji\u017e jsem zve\u0159ejnil<\/span><\/a><span dir=\"auto\">\u00a028 bod\u016f Trumpova m\u00edrov\u00e9ho pl\u00e1nu\u00a0; nyn\u00ed se pod\u00edvejme, co skute\u010dn\u011b znamenaj\u00ed. Projdeme si je proto t\u00e9matem po t\u00e9matu a pot\u00e9 analyzujeme, kdo by byl v\u00edt\u011bzem a pora\u017een\u00fdm, pokud by byl pl\u00e1n skute\u010dn\u011b realizov\u00e1n.<\/span><\/p>\n<p><span dir=\"auto\">M\u00edrov\u00fd pl\u00e1n za\u010d\u00edn\u00e1 pr\u00e1zdnou fr\u00e1z\u00ed o potvrzen\u00ed suverenity Ukrajiny. S t\u00edm se mohou sm\u00ed\u0159it v\u0161echny z\u00fa\u010dastn\u011bn\u00e9 strany, proto\u017ee ka\u017ed\u00fd v\u00ed, \u017ee Ukrajina nen\u00ed suver\u00e9nn\u00ed st\u00e1t, ale zcela z\u00e1visl\u00e1 na Z\u00e1pad\u011b a neschopn\u00e1 \u010dinit \u017e\u00e1dn\u00e1 rozhodnut\u00ed, kter\u00e1 Z\u00e1pad (tj. USA a\/nebo EU) nepodporuje. Pr\u00e1zdn\u00e1 fr\u00e1ze o \u201esuver\u00e9nn\u00ed\u201c Ukrajin\u011b v\u0161ak musela b\u00fdt um\u00edst\u011bna na za\u010d\u00e1tek textu, i kdyby se jednalo o \u010dir\u00e9 PR.<\/span><\/p>\n<h3 class=\"wp-block-heading\"><span dir=\"auto\">Denacifikace<\/span><\/h3>\n<p><span dir=\"auto\">Na za\u010d\u00e1tku sv\u00e9 vojensk\u00e9 operace na Ukrajin\u011b Rusko deklarovalo n\u011bkolik c\u00edl\u016f, jedn\u00edm z nich byla denacifikace Ukrajiny, co\u017e je tvrzen\u00ed, kter\u00e9 z\u00e1padn\u00ed m\u00e9dia \u010dasto zesm\u011b\u0161\u0148uj\u00ed. Hlavn\u00edm probl\u00e9mem Ruska byl \u00fatlak etnick\u00fdch men\u0161in na Ukrajin\u011b kv\u016fli z\u00e1kon\u016fm, kter\u00e9 dokonce zakazuj\u00ed pou\u017e\u00edv\u00e1n\u00ed jejich rodn\u00fdch jazyk\u016f ve v\u011bt\u0161in\u011b oblast\u00ed ka\u017edodenn\u00edho \u017eivota.<\/span><\/p>\n<p><span dir=\"auto\">Ukrajina je jedinou zem\u00ed na sv\u011bt\u011b, kter\u00e1 zakazuje pou\u017e\u00edv\u00e1n\u00ed jazyk\u016f, v\u010detn\u011b rodn\u00fdch jazyk\u016f vlastn\u00edch men\u0161inov\u00fdch skupin. To se t\u00fdk\u00e1 p\u0159edev\u0161\u00edm etnick\u00fdch Rus\u016f na Ukrajin\u011b, proto\u017ee tvo\u0159\u00ed nejv\u011bt\u0161\u00ed men\u0161inu, ale tak\u00e9 ma\u010farsk\u00fdch, rumunsk\u00fdch a dal\u0161\u00edch men\u0161in, co\u017e je nap\u0159\u00edklad hlavn\u00edm bodem sporu mezi Budape\u0161t\u00ed a Kyjevem.<\/span><\/p>\n<p><span dir=\"auto\">Ukrajina d\u00e1le zak\u00e1zala ruskou pravoslavnou c\u00edrkev a m\u00edsto n\u00ed vytvo\u0159ila um\u011blou ukrajinskou pravoslavnou c\u00edrkev pod veden\u00edm prezidenta Poro\u0161enka.<\/span><\/p>\n<p><span dir=\"auto\">M\u00edrov\u00e1 dohoda m\u00e1 stanovit, \u017ee se \u201eob\u011b zem\u011b\u201c zav\u00e1\u017eou k \u201erealizaci vzd\u011bl\u00e1vac\u00edch program\u016f pro vz\u00e1jemnou toleranci a porozum\u011bn\u00ed\u201c a \u017ee Ukrajina \u201ezaru\u010d\u00ed jazykov\u00e1 a n\u00e1bo\u017eensk\u00e1 pr\u00e1va men\u0161in podle standard\u016f EU\u201c.<\/span><\/p>\n<p><span dir=\"auto\">P\u0159esn\u011b to Rusko po\u017eaduje u\u017e p\u0159es deset let. Pokud bude toto spln\u011bno, mus\u00ed to automaticky v\u00e9st k omezen\u00ed kultu kolem nacistick\u00e9ho kolaboranta Bandery, kter\u00fd je na Ukrajin\u011b oslavov\u00e1n jako n\u00e1rodn\u00ed hrdina a kter\u00fd s\u00e1m o sob\u011b p\u0159i\u017eivuje neonacistick\u00fd kult na Ukrajin\u011b.<\/span><\/p>\n<p><span dir=\"auto\">Mimochodem, Rusko s implementac\u00ed tohoto z\u00e1kona nem\u00e1 probl\u00e9m, proto\u017ee ukrajin\u0161tina je samoz\u0159ejm\u011b \u00fa\u0159edn\u00edm jazykem na Krymu a v nov\u00fdch ukrajinsk\u00fdch \u00fazem\u00edch Z\u00e1poro\u017e\u00ed a Cherson a ve \u0161kol\u00e1ch se vyu\u010duje na dobrovoln\u00e9 b\u00e1zi, zat\u00edmco Ukrajina zak\u00e1zala pou\u017e\u00edv\u00e1n\u00ed ru\u0161tiny i na \u0161koln\u00edch dvorech.<\/span><\/p>\n<p><span dir=\"auto\">Rusko je multietnick\u00fd st\u00e1t s p\u0159ibli\u017en\u011b 130 region\u00e1ln\u00edmi \u00fa\u0159edn\u00edmi jazyky a v oblastech s ukrajinsk\u00fdm obyvatelstvem je p\u0159irozen\u011b \u00fa\u0159edn\u00edm jazykem ukrajin\u0161tina. Jin\u00fdmi slovy, to, co dohoda po\u017eaduje, je v Rusku ji\u017e realitou.<\/span><\/p>\n<p><span dir=\"auto\">Jde tedy o jasn\u00fd po\u017eadavek nam\u00ed\u0159en\u00fd proti Ukrajin\u011b, nikoli proti Rusku. A tento po\u017eadavek po\u017eaduje p\u0159esn\u011b to, co Rusko prohl\u00e1silo za c\u00edl sv\u00e9 vojensk\u00e9 operace pod pojmem \u201edenacifikace\u201c.<\/span><\/p>\n<h3 class=\"wp-block-heading\"><span dir=\"auto\">Demilitarizace<\/span><\/h3>\n<p><span dir=\"auto\">Dal\u0161\u00edm c\u00edlem, kter\u00fd Rusko deklarovalo na za\u010d\u00e1tku sv\u00e9 vojensk\u00e9 operace na Ukrajin\u011b, byla demilitarizace Ukrajiny, p\u0159i\u010dem\u017e v t\u00e9 dob\u011b Z\u00e1pad Ukrajinu masivn\u011b p\u0159ezbrojoval.<\/span><\/p>\n<p><span dir=\"auto\">Trumpova m\u00edrov\u00e1 dohoda uv\u00e1d\u00ed, \u017ee velikost ukrajinsk\u00fdch ozbrojen\u00fdch sil by m\u011bla b\u00fdt omezena na 600 000 voj\u00e1k\u016f, co\u017e znamen\u00e1 sn\u00ed\u017een\u00ed sou\u010dasn\u00e9ho po\u010dtu voj\u00e1k\u016f o zhruba 40 procent.<\/span><\/p>\n<p><span dir=\"auto\">To rozhodn\u011b nen\u00ed to, co Rusko p\u016fvodn\u011b cht\u011blo, proto\u017ee by to znamenalo mnohem v\u00edce ozbrojen\u00fdch Ukrajinc\u016f ne\u017e p\u0159ed rokem 2022; tak\u017ee se rozhodn\u011b nejedn\u00e1 o demilitarizaci Ukrajiny, kterou Rusko p\u016fvodn\u011b po\u017eadovalo.<\/span><\/p>\n<p><span dir=\"auto\">Rusko by s t\u00edm ale m\u011blo b\u00fdt schopno \u017e\u00edt, pokud bude m\u00edrov\u00fd pl\u00e1n realizov\u00e1n jako celek, jeliko\u017e p\u0159edpokl\u00e1d\u00e1 i v\u0161eobecn\u00e9 uvoln\u011bn\u00ed mezi Ruskem a Z\u00e1padem, zejm\u00e9na s EU a NATO. Vzhledem k bankrotu Ukrajiny si tak velkou arm\u00e1du jednodu\u0161e nem\u016f\u017ee financovat. A je velmi ot\u00e1zkou, zda jsou st\u00e1ty EU ochotny ka\u017edoro\u010dn\u011b poskytovat Ukrajin\u011b des\u00edtky miliard eur na dobu neur\u010ditou na udr\u017een\u00ed t\u00e9to arm\u00e1dy.<\/span><\/p>\n<p><span dir=\"auto\">To znamen\u00e1, \u017ee tento bod je \u00fastupkem Kyjevu a Bruselu, kte\u0159\u00ed po\u017eaduj\u00ed silnou ukrajinskou arm\u00e1du, ale \u017ee tento bod existuje pouze na pap\u00ed\u0159e a pravd\u011bpodobn\u011b nebude m\u00edt \u017e\u00e1dn\u00fd praktick\u00fd v\u00fdznam.<\/span><\/p>\n<p><span dir=\"auto\">M\u00edrov\u00e1 dohoda d\u00e1le jednozna\u010dn\u011b stanov\u00ed, \u017ee Ukrajina z\u016fstane bez jadern\u00fdch zbran\u00ed.<\/span><\/p>\n<p><span dir=\"auto\">Pokud bude m\u00edrov\u00fd pl\u00e1n realizov\u00e1n v sou\u010dasn\u00e9 formulaci, Rusko pravd\u011bpodobn\u011b dos\u00e1hne i c\u00edle demilitarizace Ukrajiny, i kdy\u017e mo\u017en\u00e1 s m\u00edrn\u00fdm zpo\u017ed\u011bn\u00edm, proto\u017ee probl\u00e9m se vy\u0159e\u0161\u00ed s\u00e1m, a\u017e Evropan\u00e9 p\u0159estanou financovat ukrajinskou arm\u00e1du a Ukrajina bude muset za\u010d\u00edt spl\u00e1cet sv\u00e9 dluhy, kter\u00e9 jsou v sou\u010dasnosti z velk\u00e9 \u010d\u00e1sti odlo\u017eeny.<\/span><\/p>\n<p><span dir=\"auto\">Kyjev nebude schopen s\u00e1m financovat v\u00fdznamnou ukrajinskou arm\u00e1du a Evropan\u00e9 tak\u00e9 dos\u00e1hli hranic sv\u00fdch finan\u010dn\u00edch zdroj\u016f. Jednodu\u0161e \u0159e\u010deno, to znamen\u00e1, \u017ee i kdy\u017e Ukrajina m\u016f\u017ee m\u00edt 600 000 voj\u00e1k\u016f, mus\u00ed naj\u00edt n\u011bkoho, kdo je bude dlouhodob\u011b financovat.<\/span><\/p>\n<h3 class=\"wp-block-heading\"><span dir=\"auto\">Vstup Ukrajiny do NATO<\/span><\/h3>\n<p><span dir=\"auto\">Nejd\u016fle\u017eit\u011bj\u0161\u00edm d\u016fvodem pro zah\u00e1jen\u00ed rusk\u00e9 vojensk\u00e9 operace byla pravd\u011bpodobn\u011b bezprost\u0159edn\u00ed hrozba vstupu Ukrajiny do NATO v roce 2022. Zd\u00e1 se, \u017ee Rusko tak\u00e9 dos\u00e1hlo sv\u00e9ho c\u00edle zabr\u00e1nit \u010dlenstv\u00ed Ukrajiny v NATO, jeliko\u017e Trump\u016fv m\u00edrov\u00fd pl\u00e1n uv\u00e1d\u00ed, \u017ee NATO by se \u201enemalo d\u00e1le roz\u0161i\u0159ovat\u201c.<\/span><\/p>\n<p><span dir=\"auto\">Aby se nejednalo o pr\u00e1zdn\u00e1 slova, na kter\u00e1 lze z\u00edtra zapomenout a kter\u00e1 lze poru\u0161it, m\u00edrov\u00fd pl\u00e1n tak\u00e9 uv\u00e1d\u00ed, \u017ee Ukrajina mus\u00ed ve sv\u00e9 \u00fastav\u011b zakotvit, \u017ee nevstoup\u00ed do NATO, a \u017ee NATO by m\u011blo ve sv\u00fdch stanov\u00e1ch stanovit, \u017ee se Ukrajina nestane \u010dlenem ani v budoucnu.<\/span><\/p>\n<p><span dir=\"auto\">Kl\u00ed\u010dov\u00e9 je, aby to bylo zahrnuto do stanov NATO, proto\u017ee v budoucnu by to mohlo b\u00fdt zru\u0161eno pouze jednomysln\u00fdm rozhodnut\u00edm v\u0161ech zem\u00ed NATO.<\/span><\/p>\n<p><span dir=\"auto\">Skute\u010dnost, \u017ee se to m\u00e1 dostat do ukrajinsk\u00e9 \u00fastavy, je v\u0161ak pouhou formalitou, jeliko\u017e ukrajinsk\u00e1 \u00fastava notoricky nestoj\u00ed ani za pap\u00edr, na kter\u00e9m je naps\u00e1na. P\u016fvodn\u00ed ukrajinsk\u00e1 \u00fastava stanovila, \u017ee Ukrajina je neutr\u00e1ln\u00ed st\u00e1t, kter\u00fd se nep\u0159ipoj\u00ed k \u017e\u00e1dn\u00e9mu vojensk\u00e9mu bloku. Po protestech na Majdanu v roce 2014 bylo toto ustanoven\u00ed n\u00e1hle zm\u011bn\u011bno a Poro\u0161enko nechal v ukrajinsk\u00e9 \u00fastav\u011b zakotvit vstup do EU a NATO jako n\u00e1rodn\u00ed c\u00edl.<\/span><\/p>\n<p><span dir=\"auto\">Nebo jin\u00fd p\u0159\u00edklad: Ukrajinsk\u00e1 \u00fastava dodnes v\u00fdslovn\u011b zaru\u010duje ochranu rusk\u00e9ho jazyka, ale to nezabr\u00e1nilo rozs\u00e1hl\u00e9mu z\u00e1kazu jeho pou\u017e\u00edv\u00e1n\u00ed na Ukrajin\u011b. Na Ukrajin\u011b byla zak\u00e1z\u00e1na dokonce i rusk\u00e1 hudba, filmy a knihy, v\u010detn\u011b klasick\u00fdch d\u011bl klasick\u00e9 literatury.<\/span><\/p>\n<p><span dir=\"auto\">Pouh\u00e9 zaps\u00e1n\u00ed odm\u00edtnut\u00ed vstupu do NATO do ukrajinsk\u00e9 \u00fastavy by proto bylo zbyte\u010dn\u00e9; kl\u00ed\u010dov\u00e9 je podle Trumpova m\u00edrov\u00e9ho pl\u00e1nu, aby to bylo zaps\u00e1no i do stanov NATO.<\/span><\/p>\n<h3 class=\"wp-block-heading\"><span dir=\"auto\">Bezpe\u010dnostn\u00ed z\u00e1ruky<\/span><\/h3>\n<p><span dir=\"auto\">Jednou z ot\u00e1zek, kter\u00e1 letos nab\u00fdvala na v\u00fdznamu pro Kyjev a Evropany, byly bezpe\u010dnostn\u00ed z\u00e1ruky pro Ukrajinu po uzav\u0159en\u00ed p\u0159\u00edm\u011b\u0159\u00ed. Evropan\u00e9 by rad\u011bji p\u0159ijali Ukrajinu do NATO a zejm\u00e9na Francie a Velk\u00e1 Brit\u00e1nie cht\u011bly vyslat na Ukrajinu sv\u00e9 vlastn\u00ed jednotky v den, kdy p\u0159\u00edm\u011b\u0159\u00ed za\u010dalo platit.<\/span><\/p>\n<p><span dir=\"auto\">Rusko bylo samoz\u0159ejm\u011b striktn\u011b proti, proto\u017ee by to znamenalo vstup Ukrajiny do NATO.<\/span><\/p>\n<p><span dir=\"auto\">A i zde Rusko zv\u00edt\u011bzilo, pokud se m\u00edrov\u00e1 dohoda v jej\u00ed sou\u010dasn\u00e9 podob\u011b stane skute\u010dnost\u00ed, proto\u017ee se v n\u00ed uv\u00e1d\u00ed, \u017ee NATO souhlas\u00ed s neumis\u0165ov\u00e1n\u00edm vojsk na Ukrajin\u011b. M\u00edsto toho Trumpova dohoda zmi\u0148uje nasazen\u00ed evropsk\u00fdch st\u00edha\u010dek v Polsku, ale ne na Ukrajin\u011b.<\/span><\/p>\n<p><span dir=\"auto\">Jinak se v dohod\u011b uv\u00e1d\u00ed, \u017ee Ukrajina obdr\u017e\u00ed \u201espolehliv\u00e9 bezpe\u010dnostn\u00ed z\u00e1ruky\u201c, a\u010dkoli to nen\u00ed specifikov\u00e1no. Lze v\u0161ak \u010d\u00edst mezi \u0159\u00e1dky, proto\u017ee Trumpova dohoda tak\u00e9 uv\u00e1d\u00ed, \u017ee USA za tyto bezpe\u010dnostn\u00ed z\u00e1ruky obdr\u017e\u00ed \u201ekompenzaci\u201c. To by znamenalo, \u017ee USA ve skute\u010dnosti hodlaj\u00ed poskytnout Ukrajin\u011b konkr\u00e9tn\u00ed bezpe\u010dnostn\u00ed z\u00e1ruky, p\u0159i\u010dem\u017e Evropan\u00e9 zjevn\u011b nehraj\u00ed \u017e\u00e1dnou v\u00fdznamnou roli.<\/span><\/p>\n<p><span dir=\"auto\">Dohoda d\u00e1le stanov\u00ed, \u017ee bezpe\u010dnostn\u00ed z\u00e1ruky USA by pozbyly platnosti, pokud by Ukrajina za\u00fato\u010dila na Rusko. To by fakticky zabr\u00e1nilo budouc\u00edm provokac\u00edm ze strany Kyjeva, proto\u017ee by Kyjev riskoval, \u017ee USA takov\u00fd \u010din zneu\u017eij\u00ed jako z\u00e1minku k odvol\u00e1n\u00ed sv\u00fdch z\u00e1ruk.<\/span><\/p>\n<p><span dir=\"auto\">Dohoda na druhou stranu stanov\u00ed, \u017ee pokud Rusko za\u00fato\u010d\u00ed na Ukrajinu, budou obnoveny v\u0161echny sankce a Rusko \u201eztrat\u00ed v\u0161echna privilegia vypl\u00fdvaj\u00edc\u00ed z m\u00edrov\u00e9 dohody\u201c.<\/span><\/p>\n<p><span dir=\"auto\">Vzhledem k tomu, \u017ee Rusko nikdy nem\u011blo v \u00famyslu za\u00fato\u010dit na Ukrajinu, ale bylo k tomu donuceno ukrajinsk\u00fdmi provokacemi na Donbasu a ohro\u017een\u00fdm \u010dlenstv\u00edm Ukrajiny v NATO, m\u016f\u017ee se s touto situac\u00ed sm\u00ed\u0159it, proto\u017ee dal\u0161\u00ed provokace ze strany Kyjeva jsou nepravd\u011bpodobn\u00e9 a po dosa\u017een\u00ed v\u0161ech sv\u00fdch c\u00edl\u016f u\u017e nem\u00e1 ani teoretick\u00fd d\u016fvod k akci proti Ukrajin\u011b.<\/span><\/p>\n<p><span dir=\"auto\">Naopak, po m\u00edrov\u00e9 dohod\u011b bude Rusko ze v\u0161ech sil pracovat na normalizaci vztah\u016f s Kyjevem, proto\u017ee Rusov\u00e9 st\u00e1le vn\u00edmaj\u00ed Ukrajince jako bratrsk\u00fd n\u00e1rod.<\/span><\/p>\n<h3 class=\"wp-block-heading\"><span dir=\"auto\">Bezpe\u010dnostn\u00ed architektura<\/span><\/h3>\n<p><span dir=\"auto\">Kl\u00ed\u010dov\u00fdm po\u017eadavkem, kter\u00fd Rusko opakovan\u011b vzn\u00e1\u0161\u00ed od roku 2021, je zaveden\u00ed nov\u00e9ho bezpe\u010dnostn\u00edho \u0159\u00e1du pro Eurasii v n\u00e1vaznosti na odstoupen\u00ed USA od v\u0161ech smluv o kontrole zbrojen\u00ed z doby studen\u00e9 v\u00e1lky. Je\u0161t\u011b v prosinci 2021 Rusko p\u0159edlo\u017eilo\u00a0<\/span><a href=\"https:\/\/web.archive.org\/web\/20240505231341\/https:\/\/anti-spiegel.com\/2021\/was-russland-den-usa-und-der-nato-als-gegenseitige-sicherheitsgarantien-vorschlaegt\/\"><span dir=\"auto\">NATO a USA n\u00e1vrhy na vz\u00e1jemn\u00e9 bezpe\u010dnostn\u00ed z\u00e1ruky<\/span><\/a><span dir=\"auto\">\u00a0. Z\u00e1pad v\u0161ak za\u010d\u00e1tkem \u00fanora 2022 odm\u00edtl o t\u011bchto n\u00e1vrz\u00edch v\u016fbec vyjedn\u00e1vat, \u010d\u00edm\u017e vytvo\u0159il prostor pro eskalaci.<\/span><\/p>\n<p><span dir=\"auto\">Trump\u016fv m\u00edrov\u00fd pl\u00e1n se obs\u00e1hle zab\u00fdv\u00e1 pr\u00e1v\u011b touto ot\u00e1zkou, kter\u00e1 je pro Rusko tak d\u016fle\u017eit\u00e1. Nap\u0159\u00edklad uv\u00e1d\u00ed, \u017ee \u201emezi Ruskem, Ukrajinou a Evropou bude uzav\u0159ena komplexn\u00ed dohoda o ne\u00fato\u010den\u00ed\u201c a \u017ee \u201ev\u0161echny konflikty uplynul\u00fdch 30 let budou pova\u017eov\u00e1ny za vy\u0159e\u0161en\u00e9\u201c. P\u0159esn\u011b to Rusko dlouhodob\u011b po\u017eaduje.<\/span><\/p>\n<p><span dir=\"auto\">Text d\u00e1le uv\u00e1d\u00ed, \u017ee \u201eRusko by se m\u011blo zav\u00e1zat k ne\u00fato\u010den\u00ed na NATO\u201c, co\u017e Rusko, kter\u00e9 stejn\u011b nem\u00e1 z\u00e1jem na \u00fatoku na NATO, m\u016f\u017ee snadno realizovat. Tot\u00e9\u017e plat\u00ed pro bod, kter\u00fd uv\u00e1d\u00ed, \u017ee Rusko by m\u011blo z\u00e1konem zakotvit svou politiku ne\u00fato\u010den\u00ed v\u016f\u010di Evrop\u011b a Ukrajin\u011b.<\/span><\/p>\n<p><span dir=\"auto\">Je zaj\u00edmav\u00e9, \u017ee Trumpova dohoda tak\u00e9 uv\u00e1d\u00ed, \u017ee \u201eby m\u011bl prob\u011bhnout obnoven\u00fd dialog mezi Ruskem a NATO o bezpe\u010dnostn\u00edch ot\u00e1zk\u00e1ch a mo\u017en\u00e9 spolupr\u00e1ci, zprost\u0159edkovan\u00fd USA.\u201c To zn\u00ed velmi podobn\u011b, jako by se USA ji\u017e nepova\u017eovaly za sou\u010d\u00e1st NATO, proto\u017ee jak mohou b\u00fdt USA z\u00e1rove\u0148 \u010dlenem NATO a prost\u0159edn\u00edkem mezi NATO a Ruskem?<\/span><\/p>\n<p><span dir=\"auto\">Skute\u010dnost, \u017ee s Kyjevem a Evropany se ohledn\u011b ukrajinsk\u00e9ho konfliktu nejedn\u00e1, je patrn\u00e1 i z toho, \u017ee Trumpova dohoda stanov\u00ed, \u017ee americko-rusk\u00e1 pracovn\u00ed skupina pro bezpe\u010dnostn\u00ed ot\u00e1zky by m\u011bla zajistit dodr\u017eov\u00e1n\u00ed v\u0161ech ustanoven\u00ed t\u00e9to dohody. Evropan\u00e9 nejsou ani zm\u00edn\u011bni \u2013 a Ukrajinci u\u017e v\u016fbec ne.<\/span><\/p>\n<p><span dir=\"auto\">Dal\u0161\u00edm \u00fasp\u011bchem Ruska je, \u017ee dohoda rovn\u011b\u017e stanov\u00ed, \u017ee USA a Rusko obnov\u00ed jedn\u00e1n\u00ed o omezen\u00ed a sni\u017eov\u00e1n\u00ed strategick\u00fdch jadern\u00fdch zbran\u00ed. Rusko ji\u017e dlouho po\u017eaduje pr\u00e1v\u011b toto \u2013 nov\u00e9 smlouvy o kontrole jadern\u00fdch zbran\u00ed \u2013 zat\u00edmco USA se t\u00e9to ot\u00e1zce d\u0159\u00edve br\u00e1nily.<\/span><\/p>\n<h3 class=\"wp-block-heading\"><span dir=\"auto\">\u00dazemn\u00ed ot\u00e1zka<\/span><\/h3>\n<p><span dir=\"auto\">Rusko tak\u00e9 z velk\u00e9 \u010d\u00e1sti zv\u00edt\u011bzilo v \u00fazemn\u00ed ot\u00e1zce. Text Trumpovy dohody uv\u00e1d\u00ed, \u017ee \u201eKrym, stejn\u011b jako Don\u011bck\u00e1 a Luhansk\u00e1 oblast na v\u00fdchod\u011b Ukrajiny, budou de facto uzn\u00e1ny za rusk\u00e9 \u00fazem\u00ed\u201c a \u017ee \u201eUkrajina se st\u00e1hne z \u010d\u00e1st\u00ed Don\u011bcku, kter\u00e9 st\u00e1le kontroluje\u201c. M\u00e1 tam b\u00fdt z\u0159\u00edzena \u201edemilitarizovan\u00e1 n\u00e1razn\u00edkov\u00e1 z\u00f3na\u201c a tato \u00fazem\u00ed \u201emaj\u00ed b\u00fdt uzn\u00e1na za rusk\u00e9 \u00fazem\u00ed\u201c.<\/span><\/p>\n<p><span dir=\"auto\">Ohledn\u011b dvou region\u016f Chersonu a Z\u00e1poro\u017e\u00ed, kter\u00e9 \u010d\u00e1ste\u010dn\u011b ovl\u00e1d\u00e1 Rusko, se uv\u00e1d\u00ed, \u017ee maj\u00ed b\u00fdt \u201erozd\u011bleny podle sou\u010dasn\u00e9 frontov\u00e9 linie\u201c.<\/span><\/p>\n<p><span dir=\"auto\">Skute\u010dnost, \u017ee v\u0161echna tato \u00fazem\u00ed maj\u00ed b\u00fdt uzn\u00e1na za rusk\u00e1, bude pro Evropany pravd\u011bpodobn\u011b obzvl\u00e1\u0161t\u011b obt\u00ed\u017en\u00e9 akceptovat.<\/span><\/p>\n<p><span dir=\"auto\">Skute\u010dnost, \u017ee dohoda rovn\u011b\u017e uv\u00e1d\u00ed, \u017ee \u00fazemn\u00ed ot\u00e1zky lze \u0159e\u0161it pouze m\u00edrovou cestou a \u017ee jinak \u201ev\u0161echny bezpe\u010dnostn\u00ed z\u00e1ruky jsou neplatn\u00e9\u201c, je jasn\u00fdm sign\u00e1lem pro Kyjev, aby se po m\u00edrov\u00e9 dohod\u011b zdr\u017eel v\u0161ech revizionistick\u00fdch my\u0161lenek, jinak by ztratil bezpe\u010dnostn\u00ed z\u00e1ruky USA.<\/span><\/p>\n<p><span dir=\"auto\">Skute\u010dnost, \u017ee dokument rovn\u011b\u017e uv\u00e1d\u00ed, \u017ee se Rusko vzd\u00e1v\u00e1 dal\u0161\u00edch \u00fazemn\u00edch n\u00e1rok\u016f, by pro Rusko nem\u011bla p\u0159edstavovat probl\u00e9m. I kdy\u017e to znamen\u00e1, \u017ee se Rusko mus\u00ed vzd\u00e1t sv\u00fdch c\u00edl\u016f, kter\u00e9 si stanovilo v referendech, a to \u00fapln\u00e9ho sjednocen\u00ed Chersonsk\u00e9 a Z\u00e1poro\u017esk\u00e9 oblasti s Ruskem, vzhledem k jeho dal\u0161\u00edm \u00fasp\u011bch\u016fm by to pro Rusko m\u011blo b\u00fdt jen men\u0161\u00edm zklam\u00e1n\u00edm.<\/span><\/p>\n<h3 class=\"wp-block-heading\"><span dir=\"auto\">Sankce a rusk\u00e1 aktiva<\/span><\/h3>\n<p><span dir=\"auto\">Trumpova m\u00edrov\u00e1 dohoda rovn\u011b\u017e p\u0159edpokl\u00e1d\u00e1 postupn\u00e9 zru\u0161en\u00ed sankc\u00ed a normalizaci politick\u00fdch a ekonomick\u00fdch vztah\u016f s Ruskem. Rusko by m\u011blo b\u00fdt \u201eznovu za\u010dlen\u011bno do glob\u00e1ln\u00ed ekonomiky a pozv\u00e1no\u201c k \u201eznovuvstupu do G7 (tehdy G8). Pokud k tomu dojde, jsem zv\u011bdav\u00fd na obrazy von der Leyen, Merze a v\u0161ech ostatn\u00edch, jak sed\u00ed kolegi\u00e1ln\u011b u stolu s Putinem\u201c.<\/span><\/p>\n<p><span dir=\"auto\">Obzvl\u00e1\u0161t\u011b pozoruhodn\u00e9 je, \u017ee Trump\u016fv pl\u00e1n po\u010d\u00edt\u00e1 s t\u00edm, aby 100 miliard dolar\u016f ze zabaven\u00e9ho rusk\u00e9ho st\u00e1tn\u00edho majetku bylo \u201einvestov\u00e1no do rekonstruk\u010dn\u00edch a investi\u010dn\u00edch snah na Ukrajin\u011b pod veden\u00edm USA\u201c. Z\u0159ejm\u011b se o\u010dek\u00e1v\u00e1, \u017ee Rusko zaplat\u00ed 100 miliard dolar\u016f v\u00fdm\u011bnou za mnoho c\u00edl\u016f, kter\u00fdch dos\u00e1hlo.<\/span><\/p>\n<p><span dir=\"auto\">Pen\u00edze jsou ur\u010deny na zalo\u017een\u00ed mezin\u00e1rodn\u00edho fondu pro rekonstrukci zni\u010den\u00fdch m\u011bst a region\u016f a pro rozvoj ukrajinsk\u00e9 infrastruktury, p\u0159i\u010dem\u017e USA by obdr\u017eely polovinu jeho \u201epotenci\u00e1ln\u00edch zisk\u016f\u201c.<\/span><\/p>\n<p><span dir=\"auto\">O\u010dek\u00e1v\u00e1 se, \u017ee zbytek p\u0159isp\u011bje EU, jeliko\u017e dohoda rovn\u011b\u017e uv\u00e1d\u00ed, \u017ee by EU m\u011bla p\u0159isp\u011bt dal\u0161\u00edmi 100 miliardami americk\u00fdch dolar\u016f na obnovu Ukrajiny.<\/span><\/p>\n<p><span dir=\"auto\">Pro EU je v\u0161ak je\u0161t\u011b v\u00fdbu\u0161n\u011bj\u0161\u00ed to, \u017ee Trump\u016fv pl\u00e1n vy\u017eaduje, aby EU uvolnila zb\u00fdvaj\u00edc\u00ed zabaven\u00fd rusk\u00fd majetek.<\/span><\/p>\n<p><span dir=\"auto\">Rusko se pravd\u011bpodobn\u011b se ztr\u00e1tou 100 miliard dob\u0159e vyrovn\u00e1, proto\u017ee d\u0159\u00edve existovala jen mal\u00e1 nad\u011bje, \u017ee by Rusko n\u011bkdy znovu vid\u011blo n\u011bjak\u00e9 pen\u00edze zmrazen\u00e9 na Z\u00e1pad\u011b. A pokud by Rusko m\u011blo slovo ve fondu rekonstrukce, nen\u00ed vylou\u010deno, \u017ee \u010d\u00e1st ze 100 miliard z rusk\u00fdch aktiv nakonec p\u016fjde do projekt\u016f, kter\u00e9 prosp\u011bj\u00ed i Rusku.<\/span><\/p>\n<p><span dir=\"auto\">Zda s t\u00edm EU dok\u00e1\u017ee \u017e\u00edt, je jin\u00e1 v\u011bc. Jedinou ot\u00e1zkou je, zda m\u00e1 EU v\u016fbec realistick\u00e9 mo\u017enosti, jak se postavit Trumpovu pl\u00e1nu, pokud bude po\u017eadovat jeho proveden\u00ed jako ultim\u00e1tum.<\/span><\/p>\n<h3 class=\"wp-block-heading\"><span dir=\"auto\">A v\u00edt\u011bzem je\u2026 Trump!<\/span><\/h3>\n<p><span dir=\"auto\">Spojen\u00e9 st\u00e1ty by vedly rekonstrukci Ukrajiny a pro americk\u00e9 korporace by to znamenalo zak\u00e1zky v hodnot\u011b stovek miliard dolar\u016f. USA by se tak op\u011bt staly ekonomick\u00fdmi v\u00edt\u011bzi dal\u0161\u00ed v\u00e1lky.<\/span><\/p>\n<p><span dir=\"auto\">Dal\u0161\u00edm bodem Trumpovy dohody, kter\u00fd bude pro Evropany pravd\u011bpodobn\u011b t\u011b\u017ek\u00e9 p\u0159ijmout, je, \u017ee USA maj\u00ed \u201epomoci s rozvojem ukrajinsk\u00e9ho plyn\u00e1rensk\u00e9ho pr\u016fmyslu\u201c, proto\u017ee krom\u011b frakov\u00e1n\u00ed v nep\u0159\u00edli\u0161 v\u00fdznamn\u00e9m m\u011b\u0159\u00edtku se ukrajinsk\u00fd plyn\u00e1rensk\u00fd pr\u016fmysl skl\u00e1d\u00e1 hlavn\u011b z tranzitn\u00edch plynovod\u016f, kter\u00e9 pumpuj\u00ed rusk\u00fd plyn p\u0159es Ukrajinu do Evropy ji\u017e t\u00e9m\u011b\u0159 50 let.<\/span><\/p>\n<p><span dir=\"auto\">Trump chce m\u00edt nad t\u00edm kontrolu, proto\u017ee pak m\u016f\u017ee kontrolovat cenu plynu v Evrop\u011b prost\u0159ednictv\u00edm tranzitn\u00edch poplatk\u016f. Skute\u010dnost, \u017ee USA \u2013 a\u0165 u\u017e za Obamy, Bidena nebo Trumpa \u2013 cht\u011bj\u00ed kontrolovat evropsk\u00fd trh s plynem, nen\u00ed nic nov\u00e9ho. Po demolici Nord Streamu, uzav\u0159en\u00ed plynovodu Jamal-Evropa Polskem a p\u0159evzet\u00ed ukrajinsk\u00e9ho tranzitn\u00edho plynovodu USA v podstat\u011b dos\u00e1hly sv\u00e9ho c\u00edle.<\/span><\/p>\n<p><span dir=\"auto\">Probl\u00e9mem z\u016fst\u00e1v\u00e1 pouze TurkStream, proto\u017ee USA tento plynovod nekontroluj\u00ed. Ale i co nekontroluj\u00ed, se m\u016f\u017ee st\u00e1t \u2013 a krom\u011b toho by TurkStream mohli vyhodit do pov\u011bt\u0159\u00ed n\u011bjac\u00ed ukrajin\u0161t\u00ed pot\u00e1p\u011b\u010di (nebo horolezci, nebo cokoli jin\u00e9ho).<\/span><\/p>\n<h3 class=\"wp-block-heading\"><span dir=\"auto\">M\u00edrov\u00fd pl\u00e1n<\/span><\/h3>\n<p><span dir=\"auto\">Nad\u011bji nab\u00edzej\u00ed i ustanoven\u00ed, kter\u00e1 maj\u00ed v\u00e9st k trval\u00e9mu m\u00edru. Podle Trumpovy dohody maj\u00ed b\u00fdt v\u011bzni a mrtv\u00ed vym\u011b\u0148ov\u00e1ni na z\u00e1klad\u011b \u201ev\u0161ichni za v\u0161echny\u201c, civilist\u00e9 maj\u00ed b\u00fdt propu\u0161t\u011bni a rodiny shled\u00e1ny.<\/span><\/p>\n<p><span dir=\"auto\">Obzvl\u00e1\u0161t\u011b d\u016fle\u017eit\u00fd je bod po\u017eaduj\u00edc\u00ed, aby v\u0161echny strany zapojen\u00e9 do konfliktu obdr\u017eely plnou amnestii, proto\u017ee proces usm\u00ed\u0159en\u00ed m\u016f\u017ee b\u00fdt \u00fasp\u011b\u0161n\u00fd pouze tehdy, pokud nebudou star\u00e9 r\u00e1ny ponech\u00e1ny na pokoji. Ob\u011btem v\u00e1le\u010dn\u00fdch zlo\u010din\u016f se m\u016f\u017ee zd\u00e1t jako do o\u010d\u00ed bij\u00edc\u00ed nespravedlnost, \u017ee v\u00e1le\u010dn\u00ed zlo\u010dinci z\u016fst\u00e1vaj\u00ed nepotrest\u00e1ni, ale s ohledem do budoucna je to jedin\u00fd sch\u016fdn\u00fd zp\u016fsob, jak se vyhnout vytv\u00e1\u0159en\u00ed nov\u00e9 z\u00e1\u0161ti.<\/span><\/p>\n<p><span dir=\"auto\">Trump\u016fv pl\u00e1n d\u00e1le stanov\u00ed, \u017ee volby se na Ukrajin\u011b mus\u00ed konat 100 dn\u00ed po podpisu dohody. To je pro Rusko obzvl\u00e1\u0161t\u011b d\u016fle\u017eit\u00e9, proto\u017ee nov\u011b zvolen\u00e1 ukrajinsk\u00e1 vl\u00e1da mus\u00ed pl\u00e1n tak\u00e9 schv\u00e1lit, aby se vylou\u010dily jak\u00e9koli pochybnosti o jeho legitimit\u011b.<\/span><\/p>\n<p><span dir=\"auto\">Kone\u010dn\u011b m\u00e1 dodr\u017eov\u00e1n\u00ed dohody monitorovat \u201eM\u00edrov\u00e1 rada\u201c pod veden\u00edm americk\u00e9ho prezidenta Trumpa a v p\u0159\u00edpad\u011b poru\u0161en\u00ed maj\u00ed b\u00fdt uvaleny sankce. Trump se hodl\u00e1, stejn\u011b jako v p\u0159\u00edpad\u011b dohody s Gazou, jmenovat kone\u010dn\u00fdm soudcem pro jej\u00ed v\u00fdklad.<\/span><\/p>\n<h3 class=\"wp-block-heading\"><span dir=\"auto\">Sm\u00ed\u0161en\u00fd<\/span><\/h3>\n<p><span dir=\"auto\">Dohoda d\u00e1le stanov\u00ed, \u017ee Z\u00e1poro\u017esk\u00e1 jadern\u00e1 elektr\u00e1rna bude pod dohledem Mezin\u00e1rodn\u00ed agentury pro atomovou energii (MAAE) a \u017ee elekt\u0159ina vyroben\u00e1 v n\u00ed bude rozd\u011blena rovn\u00fdm d\u00edlem mezi Ukrajinu a Rusko, co\u017e je pro Rusko jist\u011b p\u0159ijateln\u00e9.<\/span><\/p>\n<p><span dir=\"auto\">D\u00e1le m\u00e1 b\u00fdt obnovena p\u0159eprava obil\u00ed p\u0159es \u010cern\u00e9 mo\u0159e, co\u017e je v z\u00e1jmu Ruska i Ukrajiny.<\/span><\/p>\n<p><span dir=\"auto\">A kone\u010dn\u011b, Ukrajin\u011b by m\u011bl b\u00fdt umo\u017en\u011bn vstup do EU, s \u010d\u00edm Rusko nikdy nem\u011blo probl\u00e9m. To bylo tak\u00e9 stanoveno v Istanbulsk\u00e9 m\u00edrov\u00e9 dohod\u011b z b\u0159ezna 2022, kter\u00e1 pak nevstoupila v platnost pot\u00e9, co Zelenskyj n\u00e1hle ozn\u00e1mil, \u017ee rozhodnut\u00ed by m\u011blo b\u00fdt u\u010din\u011bno na boji\u0161ti.<\/span><\/p>\n<h3 class=\"wp-block-heading\"><span dir=\"auto\">Nejv\u011bt\u0161\u00edmi pora\u017een\u00fdmi jsou Evropan\u00e9<\/span><\/h3>\n<p><span dir=\"auto\">Toto rozhodnut\u00ed na boji\u0161ti nyn\u00ed padlo, ale Zelenskyj a Evropan\u00e9, kte\u0159\u00ed ho podporuj\u00ed, si ho pravd\u011bpodobn\u011b p\u0159edstavovali jinak.<\/span><\/p>\n<p><span dir=\"auto\">Kdy\u017e u\u017e mluv\u00edme o Evropanech: oni jsou ti nejv\u011bt\u0161\u00ed pora\u017een\u00ed, pokud bude dohoda implementov\u00e1na v jej\u00ed sou\u010dasn\u00e9 formulaci. Ot\u00e1zkou tedy nyn\u00ed je, jak Evropan\u00e9 zareaguj\u00ed. Pokud v\u0161ak Trump z\u016fstane neoblomn\u00fd, budou \u010delit volb\u011b mezi men\u0161\u00edm zlem: bu\u010f dohodu dodr\u017e\u00ed, nebo se postav\u00ed Rusku sami bez USA. Ot\u00e1zkou pro evropsk\u00e9 politiky tedy bude, kdy uznaj\u00ed katastrof\u00e1ln\u00ed d\u016fsledky sv\u00e9 politiky \u2013 nyn\u00ed, nebo za rok \u010di dva, kdy budou d\u016fsledky je\u0161t\u011b hor\u0161\u00ed, ne\u017e jak\u00e9 jsou v sou\u010dasn\u00e9 dob\u011b stanoveny v Trumpov\u011b dohod\u011b.<\/span><\/p>\n<p><span dir=\"auto\">A zda by Evropan\u00e9 st\u00e1le m\u011bli z\u00e1jem na vstupu Ukrajiny do EU, je jist\u011b ot\u00e1zkou. Zem\u011b je tak chud\u00e1 a tak zkrachoval\u00e1, \u017ee by se t\u00e9m\u011b\u0159 v\u0161echny sou\u010dasn\u00e9 p\u0159ij\u00edmaj\u00edc\u00ed zem\u011b EU staly d\u00e1rcovsk\u00fdmi zem\u011bmi pro financov\u00e1n\u00ed Ukrajiny. A Pol\u00e1ci, Balti, Rumuni a tak d\u00e1le vstoupili do EU, aby dost\u00e1vali finan\u010dn\u00ed prost\u0159edky z Bruselu, ne aby pos\u00edlali sv\u00e9 pen\u00edze Ukrajin\u011b.<\/span><\/p>\n<p><a href=\"https:\/\/anti-spiegel.ru\/2025\/was-trumps-friedensplan-fuer-die-ukraine-tatsaechlich-bedeutet\/\">Thomas R\u00f6per<\/a><\/p>\n<p>&nbsp;<\/p>\n","protected":false},"excerpt":{"rendered":"<p>Trump\u016fv m\u00edrov\u00fd pl\u00e1n pro Ukrajinu se od \u010dtvrtka st\u00e1v\u00e1 hlavn\u00edm t\u00e9matem novin. Zat\u00edmco evropsk\u00e1 m\u00e9dia&#8230;<\/p>\n","protected":false},"author":2,"featured_media":92900,"comment_status":"closed","ping_status":"closed","sticky":false,"template":"","format":"standard","meta":[],"categories":[7],"tags":[1042,4030,452],"_links":{"self":[{"href":"https:\/\/www.infokuryr.cz\/n\/wp-json\/wp\/v2\/posts\/92899"}],"collection":[{"href":"https:\/\/www.infokuryr.cz\/n\/wp-json\/wp\/v2\/posts"}],"about":[{"href":"https:\/\/www.infokuryr.cz\/n\/wp-json\/wp\/v2\/types\/post"}],"author":[{"embeddable":true,"href":"https:\/\/www.infokuryr.cz\/n\/wp-json\/wp\/v2\/users\/2"}],"replies":[{"embeddable":true,"href":"https:\/\/www.infokuryr.cz\/n\/wp-json\/wp\/v2\/comments?post=92899"}],"version-history":[{"count":0,"href":"https:\/\/www.infokuryr.cz\/n\/wp-json\/wp\/v2\/posts\/92899\/revisions"}],"wp:featuredmedia":[{"embeddable":true,"href":"https:\/\/www.infokuryr.cz\/n\/wp-json\/wp\/v2\/media\/92900"}],"wp:attachment":[{"href":"https:\/\/www.infokuryr.cz\/n\/wp-json\/wp\/v2\/media?parent=92899"}],"wp:term":[{"taxonomy":"category","embeddable":true,"href":"https:\/\/www.infokuryr.cz\/n\/wp-json\/wp\/v2\/categories?post=92899"},{"taxonomy":"post_tag","embeddable":true,"href":"https:\/\/www.infokuryr.cz\/n\/wp-json\/wp\/v2\/tags?post=92899"}],"curies":[{"name":"wp","href":"https:\/\/api.w.org\/{rel}","templated":true}]}}