{"id":92895,"date":"2025-11-23T05:57:58","date_gmt":"2025-11-23T04:57:58","guid":{"rendered":"https:\/\/www.infokuryr.cz\/n\/?p=92895"},"modified":"2025-11-23T06:05:52","modified_gmt":"2025-11-23T05:05:52","slug":"britsky-premier-se-pred-summitem-g20-malem-zhroutil","status":"publish","type":"post","link":"https:\/\/www.infokuryr.cz\/n\/2025\/11\/23\/britsky-premier-se-pred-summitem-g20-malem-zhroutil\/","title":{"rendered":"Britsk\u00fd premi\u00e9r se p\u0159ed summitem G20 m\u00e1lem zhroutil"},"content":{"rendered":"<div id=\"fb-root\"><\/div>\n<h3>Keir Starmer z\u0159ejm\u011b zakopl, kdy\u017e se v Johannesburgu v Ji\u017en\u00ed Africe bl\u00ed\u017eil ke skupin\u011b obchodn\u00edch z\u00e1stupc\u016f<\/h3>\n<p><span dir=\"auto\">Britsk\u00fd premi\u00e9r Keir Starmer m\u011bl pon\u011bkud nep\u0159\u00edzniv\u00fd za\u010d\u00e1tek summitu G20 v Ji\u017en\u00ed Africe, kdy\u017e se m\u00e1lem z\u0159\u00edtil obli\u010dejem na podlahu.<\/span><\/p>\n<p><span dir=\"auto\">Setk\u00e1n\u00ed l\u00eddr\u016f zastupuj\u00edc\u00edch nejv\u011bt\u0161\u00ed sv\u011btov\u00e9 ekonomiky se kon\u00e1 v Johannesburgu ve dnech 22. a 23. listopadu. Jihoafrick\u00e1 republika se ujala rotuj\u00edc\u00edho p\u0159edsednictv\u00ed skupiny v prosinci 2024 a stala se tak prvn\u00edm africk\u00fdm n\u00e1rodem, kter\u00fd f\u00f3rum vede.<\/span><\/p>\n<p><span dir=\"auto\">Sotva Starmer vkro\u010dil na jihoafrickou p\u016fdu, m\u00e1lem se obli\u010dejem propadl do zem\u011b, kdy\u017e kr\u00e1\u010del ke skupin\u011b obchodn\u00edch l\u00eddr\u016f p\u0159ed hlavn\u00edm shrom\u00e1\u017ed\u011bn\u00edm. Z\u00e1b\u011bry ze sch\u016fzky ukazuj\u00ed, jak premi\u00e9r zjevn\u011b klop\u00fdtl o vlastn\u00ed nohy, kdy\u017e se natahuje k pod\u00e1n\u00ed ruky, ani\u017e by na dohled byla jak\u00e1koli p\u0159ek\u00e1\u017eka.<\/span><\/p>\n<h4>VIDEO:<\/h4>\n<div class=\"rtcode\">\n<div class=\"twitter-tweet twitter-tweet-rendered\"><iframe id=\"twitter-widget-0\" class=\"\" title=\"X P\u0159\u00edsp\u011bvek\" src=\"https:\/\/platform.twitter.com\/embed\/Tweet.html?creatorScreenName=RT_com&amp;dnt=false&amp;embedId=twitter-widget-0&amp;features=eyJ0ZndfdGltZWxpbmVfbGlzdCI6eyJidWNrZXQiOltdLCJ2ZXJzaW9uIjpudWxsfSwidGZ3X2ZvbGxvd2VyX2NvdW50X3N1bnNldCI6eyJidWNrZXQiOnRydWUsInZlcnNpb24iOm51bGx9LCJ0ZndfdHdlZXRfZWRpdF9iYWNrZW5kIjp7ImJ1Y2tldCI6Im9uIiwidmVyc2lvbiI6bnVsbH0sInRmd19yZWZzcmNfc2Vzc2lvbiI6eyJidWNrZXQiOiJvbiIsInZlcnNpb24iOm51bGx9LCJ0ZndfZm9zbnJfc29mdF9pbnRlcnZlbnRpb25zX2VuYWJsZWQiOnsiYnVja2V0Ijoib24iLCJ2ZXJzaW9uIjpudWxsfSwidGZ3X21peGVkX21lZGlhXzE1ODk3Ijp7ImJ1Y2tldCI6InRyZWF0bWVudCIsInZlcnNpb24iOm51bGx9LCJ0ZndfZXhwZXJpbWVudHNfY29va2llX2V4cGlyYXRpb24iOnsiYnVja2V0IjoxMjA5NjAwLCJ2ZXJzaW9uIjpudWxsfSwidGZ3X3Nob3dfYmlyZHdhdGNoX3Bpdm90c19lbmFibGVkIjp7ImJ1Y2tldCI6Im9uIiwidmVyc2lvbiI6bnVsbH0sInRmd19kdXBsaWNhdGVfc2NyaWJlc190b19zZXR0aW5ncyI6eyJidWNrZXQiOiJvbiIsInZlcnNpb24iOm51bGx9LCJ0ZndfdXNlX3Byb2ZpbGVfaW1hZ2Vfc2hhcGVfZW5hYmxlZCI6eyJidWNrZXQiOiJvbiIsInZlcnNpb24iOm51bGx9LCJ0ZndfdmlkZW9faGxzX2R5bmFtaWNfbWFuaWZlc3RzXzE1MDgyIjp7ImJ1Y2tldCI6InRydWVfYml0cmF0ZSIsInZlcnNpb24iOm51bGx9LCJ0ZndfbGVnYWN5X3RpbWVsaW5lX3N1bnNldCI6eyJidWNrZXQiOnRydWUsInZlcnNpb24iOm51bGx9LCJ0ZndfdHdlZXRfZWRpdF9mcm9udGVuZCI6eyJidWNrZXQiOiJvbiIsInZlcnNpb24iOm51bGx9fQ%3D%3D&amp;frame=false&amp;hideCard=false&amp;hideThread=false&amp;id=1992269460485619750&amp;lang=cs&amp;maxWidth=560px&amp;origin=https%3A%2F%2Fwww.rt.com%2Fnews%2F628218-british-pm-nearly-faceplants-ahead-g20%2F&amp;sessionId=baf8fbfbf8868dd562a5e23a55c96ca4bbec264e&amp;siteScreenName=RT_com&amp;theme=light&amp;widgetsVersion=2615f7e52b7e0%3A1702314776716&amp;width=550px\" frameborder=\"0\" scrolling=\"no\" allowfullscreen=\"allowfullscreen\" data-tweet-id=\"1992269460485619750\" data-mce-fragment=\"1\"><\/iframe><\/div>\n<\/div>\n<p><span dir=\"auto\">Rozp\u0159\u00e1hl ruce a sotva na posledn\u00ed chv\u00edli nabyl rovnov\u00e1hy.<\/span><\/p>\n<p><span dir=\"auto\">Starmer za\u017eil podobnou nep\u0159\u00edjemnou chv\u00edli za\u010d\u00e1tkem tohoto m\u011bs\u00edce po p\u0159\u00edjezdu do Braz\u00edlie na konferenci OSN o zm\u011bn\u011b klimatu (COP 30).<\/span><\/p>\n<p><span dir=\"auto\">Kdy\u017e britsk\u00fd premi\u00e9r vystupoval z letadla, zakopl o kovov\u00e9 schodi\u0161t\u011b a m\u00e1lem se z\u0159\u00edtil na p\u0159ist\u00e1vac\u00ed plochu. Starmerovi se v\u0161ak i tentokr\u00e1t poda\u0159ilo znovu z\u00edskat rovnov\u00e1hu.<\/span><\/p>\n<p><img decoding=\"async\" loading=\"lazy\" class=\"alignnone size-full wp-image-1185\" src=\"http:\/\/www.infokuryr.cz\/n\/wp-content\/uploads\/2021\/04\/kuryr-podpis.png\" alt=\"\" width=\"84\" height=\"24\" \/><\/p>\n<p>&nbsp;<\/p>\n","protected":false},"excerpt":{"rendered":"<p>Keir Starmer z\u0159ejm\u011b zakopl, kdy\u017e se v Johannesburgu v Ji\u017en\u00ed Africe bl\u00ed\u017eil ke skupin\u011b obchodn\u00edch&#8230;<\/p>\n","protected":false},"author":2,"featured_media":92896,"comment_status":"closed","ping_status":"closed","sticky":false,"template":"","format":"standard","meta":[],"categories":[7],"tags":[61,3616,621],"_links":{"self":[{"href":"https:\/\/www.infokuryr.cz\/n\/wp-json\/wp\/v2\/posts\/92895"}],"collection":[{"href":"https:\/\/www.infokuryr.cz\/n\/wp-json\/wp\/v2\/posts"}],"about":[{"href":"https:\/\/www.infokuryr.cz\/n\/wp-json\/wp\/v2\/types\/post"}],"author":[{"embeddable":true,"href":"https:\/\/www.infokuryr.cz\/n\/wp-json\/wp\/v2\/users\/2"}],"replies":[{"embeddable":true,"href":"https:\/\/www.infokuryr.cz\/n\/wp-json\/wp\/v2\/comments?post=92895"}],"version-history":[{"count":0,"href":"https:\/\/www.infokuryr.cz\/n\/wp-json\/wp\/v2\/posts\/92895\/revisions"}],"wp:featuredmedia":[{"embeddable":true,"href":"https:\/\/www.infokuryr.cz\/n\/wp-json\/wp\/v2\/media\/92896"}],"wp:attachment":[{"href":"https:\/\/www.infokuryr.cz\/n\/wp-json\/wp\/v2\/media?parent=92895"}],"wp:term":[{"taxonomy":"category","embeddable":true,"href":"https:\/\/www.infokuryr.cz\/n\/wp-json\/wp\/v2\/categories?post=92895"},{"taxonomy":"post_tag","embeddable":true,"href":"https:\/\/www.infokuryr.cz\/n\/wp-json\/wp\/v2\/tags?post=92895"}],"curies":[{"name":"wp","href":"https:\/\/api.w.org\/{rel}","templated":true}]}}