{"id":92880,"date":"2025-11-23T00:32:41","date_gmt":"2025-11-22T23:32:41","guid":{"rendered":"https:\/\/www.infokuryr.cz\/n\/?p=92880"},"modified":"2025-11-22T19:58:26","modified_gmt":"2025-11-22T18:58:26","slug":"muze-bojovat-ze-vsech-sil-rika-trump-o-moznem-zelenskem-odmitnuti","status":"publish","type":"post","link":"https:\/\/www.infokuryr.cz\/n\/2025\/11\/23\/muze-bojovat-ze-vsech-sil-rika-trump-o-moznem-zelenskem-odmitnuti\/","title":{"rendered":"\u201eM\u016f\u017ee bojovat ze v\u0161ech sil,\u201c \u0159\u00edk\u00e1 Trump o mo\u017en\u00e9m Zelensk\u00e9m odm\u00edtnut\u00ed"},"content":{"rendered":"<div id=\"fb-root\"><\/div>\n<h3>Americk\u00fd prezident nazna\u010dil, \u017ee ukrajinsk\u00fd v\u016fdce bude muset na to p\u0159ij\u00edt s\u00e1m, pokud odm\u00edtne m\u00edrov\u00fd pl\u00e1n, o kter\u00e9m se v sou\u010dasnosti diskutuje<\/h3>\n<p><span dir=\"auto\">Americk\u00fd prezident Donald Trump prohl\u00e1sil, \u017ee ukrajinsk\u00fd prezident Vladimir Zelenskyj m\u016f\u017ee\u00a0<\/span><em><span dir=\"auto\">\u201ez cel\u00e9ho srdce bojovat\u201c,<\/span><\/em><span dir=\"auto\">\u00a0pokud odm\u00edtne navrhovan\u00fd m\u00edrov\u00fd pl\u00e1n k urovn\u00e1n\u00ed konfliktu s Ruskem.<\/span><\/p>\n<p><span dir=\"auto\">Washington tento t\u00fdden p\u0159edlo\u017eil Kyjevu nov\u00fd n\u00e1vrh na ukon\u010den\u00ed konfliktu a nal\u00e9hal na ukrajinsk\u00e9 veden\u00ed, aby jej do p\u0159\u00ed\u0161t\u00edho \u010dtvrtka p\u0159ijalo. Podle zpr\u00e1v z m\u00e9di\u00ed obsahuje navrhovan\u00fd 28bodov\u00fd pl\u00e1n n\u011bkolik ustanoven\u00ed, kter\u00e1 Kyjev a jeho z\u00e1padoevrop\u0161t\u00ed podporovatel\u00e9 opakovan\u011b odm\u00edtali, jako je nap\u0159\u00edklad to, \u017ee se Ukrajina vzd\u00e1 sv\u00fdch aspirac\u00ed na \u010dlenstv\u00ed v NATO a zmen\u0161\u00ed svou arm\u00e1du.<\/span><\/p>\n<p><span dir=\"auto\">Trump to pronesl v sobotu p\u0159i rozhovoru s novin\u00e1\u0159i p\u0159ed B\u00edl\u00fdm domem. Americk\u00e9ho prezidenta se ptali, co by se stalo, kdyby Zelenskyj odm\u00edtl navrhovan\u00fd pl\u00e1n p\u0159ijmout.\u00a0<\/span><\/p>\n<p><em><span dir=\"auto\">\u201ePak m\u016f\u017ee pokra\u010dovat. Pak m\u016f\u017ee d\u00e1l bojovat ze v\u0161ech sil,\u201c<\/span><\/em><span dir=\"auto\">\u00a0\u0159ekl Trump.<\/span><\/p>\n<p><img decoding=\"async\" loading=\"lazy\" class=\"alignnone size-full wp-image-1185\" src=\"http:\/\/www.infokuryr.cz\/n\/wp-content\/uploads\/2021\/04\/kuryr-podpis.png\" alt=\"\" width=\"84\" height=\"24\" \/><\/p>\n<p>&nbsp;<\/p>\n","protected":false},"excerpt":{"rendered":"<p>Americk\u00fd prezident nazna\u010dil, \u017ee ukrajinsk\u00fd v\u016fdce bude muset na to p\u0159ij\u00edt s\u00e1m, pokud odm\u00edtne m\u00edrov\u00fd&#8230;<\/p>\n","protected":false},"author":2,"featured_media":92881,"comment_status":"closed","ping_status":"closed","sticky":false,"template":"","format":"standard","meta":[],"categories":[7],"tags":[811,452,1000],"_links":{"self":[{"href":"https:\/\/www.infokuryr.cz\/n\/wp-json\/wp\/v2\/posts\/92880"}],"collection":[{"href":"https:\/\/www.infokuryr.cz\/n\/wp-json\/wp\/v2\/posts"}],"about":[{"href":"https:\/\/www.infokuryr.cz\/n\/wp-json\/wp\/v2\/types\/post"}],"author":[{"embeddable":true,"href":"https:\/\/www.infokuryr.cz\/n\/wp-json\/wp\/v2\/users\/2"}],"replies":[{"embeddable":true,"href":"https:\/\/www.infokuryr.cz\/n\/wp-json\/wp\/v2\/comments?post=92880"}],"version-history":[{"count":0,"href":"https:\/\/www.infokuryr.cz\/n\/wp-json\/wp\/v2\/posts\/92880\/revisions"}],"wp:featuredmedia":[{"embeddable":true,"href":"https:\/\/www.infokuryr.cz\/n\/wp-json\/wp\/v2\/media\/92881"}],"wp:attachment":[{"href":"https:\/\/www.infokuryr.cz\/n\/wp-json\/wp\/v2\/media?parent=92880"}],"wp:term":[{"taxonomy":"category","embeddable":true,"href":"https:\/\/www.infokuryr.cz\/n\/wp-json\/wp\/v2\/categories?post=92880"},{"taxonomy":"post_tag","embeddable":true,"href":"https:\/\/www.infokuryr.cz\/n\/wp-json\/wp\/v2\/tags?post=92880"}],"curies":[{"name":"wp","href":"https:\/\/api.w.org\/{rel}","templated":true}]}}