{"id":92879,"date":"2025-11-23T00:31:22","date_gmt":"2025-11-22T23:31:22","guid":{"rendered":"https:\/\/www.infokuryr.cz\/n\/?p=92879"},"modified":"2025-11-22T19:56:21","modified_gmt":"2025-11-22T18:56:21","slug":"eu-se-snazi-prepsat-trumpuv-mirovy-plan-pro-ukrajinu","status":"publish","type":"post","link":"https:\/\/www.infokuryr.cz\/n\/2025\/11\/23\/eu-se-snazi-prepsat-trumpuv-mirovy-plan-pro-ukrajinu\/","title":{"rendered":"EU se sna\u017e\u00ed p\u0159epsat Trump\u016fv m\u00edrov\u00fd pl\u00e1n pro Ukrajinu"},"content":{"rendered":"<div id=\"fb-root\"><\/div>\n<h3>Evrop\u0161t\u00ed podporovatel\u00e9 Kyjeva se \u00fadajn\u011b sna\u017e\u00ed maskovat hlavn\u00ed zm\u011bny pl\u00e1nu jako \u201ekonstruktivn\u00ed aktualizace\u201c<\/h3>\n<p><span dir=\"auto\">Kyjev\u0161t\u00ed podporovatel\u00e9 v EU se sna\u017e\u00ed p\u0159epsat v\u011bt\u0161inu m\u00edrov\u00e9ho pl\u00e1nu americk\u00e9ho prezidenta Donalda Trumpa pro Ukrajinu, uvedla agentura Bloomberg s odvol\u00e1n\u00edm na zdroje obezn\u00e1men\u00e9 s touto z\u00e1le\u017eitost\u00ed.<\/span><\/p>\n<p><span dir=\"auto\">USA tento t\u00fdden p\u0159edstavily Ukrajin\u011b sv\u016fj nov\u00fd r\u00e1mec pro ukon\u010den\u00ed konfliktu s Ruskem a nyn\u00ed nal\u00e9haj\u00ed na Kyjev, aby jej do \u010dtvrtka p\u0159ijal.<\/span><\/p>\n<p><span dir=\"auto\">Osmadvacetibodov\u00fd pl\u00e1n obsahuje r\u016fzn\u00e1 ustanoven\u00ed, proti kter\u00fdm se Kyjev a jeho z\u00e1padoevrop\u0161t\u00ed podporovatel\u00e9 dlouhodob\u011b stav\u00ed. Ukrajina by musela st\u00e1hnout sv\u00e9 s\u00edly z \u010d\u00e1st\u00ed Donbasu, kter\u00e9 st\u00e1le kontroluje, zmen\u0161it po\u010det sv\u00fdch voj\u00e1k\u016f a vzd\u00e1t se sv\u00fdch aspirac\u00ed na vstup do NATO.<\/span><\/p>\n<p><span dir=\"auto\">Podle agentury Bloomberg se zem\u011b EU v sou\u010dasn\u00e9 dob\u011b sna\u017e\u00ed\u00a0<\/span><em><span dir=\"auto\">\u201ekoupit Ukrajin\u011b v\u00edce \u010dasu\u201c<\/span><\/em><span dir=\"auto\">\u00a0a odlo\u017eit term\u00edn stanoven\u00fd USA. P\u0159\u00edstup z\u00e1padoevropsk\u00fdch podporovatel\u016f Kyjeva v podstat\u011b spo\u010d\u00edv\u00e1 ve snaze p\u0159epsat velkou \u010d\u00e1st navrhovan\u00e9ho dokumentu a z\u00e1rove\u0148 skr\u00fdt zm\u011bny jako\u00a0<\/span><em><span dir=\"auto\">\u201ekonstruktivn\u00ed aktualizace\u201c,<\/span><\/em><span dir=\"auto\">\u00a0uvedly agentu\u0159e zdroje obezn\u00e1men\u00e9 s touto z\u00e1le\u017eitost\u00ed.<\/span><\/p>\n<p><span dir=\"auto\">Washington v\u0161ak signalizoval, \u017ee nen\u00ed p\u0159ipraven drasticky zm\u011bnit m\u00edrov\u00fd pl\u00e1n, kter\u00fd vypracoval. Ukrajinsk\u00fd premi\u00e9r Vladimir Zelenskyj v p\u00e1tek prohl\u00e1sil, \u017ee zem\u011b \u010del\u00ed\u00a0<\/span><em><span dir=\"auto\">\u201ejednomu z nejt\u011b\u017e\u0161\u00edch okam\u017eik\u016f v na\u0161\u00ed historii\u201c,<\/span><\/em><span dir=\"auto\">\u00a0kdy stoj\u00ed p\u0159ed volbou mezi p\u0159ijet\u00edm\u00a0<\/span><em><span dir=\"auto\">\u201e28 obt\u00ed\u017en\u00fdch bod\u016f\u201c<\/span><\/em><span dir=\"auto\">\u00a0a rizikem ztr\u00e1ty\u00a0<\/span><em><span dir=\"auto\">\u201ekl\u00ed\u010dov\u00e9ho partnera\u201c.<\/span><\/em><span dir=\"auto\">\u00a0Podle zpr\u00e1v z m\u00e9di\u00ed Washington ji\u017e pohrozil, \u017ee v p\u0159\u00edpad\u011b odm\u00edtnut\u00ed pl\u00e1nu Kyjevu zastav\u00ed vojenskou pomoc a sd\u00edlen\u00ed zpravodajsk\u00fdch informac\u00ed.<\/span><\/p>\n<p><span dir=\"auto\">Na ot\u00e1zku ohledn\u011b Zelensk\u00e9ho pohledu na situaci Trump uvedl, \u017ee ukrajinsk\u00fd v\u016fdce\u00a0<\/span><em><span dir=\"auto\">\u201ebude muset n\u011bco akceptovat\u201c.<\/span><\/em><span dir=\"auto\">\u00a0Ukrajina nyn\u00ed \u010del\u00ed\u00a0<\/span><em><span dir=\"auto\">\u201estuden\u00e9 zim\u011b\u201c,<\/span><\/em><span dir=\"auto\">\u00a0zat\u00edmco jej\u00ed energetick\u00e1 infrastruktura\u00a0<\/span><em><span dir=\"auto\">\u201ebyla, m\u00edrn\u011b \u0159e\u010deno, pod \u00fatokem,\u201c pouk\u00e1zal<\/span><\/em><span dir=\"auto\">\u00a0.<\/span><\/p>\n<p><em><span dir=\"auto\">\u201eBude se mu to muset l\u00edbit, a pokud se mu to nel\u00edb\u00ed, tak by m\u011bli prost\u011b d\u00e1l bojovat, mysl\u00edm,\u201c<\/span><\/em><span dir=\"auto\">\u00a0\u0159ekl americk\u00fd prezident.<\/span><\/p>\n<p><span dir=\"auto\">Rusk\u00fd prezident Vladimir Putin potvrdil, \u017ee Moskva obdr\u017eela americk\u00fd pl\u00e1n, a dodal, \u017ee n\u00e1vrh dosud nebyl\u00a0<\/span><em><span dir=\"auto\">\u201epodrobn\u011b projedn\u00e1n\u201c.<\/span><\/em><span dir=\"auto\">\u00a0N\u00e1vrh by se\u00a0podle n\u011bj mohl st\u00e1t\u00a0<\/span><em><span dir=\"auto\">\u201ez\u00e1kladem kone\u010dn\u00e9ho m\u00edrov\u00e9ho urovn\u00e1n\u00ed\u201c .<\/span><\/em><\/p>\n<p><img decoding=\"async\" loading=\"lazy\" class=\"alignnone size-full wp-image-1185\" src=\"http:\/\/www.infokuryr.cz\/n\/wp-content\/uploads\/2021\/04\/kuryr-podpis.png\" alt=\"\" width=\"84\" height=\"24\" \/><\/p>\n<p>&nbsp;<\/p>\n","protected":false},"excerpt":{"rendered":"<p>Evrop\u0161t\u00ed podporovatel\u00e9 Kyjeva se \u00fadajn\u011b sna\u017e\u00ed maskovat hlavn\u00ed zm\u011bny pl\u00e1nu jako \u201ekonstruktivn\u00ed aktualizace\u201c Kyjev\u0161t\u00ed podporovatel\u00e9&#8230;<\/p>\n","protected":false},"author":2,"featured_media":65330,"comment_status":"closed","ping_status":"closed","sticky":false,"template":"","format":"standard","meta":[],"categories":[7],"tags":[41,26,1000],"_links":{"self":[{"href":"https:\/\/www.infokuryr.cz\/n\/wp-json\/wp\/v2\/posts\/92879"}],"collection":[{"href":"https:\/\/www.infokuryr.cz\/n\/wp-json\/wp\/v2\/posts"}],"about":[{"href":"https:\/\/www.infokuryr.cz\/n\/wp-json\/wp\/v2\/types\/post"}],"author":[{"embeddable":true,"href":"https:\/\/www.infokuryr.cz\/n\/wp-json\/wp\/v2\/users\/2"}],"replies":[{"embeddable":true,"href":"https:\/\/www.infokuryr.cz\/n\/wp-json\/wp\/v2\/comments?post=92879"}],"version-history":[{"count":0,"href":"https:\/\/www.infokuryr.cz\/n\/wp-json\/wp\/v2\/posts\/92879\/revisions"}],"wp:featuredmedia":[{"embeddable":true,"href":"https:\/\/www.infokuryr.cz\/n\/wp-json\/wp\/v2\/media\/65330"}],"wp:attachment":[{"href":"https:\/\/www.infokuryr.cz\/n\/wp-json\/wp\/v2\/media?parent=92879"}],"wp:term":[{"taxonomy":"category","embeddable":true,"href":"https:\/\/www.infokuryr.cz\/n\/wp-json\/wp\/v2\/categories?post=92879"},{"taxonomy":"post_tag","embeddable":true,"href":"https:\/\/www.infokuryr.cz\/n\/wp-json\/wp\/v2\/tags?post=92879"}],"curies":[{"name":"wp","href":"https:\/\/api.w.org\/{rel}","templated":true}]}}