{"id":92868,"date":"2025-11-23T00:22:00","date_gmt":"2025-11-22T23:22:00","guid":{"rendered":"https:\/\/www.infokuryr.cz\/n\/?p=92868"},"modified":"2025-11-22T10:30:45","modified_gmt":"2025-11-22T09:30:45","slug":"jindrich-kulhavy-zasadni-rezonance","status":"publish","type":"post","link":"https:\/\/www.infokuryr.cz\/n\/2025\/11\/23\/jindrich-kulhavy-zasadni-rezonance\/","title":{"rendered":"Jind\u0159ich Kulhav\u00fd: Z\u00e1sadn\u00ed rezonance"},"content":{"rendered":"<div id=\"fb-root\"><\/div>\n<p><span class=\"anotation\">Moment\u00e1ln\u00ed situace v\u00a0Evrop\u011b je velmi bou\u0159liv\u00e1. Evropsk\u00e1 komise p\u0159itvrzuje ve v\u0161em, co reprezentuje Leyenov\u00e1. Z\u00e1rove\u0148 se zved\u00e1 nevole v\u016f\u010di n\u00ed a prosincov\u00e9 akce na p\u016fd\u011b Evropsk\u00e9ho parlamentu v\u010detn\u011b setk\u00e1n\u00ed Evropsk\u00e9 rady mohou b\u00fdt lakmusov\u00fdm pap\u00edrkem ur\u010duj\u00edc\u00edm rozlo\u017een\u00ed sil. Proti zv\u016fli p\u0159edsedkyn\u011b Evropsk\u00e9 komise se u\u017e bou\u0159\u00ed jak Ma\u010farsko, tak i Slovensko. Polsko je rozpolcen\u00e9 d\u00edky z\u00e1sadn\u00edm rozpor\u016fm mezi prezidentem Nawrockim a rekt\u00e1ln\u00edm eurohujerem Tuskem, p\u0159i\u010dem\u017e hlava st\u00e1tu se v\u00a0n\u00e1zorech na fungov\u00e1n\u00ed Polska diametr\u00e1ln\u011b rozch\u00e1z\u00ed s\u00a0p\u0159\u00e1n\u00edm Leyenov\u00e9.<\/span><\/p>\n<div id=\"pagetext\">\n<p>V \u010cesk\u00e9 republice se d\u011bj\u00ed v\u011bci, o nich\u017e se p\u0159ou jak pr\u00e1vn\u00edci, tak i politologov\u00e9. Novin\u00e1\u0159i nikoliv, ti maj\u00ed d\u00edky liber\u00e1ln\u00edmu nasm\u011brov\u00e1n\u00ed ve v\u0161em jasno a stoj\u00ed za sabot\u00e9ry v\u00fdsledk\u016f voleb Pavlem a Kol\u00e1\u0159em. Je a\u017e \u00fasm\u011bvn\u00e9, kdy\u017e je\u0161t\u011b ned\u00e1vno nezn\u00e1m\u00e1 a dosud nedosp\u011bl\u00e1 Pir\u00e1tka Demetreshvili h\u0159\u00edm\u00e1 v televizi, \u017ee Babi\u0161 mus\u00ed prodat Agrofert, jinak se nestane premi\u00e9rem. Neznalost z\u00e1kon\u016f a nulov\u00fd respekt zn\u011bj\u00edc\u00ed ze strany postpubert\u00e1ln\u00ed d\u00edv\u010diny odpov\u00edd\u00e1 \u00farovni cel\u00e9 pir\u00e1tsk\u00e9 obce. Politologov\u00e9 u\u017e jsou v\u011bt\u0161inou na stran\u011b v\u00edt\u011bze voleb a pokud se k probl\u00e9mu nevyjad\u0159uje destruktor a b\u00fdval\u00e1 p\u0159edseda \u00dastavn\u00edho soudu Rychetsk\u00fd, maj\u00ed znalci \u00fastavn\u00edho pr\u00e1va v\u00edcem\u00e9n\u011b jasno a Pavla za p\u0159\u00edstup kritizuj\u00ed.<\/p>\n<p>V\u0161e zav\u00e1n\u00ed t\u00edm, \u017ee hlavn\u00edm d\u016fvodem k vytv\u00e1\u0159en\u00ed krize je snaha vyslat Fialu na posledn\u00ed velkou akci, tedy na zased\u00e1n\u00ed Evropsk\u00e9 rady, na kter\u00e9 m\u016f\u017ee pomoct zarazit dal\u0161\u00ed h\u0159eb\u00edk do kontinent\u00e1ln\u00ed rakve. M\u00e1 se tam toti\u017e rozhodovat o dal\u0161\u00edch kroc\u00edch Green Dealu, o nav\u00fd\u0161en\u00ed zbrojen\u00ed a p\u0159ibl\u00ed\u017een\u00ed se v\u00e1lce s Ruskou federac\u00ed. Brn\u011bnsk\u00fd profesor s nulovou sebereflex\u00ed tak m\u016f\u017ee pokra\u010dovat ve zp\u016fsobov\u00e1n\u00ed \u0161kod \u010cesk\u00e9 republice. Co\u017e po zji\u0161t\u011bn\u00ed stavu Z\u00e1kona o n\u00e1rodn\u00edm rozpo\u010dtu a zve\u0159ejn\u011bn\u00fdch zjevn\u00fdch podvodech p\u0159i jeho tvorb\u011b zav\u00e1n\u011bj\u00edc\u00edch dal\u0161\u00edm krimin\u00e1ln\u00edm \u010dinem v podob\u011b podvodu zn\u00ed naprosto stra\u0161ideln\u011b. Cel\u00e1 vl\u00e1da by m\u011bla sm\u011b\u0159ovat m\u00edsto do zahrani\u010d\u00ed rovnou do vazebn\u00ed v\u011bznice. A Petr Pavel tomu v\u0161emu napom\u00e1h\u00e1 jako spolupachatel. Mimochodem autor tohoto \u010dl\u00e1nku v\u00edce jak s t\u00fddenn\u00edm p\u0159edstihem p\u0159ed Schillerovou odhadoval nesoulad v rozpo\u010dtu na \u00farovni 100 miliard a nem\u00fdlil se.<\/p>\n<p>Velk\u00e9 mno\u017estv\u00ed na\u0161ich pen\u011bz sm\u011b\u0159ovalo na Ukrajinu a Leyenov\u00e1 po\u017eaduje, aby se tento tok nezastavil ani ve chv\u00edli, kdy je Od\u011bsa v plamenech a bojov\u00e1 linie se posunuje sm\u011brem na Z\u00e1pad. Obrovsk\u00e1 defraudace a korupce mezi ukrajinsk\u00fdmi p\u0159ed\u00e1ky zp\u016fsobila \u0161ok mezi norm\u00e1ln\u011b uva\u017euj\u00edc\u00edmi lidmi, proto\u017ee jej\u00ed m\u00edra dos\u00e1hla takov\u00fdch v\u00fd\u0161in, \u017ee p\u0159ehl\u00e9dnout ji nemohou snad nikde. Jen\u017ee zat\u00edmco Ameri\u010dan\u00e9 v\u0161e za\u010dali \u0159e\u0161it, Evropa chce nad\u00e1le dotovat p\u0159\u00edjemn\u00fd \u017eivot kyjevsk\u00fdch elit. N\u011bkte\u0159\u00ed vrcholn\u00ed p\u0159edstavitel\u00e9 z Ukrajiny potaj\u00ed miz\u00ed, p\u0159ed t\u00edm v\u0161ak stihnuli doplnit sv\u00e1 konta v zahrani\u010d\u00ed. Jin\u00ed z\u016fst\u00e1vaj\u00ed, proto\u017ee jim mo\u017en\u00e1 doch\u00e1z\u00ed, \u017ee schovat se kdekoliv na sv\u011bt\u011b nebude jednoduch\u00e9. Nav\u00edc zlat\u00fd z\u00e1chod si do kufru nenalo\u017e\u00edte.<\/p>\n<p>Samotn\u00fd dikt\u00e1tor Zelenskyj vystoupil p\u0159ed n\u00e1rod s projevem, jeho\u017e text byl v\u00edcesmysln\u00fd a m\u016f\u017ee b\u00fdt krokem jak ke kapitulaci, tak i k boji do posledn\u00edho Ukrajince. Oh\u00e1n\u011bl se v n\u011bm srdceryvn\u011b n\u00e1rodem, kter\u00fd v\u0161ak \u017eene i za cenu obrovsk\u00fdch ztr\u00e1t do boje s mnohem agiln\u011bj\u0161\u00edm soupe\u0159em. Ka\u017ed\u00fdm dnem z\u00edsk\u00e1v\u00e1 Rusko zp\u011bt kilometry \u010dtvere\u010dn\u00ed \u00fazem\u00ed, kter\u00e9 pozd\u011bji p\u0159id\u00e1 k Rusk\u00e9 federaci. P\u0159ijde li Ukrajina i o Od\u011bsu, nebude m\u00edt \u017e\u00e1dn\u00fd velk\u00fd p\u0159\u00edstav. V\u00fdznam tohoto m\u011bsta je pro Ukrajinu z\u00e1sadn\u00ed a kdyby Zelenskyj nepot\u0159eboval tolik \u010dasu na t\u011b\u017ebu pen\u011bz z vojensk\u00e9 pomoci pro sv\u016fj vlastn\u00ed \u00fa\u010det a v\u010das by zastavil v\u00e1lku, mohla si Ukrajina tento dopravn\u00ed uzel pot\u0159ebn\u00fd k exportu zbytku produkce jak zem\u011bd\u011blstv\u00ed, tak i pr\u016fmyslu, pravd\u011bpodobn\u011b nechat. Bez Od\u011bsy z\u016fstane \u010d\u00e1ste\u010dn\u011b od\u0159\u00edznuta od exportu po mo\u0159i. Takto to vypad\u00e1 mnohem h\u016f\u0159e a Rusov\u00e9 dost mo\u017en\u00e1 po mo\u017en\u00fdch pov\u00e1le\u010dn\u00fdch jedn\u00e1n\u00edch u\u017e Od\u011bsu neopust\u00ed.<\/p>\n<p>V Evrop\u011b mezit\u00edm vl\u00e1dnou \u0161\u00edlenci. P\u0159esto\u017ee u\u017e i odborn\u00edci z \u0159ad NATO varuj\u00ed p\u0159ed jak\u00fdmkoliv pokusem zah\u00e1jit v\u00e1lku s Ruskem a upozor\u0148uj\u00ed na naprostou nep\u0159ipravenost eurounijn\u00edch st\u00e1t\u016f, zelen\u00ed fanatici si svou p\u0159edstavu necht\u011bj\u00ed d\u00e1t vz\u00edt. Dokud se Leyenov\u00e1 bude m\u00edt mo\u017enost realizovat, politici typu Fiala nebudou eliminov\u00e1ni a Evropan\u00e9 nevysly\u0161\u00ed varov\u00e1n\u00ed od Orb\u00e1na, Nawrock\u00e9ho, Fica, nebo N\u011bmci nedaj\u00ed v\u00edce hlas\u016f AfD, ve Francii bude v Elysejsk\u00e9m pal\u00e1ci Macron a Britov\u00e9 budou nad\u00e1le m\u00edsto \u0159e\u0161en\u00ed probl\u00e9m\u016f s islamizac\u00ed sv\u00e9 zem\u011b vyb\u00edzet k dal\u0161\u00ed izolaci Ruska, nebude na na\u0161em kontinentu klid. Z kdysi tak p\u0159\u00edjemn\u00e9ho \u017eivota v Evrop\u011b se st\u00e1v\u00e1 tanec na \u0161pi\u010dce n\u00e1boje. Mohou za to bl\u00e1zni v jej\u00edm veden\u00ed a my, proto\u017ee je s klackem v ruce nejsme schopni vyhnat. Sm\u011bj\u00ed se n\u00e1m z Hradu, ze Strakovky, Folt\u00fdn jezd\u00ed do Kyjeva a Zdechovsk\u00fd z Bruselu moralizuje. A my? Nic\u2026. V\u011bt\u0161ina n\u00e1roda st\u00e1le pochrupuje, t\u00e1pe, nebo demonstruje pro Pavla a jeho chov\u00e1n\u00ed. Je to v\u011bt\u0161\u00ed pr\u016f\u0161vih, ne\u017e si p\u0159ipou\u0161t\u00edte.<\/p>\n<p><a href=\"https:\/\/www.inadhled.live\/uvaha-dne\/zasadni-rezonance\/\">Jind\u0159ich Kulhav\u00fd<\/a><\/p>\n<p><img decoding=\"async\" loading=\"lazy\" class=\"alignnone size-full wp-image-48136\" src=\"http:\/\/www.infokuryr.cz\/n\/wp-content\/uploads\/2024\/02\/kulhavy-jindrich.jpg\" alt=\"\" width=\"219\" height=\"221\" srcset=\"https:\/\/www.infokuryr.cz\/n\/wp-content\/uploads\/2024\/02\/kulhavy-jindrich.jpg 219w, https:\/\/www.infokuryr.cz\/n\/wp-content\/uploads\/2024\/02\/kulhavy-jindrich-150x150.jpg 150w\" sizes=\"(max-width: 219px) 100vw, 219px\" \/><\/p>\n<p>&nbsp;<\/p>\n<\/div>\n","protected":false},"excerpt":{"rendered":"<p>Moment\u00e1ln\u00ed situace v\u00a0Evrop\u011b je velmi bou\u0159liv\u00e1. Evropsk\u00e1 komise p\u0159itvrzuje ve v\u0161em, co reprezentuje Leyenov\u00e1. Z\u00e1rove\u0148&#8230;<\/p>\n","protected":false},"author":2,"featured_media":88466,"comment_status":"closed","ping_status":"closed","sticky":false,"template":"","format":"standard","meta":[],"categories":[6],"tags":[506,41,1503,122],"_links":{"self":[{"href":"https:\/\/www.infokuryr.cz\/n\/wp-json\/wp\/v2\/posts\/92868"}],"collection":[{"href":"https:\/\/www.infokuryr.cz\/n\/wp-json\/wp\/v2\/posts"}],"about":[{"href":"https:\/\/www.infokuryr.cz\/n\/wp-json\/wp\/v2\/types\/post"}],"author":[{"embeddable":true,"href":"https:\/\/www.infokuryr.cz\/n\/wp-json\/wp\/v2\/users\/2"}],"replies":[{"embeddable":true,"href":"https:\/\/www.infokuryr.cz\/n\/wp-json\/wp\/v2\/comments?post=92868"}],"version-history":[{"count":0,"href":"https:\/\/www.infokuryr.cz\/n\/wp-json\/wp\/v2\/posts\/92868\/revisions"}],"wp:featuredmedia":[{"embeddable":true,"href":"https:\/\/www.infokuryr.cz\/n\/wp-json\/wp\/v2\/media\/88466"}],"wp:attachment":[{"href":"https:\/\/www.infokuryr.cz\/n\/wp-json\/wp\/v2\/media?parent=92868"}],"wp:term":[{"taxonomy":"category","embeddable":true,"href":"https:\/\/www.infokuryr.cz\/n\/wp-json\/wp\/v2\/categories?post=92868"},{"taxonomy":"post_tag","embeddable":true,"href":"https:\/\/www.infokuryr.cz\/n\/wp-json\/wp\/v2\/tags?post=92868"}],"curies":[{"name":"wp","href":"https:\/\/api.w.org\/{rel}","templated":true}]}}