{"id":92865,"date":"2025-11-23T00:19:18","date_gmt":"2025-11-22T23:19:18","guid":{"rendered":"https:\/\/www.infokuryr.cz\/n\/?p=92865"},"modified":"2025-11-22T10:27:06","modified_gmt":"2025-11-22T09:27:06","slug":"david-martinek-americky-mirovy-plan","status":"publish","type":"post","link":"https:\/\/www.infokuryr.cz\/n\/2025\/11\/23\/david-martinek-americky-mirovy-plan\/","title":{"rendered":"David Mart\u00ednek: Americk\u00fd m\u00edrov\u00fd pl\u00e1n"},"content":{"rendered":"<div id=\"fb-root\"><\/div>\n<p>28 bodov\u00fd m\u00edrov\u00fd pl\u00e1n pro ukon\u010den\u00ed konfliktu na Ukrajin\u011b, zve\u0159ejn\u011bn\u00fd k dne\u0161n\u00edmu dni je mo\u017en\u00e1 nejd\u016fle\u017eit\u011bj\u0161\u00ed v\u011bc\u00ed, kterou na\u0161e generace za\u017eije. Je to ta \ud835\uddfb\ud835\uddf2\ud835\uddf7\ud835\uddf1\ud835\ude02\u030a\ud835\uddf9\ud835\uddf2\ud835\ude07\u030c\ud835\uddf6\ud835\ude01\ud835\uddf2\u030c\ud835\uddf7\ud835\ude00\u030c\ud835\uddf6\u0301 v\u011bc.<\/p>\n<p>Mysl\u00edm, \u017ee v\u011bt\u0161ina lid\u00ed si jednodu\u0161e neuv\u011bdomuje, \u017ee tato dohoda zabra\u0148uje zk\u00e1ze. Omezuje riziko, \u017ee v okam\u017eiku, kdy ukrajinsk\u00e1 v\u00e1lka vt\u00e1hne do konfliktu evropsk\u00e9 st\u00e1ty, v\u00e1lka p\u0159eroste z lok\u00e1ln\u00ed v evropskou. Evropsk\u00e1 ve sv\u011btovou. A ve\u00a0sledu ud\u00e1lost\u00ed se lok\u00e1ln\u00ed st\u0159et zm\u011bn\u00ed v glob\u00e1ln\u00ed konflikt..<\/p>\n<p>V n\u011bm\u017e nevyhraje nikdo. Prohrajeme v\u0161ichni.<\/p>\n<p>Kdy\u017e se na pochod daj\u00ed s\u00edly Ruska, N\u011bmecka, Spojen\u00fdch st\u00e1t\u016f, Evropy, milionov\u00e9 arm\u00e1dy Asie, potla\u010dovan\u00e9 n\u00e1rody st\u0159edn\u00edho a bl\u00edzk\u00e9ho v\u00fdchodu, Afriky\u2026 Dojde k v\u00e1lce na nep\u0159ehledn\u00fdch front\u00e1ch, kde nebude u\u0161et\u0159en nikdo. A nikde.<\/p>\n<p>D\u0159\u00edve \u010di pozd\u011bji dojde k jadern\u00e9 v\u00fdm\u011bn\u011b.<\/p>\n<p>\u017d\u00e1dn\u00e9 bunkry, \u017e\u00e1dn\u00e9 odlehl\u00e9 lokace v Chile, Nov\u00e9m Z\u00e9landu, nebo ji\u017en\u00ed Africe. Nic z toho.<\/p>\n<p>Jen pron\u00e1sledovan\u00e1 a vyb\u00edjen\u00e1 rezidua b\u00edl\u00e9 rasy po jadern\u00e9 zk\u00e1ze, odpov\u011bdn\u00e1 za rozpout\u00e1n\u00ed pekla.<\/p>\n<p>Hordy zoufal\u00fdch lid\u00ed, hledaj\u00edc\u00edch m\u00edsta, kde je\u0161t\u011b lze naj\u00edt vodu, potraviny, l\u00e9ky, cokoliv. \u017d\u00e1dn\u00e9 instituce, arm\u00e1da, policie, vl\u00e1dy, nemocnice. Voda v kohoutku, elekt\u0159ina v z\u00e1suvce. Potraviny v obchodech. Jen ruiny m\u011bst, ob\u00fdvan\u00e9 temn\u00fdm zlem, druhem, proti n\u011bmu\u017e nen\u00ed obrany.<\/p>\n<p>Nic z toho pekla si nechceme a ani neum\u00edme p\u0159edstavit. Netvory, vze\u0161l\u00e9 v dal\u0161\u00ed generaci z planety posti\u017een\u00e9 zk\u00e1zou. Hr\u016fzu, nemoci, n\u00e1sil\u00ed, doprov\u00e1zej\u00edc\u00ed postupn\u00e9 vym\u00edr\u00e1n\u00ed druhu.<\/p>\n<p>\ud835\udc6a\ud835\udc89\ud835\udc82\u0301\ud835\udc91\ud835\udc96, \ud835\udc8b\ud835\udc82\ud835\udc8c \ud835\udc95\ud835\udc90 \ud835\udc9b\ud835\udc8f\ud835\udc8a\u0301. Jako slova \u0161\u00edlence.<\/p>\n<p>Ale jsou lid\u00e9, kte\u0159\u00ed se pohybuj\u00ed \u010dasem a prostorem jin\u00fdm zp\u016fsobem, ne\u017e je obvykl\u00e9 v\u011bt\u0161in\u011b. Vn\u00edmaj\u00ed v\u011bci a souvislosti jinak.<\/p>\n<p>Existuje jin\u00e1 cesta. Na jej\u00edm\u017e konci je kvetouc\u00ed zem\u011b. Zahrada. Nov\u00e1 civilizace, kter\u00e1 se vyv\u00edj\u00ed jin\u00fdm zp\u016fsobem. Ne bez probl\u00e9m\u016f, ale mnohem mnohem p\u0159\u00edzniv\u011bj\u0161\u00edm zp\u016fsobem pro \u017eivot.<\/p>\n<p>M\u011bli bychom se modlit. Aby zlo bylo odvr\u00e1ceno. A tahle nebezpe\u010dn\u00e1 v\u011bc skon\u010dila.<\/p>\n<p><strong>\u2026.<\/strong><\/p>\n<p>Pl\u00e1n samotn\u00fd.. je rozumn\u00fd.<\/p>\n<p>Pro v\u0161echny strany. Uchr\u00e1n\u00ed Ukrajinu p\u0159ed p\u00e1dem do propasti. Z\u016fstane suver\u00e9nn\u00edm st\u00e1tem. Rusku umo\u017en\u00ed uh\u00e1jit \u017eivotn\u00ed prostor a bezpe\u010dnost na z\u00e1padn\u00ed hranici rozlehl\u00e9ho rusk\u00e9ho st\u00e1tu, minimalizaci rizik a ohro\u017een\u00ed ze strany Z\u00e1padu, NATO i Ukrajiny. Evrop\u011b umo\u017en\u00ed v budoucnu p\u0159ijmout Ukrajinu do EU. Zamez\u00ed mo\u017enosti Rusku sm\u011b\u0159ovat ve v\u00fdboj\u00edch do Evropy a dal\u0161\u00edch zem\u00ed.<\/p>\n<p>Spojen\u00fdm st\u00e1t\u016fm, Rusku i Evrop\u011b mo\u017enost pod\u00edlet se spole\u010dn\u00fdm zp\u016fsobem na rekonstrukci a obnov\u011b pov\u00e1le\u010dn\u00e9 Ukrajiny. To je dobr\u00fd a rozumn\u00fd pl\u00e1n.<\/p>\n<p>Ostatn\u011b, n\u00e1zor si ud\u011blejte sami.<\/p>\n<p>\ud835\udc0d\ud835\udc1a\u0301\ud835\udc2f\ud835\udc2b\ud835\udc21 \ud835\udc29\ud835\udc25\ud835\udc1a\u0301\ud835\udc27\ud835\udc2e \ud835\udc1a\ud835\udc26\ud835\udc1e\ud835\udc2b\ud835\udc22\ud835\udc1c\ud835\udc24\ud835\udc1e\u0301\ud835\udc21\ud835\udc28 \ud835\udc29\ud835\udc2b\ud835\udc1e\ud835\udc33\ud835\udc22\ud835\udc1d\ud835\udc1e\ud835\udc27\ud835\udc2d\ud835\udc1a \ud835\udc03\ud835\udc28\ud835\udc27\ud835\udc1a\ud835\udc25\ud835\udc1d\ud835\udc1a \ud835\udc13\ud835\udc2b\ud835\udc2e\ud835\udc26\ud835\udc29\ud835\udc1a \ud835\udc27\ud835\udc1a \ud835\udc2e\ud835\udc24\ud835\udc28\ud835\udc27\ud835\udc1c\u030c\ud835\udc1e\ud835\udc27\ud835\udc22\u0301 \ud835\udc2f\ud835\udc1a\u0301\ud835\udc25\ud835\udc24\ud835\udc32 \ud835\udc27\ud835\udc1a \ud835\udc14\ud835\udc24\ud835\udc2b\ud835\udc1a\ud835\udc23\ud835\udc22\ud835\udc27\ud835\udc1e\u030c, \ud835\udc23\ud835\udc1a\ud835\udc24 \ud835\udc23\ud835\udc1e\ud835\udc23 \ud835\udc29\ud835\udc2b\u030c\ud835\udc22\ud835\udc27\ud835\udc1e\ud835\udc2c\ud835\udc25\ud835\udc1a \ud835\udc1a\ud835\udc20\ud835\udc1e\ud835\udc27\ud835\udc2d\ud835\udc2e\ud835\udc2b\ud835\udc1a \ud835\udc00\ud835\udc0f:<\/p>\n<p>\ud835\udfcf. Ukrajinsk\u00e1 suverenita bude potvrzena.<\/p>\n<p>\ud835\udfd0. Bude uzav\u0159ena komplexn\u00ed dohoda o ne\u00fato\u010den\u00ed mezi Ruskem, Ukrajinou a Evropou. V\u0161echny nejasnosti posledn\u00edch 30 let budou pova\u017eov\u00e1ny za vy\u0159e\u0161en\u00e9.<\/p>\n<p>\ud835\udfd1. O\u010dek\u00e1v\u00e1 se, \u017ee Rusko nebude napadat sousedn\u00ed zem\u011b a NATO se nebude d\u00e1le roz\u0161i\u0159ovat.<\/p>\n<p>\ud835\udfd2. Mezi Ruskem a NATO bude veden Spojen\u00fdmi st\u00e1ty zprost\u0159edkovan\u00fd dialog za \u00fa\u010delem vy\u0159e\u0161en\u00ed v\u0161ech bezpe\u010dnostn\u00edch ot\u00e1zek a vytvo\u0159en\u00ed podm\u00ednek pro deeskalaci s c\u00edlem zajistit glob\u00e1ln\u00ed bezpe\u010dnost a zv\u00fd\u0161it p\u0159\u00edle\u017eitosti pro spolupr\u00e1ci a budouc\u00ed hospod\u00e1\u0159sk\u00fd rozvoj.<\/p>\n<p>\ud835\udfd3. Ukrajina obdr\u017e\u00ed spolehliv\u00e9 bezpe\u010dnostn\u00ed z\u00e1ruky.<\/p>\n<p>\ud835\udfd4. Velikost ukrajinsk\u00fdch ozbrojen\u00fdch sil bude omezena na 600.000 osob.<\/p>\n<p>\ud835\udfd5. Ukrajina souhlas\u00ed s t\u00edm, \u017ee v \u00fastav\u011b zakotv\u00ed, \u017ee nevstoup\u00ed do NATO, a NATO souhlas\u00ed se za\u0159azen\u00edm ustanoven\u00ed do sv\u00fdch smluvn\u00edch dokument\u016f, \u017ee Ukrajina v budoucnu nebude p\u0159ijata.<\/p>\n<p>\ud835\udfd6. NATO souhlas\u00ed s t\u00edm, \u017ee na Ukrajin\u011b nerozm\u00edst\u00ed voj\u00e1ky.<\/p>\n<p>\ud835\udfd7. V Polsku budou rozm\u00edst\u011bny evropsk\u00e9 st\u00edhac\u00ed letouny.<\/p>\n<p>\ud835\udfcf\ud835\udfce. Z\u00e1ruka USA:<\/p>\n<p>\u2013 Spojen\u00e9 st\u00e1ty obdr\u017e\u00ed kompenzaci za poskytovanou z\u00e1ruku;<\/p>\n<p>\u2013 Pokud Ukrajina napadne Rusko, o z\u00e1ruku p\u0159ijde;<\/p>\n<p>\u2013 Pokud Rusko napadne Ukrajinu, pak krom\u011b rozhodn\u00e9 koordinovan\u00e9 vojensk\u00e9 odpov\u011bdi budou obnoveny v\u0161echny glob\u00e1ln\u00ed sankce, uzn\u00e1n\u00ed nov\u00e9ho \u00fazem\u00ed a v\u0161echny ostatn\u00ed v\u00fdhody t\u00e9to dohody budou zru\u0161eny;<\/p>\n<p>\u2013 Pokud Ukrajina bezd\u016fvodn\u011b odp\u00e1l\u00ed raketu na Moskvu nebo Petrohrad, bude bezpe\u010dnostn\u00ed z\u00e1ruka pova\u017eov\u00e1na za neplatnou.<\/p>\n<p>\ud835\udfcf\ud835\udfcf. Ukrajina m\u00e1 n\u00e1rok uch\u00e1zet se o \u010dlenstv\u00ed v EU a obdr\u017e\u00ed kr\u00e1tkodob\u00fd preferen\u010dn\u00ed p\u0159\u00edstup na evropsk\u00fd trh po dobu posuzov\u00e1n\u00ed t\u00e9to ot\u00e1zky.<\/p>\n<p>\ud835\udfcf\ud835\udfd0. Rozs\u00e1hl\u00fd glob\u00e1ln\u00ed bal\u00ed\u010dek opat\u0159en\u00ed na obnovu Ukrajiny bude obsahovat, ale nebude omezen, na:<\/p>\n<p>\u2013 vytvo\u0159en\u00ed fondu pro rozvoj Ukrajiny ur\u010den\u00e9ho k investic\u00edm do rychle rostouc\u00edch odv\u011btv\u00ed, v\u010detn\u011b technologi\u00ed, datov\u00fdch center a um\u011bl\u00e9 inteligence;<\/p>\n<p>\u2013 Spojen\u00e9 st\u00e1ty budou spolupracovat s Ukrajinou na spole\u010dn\u00e9 obnov\u011b, rozvoji, modernizaci a provozu ukrajinsk\u00e9 plyn\u00e1rensk\u00e9 infrastruktury, v\u010detn\u011b plynovod\u016f a z\u00e1sobn\u00edk\u016f;<\/p>\n<p>\u2013 spole\u010dn\u00e9 \u00fasil\u00ed o rekultivaci oblast\u00ed posti\u017een\u00fdch v\u00e1lkou za \u00fa\u010delem obnovy, rekonstrukce a modernizace m\u011bst a obytn\u00fdch oblast\u00ed;<\/p>\n<p>\u2013 rozvoj infrastruktury;<\/p>\n<p>\u2013 t\u011b\u017ebu nerostn\u00fdch surovin a p\u0159\u00edrodn\u00edch zdroj\u016f;<\/p>\n<p>\u2013 Sv\u011btov\u00e1 banka vytvo\u0159\u00ed zvl\u00e1\u0161tn\u00ed finan\u010dn\u00ed bal\u00ed\u010dek k urychlen\u00ed t\u011bchto aktivit.<\/p>\n<p>\ud835\udfcf\ud835\udfd1. Rusko bude znovu integrov\u00e1no do glob\u00e1ln\u00ed ekonomiky:<\/p>\n<p>\u2013 bude se diskutovat a postupn\u011b a p\u0159\u00edpad od p\u0159\u00edpadu se dohodne zru\u0161en\u00ed sankc\u00ed;<\/p>\n<p>\u2013 Spojen\u00e9 st\u00e1ty uzav\u0159ou dlouhodobou dohodu o hospod\u00e1\u0159sk\u00e9 spolupr\u00e1ci pro vz\u00e1jemn\u00fd rozvoj v oblastech energetiky, p\u0159\u00edrodn\u00edch zdroj\u016f, infrastruktury, um\u011bl\u00e9 inteligence, datov\u00fdch center, projekt\u016f t\u011b\u017eby vz\u00e1cn\u00fdch kov\u016f v Arktid\u011b a dal\u0161\u00edch oboustrann\u011b v\u00fdhodn\u00fdch obchodn\u00edch p\u0159\u00edle\u017eitost\u00ed;<\/p>\n<p>\u2013 Rusko bude pozv\u00e1no k n\u00e1vratu do skupiny G8.<\/p>\n<p>14. Zmrazen\u00e9 prost\u0159edky budou vyu\u017eity n\u00e1sleduj\u00edc\u00edm zp\u016fsobem:<\/p>\n<p>\u2013 100 miliard dolar\u016f zmrazen\u00fdch rusk\u00fdch aktiv bude investov\u00e1no do \u00fasil\u00ed veden\u00e9ho USA o obnovu Ukrajiny a investov\u00e1n\u00ed v n\u00ed;<\/p>\n<p>\u2013 USA obdr\u017e\u00ed 50 procent zisk\u016f z tohoto projektu. Evropa p\u0159id\u00e1 100 miliard dolar\u016f na zv\u00fd\u0161en\u00ed objemu investic dostupn\u00fdch pro obnovu Ukrajiny. Zmrazen\u00e1 evropsk\u00e1 aktiva budou uvoln\u011bna. Zbytek zmrazen\u00fdch rusk\u00fdch prost\u0159edk\u016f bude investov\u00e1n do samostatn\u00e9ho americko-rusk\u00e9ho investi\u010dn\u00edho fondu, kter\u00fd bude realizovat spole\u010dn\u00e9 projekty ve specifick\u00fdch oblastech. Tento fond bude zam\u011b\u0159en na posilov\u00e1n\u00ed vztah\u016f a zvy\u0161ov\u00e1n\u00ed spole\u010dn\u00fdch z\u00e1jm\u016f, aby vytvo\u0159il silnou pob\u00eddku k tomu, aby nedo\u0161lo k n\u00e1vratu ke konfliktu.<\/p>\n<p>15. Bude vytvo\u0159ena spole\u010dn\u00e1 americko-rusk\u00e1 pracovn\u00ed skupina v\u011bnuj\u00edc\u00ed se bezpe\u010dnostn\u00edm ot\u00e1zk\u00e1m, aby podporovala a zaji\u0161\u0165ovala pln\u011bn\u00ed v\u0161ech ustanoven\u00ed t\u00e9to dohody.<\/p>\n<p>\ud835\udfcf\ud835\udfd4. Rusko ve sv\u00e9m pr\u00e1vu zakotv\u00ed politiku ne\u00fato\u010den\u00ed v\u016f\u010di Evrop\u011b a Ukrajin\u011b.<\/p>\n<p>\ud835\udfcf\ud835\udfd5. Spojen\u00e9 st\u00e1ty a Rusko se dohodnou na prodlou\u017een\u00ed platnosti smluv o ne\u0161\u00ed\u0159en\u00ed a kontrole jadern\u00fdch zbran\u00ed, v\u010detn\u011b Smlouvy START I.<\/p>\n<p>\ud835\udfcf\ud835\udfd6. Ukrajina souhlas\u00ed s t\u00edm, \u017ee bude nejadern\u00fdm st\u00e1tem v souladu se Smlouvou o ne\u0161\u00ed\u0159en\u00ed jadern\u00fdch zbran\u00ed.<\/p>\n<p>19. Z\u00e1poro\u017esk\u00e1 jadern\u00e1 elektr\u00e1rna bude uvedena do provozu pod dohledem MAAE a vyroben\u00e1 elekt\u0159ina bude rozd\u011blena rovn\u00fdm d\u00edlem mezi Rusko a Ukrajinu \u2013 50:50.<\/p>\n<p>20. Ob\u011b zem\u011b se zavazuj\u00ed zav\u00e9st vzd\u011bl\u00e1vac\u00ed programy ve \u0161kol\u00e1ch a ve spole\u010dnosti zam\u011b\u0159en\u00e9 na podporu porozum\u011bn\u00ed a tolerance r\u016fzn\u00fdch kultur a na odstran\u011bn\u00ed rasismu a p\u0159edsudk\u016f:<\/p>\n<p>\u2013 Ukrajina p\u0159ijme pravidla EU o n\u00e1bo\u017eensk\u00e9 toleranci a ochran\u011b jazykov\u00fdch men\u0161in;<\/p>\n<p>\u2013 ob\u011b zem\u011b se dohodnou na zru\u0161en\u00ed v\u0161ech diskrimina\u010dn\u00edch opat\u0159en\u00ed a na zaru\u010den\u00ed pr\u00e1v ukrajinsk\u00fdch a rusk\u00fdch m\u00e9di\u00ed a vzd\u011bl\u00e1v\u00e1n\u00ed;<\/p>\n<p>\u2013 ve\u0161ker\u00e1 nacistick\u00e1 ideologie a \u010dinnost mus\u00ed b\u00fdt odm\u00edtnuty a zak\u00e1z\u00e1ny.<\/p>\n<p>\ud835\udfee\ud835\udfed. \u00dazem\u00ed:<\/p>\n<p>\u2013 Krym, Luhansk\u00e1 a Don\u011bck\u00e1 oblast budou uzn\u00e1ny jako de facto rusk\u00e9, a to i Spojen\u00fdmi st\u00e1ty;<\/p>\n<p>\u2013 Chersonsk\u00e1 a Z\u00e1poro\u017esk\u00e1 oblast budou zafixov\u00e1ny pod\u00e9l linie kontaktu, co\u017e bude znamenat de facto uzn\u00e1n\u00ed pod\u00e9l linie kontaktu;<\/p>\n<p>\u2013 Rusko se vzd\u00e1 jin\u00fdch dohodnut\u00fdch \u00fazem\u00ed, kter\u00e1 kontroluje mimo t\u011bchto p\u011bt region\u016f;<\/p>\n<p>\u2013 Ukrajinsk\u00e9 s\u00edly se st\u00e1hnou z \u010d\u00e1sti Don\u011bck\u00e9 oblasti, kterou v sou\u010dasnosti kontroluj\u00ed, a tato z\u00f3na sta\u017een\u00ed bude pova\u017eov\u00e1na za neutr\u00e1ln\u00ed demilitarizovanou n\u00e1razn\u00edkovou z\u00f3nu mezin\u00e1rodn\u011b uznanou jako \u00fazem\u00ed pat\u0159\u00edc\u00ed Rusk\u00e9 federaci. Rusk\u00e9 s\u00edly nevstoup\u00ed do t\u00e9to demilitarizovan\u00e9 z\u00f3ny.<\/p>\n<p>\ud835\udfd0\ud835\udfd0. Po dohod\u011b na budouc\u00edm \u00fazemn\u00edm uspo\u0159\u00e1d\u00e1n\u00ed se jak Rusk\u00e1 federace tak Ukrajina zavazuj\u00ed nem\u011bnit toto uspo\u0159\u00e1d\u00e1n\u00ed silou. Jak\u00e9koli bezpe\u010dnostn\u00ed z\u00e1ruky se nebudou vztahovat na p\u0159\u00edpad poru\u0161en\u00ed tohoto z\u00e1vazku.<\/p>\n<p>23. Rusko nebude br\u00e1nit Ukrajin\u011b v u\u017e\u00edv\u00e1n\u00ed \u0159eky Dn\u011bpr pro komer\u010dn\u00ed \u00fa\u010dely a budou uzav\u0159eny dohody o svobodn\u00e9 p\u0159eprav\u011b obil\u00ed p\u0159es \u010cern\u00e9 mo\u0159e.<\/p>\n<p>24. Bude vytvo\u0159ena humanit\u00e1rn\u00ed komise k vy\u0159e\u0161en\u00ed zb\u00fdvaj\u00edc\u00edch ot\u00e1zek:<\/p>\n<p>\u2013 v\u0161ichni zb\u00fdvaj\u00edc\u00ed v\u011bzni a t\u011bla budou vym\u011bn\u011bna na principu \u201cv\u0161ichni za v\u0161echny\u201d;<\/p>\n<p>\u2013 v\u0161ichni zadr\u017eovan\u00ed civilist\u00e9 a rukojm\u00ed budou vr\u00e1ceni, v\u010detn\u011b d\u011bt\u00ed;<\/p>\n<p>\u2013 bude zaveden program slu\u010dov\u00e1n\u00ed rodin;<\/p>\n<p>\u2013 budou p\u0159ijata opat\u0159en\u00ed na zm\u00edrn\u011bn\u00ed utrpen\u00ed ob\u011bt\u00ed konfliktu.<\/p>\n<p>25. Ukrajina uspo\u0159\u00e1d\u00e1 volby do 100 dn\u016f.<\/p>\n<p>26. V\u0161echny strany zapojen\u00e9 do tohoto konfliktu obdr\u017e\u00ed plnou amnestii za sv\u00e9 \u010diny b\u011bhem v\u00e1lky a souhlas\u00ed, \u017ee v budoucnu nebudou uplat\u0148ovat \u017e\u00e1dn\u00e9 n\u00e1roky ani zva\u017eovat \u017e\u00e1dn\u00e9 st\u00ed\u017enosti.<\/p>\n<p>\ud835\udfd0\ud835\udfd5. Tato dohoda bude pr\u00e1vn\u011b z\u00e1vazn\u00e1. Jej\u00ed uskute\u010dn\u011bn\u00ed bude monitorov\u00e1no a garantov\u00e1no m\u00edrovou radou vedenou prezidentem Donaldem J. Trumpem. Za poru\u0161en\u00ed budou uvaleny sankce.<\/p>\n<p>\ud835\udfd0\ud835\udfd6. Jakmile v\u0161echny strany vyj\u00e1d\u0159\u00ed souhlas s t\u00edmto memorandem, p\u0159\u00edm\u011b\u0159\u00ed vstoup\u00ed v platnost okam\u017eit\u011b pot\u00e9, co se ob\u011b strany st\u00e1hnou na dohodnut\u00e9 pozice za \u00fa\u010delem zah\u00e1jen\u00ed implementace dohody.<\/p>\n<p><strong><em>David Mart\u00ednek fb<\/em><\/strong><\/p>\n<p>&nbsp;<\/p>\n","protected":false},"excerpt":{"rendered":"<p>28 bodov\u00fd m\u00edrov\u00fd pl\u00e1n pro ukon\u010den\u00ed konfliktu na Ukrajin\u011b, zve\u0159ejn\u011bn\u00fd k dne\u0161n\u00edmu dni je mo\u017en\u00e1&#8230;<\/p>\n","protected":false},"author":2,"featured_media":92866,"comment_status":"closed","ping_status":"closed","sticky":false,"template":"","format":"standard","meta":[],"categories":[6],"tags":[1503,4030,26],"_links":{"self":[{"href":"https:\/\/www.infokuryr.cz\/n\/wp-json\/wp\/v2\/posts\/92865"}],"collection":[{"href":"https:\/\/www.infokuryr.cz\/n\/wp-json\/wp\/v2\/posts"}],"about":[{"href":"https:\/\/www.infokuryr.cz\/n\/wp-json\/wp\/v2\/types\/post"}],"author":[{"embeddable":true,"href":"https:\/\/www.infokuryr.cz\/n\/wp-json\/wp\/v2\/users\/2"}],"replies":[{"embeddable":true,"href":"https:\/\/www.infokuryr.cz\/n\/wp-json\/wp\/v2\/comments?post=92865"}],"version-history":[{"count":1,"href":"https:\/\/www.infokuryr.cz\/n\/wp-json\/wp\/v2\/posts\/92865\/revisions"}],"predecessor-version":[{"id":92867,"href":"https:\/\/www.infokuryr.cz\/n\/wp-json\/wp\/v2\/posts\/92865\/revisions\/92867"}],"wp:featuredmedia":[{"embeddable":true,"href":"https:\/\/www.infokuryr.cz\/n\/wp-json\/wp\/v2\/media\/92866"}],"wp:attachment":[{"href":"https:\/\/www.infokuryr.cz\/n\/wp-json\/wp\/v2\/media?parent=92865"}],"wp:term":[{"taxonomy":"category","embeddable":true,"href":"https:\/\/www.infokuryr.cz\/n\/wp-json\/wp\/v2\/categories?post=92865"},{"taxonomy":"post_tag","embeddable":true,"href":"https:\/\/www.infokuryr.cz\/n\/wp-json\/wp\/v2\/tags?post=92865"}],"curies":[{"name":"wp","href":"https:\/\/api.w.org\/{rel}","templated":true}]}}