{"id":92863,"date":"2025-11-23T00:16:46","date_gmt":"2025-11-22T23:16:46","guid":{"rendered":"https:\/\/www.infokuryr.cz\/n\/?p=92863"},"modified":"2025-11-22T10:24:06","modified_gmt":"2025-11-22T09:24:06","slug":"sametove-absurdity-na-narodni","status":"publish","type":"post","link":"https:\/\/www.infokuryr.cz\/n\/2025\/11\/23\/sametove-absurdity-na-narodni\/","title":{"rendered":"Sametov\u00e9 absurdity na N\u00e1rodn\u00ed"},"content":{"rendered":"<div id=\"fb-root\"><\/div>\n<h4 lang=\"en-US\">Leto\u0161n\u00ed oslavy sv\u00e1tku 17. listopadu nijak nevybo\u010dily z trendu. Jako obvykle nebyly prosty komick\u00fdch a absurdn\u00edch moment\u016f.<\/h4>\n<p lang=\"en-US\">Politici se dostavovali v r\u016fzn\u00fdch dob\u00e1ch na N\u00e1rodn\u00ed t\u0159\u00eddu i na jin\u00e1 m\u00edsta, aby je tam lep\u0161olid\u00e9 sametov\u011b k\u00e1drovali a hodnotili, zda je ten kter\u00fd jedinec kompatibiln\u00ed s prefabrikovan\u00fdm \u00e9tosem dne \u201cboje za svobodu\u201d, jinak zinscenovan\u00fdm komunistick\u00fdm p\u0159evratem, jeho\u017e \u00fa\u010delem bylo p\u0159edat moc , ale sou\u010dasn\u011b zachovat moc marxist\u016f v dlouhodob\u00e9 perspektiv\u011b a vyhnout se n\u00e1sil\u00ed, kter\u00e9 na nich lid mohl sp\u00e1chat.<\/p>\n<h4 lang=\"en-US\"><strong>Andrej Babi\u0161<\/strong><\/h4>\n<p lang=\"en-US\">Chod\u00ed na N\u00e1rodn\u00ed klan\u011bt r\u00e1no, aby stihl rann\u00ed sm\u011bnu ve Vod\u0144ansk\u00fdch dr\u016fb\u011b\u017e\u00e1rn\u00e1ch. Asi mysl\u00ed, \u017ee kav\u00e1rna tou dobou je\u0161t\u011b sp\u00ed. Nicm\u00e9n\u011b kav\u00e1rna nikdy nesp\u00ed. Sametov\u00fdm k\u00e1drov\u00e1n\u00edm nepro\u0161el, proto\u017ee pr\u00fd byl est\u00e9b\u00e1k. D\u016fkazy pro to nejsou.<\/p>\n<h4 lang=\"en-US\"><strong>Petr Pavel<\/strong><\/h4>\n<p lang=\"en-US\">Soudruh Petr Pavel sametov\u00fdm k\u00e1drov\u00e1n\u00edm pro\u0161el, proto\u017ee byl rozv\u011bd\u010d\u00edk v \u00fatvaru, kter\u00fd \u0159\u00edd\u00edla rusk\u00e1 GRU nap\u0159\u00edmo. D\u016fkaz\u016f je o tom hodn\u011b. Svaz\u00e1\u010dek, komou\u0161ek, lampas\u00e1\u010dek, rozv\u011bd\u010d\u00edk, takov\u00e1 mal\u00e1 \u0161pinav\u00e1 inicativn\u00ed komunistick\u00e1 svi\u0148ka. Lid\u00e9 mu\u00a0<a href=\"https:\/\/www.ceskenoviny.cz\/zpravy\/2748344\">tleskali a d\u011bkovali<\/a>.<\/p>\n<p lang=\"en-US\">Zaj\u00edmalo by mn\u011b, co d\u011blal a jak se c\u00edtil soudruh Pavel 17.11.1989. V\u011bd\u011bl, \u017ee to je v\u0161echno jen divadlo?<\/p>\n<h4 lang=\"en-US\"><strong>Tomio Okamura<\/strong><\/h4>\n<p lang=\"en-US\">Sametov\u00fdm k\u00e1drov\u00e1n\u00edm nepro\u0161el, p\u0159esto\u017ee mu v listopadu 1989 bylo 2,5 roku.<\/p>\n<p lang=\"en-US\">Jin\u00fdm p\u0159\u00edznivc\u016fm SPD tolik \u0161t\u011bst\u00ed nep\u0159\u00e1lo. Tento 81-let\u00fd p\u0159\u00edznivec SPD v metru obdr\u017eel\u00a0<a href=\"https:\/\/www.echo24.cz\/a\/HJPkN\/zpravy-domov-krvava-potycka-narodni-trida-mlada-divka-pobodala-seniora-z-spd\">mimo\u0159\u00e1dn\u00fd p\u0159\u00edd\u011bl pravdy a l\u00e1sky<\/a>, tak\u017ee musel vyhledat l\u00e9ka\u0159sk\u00e9 o\u0161et\u0159en\u00ed. Jak vidno, pro bodno\u0159ezn\u00e1 poran\u011bn\u00ed net\u0159eba importovat chirurgy ze severn\u00ed Afriky, sta\u010d\u00ed tuzemsk\u00fd ksindl.<\/p>\n<h4 lang=\"en-US\"><strong>Ve\u0159ejnost<\/strong><\/h4>\n<p><span lang=\"en-US\">P\u0159\u00edtomn\u00fdm jedinc\u016fm sice nic nebr\u00e1n\u00ed politik\u016fm nad\u00e1vat, zlobn\u011b na n\u011b p\u00edskat, v\u0159e\u0161t\u011bt jako opice a h\u00e1zet po nich v\u011bci, aby si pak v podve\u010der sborov\u011b zasp\u00edvali \u201cZloba, z\u00e1vist, z\u00e1\u0161\u0165, strach a sv\u00e1r, ty a\u0165 pominou, a\u0165 u\u017e pominou.\u201d<\/span><\/p>\n<h4 lang=\"pt-PT\"><strong>Milion chvilek<\/strong><\/h4>\n<p lang=\"pt-PT\">Vl\u00e1dn\u00ed neziskovka Milion chvilek svolalo na Starom\u011bstsk\u00e9 n\u00e1m\u011bst\u00ed demonstraci. Netu\u0161\u00edm, za co se m\u011blo demonstrovat. M\u00e1valo se tam ukrajinsk\u00fdmi vlajkami ve velk\u00e9m. Propojen\u00ed mezi Ukrajinou a \u010desk\u00fdm n\u00e1rodn\u00edm sv\u00e1tkem mi zcela unik\u00e1.<\/p>\n<p lang=\"pt-PT\">Jeden z \u010dten\u00e1\u0159\u016f na\u0161ehom webu mi fascinovan\u011b sd\u011bloval, \u017ee na V\u00e1clavsk\u00e9m n\u00e1m\u011bst\u00ed post\u00e1vala jak\u00e1si skupina ob\u010dan\u016f pod sochou n\u011bmeck\u00e9ho kolaboranta V\u00e1clava, dr\u017eela ukrajinskou vlajku a zp\u00edvala Kde domov m\u016fj.<\/p>\n<p lang=\"pt-PT\">Nerozum\u00edm, pro\u010d tito lid\u00e9 tady po\u0159\u00e1d je\u0161t\u011b v\u011bz\u00ed. V t\u00e9to hrozn\u00e9 zemi, kde se formuje ta stra\u0161n\u00e1 vl\u00e1da, kterou si lid\u00e9 demokraticky zvolili. Pro\u010d dobrovoln\u011b tak trp\u00ed? A\u0165 odejdou na tu jejich vysn\u011bnou Ukrajinu a nechaj\u00ed se zab\u00edt na front\u011b za komedianta Zelensk\u00e9ho a jeho korup\u010dn\u00ed kamar\u00e1dy, co si vyr\u00e1b\u011bj\u00ed z\u00e1chody ze zlata.<\/p>\n<hr \/>\n<p lang=\"pt-PT\">Mysl\u00edm, \u017ee je \u010das vr\u00e1tit tomu sv\u00e1tku jeho p\u016fvodn\u00ed v\u00fdznam. Prim\u00e1rn\u011b nem\u00e1 nic spole\u010dn\u00e9ho s tou ud\u00e1lost\u00ed z roku 1989, kter\u00e1 byla pou\u017eita jako startovac\u00ed proces k do\u010dasn\u00e9mu a \u0159\u00edzen\u00e9mu p\u0159ed\u00e1n\u00ed moci od rud\u00fdch marxist\u016f k zelen\u00fdm.<\/p>\n<p lang=\"pt-PT\">Nen\u00ed to sv\u00e1tek est\u00e9b\u00e1k\u016f, komunistick\u00fdch \u0159i\u0165olezc\u016f a zfanatizovan\u00e9 ve\u0159ejnosti, kter\u00e1 chce v\u00e1l\u010dit ze sv\u00fdch panel\u00e1kov\u00fdch kuchyn\u00ed.<\/p>\n<p lang=\"pt-PT\">Je to skute\u010dn\u00fd n\u00e1rodn\u00ed sv\u00e1tek, kter\u00fd ukradli. Historie 17. listopadu se za\u010dala ps\u00e1t jin\u00e9ho dne, a to sice v listopadu 1939.<\/p>\n<p lang=\"pt-PT\">Touto kapitolou historie n\u00e1s nyn\u00ed provede Oberst Otakkar Foltyn, Sturmf\u00fchrer f\u00fcr Strategische Kommunikation.<\/p>\n<p lang=\"pt-PT\">17. listopadu 1939 byly uzav\u0159eny \u010desk\u00e9 vysok\u00e9 \u0161koly. Stalo se tak zcela po pr\u00e1vu, na z\u00e1klad\u011b pr\u00e1vn\u011b nesporn\u00e9ho dekretu \u0159\u00e1dn\u011b jmenovan\u00e9ho \u0159\u00ed\u0161skon\u011bmeck\u00e9ho protektora pana Mgr. Konstantina von Neuratha M.B.A, a jednalo se o opat\u0159en\u00ed preventivn\u00ed a do\u010dasn\u00e9, kter\u00fdm byly \u0161koly uzav\u0159eny na nezvytn\u011b dlouhou dobu pouh\u00fdch t\u0159\u00ed let za \u00fa\u010delem ochrany evropsk\u00fdch a liber\u00e1ln\u011b socialistick\u00fdch hodnot.<\/p>\n<p lang=\"pt-PT\">Studenti, m\u00edsto aby \u0161li bojovat na Ukrajinu f\u00fcr Europa an allen Fronten nebo po\u0159\u00e1dali ve\u0159ejnou sb\u00edrku na st\u0159elu V-1, kter\u00e1 dolet\u00ed a\u017e do Lond\u00fdna, \u0161\u00ed\u0159ili konspira\u010dn\u00ed teorie a dezinformace, nap\u0159\u00edklad o tom, \u017ee N\u011bmecko stejn\u011b prohraje obrannou v\u00e1lku, kterou tehdy sotva zah\u00e1jilo pot\u00e9, co polsk\u00fd agresor nevyprovokovan\u011b za\u00fato\u010dil na vys\u00edla\u010dku v Gliwic\u00edch.<\/p>\n<p lang=\"pt-PT\">D\u016fvodem pro tato nezbytn\u00e1 opat\u0159en\u00ed ov\u0161em p\u0159edev\u0161\u00edm bylo, \u017ee l\u016fza a dezol\u00e1ti z \u0159ad studenstva nam\u00edsto organizovan\u00e9 \u010dinnosti v neziskov\u00e9m sektoru, \u00fa\u010dasti na festivalu Prager Stolz, whistleblowingu a spolupr\u00e1ce se silov\u00fdmi slo\u017ekami po\u0159\u00e1dali opakovan\u011b protesty, kter\u00e9 vyvrcholily nepovolen\u00fdm shrom\u00e1\u017ed\u011bn\u00edm b\u011bhem poh\u0159bu jist\u00e9ho Jana Opletala, kter\u00fd byl vlastn\u00ed vinou smrteln\u011b post\u0159elen b\u011bhem nepovolen\u00e9 demonstrace 28. \u0159\u00edjna 1939.<\/p>\n<p lang=\"pt-PT\">Slu\u0161n\u00ed lid\u00e9 ji\u017e nehodlali p\u0159ihl\u00ed\u017eet dal\u0161\u00ed radikalizaci nacioalistick\u00fdch dezol\u00e1t\u016f, v jej\u00edm\u017e d\u016fsledku doch\u00e1zelo k pop\u00edr\u00e1n\u00ed evropsk\u00fdch hodnot, genderov\u00fdm stereotyp\u016fm a produkci CO2. Policejn\u00ed hrdinov\u00e9 z jednotek Odnungspolizei a SS obsadili vysoko\u0161kolsk\u00e9 koleje a pozat\u00fdkali studentskou l\u016fzu a pro\u010desk\u00e9 svin\u011b. V n\u00e1sleduj\u00edc\u00edch dnech bylo 1200 dezol\u00e1tn\u00edch student\u016f odesl\u00e1no k p\u0159ev\u00fdchov\u011b do n\u00edzkoprahov\u00e9ho komunitn\u00edho centra v Sachsenhausenu.<\/p>\n<p lang=\"pt-PT\">Dev\u011bt v\u016fdc\u016f studentsk\u00fdch nepovolen\u00fdch spolk\u016f bylo popraveno bez soudu, proto\u017ee stejn\u011b bylo p\u0159edem rozhodnuto, soudce by to obt\u011b\u017eovalo a soci\u00e1ln\u00ed s\u00edt\u011b je\u0161t\u011b tehdy neexistovaly. Jednalo se o tyto dezol\u00e1ty:<\/p>\n<p><span lang=\"en-US\">Jan \u010cern\u00fd \u2013\u00a0<\/span><span lang=\"en-US\">b\u00edl\u00fd heteroseu\u00e1l,\u00a0<\/span><span lang=\"en-US\">\u010desk\u00fd nacionalista a \u010dlen fa\u0161istick\u00e9 skupiny Vlajka.<br \/>\nJosef Adamec \u2013 aktivn\u00ed \u010desk\u00fd nacionalista a \u010dlen Klubu n\u00e1rodn\u011b socialistick\u00fdch akademik\u016f.<br \/>\nMarek Frauwirth \u2013 levicov\u00fd aktivista \u017eidovsk\u00e9ho p\u016fvodu,\u00a0<\/span><span lang=\"en-US\">nepochybn\u011b s negativn\u00edm vztahem k Palestin\u011b<\/span><span lang=\"en-US\">\u00a0a tak\u00e9 spolupracuj\u00edc\u00ed s komunisty.<br \/>\nJaroslav Kl\u00edma \u2013 \u010desk\u00fd nacionalista\u00a0<\/span><span lang=\"en-US\">p\u016fsob\u00edc\u00ed v krajn\u011b pravicov\u00e9m<\/span><span lang=\"en-US\">\u00a0N\u00e1rodn\u00ed<\/span><span lang=\"en-US\">m<\/span><span lang=\"en-US\">\u00a0sjednocen\u00ed.<br \/>\nBed\u0159ich Koula \u2013 \u010desk\u00fd nacionalista\u00a0<\/span><span lang=\"en-US\">p\u016fsob\u00edc\u00ed v krajn\u011b pravicov\u00e9m<\/span><span lang=\"en-US\">\u00a0N\u00e1rodn\u00ed<\/span><span lang=\"en-US\">m<\/span><span lang=\"en-US\">\u00a0sjednocen\u00ed.<br \/>\nJosef Matou\u0161ek \u2013 aktivn\u00ed \u010desk\u00fd nacionalista.\u00a0<\/span><span lang=\"en-US\">ur\u010dit\u011b tak\u00e9 n\u011bkde p\u016fsobil, jedno kde, prost\u011b m\u011bl \u0161patn\u00e9 kamar\u00e1dy<\/span><span lang=\"en-US\"><br \/>\nFranti\u0161ek Skorkovsk\u00fd \u2013 \u010desk\u00fd nacionalista\u00a0<\/span><span lang=\"en-US\">p\u016fsob\u00edc\u00ed v krajn\u011b pravicov\u00e9m<\/span><span lang=\"en-US\">\u00a0N\u00e1rodn\u00ed<\/span><span lang=\"en-US\">m<\/span><span lang=\"en-US\">\u00a0sjednocen\u00ed.<br \/>\nV\u00e1clav \u0160affr\u00e1nek \u2013\u00a0<\/span><span lang=\"en-US\">obzvl\u00e1\u0161t\u011b zavr\u017een\u00edhodn\u00fd\u00a0<\/span><span lang=\"en-US\">katolick<\/span><span lang=\"en-US\">y orientovan\u00fd<\/span><span lang=\"en-US\">\u00a0aktivista,\u00a0<\/span><span lang=\"en-US\">podle v\u0161eho je\u0161t\u011b hor\u0161\u00ed ne\u017e kardin\u00e1l Duka<\/span><span lang=\"en-US\"><br \/>\nJan Weinert \u2013 \u010desk\u00fd nacionalista\u00a0<\/span><span lang=\"en-US\">p\u016fsob\u00edc\u00ed v krajn\u011b pravicov\u00e9m<\/span><span lang=\"en-US\">\u00a0N\u00e1rodn\u00ed<\/span><span lang=\"en-US\">m<\/span><span lang=\"en-US\">\u00a0sjednocen\u00ed<\/span><\/p>\n<p lang=\"en-US\">Opat\u0159en\u00ed vyvolalo pozitivn\u00ed reakce u ve\u0159ejnosti. Nez\u00e1visl\u00e1 m\u00e9dia jako Verzeichnis Nachrichten a Neuigkeiten vyzdvihla p\u0159\u00edkladn\u00e9 nasazen\u00ed hrdinn\u00fdch policist\u016f v boji za zachov\u00e1n\u00ed ve\u0159ejn\u00e9ho po\u0159\u00e1dku a p\u0159i ochran\u011b evropsk\u00fdch a liber\u00e1ln\u011bdemokratick\u00fdch hodnot.<\/p>\n<p lang=\"en-US\">D\u011bkujeme Oberstovi Folt\u00fdnovi za objasn\u011bn\u00ed t\u00e9to d\u016fle\u017eit\u00e9 kapitoly \u010desk\u00fdch, pardon, evropsk\u00fdch d\u011bjin.<\/p>\n<p lang=\"en-US\"><span style=\"font-size: 10pt;\"><a href=\"https:\/\/dfens-cz.com\/sametove-absurdity-na-narodni\/\">D-FENS<\/a><\/span><\/p>\n<p lang=\"en-US\">\n","protected":false},"excerpt":{"rendered":"<p>Leto\u0161n\u00ed oslavy sv\u00e1tku 17. listopadu nijak nevybo\u010dily z trendu. Jako obvykle nebyly prosty komick\u00fdch a&#8230;<\/p>\n","protected":false},"author":2,"featured_media":92390,"comment_status":"closed","ping_status":"closed","sticky":false,"template":"","format":"standard","meta":[],"categories":[6],"tags":[1481,1503,10133],"_links":{"self":[{"href":"https:\/\/www.infokuryr.cz\/n\/wp-json\/wp\/v2\/posts\/92863"}],"collection":[{"href":"https:\/\/www.infokuryr.cz\/n\/wp-json\/wp\/v2\/posts"}],"about":[{"href":"https:\/\/www.infokuryr.cz\/n\/wp-json\/wp\/v2\/types\/post"}],"author":[{"embeddable":true,"href":"https:\/\/www.infokuryr.cz\/n\/wp-json\/wp\/v2\/users\/2"}],"replies":[{"embeddable":true,"href":"https:\/\/www.infokuryr.cz\/n\/wp-json\/wp\/v2\/comments?post=92863"}],"version-history":[{"count":1,"href":"https:\/\/www.infokuryr.cz\/n\/wp-json\/wp\/v2\/posts\/92863\/revisions"}],"predecessor-version":[{"id":92864,"href":"https:\/\/www.infokuryr.cz\/n\/wp-json\/wp\/v2\/posts\/92863\/revisions\/92864"}],"wp:featuredmedia":[{"embeddable":true,"href":"https:\/\/www.infokuryr.cz\/n\/wp-json\/wp\/v2\/media\/92390"}],"wp:attachment":[{"href":"https:\/\/www.infokuryr.cz\/n\/wp-json\/wp\/v2\/media?parent=92863"}],"wp:term":[{"taxonomy":"category","embeddable":true,"href":"https:\/\/www.infokuryr.cz\/n\/wp-json\/wp\/v2\/categories?post=92863"},{"taxonomy":"post_tag","embeddable":true,"href":"https:\/\/www.infokuryr.cz\/n\/wp-json\/wp\/v2\/tags?post=92863"}],"curies":[{"name":"wp","href":"https:\/\/api.w.org\/{rel}","templated":true}]}}