{"id":92859,"date":"2025-11-23T00:24:38","date_gmt":"2025-11-22T23:24:38","guid":{"rendered":"https:\/\/www.infokuryr.cz\/n\/?p=92859"},"modified":"2025-11-22T10:12:42","modified_gmt":"2025-11-22T09:12:42","slug":"madarsko-hlavni-opozicni-zpravodajsky-portal-financovany-americkymi-agenturami-usaid-ned-a-take-sorosovou-nadaci-siri-dezinformace","status":"publish","type":"post","link":"https:\/\/www.infokuryr.cz\/n\/2025\/11\/23\/madarsko-hlavni-opozicni-zpravodajsky-portal-financovany-americkymi-agenturami-usaid-ned-a-take-sorosovou-nadaci-siri-dezinformace\/","title":{"rendered":"Ma\u010farsko: Hlavn\u00ed opozi\u010dn\u00ed zpravodajsk\u00fd port\u00e1l financovan\u00fd americk\u00fdmi agenturami USAID, NED a tak\u00e9 Sorosovou nadac\u00ed \u0161\u00ed\u0159\u00ed dezinformace"},"content":{"rendered":"<div id=\"fb-root\"><\/div>\n<h3 class=\"s-tagline fw-tagline\"><span dir=\"auto\">Nadace, kter\u00e1 pou\u017e\u00edv\u00e1 Telex k p\u0159ev\u00e1d\u011bn\u00ed americk\u00fdch pen\u011bz, \u00fadajn\u011b po\u017eaduje, aby port\u00e1ly, kter\u00e9 financuje, prezentovaly jako dezinformace narativy, kter\u00e9 jdou proti jej\u00edm z\u00e1jm\u016fm.<\/span><\/h3>\n<p><span dir=\"auto\">Ma\u010farsk\u00fd \u00da\u0159ad pro ochranu suverenity zve\u0159ejnil nov\u00e9 podrobnosti t\u00fdkaj\u00edc\u00ed se zpravodajsk\u00e9ho port\u00e1lu Telex a financov\u00e1n\u00ed, kter\u00e9 obdr\u017eel od Spojen\u00fdch st\u00e1t\u016f, v\u010detn\u011b USAID.\u00a0<\/span><\/p>\n<p><span dir=\"auto\">Spole\u010dnost Telex tvrdila, \u017ee nen\u00ed z\u00e1visl\u00e1 na zahrani\u010dn\u00edm financov\u00e1n\u00ed, ale podle anal\u00fdzy \u00fa\u0159adu rok co rok dost\u00e1vala pen\u00edze od zahrani\u010dn\u00edch vl\u00e1d, v\u010detn\u011b USA, a Bruselu, informuje\u00a0<\/span><a href=\"https:\/\/mandiner.hu\/belfold\/2025\/11\/nemzetkozi-mediamanipulacios-gepezet-is-feltunik-a-telex-mogott\"><span dir=\"auto\">zpravodajsk\u00fd port\u00e1l Mandiner<\/span><\/a><span dir=\"auto\">\u00a0.<\/span><\/p>\n<p><span dir=\"auto\">Za zm\u00ednku stoj\u00ed, \u017ee spole\u010dnost Telex obdr\u017eela 10 000 dolar\u016f prost\u0159ednictv\u00edm aplikac\u00ed Internews EPIC implementovan\u00fdch v r\u00e1mci aktivit USAID v Ma\u010farsku.<\/span><\/p>\n<p><span dir=\"auto\">USAID a jej\u00ed aktivity byly od t\u00e9 doby ukon\u010deny Trumpovou administrativou.\u00a0<\/span><\/p>\n<p><span dir=\"auto\">Podle \u00fa\u0159adu, v jeho\u017e \u010dele stoj\u00ed Tam\u00e1s Lanczi, prezident \u00da\u0159adu pro ochranu suverenity, Telex obdr\u017eel pen\u00edze z automatu, kter\u00fd demokratick\u00e1 americk\u00e1 vl\u00e1da ovl\u00e1dala jako politickou zbra\u0148 prost\u0159ednictv\u00edm \u201eNez\u00e1visl\u00e9ho medi\u00e1ln\u00edho centra\u201c.<\/span><\/p>\n<p><span dir=\"auto\">\u00da\u0159ad pro ochranu suverenity ji\u017e v p\u0159edchoz\u00edch zpr\u00e1v\u00e1ch ozna\u010dil\u00a0<\/span><strong><span dir=\"auto\">nadaci Internews<\/span><\/strong><span dir=\"auto\"> za kl\u00ed\u010dov\u00e9ho hr\u00e1\u010de v manipula\u010dn\u00edm stroji m\u00e9di\u00ed, kter\u00fd americk\u00fd hlubok\u00fd st\u00e1t provozuje ji\u017e v\u00edce ne\u017e \u010dty\u0159i desetilet\u00ed.\u00a0<\/span><\/p>\n<p><span dir=\"auto\">Mezi financuj\u00edc\u00ed subjekty organizace pat\u0159\u00ed: USAID, kter\u00fd Bidenova administrativa vyu\u017e\u00edv\u00e1 k financov\u00e1n\u00ed politick\u00fdch intervenc\u00ed po cel\u00e9m sv\u011bt\u011b, Nadace Open Society George Sorose, Rockefellerova nadace a N\u00e1rodn\u00ed nadace pro demokracii (NED), kter\u00e1 byla podrobn\u011b pops\u00e1na v p\u0159edchoz\u00edch zpr\u00e1v\u00e1ch \u00fa\u0159adu.<\/span><\/p>\n<p><span dir=\"auto\">Mandiner poznamen\u00e1v\u00e1, \u017ee NED sehr\u00e1la hlavn\u00ed roli v neleg\u00e1ln\u00edm zahrani\u010dn\u00edm financov\u00e1n\u00ed kampan\u011b opozi\u010dn\u00ed koalice v parlamentn\u00edch volb\u00e1ch v roce 2022.<\/span><\/p>\n<p><span dir=\"auto\">Internews poskytuje m\u00e9di\u00edm nejen pen\u00edze, ale tak\u00e9 technologie a obsah vhodn\u00fd pro \u0161\u00ed\u0159en\u00ed narativ\u016f, kter\u00e9 mus\u00ed reprezentovat dan\u00e9 hodnoty a sd\u011blen\u00ed a produkovat aktivitu na ur\u010den\u00e1 t\u00e9mata.<\/span><\/p>\n<p><span dir=\"auto\">Podm\u00ednkou podpory, jak zd\u016fraznil \u00da\u0159ad, je vytvo\u0159en\u00ed narativ\u016f, kter\u00e9 umo\u017en\u00ed americk\u00e9 progresivn\u00ed elit\u011b vyv\u00edjet tlak na vl\u00e1dy a osoby s rozhodovac\u00ed pravomoc\u00ed v dan\u00fdch zem\u00edch a ovliv\u0148ovat ob\u010dany dan\u00e9 zem\u011b.<\/span><\/p>\n<p><span dir=\"auto\">Organizace je velmi aktivn\u00ed ve st\u0159edoevropsk\u00e9m regionu, zejm\u00e9na v Ma\u010farsku a Polsku. Jej\u00ed spole\u010dn\u00e9 programy rozvoje m\u00e9di\u00ed s USAID hraj\u00ed od roku 2010 roli v fungov\u00e1n\u00ed n\u011bkter\u00fdch ma\u010farsk\u00fdch m\u00e9di\u00ed ve form\u011b v\u00fdb\u011brov\u00fdch \u0159\u00edzen\u00ed, odborn\u00e9ho vzd\u011bl\u00e1v\u00e1n\u00ed a podpory infrastruktury.\u00a0<\/span><\/p>\n<p><span dir=\"auto\">Vy\u0161et\u0159ov\u00e1n\u00ed \u00da\u0159adu odhalila, \u017ee Internews od m\u00e9di\u00ed za pen\u00edze o\u010dek\u00e1v\u00e1, \u017ee t\u00e9mata, kter\u00e1 ur\u010d\u00ed, za\u010dlen\u00ed do ve\u0159ejn\u00e9ho diskurzu, \u017ee budou formulovat narativy, kter\u00e9 jsou v rozporu se z\u00e1jmy klienta, jako dezinformace a \u017ee budou financovan\u00fdm redakc\u00edm poskytovat povinn\u00fd obsah.<\/span><\/p>\n<p><a href=\"https:\/\/mandiner.hu\/belfold\/2025\/11\/lebukott-a-telex-kiderult-kozel-200-millio-forintot-kaptak-az-amerikai-kormanytol\"><span dir=\"auto\">Jak d\u0159\u00edve napsal<\/span><\/a><span dir=\"auto\">\u00a0Tam\u00e1s L\u00e1nczi\u00a0, \u201enovin\u00e1\u0159i Telex.hu obdr\u017eeli od americk\u00e9 vl\u00e1dy t\u00e9m\u011b\u0159 200 milion\u016f forint\u016f.\u201c<\/span><\/p>\n<p><span dir=\"auto\">Prezident \u00da\u0159adu pro ochranu suverenity ozn\u00e1mil, \u017ee dokumenty, kter\u00e9 jeho organizace prozkoumala, ukazuj\u00ed, \u017ee projekt s n\u00e1zvem Telex Academy byl realizov\u00e1n tak\u00e9 s grantem ve v\u00fd\u0161i p\u0159ibli\u017en\u011b 740 000 dolar\u016f od \u00da\u0159adu pro demokracii, lidsk\u00e1 pr\u00e1va a pr\u00e1ci (DRL) Ministerstva zahrani\u010d\u00ed Spojen\u00fdch st\u00e1t\u016f.\u00a0<\/span><\/p>\n<p><span dir=\"auto\">Drtiv\u00e1 v\u011bt\u0161ina pen\u011bz byla vyplacena novin\u00e1\u0159\u016fm Telexu.\u00a0<\/span><\/p>\n<p><img decoding=\"async\" loading=\"lazy\" class=\"alignnone size-full wp-image-1185\" src=\"http:\/\/www.infokuryr.cz\/n\/wp-content\/uploads\/2021\/04\/kuryr-podpis.png\" alt=\"\" width=\"84\" height=\"24\" \/><\/p>\n<p>&nbsp;<\/p>\n","protected":false},"excerpt":{"rendered":"<p>Nadace, kter\u00e1 pou\u017e\u00edv\u00e1 Telex k p\u0159ev\u00e1d\u011bn\u00ed americk\u00fdch pen\u011bz, \u00fadajn\u011b po\u017eaduje, aby port\u00e1ly, kter\u00e9 financuje, prezentovaly&#8230;<\/p>\n","protected":false},"author":2,"featured_media":92860,"comment_status":"closed","ping_status":"closed","sticky":false,"template":"","format":"standard","meta":[],"categories":[7],"tags":[28,78,1815,151,4574],"_links":{"self":[{"href":"https:\/\/www.infokuryr.cz\/n\/wp-json\/wp\/v2\/posts\/92859"}],"collection":[{"href":"https:\/\/www.infokuryr.cz\/n\/wp-json\/wp\/v2\/posts"}],"about":[{"href":"https:\/\/www.infokuryr.cz\/n\/wp-json\/wp\/v2\/types\/post"}],"author":[{"embeddable":true,"href":"https:\/\/www.infokuryr.cz\/n\/wp-json\/wp\/v2\/users\/2"}],"replies":[{"embeddable":true,"href":"https:\/\/www.infokuryr.cz\/n\/wp-json\/wp\/v2\/comments?post=92859"}],"version-history":[{"count":0,"href":"https:\/\/www.infokuryr.cz\/n\/wp-json\/wp\/v2\/posts\/92859\/revisions"}],"wp:featuredmedia":[{"embeddable":true,"href":"https:\/\/www.infokuryr.cz\/n\/wp-json\/wp\/v2\/media\/92860"}],"wp:attachment":[{"href":"https:\/\/www.infokuryr.cz\/n\/wp-json\/wp\/v2\/media?parent=92859"}],"wp:term":[{"taxonomy":"category","embeddable":true,"href":"https:\/\/www.infokuryr.cz\/n\/wp-json\/wp\/v2\/categories?post=92859"},{"taxonomy":"post_tag","embeddable":true,"href":"https:\/\/www.infokuryr.cz\/n\/wp-json\/wp\/v2\/tags?post=92859"}],"curies":[{"name":"wp","href":"https:\/\/api.w.org\/{rel}","templated":true}]}}