{"id":92857,"date":"2025-11-23T00:24:47","date_gmt":"2025-11-22T23:24:47","guid":{"rendered":"https:\/\/www.infokuryr.cz\/n\/?p=92857"},"modified":"2025-11-22T10:09:02","modified_gmt":"2025-11-22T09:09:02","slug":"integrace-za-5-dni-rakouska-lidova-strana-ovp-se-k-rakusanum-chova-jako-k-hlupakum","status":"publish","type":"post","link":"https:\/\/www.infokuryr.cz\/n\/2025\/11\/23\/integrace-za-5-dni-rakouska-lidova-strana-ovp-se-k-rakusanum-chova-jako-k-hlupakum\/","title":{"rendered":"Integrace za 5 dn\u00ed? Rakousk\u00e1 lidov\u00e1 strana (\u00d6VP) se k Raku\u0161an\u016fm chov\u00e1 jako k hlup\u00e1k\u016fm"},"content":{"rendered":"<div id=\"fb-root\"><\/div>\n<p><strong><span dir=\"auto\">Rakousk\u00e1 lidov\u00e1 strana (\u00d6VP) v\u00e1\u017en\u011b v\u011b\u0159\u00ed, \u017ee p\u011btidenn\u00ed integra\u010dn\u00ed semin\u00e1\u0159 pro cizince vy\u0159e\u0161\u00ed probl\u00e9my, kter\u00e9 si tito lid\u00e9 do Rakouska p\u0159ivezli. Dvacet hodin v\u00fduky hodnot \u2013 a v\u0161echny integra\u010dn\u00ed probl\u00e9my zmiz\u00ed ve vzduchu. Zhruba tak si to p\u0159edstavuje ministr integrace Plakolm.<\/span><\/strong><\/p>\n<p><span dir=\"auto\">V rakousk\u00e9 dom\u00e1c\u00ed politice se to stalo tradic\u00ed: kdy\u017e se realita stane p\u0159\u00edli\u0161 krutou, \u00d6VP (Rakousk\u00e1 lidov\u00e1 strana) p\u0159edkl\u00e1d\u00e1 jak\u00fdsi byrokratick\u00fd nesmysl, aby si jej\u00ed vlastn\u00ed voli\u010di mohli myslet, \u017ee st\u00e1le maj\u00ed n\u011bco pod kontrolou. Claudia Plakolmov\u00e1, ministryn\u011b pro integraci, nyn\u00ed v t\u00e9to tradici pokra\u010duje se sm\u011bsic\u00ed p\u0159ehnan\u00e9 sebed\u016fv\u011bry a politick\u00e9 nezralosti.\u00a0<\/span><a href=\"https:\/\/www.bundeskanzleramt.gv.at\/bundeskanzleramt\/nachrichten-der-bundesregierung\/2025\/11\/integrationsministerin-plakolm-unsere-werte-und-gesetze-achten.html\"><span dir=\"auto\">Jej\u00ed nov\u00fd \u201egener\u00e1ln\u00ed pl\u00e1n\u201c<\/span><\/a><span dir=\"auto\">\u00a0\u2013 u\u017e jen samotn\u00fd term\u00edn je v tomto kontextu ur\u00e1\u017ekou \u2013 v podstat\u011b spo\u010d\u00edv\u00e1 v p\u011btidenn\u00edm semin\u00e1\u0159i o hodnot\u00e1ch. Ano, \u010dtete spr\u00e1vn\u011b: p\u011bt dn\u00ed s celkem 20 hodinami v\u00fduky m\u00e1 \u00fadajn\u011b sta\u010dit k vy\u0159e\u0161en\u00ed probl\u00e9m\u016f, kter\u00e9 se touto zem\u00ed val\u00ed jako tsunami u\u017e l\u00e9ta.<\/span><\/p>\n<p><span dir=\"auto\">Rakousko u\u017e te\u010f ho\u0159\u00ed. Masov\u00e1 imigrace posledn\u00edho desetilet\u00ed z\u00e1sadn\u011b zm\u011bnila zemi v\u00edce, ne\u017e by politici kdy p\u0159ipustili. Ka\u017ed\u00fd, kdo v\u011b\u0159\u00ed, \u017ee 700 000 dal\u0161\u00edch cizinc\u016f je pouze statistickou pozn\u00e1mkou pod \u010darou, by se m\u011bl pod\u00edvat do soudn\u00edch s\u00edn\u00ed, rozpo\u010dt\u016f soci\u00e1ln\u00edho zabezpe\u010den\u00ed a denn\u00edch policejn\u00edch zpr\u00e1v. \u010clov\u011bk by musel b\u00fdt slep\u00fd, aby nevid\u011bl, \u017ee tento postup zemi \u201eneobohatil\u201c, ale sp\u00ed\u0161e ji systematicky zahltil. M\u00edsto toho, aby se vl\u00e1da kone\u010dn\u011b zab\u00fdvala z\u00e1kladn\u00edmi p\u0159\u00ed\u010dinami, nad\u00e1le rozd\u00e1v\u00e1 pasy alarmuj\u00edc\u00edm tempem. 17 600 nov\u00fdch ob\u010dan\u016f v lo\u0148sk\u00e9m roce \u2013 a my m\u00e1me p\u0159edst\u00edrat, \u017ee jsou to v\u0161ichni aspiruj\u00edc\u00ed kardiochirurgov\u00e9 a v\u00fdvoj\u00e1\u0159i softwaru, i kdy\u017e v\u0161ichni v\u011bd\u00ed, \u017ee realita je \u00fapln\u011b jin\u00e1.<\/span><\/p>\n<p><span dir=\"auto\">Mezit\u00edm bezpe\u010dnostn\u00ed apar\u00e1t exploduje pod neust\u00e1l\u00fdm tlakem. Teroristick\u00e9 procesy, radikalizace, n\u00e1siln\u00e9 trestn\u00e9 \u010diny, mlad\u00ed lid\u00e9 s mnohaletou trestn\u00ed minulost\u00ed a mnoha trestn\u00edmi rejst\u0159\u00edky \u2013 to v\u0161e je v\u00fdvoj, kter\u00fd by je\u0161t\u011b p\u0159ed n\u011bkolika desetilet\u00edmi byl pova\u017eov\u00e1n za dystopickou vizi budoucnosti. Feder\u00e1ln\u00ed vl\u00e1da se sna\u017e\u00ed tuto realitu ignorovat s odvahou kr\u00e1l\u00edka hraj\u00edc\u00edho si na mrtv\u00e9ho p\u0159ed hadem. Pokud by byl popov\u00fd koncert nebo v\u00e1no\u010dn\u00ed trh zru\u0161en, proto\u017ee \u00fa\u0159ady by nedok\u00e1zaly zaru\u010dit ani bezpe\u010dnost takov\u00e9 akce, byl by to \u0161ok pro ka\u017edou zemi, kter\u00e1 se bere v\u00e1\u017en\u011b. Ale v Rakousku jen rezignovan\u011b p\u0159ikyvuj\u00ed a ptaj\u00ed se: \u201eCo se d\u00e1 d\u011blat?\u201c<\/span><\/p>\n<figure class=\"wp-block-image size-full\"><figcaption class=\"wp-element-caption\"><\/figcaption><img decoding=\"async\" loading=\"lazy\" class=\"wp-image-158182 aligncenter\" src=\"https:\/\/report24.news\/wp-content\/uploads\/2025\/11\/Integrationskurs-Cartoon.jpg\" sizes=\"(max-width: 1536px) 100vw, 1536px\" srcset=\"https:\/\/report24.news\/wp-content\/uploads\/2025\/11\/Integrationskurs-Cartoon.jpg 1536w, https:\/\/report24.news\/wp-content\/uploads\/2025\/11\/Integrationskurs-Cartoon-768x512.jpg 768w, https:\/\/report24.news\/wp-content\/uploads\/2025\/11\/Integrationskurs-Cartoon-600x400.jpg 600w\" alt=\"\" width=\"850\" height=\"567\" \/><figcaption class=\"wp-element-caption\"><\/figcaption><\/figure>\n<p><span dir=\"auto\">A pr\u00e1v\u011b tady se Claudia Plakolmov\u00e1 objevuje p\u0159ed kamerami jako st\u00e1\u017eistka v PR. Usm\u00edv\u00e1 se, vypad\u00e1 hrd\u011b, m\u00e1 s sebou flipchart \u2013 a v\u00e1\u017en\u011b p\u0159edstavuje zemi deset \u201ep\u0159ik\u00e1z\u00e1n\u00ed integrace\u201c. Deset v\u011bt, kter\u00e9 maj\u00ed b\u011bhem p\u00e1r dn\u00ed prom\u011bnit imigranty z archaick\u00fdch kmenov\u00fdch kultur v dokonale integrovan\u00e9, slu\u0161n\u00e9 ob\u010dany, jednodu\u0161e t\u00edm, \u017ee je nechaj\u00ed recitovat jako modlitbu Ot\u010den\u00e1\u0161 a Zdr\u00e1vas Maria po zpov\u011bdi. Pat\u0159\u00ed mezi n\u011b v\u011bci jako u\u010den\u00ed se n\u011bm\u010diny, \u00facta k \u017een\u00e1m a dodr\u017eov\u00e1n\u00ed z\u00e1kona. \u010clov\u011bk by si myslel, \u017ee je to satira, dokud si neuv\u011bdom\u00ed: ta \u017eena to mysl\u00ed v\u00e1\u017en\u011b.<\/span><\/p>\n<p><span dir=\"auto\">Pl\u00e1n je nejen nerealistick\u00fd \u2013 je to \u00famysln\u00fd \u00fatok na politickou kulturu. Ka\u017ed\u00fd v\u00ed, \u017ee t\u011bchto p\u011bt dn\u00ed nic nezm\u011bn\u00ed. Nikdo se po dvacetihodinov\u00e9m semin\u00e1\u0159i n\u00e1hle nestane z\u00e1kony dodr\u017euj\u00edc\u00edm da\u0148ov\u00fdm poplatn\u00edkem, kter\u00fd se za\u010dlen\u00ed do pracovn\u00edho procesu a motivuje sv\u00e9 d\u011bti k tomu, aby mluvily n\u011bmecky, m\u00edsto aby se staly recidivisty na policejn\u00ed stanici. Takov\u00e1 zm\u011bna vy\u017eaduje roky, tvrdou politiku, limity, d\u016fslednost a konec st\u00e1tem podporovan\u00e9 sebedestrukce.<\/span><\/p>\n<p><span dir=\"auto\">Plakolm\u016fv koncept ale s integrac\u00ed nem\u00e1 absolutn\u011b nic spole\u010dn\u00e9ho. Je to \u010dist\u00e1 manipulace s voli\u010di \u2013 zoufal\u00fd pokus p\u0159esv\u011bd\u010dit Raku\u0161any, \u017ee \u00d6VP m\u00e1 st\u00e1le n\u011bjak\u00e9 kompetence v oblasti bezpe\u010dnostn\u00ed politiky. Realita se v\u0161ak k politick\u00e9mu zbo\u017en\u00e9mu p\u0159\u00e1n\u00ed \u201etyrkysov\u00e9\u201c jen m\u00e1lo podob\u00e1: Vl\u00e1da nem\u00e1 \u017e\u00e1dnou kontrolu, v\u016fli ani strategii. M\u00e1 jen PR a lacin\u00e9 pr\u00e1zdn\u00e9 fr\u00e1ze. A to od strany, kter\u00e1 se prezentuje jako \u201epil\u00ed\u0159e st\u00e1tu\u201c a ve feder\u00e1ln\u00ed vl\u00e1d\u011b je nep\u0159etr\u017eit\u011b 38 let.<\/span><\/p>\n<p><span dir=\"auto\">Tragick\u00e9 je, \u017ee Lidov\u00e1 strana nyn\u00ed zach\u00e1z\u00ed se sv\u00fdm vlastn\u00edm obyvatelstvem jako s hlup\u00e1ky, kter\u00fdm m\u016f\u017ee p\u0159edst\u00edrat politickou s\u00edlu pomoc\u00ed prezentac\u00ed a pr\u00e1zdn\u00e9 r\u00e9toriky. Raku\u0161an\u00e9 maj\u00ed z\u0159ejm\u011b v\u011b\u0159it, \u017ee p\u00e1r slogan\u016f na flipchartu vy\u0159e\u0161\u00ed probl\u00e9my, kter\u00e9 si strana sama po cel\u00e1 desetilet\u00ed p\u011bstovala. Cel\u00e1 ta \u0161ar\u00e1da je hluboce neuctiv\u00e1. Ale pro n\u011bkoho, kdo u\u017e sv\u00e9 ob\u010danstv\u00ed spravuje jako program v\u011brnostn\u00edch bonus\u016f, je pravd\u011bpodobn\u011b logick\u00e9 omezit i integraci na \u00farove\u0148 d\u00edlny.<\/span><\/p>\n<p><span dir=\"auto\">Mo\u017en\u00e1 by bylo lep\u0161\u00ed pod\u00edvat se na program Svobodn\u00e9 strany a kone\u010dn\u011b se pustit do pr\u00e1ce. To tak\u00e9 znamen\u00e1 d\u016fslednou repatriaci t\u011bch lid\u00ed, kte\u0159\u00ed v Rakousku pob\u00fdvaj\u00ed bez povolen\u00ed, kte\u0159\u00ed \u017eij\u00ed pouze ze soci\u00e1ln\u00edho st\u00e1tu, kte\u0159\u00ed zde cht\u011bj\u00ed zalo\u017eit chal\u00edf\u00e1t a\/nebo kte\u0159\u00ed d\u00e1vaj\u00ed p\u0159ednost krimin\u00e1ln\u00ed kari\u00e9\u0159e p\u0159ed t\u00edm, aby se stali konstruktivn\u00edmi \u010dleny spole\u010dnosti.<\/span><\/p>\n<p><em><span dir=\"auto\">Koment\u00e1\u0159<a href=\"https:\/\/report24.news\/integration-in-5-tagen-die-oevp-verkauft-die-oesterreicher-fuer-dumm\/\"> Heinze Steinera<\/a><\/span><\/em><\/p>\n<p>&nbsp;<\/p>\n","protected":false},"excerpt":{"rendered":"<p>Rakousk\u00e1 lidov\u00e1 strana (\u00d6VP) v\u00e1\u017en\u011b v\u011b\u0159\u00ed, \u017ee p\u011btidenn\u00ed integra\u010dn\u00ed semin\u00e1\u0159 pro cizince vy\u0159e\u0161\u00ed probl\u00e9my, kter\u00e9&#8230;<\/p>\n","protected":false},"author":2,"featured_media":92858,"comment_status":"closed","ping_status":"closed","sticky":false,"template":"","format":"standard","meta":[],"categories":[7],"tags":[1297,5165,1503,120],"_links":{"self":[{"href":"https:\/\/www.infokuryr.cz\/n\/wp-json\/wp\/v2\/posts\/92857"}],"collection":[{"href":"https:\/\/www.infokuryr.cz\/n\/wp-json\/wp\/v2\/posts"}],"about":[{"href":"https:\/\/www.infokuryr.cz\/n\/wp-json\/wp\/v2\/types\/post"}],"author":[{"embeddable":true,"href":"https:\/\/www.infokuryr.cz\/n\/wp-json\/wp\/v2\/users\/2"}],"replies":[{"embeddable":true,"href":"https:\/\/www.infokuryr.cz\/n\/wp-json\/wp\/v2\/comments?post=92857"}],"version-history":[{"count":0,"href":"https:\/\/www.infokuryr.cz\/n\/wp-json\/wp\/v2\/posts\/92857\/revisions"}],"wp:featuredmedia":[{"embeddable":true,"href":"https:\/\/www.infokuryr.cz\/n\/wp-json\/wp\/v2\/media\/92858"}],"wp:attachment":[{"href":"https:\/\/www.infokuryr.cz\/n\/wp-json\/wp\/v2\/media?parent=92857"}],"wp:term":[{"taxonomy":"category","embeddable":true,"href":"https:\/\/www.infokuryr.cz\/n\/wp-json\/wp\/v2\/categories?post=92857"},{"taxonomy":"post_tag","embeddable":true,"href":"https:\/\/www.infokuryr.cz\/n\/wp-json\/wp\/v2\/tags?post=92857"}],"curies":[{"name":"wp","href":"https:\/\/api.w.org\/{rel}","templated":true}]}}