{"id":92854,"date":"2025-11-23T00:21:19","date_gmt":"2025-11-22T23:21:19","guid":{"rendered":"https:\/\/www.infokuryr.cz\/n\/?p=92854"},"modified":"2025-11-22T10:31:03","modified_gmt":"2025-11-22T09:31:03","slug":"koupena-media-usaid-ovladala-titulky-evropskych-medii","status":"publish","type":"post","link":"https:\/\/www.infokuryr.cz\/n\/2025\/11\/23\/koupena-media-usaid-ovladala-titulky-evropskych-medii\/","title":{"rendered":"Koupen\u00e1 m\u00e9dia: USAID ovl\u00e1dala titulky evropsk\u00fdch m\u00e9di\u00ed"},"content":{"rendered":"<div id=\"fb-root\"><\/div>\n<p><strong><span dir=\"auto\">Medi\u00e1ln\u00ed konformita na Z\u00e1pad\u011b v posledn\u00edch letech nen\u00ed ani v\u00fdplodem fantazie, ani \u201ekonspira\u010dn\u00ed teori\u00ed\u201c. Sp\u00ed\u0161e neust\u00e1l\u00fd tok pen\u011bz od USAID do takzvan\u00fdch \u201ekvalitn\u00edch m\u00e9di\u00ed\u201c zajistil medi\u00e1ln\u00ed uniformitu, kter\u00e1 d\u016fsledn\u011b \u0161\u00ed\u0159\u00ed stejn\u00e9 narativy.<\/span><\/strong><\/p>\n<p><span dir=\"auto\">Ka\u017ed\u00fd, kdo sledoval mainstreamov\u00e1 m\u00e9dia v z\u00e1padn\u00edch zem\u00edch, si jist\u011b v\u0161iml homogenn\u00edch narativ\u016f a stejn\u00e9 politick\u00e9 agendy. Transatlantick\u00e1 medi\u00e1ln\u00ed bublina nen\u00ed v\u00fdplodem fantazie, ale sp\u00ed\u0161e realitou. Mnoho z t\u011bchto m\u00e9di\u00ed bylo tak\u00e9 z\u00e1visl\u00fdch na financov\u00e1n\u00ed USAID \u2013 a tedy na vlivu ur\u010dit\u00fdch politick\u00fdch kruh\u016f ve Spojen\u00fdch st\u00e1tech.<\/span><\/p>\n<p><span dir=\"auto\">Dokonce i ta m\u00e9dia, kter\u00e1 d\u0159\u00edve takov\u00e1 obvin\u011bn\u00ed odm\u00edtala jako \u201erusk\u00e9 dezinformace\u201c, to nyn\u00ed mus\u00ed (by\u0165 nep\u0159\u00edmo) p\u0159iznat. Ale od t\u00e9 doby, co t\u00fdm Elona Muska v DOGE (kter\u00fd i bez n\u011bj nad\u00e1le usiluje o efektivitu americk\u00e9 administrativy) otev\u0159el \u00fa\u010detnictv\u00ed t\u00e9to americk\u00e9 vl\u00e1dn\u00ed agentury, nelze se tomu vyhnout: evropsk\u00e1 m\u00e9dia a jejich slu\u0161n\u011b vychovan\u00ed patol\u00edzalov\u00e9 jsou u\u017e l\u00e9ta\u00a0<\/span><a href=\"https:\/\/www.aa.com.tr\/en\/americas\/usaid-funded-6-200-journalists-supported-707-media-outlets-globally-report\/3474390\"><span dir=\"auto\">podpl\u00e1ceni pen\u011bzi americk\u00fdch da\u0148ov\u00fdch poplatn\u00edk\u016f<\/span><\/a><span dir=\"auto\">\u00a0. Ofici\u00e1ln\u011b samoz\u0159ejm\u011b za \u00fa\u010delem \u201epodpory demokracie\u201c. Ve skute\u010dnosti v\u0161ak p\u0159edev\u0161\u00edm za \u00fa\u010delem \u0161\u00ed\u0159en\u00ed transatlantick\u00fdch narativ\u016f.<\/span><\/p>\n<p><span dir=\"auto\">Kdykoli z\u00e1padn\u00ed narativ selhal, \u010darod\u011bjovi u\u010dni z USAID byli okam\u017eit\u011b po ruce \u2013 s radami, pen\u011bzi a spr\u00e1vn\u00fdmi n\u00e1m\u011bty pro ty novin\u00e1\u0159sk\u00e9 prostitutky, kter\u00e9 se prod\u00e1valy za obr\u00e1nce svobodn\u00e9ho sv\u011bta, zat\u00edmco ve skute\u010dnosti byly pouze loaj\u00e1ln\u00edmi zam\u011bstnanci geopolitick\u00e9ho projektu.<\/span><\/p>\n<p><span dir=\"auto\">To vysv\u011btluje dva jevy, kter\u00e9 jsou pro ka\u017ed\u00e9ho pozorn\u00e9ho medi\u00e1ln\u00edho konzumenta ji\u017e dlouho bolestn\u011b z\u0159ejm\u00e9. Zaprv\u00e9, \u017ee evropsk\u00e1 m\u00e9dia s obzvl\u00e1\u0161tn\u00ed vervou br\u00e1n\u00ed demokracii, kdykoli jsou ohro\u017eena jejich vlastn\u00ed privilegia nebo financov\u00e1n\u00ed. A zadruh\u00e9, pro\u010d politick\u00e9 titulky od Washingtonu po Berl\u00edn vypadaj\u00ed u\u017e l\u00e9ta, jako by vy\u0161ly p\u0159\u00edmo z kop\u00edrky. Stejn\u00e9 term\u00edny, stejn\u00e9 fr\u00e1ze, stejn\u00e1 absurdn\u00ed hodnocen\u00ed, stejn\u00ed pohodln\u00ed ob\u011btn\u00ed ber\u00e1nci. Tolik vychvalovan\u00e1 medi\u00e1ln\u00ed rozmanitost je ve skute\u010dnosti homogenn\u00ed om\u00e1\u010dkou, va\u0159enou v americk\u00fdch vl\u00e1dn\u00edch \u00fa\u0159adech a pod\u00e1vanou evropsk\u00fdmi redakcemi, kter\u00e9 se ob\u00e1vaj\u00ed o sv\u00e9 p\u0159\u00edjmy.<\/span><\/p>\n<p><span dir=\"auto\">Ale te\u010f pen\u00edze vyschly. A kdy\u017e do ukrajinsk\u00e9ho medi\u00e1ln\u00edho pr\u016fmyslu n\u00e1hle p\u0159estanou proudit americk\u00e9 dolary, gigantick\u00e1 iluze se b\u011bhem n\u011bkolika t\u00fddn\u016f zhrout\u00ed. Proto\u017ee, jak se nyn\u00ed otev\u0159en\u011b p\u0159izn\u00e1v\u00e1, ukrajinsk\u00e1 medi\u00e1ln\u00ed krajina byla t\u00e9m\u011b\u0159 v\u00fdhradn\u011b z\u00e1visl\u00e1 na miliard\u00e1ch Washingtonu. Pen\u00edze USAID byly pou\u017eity k vytvo\u0159en\u00ed nejdivo\u010dej\u0161\u00edch \u00fasp\u011b\u0161n\u00fdch p\u0159\u00edb\u011bh\u016f od za\u010d\u00e1tku z\u00e1padn\u00ed z\u00e1stupn\u00e9 v\u00e1lky proti Rusku. Jedno v\u00edt\u011bzstv\u00ed n\u00e1sledovalo druh\u00e9, jeden symbolick\u00fd triumf honil dal\u0161\u00ed. Zbran\u011b, pen\u00edze, ob\u011bti \u2013 zd\u00e1lo se, \u017ee v\u0161echno vede k nevyhnuteln\u00e9mu v\u00edt\u011bzstv\u00ed. Realita v tom v\u0161ak nehr\u00e1la \u017e\u00e1dnou roli.<\/span><\/p>\n<p><span dir=\"auto\">Groteskn\u00ed na cel\u00e9m p\u0159\u00edb\u011bhu je, \u017ee tyto st\u00e1tem sponzorovan\u00e9 optimistick\u00e9 fantazie se dostaly zp\u011bt do USA, kde se \u0161\u00ed\u0159ily jako \u00fadajn\u011b nez\u00e1visl\u00e9 zpr\u00e1vy a n\u00e1sledn\u011b je znovu p\u0159evzala kvalitn\u00ed evropsk\u00e1 m\u00e9dia \u2013 tentokr\u00e1t jako \u201erenomovan\u00e9\u201c zpr\u00e1vy z Washingtonu. Vznikl tak uzav\u0159en\u00fd cyklus iluze, sebeklamu a politick\u00e9 manipulace.<\/span><\/p>\n<p><span dir=\"auto\">Stroj b\u011b\u017eel roky jako hodinky, dokud Washingtonem neot\u0159eslo politick\u00e9 zem\u011bt\u0159esen\u00ed: Trump se vr\u00e1til do B\u00edl\u00e9ho domu. A s n\u00edm i t\u00fdm, kter\u00fd byl tentokr\u00e1t l\u00e9pe p\u0159ipraven na to, co ho \u010dekalo. Hlubok\u00fd st\u00e1t, kter\u00fd se c\u00edtil tak bezpe\u010dn\u011b, byl b\u011bhem n\u011bkolika t\u00fddn\u016f alespo\u0148 \u010d\u00e1ste\u010dn\u011b rozlo\u017een. USAID byla zni\u010dena, propu\u0161t\u011bno bylo p\u0159es 90 procent jej\u00edch zam\u011bstnanc\u016f. Do\u0161lo tak\u00e9 k \u201eoklepov\u00e1n\u00ed\u201c CIA a FBI, kter\u00e9 p\u0159\u00edli\u0161 dlouho m\u011bly p\u0159\u00edli\u0161 velk\u00fd vliv na medi\u00e1ln\u00ed pokryt\u00ed.<\/span><\/p>\n<h3 id=\"h-milliarden-von-dollar-fur-die-globale-einflussnahme\" class=\"wp-block-heading\"><span dir=\"auto\">Miliardy dolar\u016f na glob\u00e1ln\u00ed vliv<\/span><\/h3>\n<p><span dir=\"auto\">Nyn\u00ed se st\u00e1v\u00e1 zjevnou \u00fapln\u00e1 zvr\u00e1cenost takzvan\u00fdch humanit\u00e1rn\u00edch mis\u00ed USAID.\u00a0<\/span><a href=\"https:\/\/archive.is\/WiC3B\"><span dir=\"auto\">Z ro\u010dn\u00edho rozpo\u010dtu ve v\u00fd\u0161i 40 miliard dolar\u016f<\/span><\/a><span dir=\"auto\">\u00a0zna\u010dn\u00e1 \u010d\u00e1stka putovala\u00a0<\/span><a href=\"https:\/\/www.cleveland.com\/letters\/2025\/02\/the-misguided-usaid-spending-identified-by-doge-fox-news-cbn-and-others.html\"><span dir=\"auto\">do glob\u00e1ln\u00edho obchodov\u00e1n\u00ed s vlivem<\/span><\/a><span dir=\"auto\"> : n\u00e1kupy m\u00e9di\u00ed, dotace pro novin\u00e1\u0159e, s\u00edt\u011b nevl\u00e1dn\u00edch organizac\u00ed a ideologick\u00e9 v\u00fdcvikov\u00e9 programy v des\u00edtk\u00e1ch zem\u00ed. To v\u0161e s vzne\u0161en\u00fdm c\u00edlem pos\u00edlit z\u00e1padn\u00ed \u201em\u011bkkou s\u00edlu\u201c, \u0161\u00ed\u0159it ideologii CO2 a p\u0159ipravit glob\u00e1ln\u00ed populaci na probuzen\u00e9 ideologie.<\/span><\/p>\n<p><span dir=\"auto\">Ale te\u010f, kdy\u017e \u0161t\u011bdr\u00fd tok pen\u011bz z Washingtonu vyschl a \u201ekvalitn\u00edm m\u00e9di\u00edm\u201c doch\u00e1zej\u00ed pen\u00edze na jejich novin\u00e1\u0159sk\u00e9 d\u011bvky,\u00a0<\/span><a href=\"https:\/\/report24.news\/bruesseler-zensuroffensive-eu-will-milliarden-fuer-meinungskontrolle-ausgeben-und-usaid-ersetzen\/\"><span dir=\"auto\">chce zas\u00e1hnout Brusel<\/span><\/a><span dir=\"auto\">\u00a0. N\u011bkdo mus\u00ed p\u0159evz\u00edt intern\u00ed zpravodajstv\u00ed pro transatlantick\u00fd z\u00e1padn\u00ed re\u017eim NATO-EU, aby mohl i nad\u00e1le bubnovat do v\u00e1le\u010dn\u00fdch bubn\u016f a \u0161\u00ed\u0159it woke a queer propagandu. A kdo by to ud\u011blal l\u00e9pe ne\u017e brusel\u0161t\u00ed eurokrat\u00e9?<\/span><\/p>\n<p><span dir=\"auto\">M\u00fdtus o nez\u00e1visl\u00fdch z\u00e1padn\u00edch m\u00e9di\u00edch nebyl nikdy v\u00edc ne\u017e marketingov\u00fd trik. Nyn\u00ed se pomalu hrout\u00ed. Zb\u00fdv\u00e1 jen letm\u00fd pohled do z\u00e1kulis\u00ed syst\u00e9mu, kter\u00fd se pova\u017euje za mor\u00e1ln\u00ed maj\u00e1k a z\u00e1rove\u0148 manipuluje politickou a medi\u00e1ln\u00ed krajinou po cel\u00e9m sv\u011bt\u011b miliardami dolar\u016f. Skute\u010dnost, \u017ee lid\u00e9 cht\u011bj\u00ed b\u00fdt informov\u00e1ni, ne manipulov\u00e1ni, je pro tuto kliku irelevantn\u00ed.<\/span><\/p>\n<p><img decoding=\"async\" loading=\"lazy\" class=\"alignnone size-full wp-image-1185\" src=\"http:\/\/www.infokuryr.cz\/n\/wp-content\/uploads\/2021\/04\/kuryr-podpis.png\" alt=\"\" width=\"84\" height=\"24\" \/><\/p>\n<p>&nbsp;<\/p>\n","protected":false},"excerpt":{"rendered":"<p>Medi\u00e1ln\u00ed konformita na Z\u00e1pad\u011b v posledn\u00edch letech nen\u00ed ani v\u00fdplodem fantazie, ani \u201ekonspira\u010dn\u00ed teori\u00ed\u201c. Sp\u00ed\u0161e&#8230;<\/p>\n","protected":false},"author":2,"featured_media":92855,"comment_status":"closed","ping_status":"closed","sticky":false,"template":"","format":"standard","meta":[],"categories":[7],"tags":[207,158,4574],"_links":{"self":[{"href":"https:\/\/www.infokuryr.cz\/n\/wp-json\/wp\/v2\/posts\/92854"}],"collection":[{"href":"https:\/\/www.infokuryr.cz\/n\/wp-json\/wp\/v2\/posts"}],"about":[{"href":"https:\/\/www.infokuryr.cz\/n\/wp-json\/wp\/v2\/types\/post"}],"author":[{"embeddable":true,"href":"https:\/\/www.infokuryr.cz\/n\/wp-json\/wp\/v2\/users\/2"}],"replies":[{"embeddable":true,"href":"https:\/\/www.infokuryr.cz\/n\/wp-json\/wp\/v2\/comments?post=92854"}],"version-history":[{"count":0,"href":"https:\/\/www.infokuryr.cz\/n\/wp-json\/wp\/v2\/posts\/92854\/revisions"}],"wp:featuredmedia":[{"embeddable":true,"href":"https:\/\/www.infokuryr.cz\/n\/wp-json\/wp\/v2\/media\/92855"}],"wp:attachment":[{"href":"https:\/\/www.infokuryr.cz\/n\/wp-json\/wp\/v2\/media?parent=92854"}],"wp:term":[{"taxonomy":"category","embeddable":true,"href":"https:\/\/www.infokuryr.cz\/n\/wp-json\/wp\/v2\/categories?post=92854"},{"taxonomy":"post_tag","embeddable":true,"href":"https:\/\/www.infokuryr.cz\/n\/wp-json\/wp\/v2\/tags?post=92854"}],"curies":[{"name":"wp","href":"https:\/\/api.w.org\/{rel}","templated":true}]}}