{"id":92851,"date":"2025-11-23T00:20:09","date_gmt":"2025-11-22T23:20:09","guid":{"rendered":"https:\/\/www.infokuryr.cz\/n\/?p=92851"},"modified":"2025-11-22T09:58:50","modified_gmt":"2025-11-22T08:58:50","slug":"pronasledovani-krestanu-nase-kostely-hori-nasi-vudci-se-odvraceji","status":"publish","type":"post","link":"https:\/\/www.infokuryr.cz\/n\/2025\/11\/23\/pronasledovani-krestanu-nase-kostely-hori-nasi-vudci-se-odvraceji\/","title":{"rendered":"Pron\u00e1sledov\u00e1n\u00ed k\u0159es\u0165an\u016f: Na\u0161e kostely ho\u0159\u00ed, na\u0161i v\u016fdci se odvracej\u00ed"},"content":{"rendered":"<div id=\"fb-root\"><\/div>\n<p><strong><span dir=\"auto\">Evropa se prezentuje jako ba\u0161ta tolerance. Z\u00e1rove\u0148 v\u0161ak kontinent za\u017e\u00edv\u00e1 nejhor\u0161\u00ed vlnu protik\u0159es\u0165ansk\u00e9ho n\u00e1sil\u00ed za posledn\u00ed desetilet\u00ed. Aktu\u00e1ln\u00ed\u00a0<\/span><a href=\"https:\/\/www.intoleranceagainstchristians.eu\/publications\/oidac-report-2024\" target=\"_blank\" rel=\"noreferrer noopener\"><span dir=\"auto\">zpr\u00e1va OIDAC z<\/span><\/a><span dir=\"auto\">\u00a0roku 2024 uv\u00e1d\u00ed 2 211 zdokumentovan\u00fdch zlo\u010din\u016f z nen\u00e1visti proti k\u0159es\u0165an\u016fm \u2013 t\u00e9m\u011b\u0159 dvakr\u00e1t v\u00edce ne\u017e v p\u0159edchoz\u00edm roce. Pat\u0159\u00ed mezi n\u011b 94 \u017eh\u00e1\u0159sk\u00fdch \u00fatok\u016f na kostely a m\u00edsta bohoslu\u017eeb a 274 fyzick\u00fdch \u00fatok\u016f na v\u011b\u0159\u00edc\u00ed. N\u011bmecko m\u00e1 nejvy\u0161\u0161\u00ed po\u010det vyp\u00e1len\u00fdch kostel\u016f, a to 33, n\u00e1sledovan\u00e9 Franci\u00ed a Velkou Brit\u00e1ni\u00ed.<\/span><\/strong><\/p>\n<p><span dir=\"auto\">Pachatel\u00e9 poch\u00e1zej\u00ed p\u0159ev\u00e1\u017en\u011b ze zem\u00ed, kde byli k\u0159es\u0165an\u00e9 po 1400 let pova\u017eov\u00e1ni za ob\u010dany druh\u00e9 kategorie, pokud jsou v\u016fbec pova\u017eov\u00e1ni za lidi. Tato importovan\u00e1 netolerance se setk\u00e1v\u00e1 s bezmeznou toleranc\u00ed a politick\u00fdm syst\u00e9mem, kter\u00fd rad\u011bji bojuje proti \u201eislamofobii\u201c ne\u017e aby chr\u00e1nil sv\u00e9 vlastn\u00ed ob\u010dany a kulturu. Zat\u00edmco proislamistick\u00e9 nen\u00e1vistn\u00e9 demonstrace pochoduj\u00ed centry na\u0161ich m\u011bst ka\u017ed\u00fd t\u00fdden, v Evrop\u011b sta\u010d\u00ed k soudn\u00edmu \u0159\u00edzen\u00ed i tich\u00e1 k\u0159es\u0165ansk\u00e1 modlitba.<\/span><\/p>\n<p><span dir=\"auto\">Jako britsk\u00fd arm\u00e1dn\u00ed veter\u00e1n Adam Smith-Connor. St\u00e1l se sklon\u011bnou hlavou pobl\u00ed\u017e potratov\u00e9 kliniky a ti\u0161e se modlil (!). Soud mu za to ud\u011blil pokutu 9 000 liber \u2013 tich\u00e1 oddanost byla pova\u017eov\u00e1na za \u201eovliv\u0148ov\u00e1n\u00ed\u201c. Thoughtcrimin, britsk\u00e1 verze, Evropa v roce 2025. Z\u00e1rove\u0148 je nen\u00e1vistn\u00fdm kazatel\u016fm dovoleno otev\u0159en\u011b vyz\u00fdvat k d\u017eih\u00e1du a vyhlazov\u00e1n\u00ed \u017did\u016f, ani\u017e by do toho kdokoli zasahoval.<\/span><\/p>\n<p><span dir=\"auto\">St\u00e1t n\u00e1s nejen nedok\u00e1\u017ee chr\u00e1nit p\u0159ed pron\u00e1sledovateli k\u0159es\u0165an\u016f, ale st\u00e1v\u00e1 se jejich aktivn\u00edm spolupachatelem. Znesv\u011bcen\u00ed k\u0159\u00ed\u017e\u016f, h\u0159bitov\u016f a kostel\u016f je bagatelizov\u00e1no nebo dokonce zaznamen\u00e1v\u00e1no jako zlo\u010diny z nen\u00e1visti. Kn\u011b\u017e\u00ed hl\u00e1s\u00ed ka\u017edodenn\u00ed agresi, ale u\u017e nic nehl\u00e1s\u00ed ze strachu z obvin\u011bn\u00ed z rasismu. P\u0159evl\u00e1daj\u00edc\u00ed zeleno-levicov\u00fd duch doby nen\u00e1vid\u00ed k\u0159es\u0165anstv\u00ed, proto\u017ee je pil\u00ed\u0159em evropsk\u00e9 civilizace. Je tedy dovoleno, aby se rozkl\u00e1dalo, bylo pron\u00e1sledov\u00e1no a nahrazov\u00e1no v\u0161\u00edm, co je \u00fadajn\u011b barevn\u00e9 a rozmanit\u00e9 a co do Evropy zaplavuje zven\u010d\u00ed.<\/span><\/p>\n<p><span dir=\"auto\">Tam, kde nejrychleji roste (v\u011bt\u0161inou neleg\u00e1ln\u00ed) imigrace ze st\u0159edov\u011bk\u00fdch isl\u00e1msk\u00fdch zem\u00ed, nejrychleji roste i n\u00e1sil\u00ed p\u00e1chan\u00e9 na k\u0159es\u0165anech. Na\u0161e samozvan\u00e9 elity tomu \u0159\u00edkaj\u00ed \u201erozmanitost\u201c. Ve skute\u010dnosti jde o kapitulaci. Na\u0161e vl\u00e1dy n\u00e1s a na\u0161i Evropu nejen opustily, ale preventivn\u011b se pod\u0159\u00eddily nov\u00fdm p\u00e1n\u016fm a tvrd\u011b zasahuj\u00ed proti v\u0161em, kte\u0159\u00ed se sna\u017e\u00ed islamizaci vzdorovat. Ka\u017ed\u00fd, kdo si chce zachovat svou Evropu, je ozna\u010den za pravicov\u00e9ho, islamofobn\u00edho a je vl\u00e1dou pron\u00e1sledov\u00e1n a marginalizov\u00e1n, kdykoli je to mo\u017en\u00e9.<\/span><\/p>\n<p><span dir=\"auto\">Pokud budeme i nad\u00e1le sledovat, jak na\u0161e katedr\u00e1ly ho\u0159\u00ed, jak jsou na\u0161i v\u011b\u0159\u00edc\u00ed trest\u00e1ni za modlitby a jak se nen\u00e1vist ke k\u0159es\u0165an\u016fm st\u00e1v\u00e1 spole\u010densky p\u0159ijatelnou, ztrat\u00edme z\u00e1klady na\u0161\u00ed civilizace. Evrop\u011b trvalo stalet\u00ed, ne\u017e p\u0159ekonala sv\u00e9 n\u00e1bo\u017eensk\u00e9 v\u00e1lky. Nyn\u00ed dov\u00e1\u017e\u00edme n\u00e1bo\u017eensk\u00e9 bojovn\u00edky ze zem\u00ed, kde je pron\u00e1sledov\u00e1n\u00ed a zab\u00edjen\u00ed lid\u00ed jin\u00e9ho vyzn\u00e1n\u00ed nebo dokonce nev\u011b\u0159\u00edc\u00edch st\u00e1le b\u011b\u017en\u00e9 a spole\u010densky akceptovan\u00e9. Ti, kdo dov\u00e1\u017eej\u00ed st\u0159edov\u011bk, nakonec budou znovu \u017e\u00edt ve st\u0159edov\u011bku.<\/span><\/p>\n<p><em><span dir=\"auto\">Koment\u00e1\u0159 <a href=\"https:\/\/report24.news\/christenverfolgung-unsere-kirchen-brennen-unsere-regierenden-schauen-weg\/\">Chrise Vebera<\/a><\/span><\/em><\/p>\n<p>&nbsp;<\/p>\n","protected":false},"excerpt":{"rendered":"<p>Evropa se prezentuje jako ba\u0161ta tolerance. Z\u00e1rove\u0148 v\u0161ak kontinent za\u017e\u00edv\u00e1 nejhor\u0161\u00ed vlnu protik\u0159es\u0165ansk\u00e9ho n\u00e1sil\u00ed za&#8230;<\/p>\n","protected":false},"author":2,"featured_media":92852,"comment_status":"closed","ping_status":"closed","sticky":false,"template":"","format":"standard","meta":[],"categories":[7],"tags":[283,1503,10131,1757],"_links":{"self":[{"href":"https:\/\/www.infokuryr.cz\/n\/wp-json\/wp\/v2\/posts\/92851"}],"collection":[{"href":"https:\/\/www.infokuryr.cz\/n\/wp-json\/wp\/v2\/posts"}],"about":[{"href":"https:\/\/www.infokuryr.cz\/n\/wp-json\/wp\/v2\/types\/post"}],"author":[{"embeddable":true,"href":"https:\/\/www.infokuryr.cz\/n\/wp-json\/wp\/v2\/users\/2"}],"replies":[{"embeddable":true,"href":"https:\/\/www.infokuryr.cz\/n\/wp-json\/wp\/v2\/comments?post=92851"}],"version-history":[{"count":0,"href":"https:\/\/www.infokuryr.cz\/n\/wp-json\/wp\/v2\/posts\/92851\/revisions"}],"wp:featuredmedia":[{"embeddable":true,"href":"https:\/\/www.infokuryr.cz\/n\/wp-json\/wp\/v2\/media\/92852"}],"wp:attachment":[{"href":"https:\/\/www.infokuryr.cz\/n\/wp-json\/wp\/v2\/media?parent=92851"}],"wp:term":[{"taxonomy":"category","embeddable":true,"href":"https:\/\/www.infokuryr.cz\/n\/wp-json\/wp\/v2\/categories?post=92851"},{"taxonomy":"post_tag","embeddable":true,"href":"https:\/\/www.infokuryr.cz\/n\/wp-json\/wp\/v2\/tags?post=92851"}],"curies":[{"name":"wp","href":"https:\/\/api.w.org\/{rel}","templated":true}]}}