{"id":92847,"date":"2025-11-23T00:18:32","date_gmt":"2025-11-22T23:18:32","guid":{"rendered":"https:\/\/www.infokuryr.cz\/n\/?p=92847"},"modified":"2025-11-22T09:54:51","modified_gmt":"2025-11-22T08:54:51","slug":"neprijemna-studie-jsou-neockovane-deti-zdravejsi-nez-ockovane","status":"publish","type":"post","link":"https:\/\/www.infokuryr.cz\/n\/2025\/11\/23\/neprijemna-studie-jsou-neockovane-deti-zdravejsi-nez-ockovane\/","title":{"rendered":"\u201eNep\u0159\u00edjemn\u00e1 studie\u201c: Jsou neo\u010dkovan\u00e9 d\u011bti zdrav\u011bj\u0161\u00ed ne\u017e o\u010dkovan\u00e9?"},"content":{"rendered":"<div id=\"fb-root\"><\/div>\n<p><strong><span dir=\"auto\">Ned\u00e1vn\u00fd film s n\u00e1zvem \u201e\u00a0<\/span><a href=\"https:\/\/www.aninconvenientstudy.com\/\" target=\"_blank\" rel=\"noreferrer noopener\"><span dir=\"auto\">Nep\u0159\u00edjemn\u00e1 studie<\/span><\/a><span dir=\"auto\">\u00a0\u201c vrh\u00e1 sv\u011btlo na data z kontroverzn\u00ed studie v USA: V\u011bdec Marcus Zervos ve snaze vyvr\u00e1tit rostouc\u00ed skepticismus ohledn\u011b o\u010dkov\u00e1n\u00ed zkoum\u00e1n\u00edm zdravotn\u00edch \u00fadaj\u016f t\u00e9m\u011b\u0159 18 500 d\u011bt\u00ed dosp\u011bl k neo\u010dek\u00e1van\u00e9mu v\u00fdsledku: Podle jeho anal\u00fdzy maj\u00ed o\u010dkovan\u00e9 d\u011bti 2,5kr\u00e1t vy\u0161\u0161\u00ed riziko vzniku alespo\u0148 jednoho chronick\u00e9ho onemocn\u011bn\u00ed do 10 let. Jsou tedy neo\u010dkovan\u00e9 d\u011bti zdrav\u011bj\u0161\u00ed ne\u017e o\u010dkovan\u00e9? Situaci analyzovala Rakousk\u00e1 zdravotn\u00ed iniciativa.<\/span><\/strong><\/p>\n<p><em><span dir=\"auto\">MWGFD zve\u0159ejnila na YouTube film \u201eNevhodn\u00e1 studie\u201c s n\u011bmeck\u00fdmi titulky. Pro snaz\u0161\u00ed \u010ditelnost organizace doporu\u010duje rychlost p\u0159ehr\u00e1v\u00e1n\u00ed 0,75.<\/span><\/em><\/p>\n<p><iframe loading=\"lazy\" title=\"Nepohodln\u00e1 pracovna - dokument\u00e1rn\u00ed film v angli\u010dtin\u011b s n\u011bmeck\u00fdmi titulky\" src=\"https:\/\/www.youtube.com\/embed\/4cw-3ZAZRRU?feature=oembed\" width=\"640\" height=\"360\" frameborder=\"0\" allowfullscreen=\"allowfullscreen\" data-mce-fragment=\"1\"><\/iframe><\/p>\n<h3>\nAmerick\u00e9mu Sen\u00e1tu se dost\u00e1v\u00e1 \u201enep\u0159\u00edjemn\u00e1\u201c studie<\/h3>\n<p><span dir=\"auto\">B\u011bhem posledn\u00edch 30 let do\u0161lo k v\u00fdznamn\u00e9mu n\u00e1r\u016fstu chronick\u00fdch onemocn\u011bn\u00ed u d\u011bt\u00ed. Ji\u017e v roce 2011 m\u011blo 43 % d\u011bt\u00ed v USA alespo\u0148 jedno chronick\u00e9 onemocn\u011bn\u00ed. Studi\u00ed zkoumaj\u00edc\u00edch p\u0159\u00ed\u010diny je m\u00e1lo. Vzhledem k tomu, \u017ee v tomto obdob\u00ed neust\u00e1le rostl jak po\u010det doporu\u010den\u00fdch o\u010dkov\u00e1n\u00ed v d\u011btstv\u00ed a dosp\u00edv\u00e1n\u00ed, tak i v\u00e1havost rodi\u010d\u016f s o\u010dkov\u00e1n\u00edm, c\u00edlem jedn\u00e9 americk\u00e9 studie bylo porovnat kr\u00e1tkodob\u00e9 a dlouhodob\u00e9 zdrav\u00ed o\u010dkovan\u00fdch a neo\u010dkovan\u00fdch d\u011bt\u00ed (prim\u00e1rn\u011b s c\u00edlem prok\u00e1zat bezpe\u010dnost o\u010dkov\u00e1n\u00ed v d\u011btstv\u00ed a vyvr\u00e1tit v\u00e1havost s o\u010dkov\u00e1n\u00edm). Studii vedl profesor Marcus Zervos (specialista na infek\u010dn\u00ed choroby, Wayne State University a vedouc\u00ed katedry infek\u010dn\u00edch chorob v Henry Ford Health System [HFHS]). Tato studie byla dokon\u010dena v roce 2020, ale dosud nebyla publikov\u00e1na a byla prezentov\u00e1na a\u017e v z\u00e1\u0159\u00ed 2025 na sly\u0161en\u00ed v americk\u00e9m Sen\u00e1tu.<\/span><\/p>\n<h3 id=\"h-was-die-ublichen-impfstoff-studien-alles-nicht-berucksichtigen\" class=\"wp-block-heading\"><span dir=\"auto\">Co b\u011b\u017en\u00e9 studie o\u010dkov\u00e1n\u00ed NEBEROU v \u00favahu<\/span><\/h3>\n<p><span dir=\"auto\">Auto\u0159i zmi\u0148uj\u00ed \u0159adu probl\u00e9m\u016f s \u201ekonven\u010dn\u00edmi\u201c studiemi vakc\u00edn, kter\u00fdm se ve sv\u00e9 pr\u00e1ci vyhnuli:<\/span><\/p>\n<ul>\n<li><span dir=\"auto\">Obdob\u00ed sledov\u00e1n\u00ed je p\u0159\u00edli\u0161 kr\u00e1tk\u00e9 pro zaznamen\u00e1n\u00ed pozdn\u00edch \u00fa\u010dink\u016f (obvykle kolem 30 dn\u016f; pozn\u00e1mka: pot\u00e9 se ne\u017e\u00e1douc\u00ed \u00fa\u010dinky zaznamen\u00e1vaj\u00ed pouze prost\u0159ednictv\u00edm pasivn\u00edch syst\u00e9m\u016f hl\u00e1\u0161en\u00ed ne\u017e\u00e1douc\u00edch \u00fa\u010dink\u016f, kter\u00e9 podle studi\u00ed vykazuj\u00ed m\u00edru nedostate\u010dn\u00e9ho hl\u00e1\u0161en\u00ed p\u0159ibli\u017en\u011b 94 %).<\/span><\/li>\n<li><span dir=\"auto\">Obvykle se zkoumaj\u00ed pouze \u00fa\u010dinky 1\u20132 d\u00e1vek specifick\u00e9 vakc\u00edny, nikoli v\u0161ak kumulativn\u00ed \u00fa\u010dinek v\u0161ech doporu\u010den\u00fdch nebo podan\u00fdch o\u010dkov\u00e1n\u00ed.<\/span><\/li>\n<li><span dir=\"auto\">Srovn\u00e1n\u00ed se obvykle neprov\u00e1d\u011bj\u00ed se zcela neo\u010dkovan\u00fdmi jedinci, ale pouze s jedinci, kte\u0159\u00ed studovanou vakc\u00ednu nedostali.<\/span><\/li>\n<li><span dir=\"auto\">Ve studi\u00edch jednotliv\u00fdch vakc\u00edn se srovn\u00e1vac\u00ed skupina \u010dasto ani neporovn\u00e1v\u00e1 s placebem, ale s jin\u00fdmi vakc\u00ednami (pozn\u00e1mka: nebo adjuvancii), co\u017e nen\u00ed v\u011bdecky podlo\u017een\u00e9, ale je to od\u016fvodn\u011bno argumentem, \u017ee srovn\u00e1n\u00ed s neo\u010dkovan\u00fdmi lidmi by nebylo eticky p\u0159ijateln\u00e9 (pozn\u00e1mka: v p\u0159\u00edpad\u011b adjuvanci\u00ed je od\u016fvodn\u011bn\u00edm lep\u0161\u00ed zaslepen\u00ed vyvol\u00e1n\u00edm podobn\u00fdch reakc\u00ed na o\u010dkov\u00e1n\u00ed).<\/span><\/li>\n<li><span dir=\"auto\">Krom\u011b toho jsou klinick\u00e9 studie vakc\u00edn obvykle prov\u00e1d\u011bny nebo financov\u00e1ny marketingov\u00fdmi spole\u010dnostmi nebo institucemi souvisej\u00edc\u00edmi s farmaceutick\u00fdmi spole\u010dnostmi, co\u017e p\u0159edstavuje v\u00fdznamn\u00fd st\u0159et z\u00e1jm\u016f.<\/span><\/li>\n<li><span dir=\"auto\">Dal\u0161\u00ed b\u011b\u017enou prax\u00ed je rozs\u00e1hl\u00e1 fragmentace ur\u010dit\u00fdch vedlej\u0161\u00edch \u00fa\u010dink\u016f. Nap\u0159\u00edklad tromb\u00f3za nebo krv\u00e1cen\u00ed se nezaznamen\u00e1vaj\u00ed obecn\u011b, ale sp\u00ed\u0161e se rozd\u011bluj\u00ed do nes\u010detn\u00fdch podskupin. To zpo\u017e\u010fuje nebo dokonce znemo\u017e\u0148uje detekci potenci\u00e1ln\u00edch rizikov\u00fdch sign\u00e1l\u016f.<\/span><\/li>\n<\/ul>\n<h3 id=\"h-sind-also-geimpfte-kinder-generell-gesunder-oder-nicht\" class=\"wp-block-heading\"><span dir=\"auto\">Jsou o\u010dkovan\u00e9 d\u011bti obecn\u011b zdrav\u011bj\u0161\u00ed \u2013 nebo ne?<\/span><\/h3>\n<p><span dir=\"auto\">Americk\u00e1 studie retrospektivn\u011b analyzovala zdravotn\u00ed z\u00e1znamy 18 468 d\u011bt\u00ed v Michiganu (Henry Ford Health System [HFHS] a registry o\u010dkov\u00e1n\u00ed) narozen\u00fdch v letech 2000 a\u017e 2016. Z nich 16 511 dostalo alespo\u0148 jedno z doporu\u010den\u00fdch o\u010dkov\u00e1n\u00ed (p\u0159ed diagn\u00f3zou) (medi\u00e1n: 18), zat\u00edmco 1 957 d\u011bt\u00ed bylo zcela neo\u010dkovan\u00fdch. D\u011bti s vrozen\u00fdmi chorobami byly vylou\u010deny. Byly zv\u00e1\u017eeny diagn\u00f3zy z ambulantn\u00edho i l\u016f\u017ekov\u00e9ho prost\u0159ed\u00ed a bylo stanoveno riziko od narozen\u00ed.<\/span><\/p>\n<h3 id=\"h-uberraschendes-ergebnis\" class=\"wp-block-heading\"><span dir=\"auto\">P\u0159ekvapiv\u00fd v\u00fdsledek<\/span><\/h3>\n<p><span dir=\"auto\">Po v\u00edcerozm\u011brn\u00e9 adjustaci auto\u0159i \u201ena rozd\u00edl od sv\u00e9ho o\u010dek\u00e1v\u00e1n\u00ed\u201c zjistili 2,5n\u00e1sobn\u00e9 zv\u00fd\u0161en\u00ed rizika vzniku alespo\u0148 jednoho chronick\u00e9ho onemocn\u011bn\u00ed u o\u010dkovan\u00fdch d\u011bt\u00ed (HR 2,53). Obzvl\u00e1\u0161t\u011b v\u00fdrazn\u00fd n\u00e1r\u016fst incidence onemocn\u011bn\u00ed byl pozorov\u00e1n u astmatu (HR 4,29), autoimunitn\u00edch onemocn\u011bn\u00ed (HR 5,96), atopick\u00fdch onemocn\u011bn\u00ed (HR 3,03) a neurov\u00fdvojov\u00fdch poruch (HR 5,53). Onemocn\u011bn\u00ed, jako je encefalitida, cukrovka, probl\u00e9my s chov\u00e1n\u00edm, jako je ADHD, tiky nebo poruchy u\u010den\u00ed, byla zji\u0161t\u011bna v\u00fdhradn\u011b u o\u010dkovan\u00fdch d\u011bt\u00ed. U onemocn\u011bn\u00ed, jako je rakovina, potravinov\u00e9 alergie, autismus (a\u010dkoli celkov\u00fd po\u010det p\u0159\u00edpad\u016f byl mal\u00fd) a z\u00e1chvaty, auto\u0159i nezjistili \u017e\u00e1dn\u00e9 v\u00fdznamn\u011b zv\u00fd\u0161en\u00e9 riziko ve o\u010dkovan\u00e9 skupin\u011b (pozn\u00e1mka: tato studie byla provedena p\u0159ed zaveden\u00edm modifikovan\u00fdch RNA vakc\u00edn. Proto by dnes bylo nutn\u00e9 p\u0159ehodnocen\u00ed). Ve skupin\u011b neo\u010dkovan\u00fdch d\u011bt\u00ed nebylo pozorov\u00e1no \u017e\u00e1dn\u00e9 zv\u00fd\u0161en\u00e9 riziko. Celkem do\u0161lo k 6 \u00famrt\u00edm \u2013 5 z nich ve skupin\u011b o\u010dkovan\u00e9 (Pozn\u00e1mka: 3 p\u0159\u00edpady je nutn\u00e9 vylou\u010dit, proto\u017ee k nim do\u0161lo v d\u016fsledku porodn\u00edch komplikac\u00ed, v\u010detn\u011b jednoho p\u0159\u00edpadu z neo\u010dkovan\u00e9 kohorty; 1 p\u0159\u00edpad byl pops\u00e1n jako \u201eporan\u011bn\u00ed mozku\u201c a ve 2 p\u0159\u00edpadech byla p\u0159\u00ed\u010dina \u00famrt\u00ed nejasn\u00e1).<\/span><\/p>\n<p><span dir=\"auto\">Ve sv\u00e9m z\u00e1v\u011bru auto\u0159i p\u00ed\u0161\u00ed, \u017ee o\u010dkov\u00e1n\u00ed m\u016f\u017ee u n\u011bkter\u00fdch d\u011bt\u00ed zv\u00fd\u0161it riziko chronick\u00fdch onemocn\u011bn\u00ed (pozn\u00e1mka: konjunktiv je b\u011b\u017en\u00fd ve studi\u00edch, u kter\u00fdch dosud neexistuj\u00ed p\u0159esv\u011bd\u010div\u00e9 d\u016fkazy). Studie byla posouzena a p\u0159ijata etick\u00e9 komis\u00ed HFHS. Neobdr\u017eela \u017e\u00e1dn\u00e9 extern\u00ed financov\u00e1n\u00ed.<\/span><\/p>\n<h3 id=\"h-faktenchecker-suchen-nach-erklarungen\" class=\"wp-block-heading\"><span dir=\"auto\">Ov\u011b\u0159ovatel\u00e9 fakt\u016f hledaj\u00ed vysv\u011btlen\u00ed.<\/span><\/h3>\n<p><span dir=\"auto\">V USA se o t\u00e9to studii v sou\u010dasn\u00e9 dob\u011b \u0161iroce diskutuje na ve\u0159ejnosti \u2013 zde v N\u011bmecku m\u00e9dia a l\u00e9ka\u0159sk\u00e9 asociace k t\u00e9to z\u00e1le\u017eitosti ml\u010d\u00ed. Vyhled\u00e1v\u00e1n\u00ed na internetu nab\u00edz\u00ed pouze ov\u011b\u0159en\u00ed fakt\u016f, kter\u00e9 vysv\u011btluje, pro\u010d studie nen\u00ed p\u0159esv\u011bd\u010div\u00e1. Objevuje se n\u00e1sleduj\u00edc\u00ed kritika:<\/span><\/p>\n<ul>\n<li><span dir=\"auto\">Ni\u017e\u0161\u00ed po\u010det n\u00e1v\u0161t\u011bv l\u00e9ka\u0159e u neo\u010dkovan\u00fdch d\u011bt\u00ed by mohl v\u00e9st k p\u0159ehl\u00e9dnut\u00ed diagn\u00f3z. To je v\u0161ak vzhledem k typ\u016fm studovan\u00fdch onemocn\u011bn\u00ed nepravd\u011bpodobn\u00e9 (diabetes nebo jin\u00e1 autoimunitn\u00ed onemocn\u011bn\u00ed, astma, ekz\u00e9m nebo neuropsychiatrick\u00e9 poruchy \u2013 abychom jmenovali alespo\u0148 n\u011bkter\u00e9). Auto\u0159i d\u00e1le uv\u00e1d\u011bj\u00ed ni\u017e\u0161\u00ed frekvenci n\u00e1v\u0161t\u011bv l\u00e9ka\u0159e u neo\u010dkovan\u00fdch d\u011bt\u00ed jako omezen\u00ed sv\u00e9 studie (2 n\u00e1v\u0161t\u011bvy\/rok oproti 7\/rok). Proto provedli anal\u00fdzu podskupin d\u011bt\u00ed, kter\u00e9 podstoupily alespo\u0148 jednu n\u00e1v\u0161t\u011bvu l\u00e9ka\u0159e. Zv\u00fd\u0161en\u00e9 riziko ve skupin\u011b o\u010dkovan\u00fdch d\u011bt\u00ed p\u0159etrv\u00e1valo. U neo\u010dkovan\u00fdch d\u011bt\u00ed s chronick\u00fdmi onemocn\u011bn\u00edmi se po\u010det n\u00e1v\u0161t\u011bv l\u00e9ka\u0159e zv\u00fd\u0161il v pr\u016fm\u011bru na 5\/rok.<\/span><\/li>\n<li><span dir=\"auto\">O\u010dkovan\u00e1 skupina m\u011bla vy\u0161\u0161\u00ed pod\u00edl Afroameri\u010dan\u016f a d\u011bt\u00ed s n\u00edzkou porodn\u00ed hmotnost\u00ed nebo p\u0159ed\u010dasn\u00fdm porodem (jako dal\u0161\u00ed nez\u00e1visl\u00e9 rizikov\u00e9 faktory). Auto\u0159i to tak\u00e9 zmi\u0148uj\u00ed v omezen\u00edch studie. I po zohledn\u011bn\u00ed t\u011bchto faktor\u016f v\u0161ak riziko chronick\u00fdch onemocn\u011bn\u00ed z\u016fstalo ve o\u010dkovan\u00e9 skupin\u011b v\u00fdrazn\u011b vy\u0161\u0161\u00ed ne\u017e ve skupin\u011b neo\u010dkovan\u00e9.<\/span><\/li>\n<li><span dir=\"auto\">Pr\u016fm\u011brn\u00e1 doba sledov\u00e1n\u00ed byla v neo\u010dkovan\u00e9 skupin\u011b krat\u0161\u00ed (461 dn\u00ed oproti 970 dn\u016fm ve skupin\u011b s o\u010dkov\u00e1n\u00edm). Aby auto\u0159i vylou\u010dili toto potenci\u00e1ln\u00ed zkreslen\u00ed, provedli anal\u00fdzy po 1, 3 a 5 letech, kter\u00e9 potvrdily v\u00fdsledky studie a dokonce prok\u00e1zaly n\u00e1r\u016fst rizika v \u010dase (pom\u011br rizik (HR) po 1 roce: 2,84, po 3 letech: 3,48, po 5 letech: 4,05; pozn\u00e1mka: to nazna\u010duje n\u00e1r\u016fst rizika s po\u010dtem podan\u00fdch d\u00e1vek vakc\u00edny).<\/span><\/li>\n<li><span dir=\"auto\">A v neposledn\u00ed \u0159ad\u011b argument, \u017ee tato studie ukazuje pouze korelaci, a nikoli kauz\u00e1ln\u00ed vztah (zaj\u00edmav\u00e9 je, \u017ee tento argument se obvykle uplat\u0148uje pouze tehdy, kdy\u017e v\u00fdsledky nespl\u0148uj\u00ed o\u010dek\u00e1v\u00e1n\u00ed). Na to poukazuj\u00ed i \u200b\u200bsami auto\u0159i. V\u00fdsledky v\u0161ak ukazuj\u00ed jasn\u00e9 rizikov\u00e9 sign\u00e1ly, kter\u00e9 je nal\u00e9hav\u011b nutn\u00e9 prozkoumat ve velk\u00fdch studi\u00edch s otev\u0159en\u00fdm koncem, metodologicky podlo\u017een\u00e9, bez finan\u010dn\u00edch z\u00e1jm\u016f a transparentn\u00ed. Takov\u00e9 studie jsou ji\u017e d\u00e1vno o\u010dek\u00e1van\u00e9 a mohly by poskytnout v\u011bdeck\u00fd z\u00e1klad pro emocion\u00e1ln\u011b nabit\u00e9 debaty o o\u010dkov\u00e1n\u00ed.<\/span><\/li>\n<\/ul>\n<p><span dir=\"auto\">Studie citovan\u00e9 v r\u016fzn\u00fdch ov\u011b\u0159ovac\u00edch \u0161et\u0159en\u00edch t\u00fdkaj\u00edc\u00edch se bezpe\u010dnosti o\u010dkov\u00e1n\u00ed maj\u00ed tak\u00e9 \u010dasto obrovsk\u00e9 nedostatky (kter\u00fdmi ov\u011b\u0159ovatel\u00e9 fakt\u016f ne\u0159e\u0161\u00ed) nebo jsou ji\u017e p\u0159\u00edli\u0161 star\u00e9 na to, aby odr\u00e1\u017eely sou\u010dasnou situaci.<\/span><\/p>\n<h3 id=\"h-ob-und-wie-sicher-impfungen-sind-ist-noch-nicht-wissenschaftlich-geklart\" class=\"wp-block-heading\"><span dir=\"auto\">Zda a jak bezpe\u010dn\u00e9 je o\u010dkov\u00e1n\u00ed, dosud nebylo v\u011bdecky objasn\u011bno.<\/span><\/h3>\n<p><span dir=\"auto\">V na\u0161ich znalostech o detailn\u00edm fungov\u00e1n\u00ed lidsk\u00e9ho imunitn\u00edho syst\u00e9mu, a zejm\u00e9na o \u00fa\u010dinc\u00edch opakovan\u00e9ho o\u010dkov\u00e1n\u00ed na tento vysoce komplexn\u00ed syst\u00e9m, st\u00e1le existuj\u00ed zna\u010dn\u00e9 mezery. V\u011bdeck\u00e1 literatura se ji\u017e dlouho zab\u00fdv\u00e1 mo\u017en\u00fdmi neo\u010dek\u00e1van\u00fdmi imunologick\u00fdmi \u00fa\u010dinky o\u010dkov\u00e1n\u00ed \u2013 \u201ezejm\u00e9na u predisponovan\u00fdch jedinc\u016f\u201c. Seznam t\u011bchto potenci\u00e1ln\u00edch \u201epredispozic\u201c je v\u0161ak dlouh\u00fd a sah\u00e1 od genetick\u00fdch faktor\u016f a slo\u017een\u00ed mikrobiomu a\u017e po vlivy prost\u0159ed\u00ed a r\u016fzn\u00e1 intervenuj\u00edc\u00ed onemocn\u011bn\u00ed. Obecn\u00e1 doporu\u010den\u00ed k o\u010dkov\u00e1n\u00ed pro v\u0161echny proto odporuj\u00ed l\u00e9ka\u0159sk\u00e9 z\u00e1sad\u011b \u201eprimum non nocere\u201c (za prv\u00e9, ne\u0161kodit).<\/span><\/p>\n<p><span dir=\"auto\">Podle v\u00fdsledk\u016f t\u00e9to americk\u00e9 studie m\u011blo 57 % o\u010dkovan\u00fdch d\u011bt\u00ed po 10 letech alespo\u0148 jedno chronick\u00e9 onemocn\u011bn\u00ed, oproti \u201epouze\u201c 17 % neo\u010dkovan\u00fdch d\u011bt\u00ed. Vzhledem k neust\u00e1le rostouc\u00edmu po\u010dtu doporu\u010den\u00fdch o\u010dkov\u00e1n\u00ed (p\u0159es 30 ji\u017e v prvn\u00edm roce \u017eivota) ve st\u00e1le d\u0159\u00edv\u011bj\u0161\u00edch dob\u00e1ch (v sou\u010dasnosti od druh\u00e9ho dne \u017eivota), rostouc\u00edmu po\u010dtu kombinac\u00ed vakc\u00edn (a\u017e 6 vakc\u00edn v 1), nedostatku spolehliv\u00fdch studi\u00ed o kumulativn\u00edch \u00fa\u010dinc\u00edch, zcela nedostate\u010dn\u00e9mu zaznamen\u00e1v\u00e1n\u00ed potenci\u00e1ln\u00edch dlouhodob\u00fdch vedlej\u0161\u00edch \u00fa\u010dink\u016f (a tedy chybn\u00e9mu posouzen\u00ed pom\u011bru p\u0159\u00ednos\u016f a rizik) a v\u00fd\u0161e popsan\u00fdm mezer\u00e1m ve znalostech nesm\u00ed b\u00fdt takov\u00e9 v\u00fdsledky \u2013 jak se \u010dasto st\u00e1v\u00e1 v n\u011bmecky mluv\u00edc\u00edch zem\u00edch \u2013 n\u011bkter\u00fdmi \u201eov\u011b\u0159ovateli fakt\u016f\u201c zavrhov\u00e1ny jako \u201enedostate\u010dn\u00e9\u201c a \u201ezav\u00e1d\u011bj\u00edc\u00ed\u201c machinace \u201eantivakcin\u00e1tor\u016f\u201c (co\u017e auto\u0159i rozhodn\u011b nejsou!), ale mus\u00ed b\u00fdt v\u011bdecky potvrzeny nebo vyvr\u00e1ceny.<\/span><\/p>\n<p><span dir=\"auto\">V\u0161echno ostatn\u00ed je ideologie nebo lobbing a s v\u011bdou nem\u00e1 nic spole\u010dn\u00e9ho.<\/span><\/p>\n<p><span dir=\"auto\">Dlu\u017e\u00edme to na\u0161im d\u011btem.<\/span><\/p>\n<p><em><span dir=\"auto\">Anal\u00fdza iniciativy <\/span><a href=\"https:\/\/www.gesundheit-oesterreich.at\/sind-ungeimpfte-kinder-gesuender\/\"><span dir=\"auto\">\u201eZdrav\u00ed pro Rakousko\u201c<\/span><\/a><\/em><\/p>\n<p>&nbsp;<\/p>\n","protected":false},"excerpt":{"rendered":"<p>Ned\u00e1vn\u00fd film s n\u00e1zvem \u201e\u00a0Nep\u0159\u00edjemn\u00e1 studie\u00a0\u201c vrh\u00e1 sv\u011btlo na data z kontroverzn\u00ed studie v USA:&#8230;<\/p>\n","protected":false},"author":2,"featured_media":92848,"comment_status":"closed","ping_status":"closed","sticky":false,"template":"","format":"standard","meta":[],"categories":[7],"tags":[1042,245,213,839,21],"_links":{"self":[{"href":"https:\/\/www.infokuryr.cz\/n\/wp-json\/wp\/v2\/posts\/92847"}],"collection":[{"href":"https:\/\/www.infokuryr.cz\/n\/wp-json\/wp\/v2\/posts"}],"about":[{"href":"https:\/\/www.infokuryr.cz\/n\/wp-json\/wp\/v2\/types\/post"}],"author":[{"embeddable":true,"href":"https:\/\/www.infokuryr.cz\/n\/wp-json\/wp\/v2\/users\/2"}],"replies":[{"embeddable":true,"href":"https:\/\/www.infokuryr.cz\/n\/wp-json\/wp\/v2\/comments?post=92847"}],"version-history":[{"count":0,"href":"https:\/\/www.infokuryr.cz\/n\/wp-json\/wp\/v2\/posts\/92847\/revisions"}],"wp:featuredmedia":[{"embeddable":true,"href":"https:\/\/www.infokuryr.cz\/n\/wp-json\/wp\/v2\/media\/92848"}],"wp:attachment":[{"href":"https:\/\/www.infokuryr.cz\/n\/wp-json\/wp\/v2\/media?parent=92847"}],"wp:term":[{"taxonomy":"category","embeddable":true,"href":"https:\/\/www.infokuryr.cz\/n\/wp-json\/wp\/v2\/categories?post=92847"},{"taxonomy":"post_tag","embeddable":true,"href":"https:\/\/www.infokuryr.cz\/n\/wp-json\/wp\/v2\/tags?post=92847"}],"curies":[{"name":"wp","href":"https:\/\/api.w.org\/{rel}","templated":true}]}}