{"id":92845,"date":"2025-11-23T00:17:13","date_gmt":"2025-11-22T23:17:13","guid":{"rendered":"https:\/\/www.infokuryr.cz\/n\/?p=92845"},"modified":"2025-11-22T09:50:02","modified_gmt":"2025-11-22T08:50:02","slug":"vanocni-trhy-v-magdeburgu-se-konecne-otevrely-dve-tretiny-nemcu-se-boji","status":"publish","type":"post","link":"https:\/\/www.infokuryr.cz\/n\/2025\/11\/23\/vanocni-trhy-v-magdeburgu-se-konecne-otevrely-dve-tretiny-nemcu-se-boji\/","title":{"rendered":"V\u00e1no\u010dn\u00ed trhy v Magdeburgu se kone\u010dn\u011b otev\u0159ely: Dv\u011b t\u0159etiny N\u011bmc\u016f se boj\u00ed"},"content":{"rendered":"<div id=\"fb-root\"><\/div>\n<p><strong><span dir=\"auto\">Magdebursk\u00fd v\u00e1no\u010dn\u00ed trh se kone\u010dn\u011b otev\u0159el po po\u010d\u00e1te\u010dn\u00edch probl\u00e9mech s bezpe\u010dnostn\u00edmi p\u0159edpisy. Pr\u016fzkum v\u0161ak\u00a0<\/span><a href=\"https:\/\/www.msn.com\/de-de\/%C3%B6ffentliche-sicherheit-und-notf%C3%A4lle\/allgemein\/viele-menschen-machen-sich-sorgen-wegen-sicherheit-auf-weihnachtsm%C3%A4rkten\/ar-AA1Qxz4M\" target=\"_blank\" rel=\"noreferrer noopener\"><span dir=\"auto\">odhaluje<\/span><\/a><span dir=\"auto\">\u00a0, jak m\u00e1lo v\u00e1no\u010dn\u00ed n\u00e1lady mnoho N\u011bmc\u016f c\u00edt\u00ed: t\u00e9m\u011b\u0159 dv\u011b t\u0159etiny respondent\u016f uvedly, \u017ee se ob\u00e1vaj\u00ed \u00fatok\u016f. Mezit\u00edm pokra\u010duje soudn\u00ed proces s teroristou Talebem A., kter\u00fd m\u00e1 trvat miliony eur.<\/span><\/strong><\/p>\n<p><span dir=\"auto\">Jeden\u00e1ct m\u011bs\u00edc\u016f po krvav\u00e9m teroristick\u00e9m \u00fatoku (\u0161est mrtv\u00fdch, v\u00edce ne\u017e 300 zran\u011bn\u00fdch) se kone\u010dn\u011b znovu otev\u00edraj\u00ed v\u00e1no\u010dn\u00ed trhy v Magdeburgu. Kv\u016fli p\u0159\u00edsn\u00fdm bezpe\u010dnostn\u00edm po\u017eadavk\u016fm to bylo a\u017e do posledn\u00ed chv\u00edle nejist\u00e9. Mnoho lid\u00ed proch\u00e1zej\u00edc\u00edch se tr\u017en\u00edmi st\u00e1nky se st\u00e1le boj\u00ed \u2013 stejn\u011b jako t\u00e9m\u011b\u0159 dv\u011b t\u0159etiny N\u011bmc\u016f, kte\u0159\u00ed za betonov\u00fdmi bloky a pytli s p\u00edskem, obklopeni ochrankou, pop\u00edjej\u00ed sva\u0159en\u00e9 v\u00edno nebo jed\u00ed klob\u00e1sy uprost\u0159ed v\u016fn\u011b sv\u00ed\u010dek a pra\u017een\u00fdch mandl\u00ed.<\/span><\/p>\n<p>\u25b6<span dir=\"auto\">Na ot\u00e1zku \u201eV minulosti do\u0161lo v Berl\u00edn\u011b a Magdeburgu k \u00fatok\u016fm \u2013 znepokojuje v\u00e1s to n\u00e1v\u0161t\u011bva v\u00e1no\u010dn\u00edch trh\u016f?\u201c odpov\u011bd\u011blo 22 procent \u201eano, velmi\u201c a dal\u0161\u00edch 40 procent \u201eano, do jist\u00e9 m\u00edry\u201c \u2013 celkem 62 procent respondent\u016f m\u00e1 obavy i p\u0159es v\u0161echna bezpe\u010dnostn\u00ed opat\u0159en\u00ed! Toto zji\u0161t\u011bn\u00ed provedl institut pro v\u00fdzkum ve\u0159ejn\u00e9ho m\u00edn\u011bn\u00ed YouGov jm\u00e9nem N\u011bmeck\u00e9 tiskov\u00e9 agentury (DPA).<\/span><\/p>\n<p>\u25b6<span dir=\"auto\">V\u00edce ne\u017e t\u0159etina (37 procent) nepova\u017euje bezpe\u010dnostn\u00ed opat\u0159en\u00ed za dostate\u010dn\u00e1. T\u0159etina dot\u00e1zan\u00fdch (33 procent) se z tohoto d\u016fvodu \u2013 ale nejen z tohoto d\u016fvodu \u2013 hodl\u00e1 n\u00e1v\u0161t\u011bvu v\u00e1no\u010dn\u00edch trh\u016f vzd\u00e1t:<\/span><\/p>\n<p>\u25b6<span dir=\"auto\">53 procent uv\u00e1d\u00ed jako d\u016fvod nadm\u011brn\u011b vysok\u00e9 ceny potravin, n\u00e1poj\u016f a zbo\u017e\u00ed \u2013 v kone\u010dn\u00e9m d\u016fsledku d\u016fsledek n\u00e1kladn\u00fdch ochrann\u00fdch opat\u0159en\u00ed, kter\u00e1 se odr\u00e1\u017eej\u00ed v poplatc\u00edch za st\u00e1nky.<\/span><\/p>\n<h3 id=\"h-alles-luge-ich-war-ein-guter-arzt\" class=\"wp-block-heading\"><span dir=\"auto\">\u201eV\u0161echny l\u017ei! Byl jsem dobr\u00fd l\u00e9ka\u0159.\u201c<\/span><\/h3>\n<p><span dir=\"auto\">Mezit\u00edm pokra\u010duje zv\u00fd\u0161en\u011b zabezpe\u010den\u00fd proces s Talebem A. (51), \u0159idi\u010dem zodpov\u011bdn\u00fdm za smrtelnou nehodu na magdebursk\u00e9m v\u00e1no\u010dn\u00edm trhu. Sa\u00fadsk\u00fd st\u00e1tn\u00ed p\u0159\u00edslu\u0161n\u00edk, kter\u00fd naposledy pracoval jako \u201epsychiatr\u201c v zabezpe\u010den\u00e9 psychiatrick\u00e9 l\u00e9\u010debn\u011b, p\u00e1t\u00fd den procesu b\u011bhem v\u00fdslechu za sklen\u011bnou pozorovac\u00ed l\u00f3\u017e\u00ed zcela ztratil nervy: \u201eByl jsem dobr\u00fd l\u00e9ka\u0159, ale oni l\u017eou!\u201c<\/span><\/p>\n<p>\u25b6<span dir=\"auto\">Vedouc\u00ed odd\u011blen\u00ed psychiatrick\u00e9 l\u00e9\u010debny v Bernburgu (Saale) u soudu popsala obt\u00ed\u017en\u00fd pracovn\u00ed vztah s ob\u017ealovan\u00fdm. Byl nespolehliv\u00fd a sotva s n\u00edm komunikoval. \u010casto mu musela p\u0159ipom\u00ednat sch\u016fzky a jedn\u00e1n\u00ed.<\/span><\/p>\n<p><span dir=\"auto\">Zdravotn\u00ed sestra tak\u00e9 hl\u00e1sila v\u00e1\u017en\u00e9 probl\u00e9my s p\u00e9\u010d\u00ed o pacienta. Ob\u017ealovan\u00fd na\u0159\u00eddil pacientovi s krv\u00e1cej\u00edc\u00ed nohou, aby s\u00e1m do\u0161el do nemocnice. Teprve pot\u00e9, co byl p\u0159ivol\u00e1n jin\u00fd l\u00e9ka\u0159, zajistil jeho p\u0159epravu sanitkou.<\/span><\/p>\n<p>\u25b6<span dir=\"auto\">Na ot\u00e1zku, zda ob\u017ealovan\u00fd projevil oddanost sv\u00e9mu povol\u00e1n\u00ed, sv\u011bdek podle den\u00edku \u201eBild\u201c odpov\u011bd\u011bl: \u201eNedok\u00e1\u017eu to popsat, proto\u017ee \u017e\u00e1dn\u00e1 oddanost nebyla patrn\u00e1. Nebyla s n\u00edm \u017e\u00e1dn\u00e1 interakce.\u201c<\/span><\/p>\n<p>\u25b6<span dir=\"auto\">Dal\u0161\u00ed sv\u011bdek vypov\u011bd\u011bl, \u017ee A. m\u011bl v \u00famyslu pod\u00e1vat kapky obsahuj\u00edc\u00ed alkohol pacient\u016fm trp\u00edc\u00edm z\u00e1vislost\u00ed. Pacienti \u00fadajn\u011b odm\u00edtali b\u00fdt j\u00edm l\u00e9\u010deni.<\/span><\/p>\n<p>\u25b6<span dir=\"auto\">Posledn\u00ed sv\u011bdkyn\u011b dne, psychoterapeutka, vypov\u011bd\u011bla, \u017ee A. byl najat jako \u201especialista\u201c pro \u010dty\u0159i odd\u011blen\u00ed. Zpo\u010d\u00e1tku se zd\u00e1l b\u00fdt velmi nejist\u00fd. Jeho jazykov\u00e9 znalosti byly podpr\u016fm\u011brn\u00e9 a nebyla patrn\u00e1 \u017e\u00e1dn\u00e1 odbornost ve sv\u00e9m oboru. V pr\u016fb\u011bhu let se jeho porozum\u011bn\u00ed jazyku zlep\u0161ilo, \u201eale ne na \u00farove\u0148, kterou bych o\u010dek\u00e1vala od specialisty, psychiatra,\u201c uvedla.<\/span><\/p>\n<h3 id=\"h-millionenkosten-fur-die-steuerzahler\" class=\"wp-block-heading\"><span dir=\"auto\">Milionov\u00e9 n\u00e1klady pro da\u0148ov\u00e9 poplatn\u00edky<\/span><\/h3>\n<p><span dir=\"auto\">Mezit\u00edm pokra\u010duje kritika ohledn\u011b mnohamilionov\u00fdch v\u00fddaj\u016f na mamut\u00ed proces. Jen v\u00fdstavba provizorn\u00ed haly, ve kter\u00e9 je A. souzen, st\u00e1la da\u0148ov\u00e9 poplatn\u00edky Saska-Anhaltska 1,7 milionu eur! Obrovsk\u00e1 soudn\u00ed s\u00ed\u0148 s kapacitou 900 osob (zhruba 700 \u00fa\u010dastn\u00edk\u016f a 200 div\u00e1k\u016f) m\u00e1 b\u00fdt po procesu demontov\u00e1na.<\/span><\/p>\n<p><span dir=\"auto\">B\u011bhem 45 pl\u00e1novan\u00fdch dn\u016f soudn\u00edho \u0159\u00edzen\u00ed se dostav\u00ed p\u0159ibli\u017en\u011b 40 pr\u00e1vn\u00edk\u016f zastupuj\u00edc\u00edch spolu\u017ealobce. Verdikt se o\u010dek\u00e1v\u00e1 za\u010d\u00e1tkem roku 2026.<\/span><\/p>\n<p><em><span dir=\"auto\">\u010cl\u00e1nek se poprv\u00e9 objevil v den\u00edku <\/span><a href=\"https:\/\/deutschlandkurier.de\/2025\/11\/magdeburger-weihnachtsmarkt-eroeffnet-zwei-drittel-der-deutschen-haben-angst-attentaeter-rastet-im-glaskasten-aus\/\"><span dir=\"auto\">Deutschlandkurier<\/span><\/a><span dir=\"auto\">\u00a0<\/span><\/em><\/p>\n<p>&nbsp;<\/p>\n","protected":false},"excerpt":{"rendered":"<p>Magdebursk\u00fd v\u00e1no\u010dn\u00ed trh se kone\u010dn\u011b otev\u0159el po po\u010d\u00e1te\u010dn\u00edch probl\u00e9mech s bezpe\u010dnostn\u00edmi p\u0159edpisy. Pr\u016fzkum v\u0161ak\u00a0odhaluje\u00a0, jak&#8230;<\/p>\n","protected":false},"author":2,"featured_media":92846,"comment_status":"closed","ping_status":"closed","sticky":false,"template":"","format":"standard","meta":[],"categories":[7],"tags":[940,84,925,8345],"_links":{"self":[{"href":"https:\/\/www.infokuryr.cz\/n\/wp-json\/wp\/v2\/posts\/92845"}],"collection":[{"href":"https:\/\/www.infokuryr.cz\/n\/wp-json\/wp\/v2\/posts"}],"about":[{"href":"https:\/\/www.infokuryr.cz\/n\/wp-json\/wp\/v2\/types\/post"}],"author":[{"embeddable":true,"href":"https:\/\/www.infokuryr.cz\/n\/wp-json\/wp\/v2\/users\/2"}],"replies":[{"embeddable":true,"href":"https:\/\/www.infokuryr.cz\/n\/wp-json\/wp\/v2\/comments?post=92845"}],"version-history":[{"count":0,"href":"https:\/\/www.infokuryr.cz\/n\/wp-json\/wp\/v2\/posts\/92845\/revisions"}],"wp:featuredmedia":[{"embeddable":true,"href":"https:\/\/www.infokuryr.cz\/n\/wp-json\/wp\/v2\/media\/92846"}],"wp:attachment":[{"href":"https:\/\/www.infokuryr.cz\/n\/wp-json\/wp\/v2\/media?parent=92845"}],"wp:term":[{"taxonomy":"category","embeddable":true,"href":"https:\/\/www.infokuryr.cz\/n\/wp-json\/wp\/v2\/categories?post=92845"},{"taxonomy":"post_tag","embeddable":true,"href":"https:\/\/www.infokuryr.cz\/n\/wp-json\/wp\/v2\/tags?post=92845"}],"curies":[{"name":"wp","href":"https:\/\/api.w.org\/{rel}","templated":true}]}}