{"id":92827,"date":"2025-11-22T07:35:46","date_gmt":"2025-11-22T06:35:46","guid":{"rendered":"https:\/\/www.infokuryr.cz\/n\/?p=92827"},"modified":"2025-11-22T07:35:46","modified_gmt":"2025-11-22T06:35:46","slug":"v-jihoafricke-republice-zacina-summit-g20","status":"publish","type":"post","link":"https:\/\/www.infokuryr.cz\/n\/2025\/11\/22\/v-jihoafricke-republice-zacina-summit-g20\/","title":{"rendered":"V Jihoafrick\u00e9 republice za\u010d\u00edn\u00e1 summit G20"},"content":{"rendered":"<div id=\"fb-root\"><\/div>\n<p class=\"lead\"><strong><span dir=\"auto\">Summit l\u00eddr\u016f G20, f\u00f3rum nejv\u011bt\u0161\u00edch sv\u011btov\u00fdch ekonomik, za\u010d\u00edn\u00e1 dnes 22. listopadu v Johannesburgu v Ji\u017en\u00ed Africe uprost\u0159ed unik\u00e1tn\u00edho bojkotu tohoto form\u00e1tu ze strany USA.<\/span><\/strong><\/p>\n<p><span dir=\"auto\">Summit se bude konat pod t\u00e9matem jihoafrick\u00e9ho p\u0159edsednictv\u00ed G20: \u201eSolidarita, rovnost, udr\u017eitelnost\u201c. Setk\u00e1n\u00ed l\u00eddr\u016f se bude konat dva dny, 22. a 23. listopadu. Diskuse se budou t\u00fdkat kl\u00ed\u010dov\u00fdch ot\u00e1zek, kter\u00fdm \u010del\u00ed mezin\u00e1rodn\u00ed spole\u010denstv\u00ed, zejm\u00e9na v oblasti ekonomiky a klimatu. M\u00edstem kon\u00e1n\u00ed je v\u00fdstavn\u00ed centrum v ji\u017en\u00ed \u010d\u00e1sti Johannesburgu.<\/span><\/p>\n<p><span dir=\"auto\">Ruskou delegaci vede z\u00e1stupce vedouc\u00edho prezidentsk\u00e9 administrativy\u00a0<\/span><strong><span dir=\"auto\">Maxim Ore\u0161kin<\/span><\/strong><span dir=\"auto\">\u00a0. Jeho p\u0159\u00edjezd do Johannesburgu ozn\u00e1milo ve \u010dtvrtek ve\u010der rusk\u00e9 velvyslanectv\u00ed v Jihoafrick\u00e9 republice. Je\u0161t\u011b v \u0159\u00edjnu v\u0161ak tiskov\u00fd mluv\u010d\u00ed rusk\u00e9ho prezidenta\u00a0<\/span><strong><span dir=\"auto\">Dmitrij Peskov<\/span><\/strong><span dir=\"auto\">\u00a0nazna\u010dil, \u017ee se rusk\u00fd v\u016fdce\u00a0<\/span><strong><span dir=\"auto\">Vladimir Putin<\/span><\/strong><span dir=\"auto\">\u00a0summitu tak \u010di onak z\u00fa\u010dastn\u00ed.<\/span><\/p>\n<p><span dir=\"auto\">Jak Peskov v listopadu zd\u016fraznil, Rusko m\u00e1 i nad\u00e1le z\u00e1jem o pr\u00e1ci G20, ale v\u017edy se stav\u011blo proti politizaci jej\u00ed agendy.<\/span><\/p>\n<p><span dir=\"auto\">Do p\u00e1tku se strany dohodly na fin\u00e1ln\u00edm dokumentu. Podle zdroje dokument neodsuzuje Rusko za konflikt na Ukrajin\u011b, ale vyz\u00fdv\u00e1 k m\u00edrov\u00e9mu \u0159e\u0161en\u00ed konflikt\u016f.<\/span><\/p>\n<p><span dir=\"auto\">Zdroj d\u00e1le poznamenal, \u017ee z\u00e1padn\u00ed z\u00e1stupci se b\u011bhem jedn\u00e1n\u00ed p\u0159edch\u00e1zej\u00edc\u00edch summitu ocitli ve slab\u00e9 pozici. Zdroj to p\u0159ipsal nep\u0159\u00edtomnosti Spojen\u00fdch st\u00e1t\u016f a celkov\u00e9mu poklesu glob\u00e1ln\u00edho vlivu Z\u00e1padu.<\/span><\/p>\n<p><img decoding=\"async\" loading=\"lazy\" class=\"alignnone size-full wp-image-1185\" src=\"http:\/\/www.infokuryr.cz\/n\/wp-content\/uploads\/2021\/04\/kuryr-podpis.png\" alt=\"\" width=\"84\" height=\"24\" \/><\/p>\n<p>&nbsp;<\/p>\n","protected":false},"excerpt":{"rendered":"<p>Summit l\u00eddr\u016f G20, f\u00f3rum nejv\u011bt\u0161\u00edch sv\u011btov\u00fdch ekonomik, za\u010d\u00edn\u00e1 dnes 22. listopadu v Johannesburgu v Ji\u017en\u00ed&#8230;<\/p>\n","protected":false},"author":2,"featured_media":92828,"comment_status":"closed","ping_status":"closed","sticky":false,"template":"","format":"standard","meta":[],"categories":[7],"tags":[50,900,623],"_links":{"self":[{"href":"https:\/\/www.infokuryr.cz\/n\/wp-json\/wp\/v2\/posts\/92827"}],"collection":[{"href":"https:\/\/www.infokuryr.cz\/n\/wp-json\/wp\/v2\/posts"}],"about":[{"href":"https:\/\/www.infokuryr.cz\/n\/wp-json\/wp\/v2\/types\/post"}],"author":[{"embeddable":true,"href":"https:\/\/www.infokuryr.cz\/n\/wp-json\/wp\/v2\/users\/2"}],"replies":[{"embeddable":true,"href":"https:\/\/www.infokuryr.cz\/n\/wp-json\/wp\/v2\/comments?post=92827"}],"version-history":[{"count":0,"href":"https:\/\/www.infokuryr.cz\/n\/wp-json\/wp\/v2\/posts\/92827\/revisions"}],"wp:featuredmedia":[{"embeddable":true,"href":"https:\/\/www.infokuryr.cz\/n\/wp-json\/wp\/v2\/media\/92828"}],"wp:attachment":[{"href":"https:\/\/www.infokuryr.cz\/n\/wp-json\/wp\/v2\/media?parent=92827"}],"wp:term":[{"taxonomy":"category","embeddable":true,"href":"https:\/\/www.infokuryr.cz\/n\/wp-json\/wp\/v2\/categories?post=92827"},{"taxonomy":"post_tag","embeddable":true,"href":"https:\/\/www.infokuryr.cz\/n\/wp-json\/wp\/v2\/tags?post=92827"}],"curies":[{"name":"wp","href":"https:\/\/api.w.org\/{rel}","templated":true}]}}